{"id":134568,"date":"2024-06-25T11:59:54","date_gmt":"2024-06-25T16:59:54","guid":{"rendered":"https:\/\/nk7-testes.com.br\/?p=134568"},"modified":"2024-06-25T11:59:54","modified_gmt":"2024-06-25T16:59:54","slug":"devido-falta-de-chuvas-defesa-civil-de-rb-alerta-que-ondas-de-calor-tendem-a-piorar-nos-proximos-meses","status":"publish","type":"post","link":"https:\/\/nk7-testes.com.br\/agazeta\/devido-falta-de-chuvas-defesa-civil-de-rb-alerta-que-ondas-de-calor-tendem-a-piorar-nos-proximos-meses\/","title":{"rendered":"Devido falta de chuvas, Defesa Civil de RB alerta que ondas de calor tendem a piorar nos pr\u00f3ximos meses"},"content":{"rendered":"<p style=\"text-align: justify;\"><span style=\"font-weight: 400;\">O Estado do Acre est\u00e1 enfrentando uma intensa onda de calor, aliada \u00e0 baixa umidade e \u00e0 polui\u00e7\u00e3o do ar, ap\u00f3s a passagem do fen\u00f4meno El Ni\u00f1o, de junho de 2023 a abril de 2024, e a chegada antecipada de La Ni\u00f1a antes do segundo semestre deste ano. Esses fatores clim\u00e1ticos t\u00eam causado fadiga, desidrata\u00e7\u00e3o e um aumento significativo nas doen\u00e7as respirat\u00f3rias entre a popula\u00e7\u00e3o.<\/span><\/p>\n<p style=\"text-align: justify;\"><span style=\"font-weight: 400;\">Segundo o Tenente Coronel Cl\u00e1udio Falc\u00e3o, diretor administrativo de desastres da Defesa Civil Municipal de Rio Branco, essa situa\u00e7\u00e3o j\u00e1 era prevista desde o ano passado e tende a se agravar nos pr\u00f3ximos meses. &#8220;N\u00f3s j\u00e1 vimos alertando essa situa\u00e7\u00e3o desde o ano passado, inclusive agora no per\u00edodo de enchente, que passar\u00edamos por uma situa\u00e7\u00e3o dessa j\u00e1 no segundo semestre. Na realidade, nem esperou o total do segundo semestre. A partir de maio, a chuva ficou escassa, choveu bem abaixo da m\u00e9dia em maio e, em junho, n\u00e3o choveu absolutamente nada. A seca est\u00e1 se mostrando bastante forte&#8221;, afirmou.<\/span><\/p>\n<p style=\"text-align: justify;\"><span style=\"font-weight: 400;\">Falc\u00e3o destaca que, juntamente com a seca, o aumento das temperaturas e a baixa umidade relativa do ar est\u00e3o criando condi\u00e7\u00f5es prop\u00edcias para inc\u00eandios florestais e urbanos. &#8220;Nos meses de agosto e setembro s\u00e3o os picos de queimada. A vegeta\u00e7\u00e3o seca e a onda de calor fazem com que qualquer situa\u00e7\u00e3o se transforme em um grande inc\u00eandio, piorando consequentemente a situa\u00e7\u00e3o do clima.&#8221;<\/span><\/p>\n<p style=\"text-align: justify;\"><span style=\"font-weight: 400;\">Al\u00e9m das preocupa\u00e7\u00f5es com a sa\u00fade p\u00fablica, outra quest\u00e3o cr\u00edtica \u00e9 o baixo n\u00edvel do rio Acre, que j\u00e1 preocupa as autoridades ambientais. &#8220;N\u00f3s j\u00e1 estamos vivendo uma crise h\u00eddrica. O n\u00edvel do rio Acre \u00e9 um dos mais baixos de todas as \u00e9pocas para esse momento. Em 2022, tivemos um recorde negativo de 1,25m, e agora estamos em torno de 1,80m, ainda em junho. Quando chegar setembro, a situa\u00e7\u00e3o vai piorar, e isso \u00e9 uma grande preocupa\u00e7\u00e3o. A comunidade precisa estar ciente e preocupada juntamente conosco&#8221;, alertou Falc\u00e3o.<\/span><\/p>\n<p style=\"text-align: justify;\"><span style=\"font-weight: 400;\">Para enfrentar o calor intenso, as autoridades recomendam manter uma boa hidrata\u00e7\u00e3o, evitar exposi\u00e7\u00e3o ao sol entre 10h e 16h, e usar protetor solar. \u00c9 importante tamb\u00e9m evitar desperd\u00edcio de \u00e1gua e n\u00e3o realizar queimadas. &#8220;Os profissionais que trabalham expostos ao sol devem se proteger com filtro solar, usar blusa de manga longa e chap\u00e9u. Al\u00e9m disso, tomar muita \u00e1gua \u00e9 essencial para manter a sa\u00fade durante esse per\u00edodo cr\u00edtico.&#8221;<\/span><\/p>\n<p style=\"text-align: justify;\"><span style=\"font-weight: 400;\">As a\u00e7\u00f5es efetivas para minimizar a crise h\u00eddrica tamb\u00e9m s\u00e3o uma prioridade. &#8220;O n\u00edvel baixo do rio mostra o que temos de subsolo em \u00e1gua, indicando que po\u00e7os e represas est\u00e3o secando. Estamos tomando medidas para lidar com essa crise h\u00eddrica que j\u00e1 come\u00e7ou&#8221;, concluiu Falc\u00e3o.<\/span><\/p>\n<p style=\"text-align: justify;\"><span style=\"font-weight: 400;\">A popula\u00e7\u00e3o deve seguir as orienta\u00e7\u00f5es de sa\u00fade, como evitar esfor\u00e7o f\u00edsico excessivo ao ar livre durante o pico de calor, cuidar da hidrata\u00e7\u00e3o e proteger a pele e a garganta para enfrentar melhor os desafios clim\u00e1ticos atuais.<\/span><\/p>\n<p style=\"text-align: justify;\"><i><span style=\"font-weight: 400;\">Mat\u00e9ria em v\u00eddeo produzida pelo rep\u00f3rter Adailson Oliveira para TV Gazeta.<\/span><\/i><\/p>\n","protected":false},"excerpt":{"rendered":"<p>O Estado do Acre est\u00e1 enfrentando uma intensa onda de calor, aliada \u00e0 baixa umidade e \u00e0 polui\u00e7\u00e3o do ar, ap\u00f3s a passagem do fen\u00f4meno El Ni\u00f1o, de junho de 2023 a abril de 2024, e a chegada antecipada de La Ni\u00f1a antes do segundo semestre deste ano. Esses fatores clim\u00e1ticos t\u00eam causado fadiga, desidrata\u00e7\u00e3o [&hellip;]<\/p>\n","protected":false},"author":4,"featured_media":134569,"comment_status":"open","ping_status":"open","sticky":false,"template":"","format":"standard","meta":{"jnews-multi-image_gallery":[],"jnews_single_post":{"source_name":"","source_url":"","via_name":"","via_url":"","override_template":"0","override":[{"template":"custom","single_blog_custom":"110746","parallax":"1","fullscreen":"1","layout":"right-sidebar","sidebar":"default-sidebar","second_sidebar":"default-sidebar","sticky_sidebar":"1","share_position":"top","share_float_style":"share-monocrhome","show_share_counter":"1","show_view_counter":"1","show_featured":"1","show_post_meta":"1","show_post_author":"1","show_post_author_image":"1","show_post_date":"1","post_date_format":"default","post_date_format_custom":"Y\/m\/d","show_post_category":"1","show_post_reading_time":"0","post_reading_time_wpm":"300","show_zoom_button":"0","zoom_button_out_step":"2","zoom_button_in_step":"3","show_post_tag":"1","show_prev_next_post":"1","show_popup_post":"1","number_popup_post":"1","show_author_box":"0","show_post_related":"1","show_inline_post_related":"0"}],"override_image_size":"0","image_override":[{"single_post_thumbnail_size":"crop-500","single_post_gallery_size":"crop-500"}],"trending_post":"0","trending_post_position":"meta","trending_post_label":"Trending","sponsored_post":"0","sponsored_post_label":"Sponsored by","sponsored_post_name":"","sponsored_post_url":"","sponsored_post_logo_enable":"0","sponsored_post_logo":"","sponsored_post_desc":"","disable_ad":"0"},"jnews_primary_category":{"id":"","hide":""},"jnews_social_meta":{"fb_title":"","fb_description":"","fb_image":"","twitter_title":"","twitter_description":"","twitter_image":""},"jnews_review":[],"enable_review":"0","type":"percentage","name":"","summary":"","brand":"","sku":"","good":[{"good_text":""}],"bad":[{"bad_text":""}],"score_override":"0","override_value":"","rating":[{"rating_text":"","rating_number":"10"}],"price":[{"shop":"","price":"","link":"","icon":""}],"footnotes":""},"categories":[54],"tags":[],"class_list":["post-134568","post","type-post","status-publish","format-standard","has-post-thumbnail","hentry","category-cotidiano"],"yoast_head":"<!-- This site is optimized with the Yoast SEO plugin v26.5 - https:\/\/yoast.com\/wordpress\/plugins\/seo\/ -->\n<title>Devido falta de chuvas, Defesa Civil de RB alerta que ondas de calor tendem a piorar nos pr\u00f3ximos meses - Agazeta.net<\/title>\n<meta name=\"robots\" content=\"index, follow, max-snippet:-1, max-image-preview:large, max-video-preview:-1\" \/>\n<link rel=\"canonical\" href=\"https:\/\/nk7-testes.com.br\/agazeta\/devido-falta-de-chuvas-defesa-civil-de-rb-alerta-que-ondas-de-calor-tendem-a-piorar-nos-proximos-meses\/\" \/>\n<meta property=\"og:locale\" content=\"pt_BR\" \/>\n<meta property=\"og:type\" content=\"article\" \/>\n<meta property=\"og:title\" content=\"Devido falta de chuvas, Defesa Civil de RB alerta que ondas de calor tendem a piorar nos pr\u00f3ximos meses\" \/>\n<meta property=\"og:description\" content=\"Acre sofre com impactos clim\u00e1ticos severos ap\u00f3s El Ni\u00f1o e chegada antecipada de La Ni\u00f1a\" \/>\n<meta property=\"og:url\" content=\"https:\/\/nk7-testes.com.br\/agazeta\/devido-falta-de-chuvas-defesa-civil-de-rb-alerta-que-ondas-de-calor-tendem-a-piorar-nos-proximos-meses\/\" \/>\n<meta property=\"og:site_name\" content=\"Agazeta.net\" \/>\n<meta property=\"article:published_time\" content=\"2024-06-25T16:59:54+00:00\" \/>\n<meta property=\"og:image\" content=\"https:\/\/nk7-testes.com.br\/agazeta\/wp-content\/uploads\/2024\/06\/WhatsApp-Image-2024-06-25-at-11.58.06-AM-scaled.webp\" \/>\n\t<meta property=\"og:image:width\" content=\"2560\" \/>\n\t<meta property=\"og:image:height\" content=\"1440\" \/>\n\t<meta property=\"og:image:type\" content=\"image\/jpeg\" \/>\n<meta name=\"author\" content=\"Agazeta.Net\" \/>\n<meta name=\"twitter:card\" content=\"summary_large_image\" \/>\n<meta name=\"twitter:title\" content=\"Devido falta de chuvas, Defesa Civil de RB alerta que ondas de calor tendem a piorar nos pr\u00f3ximos meses\" \/>\n<meta name=\"twitter:description\" content=\"Acre sofre com impactos clim\u00e1ticos severos ap\u00f3s El Ni\u00f1o e chegada antecipada de La Ni\u00f1a\" \/>\n<meta name=\"twitter:image\" content=\"https:\/\/nk7-testes.com.br\/agazeta\/wp-content\/uploads\/2024\/06\/WhatsApp-Image-2024-06-25-at-11.58.06-AM-scaled.webp\" \/>\n<meta name=\"twitter:label1\" content=\"Escrito por\" \/>\n\t<meta name=\"twitter:data1\" content=\"Agazeta.Net\" \/>\n\t<meta name=\"twitter:label2\" content=\"Est. tempo de leitura\" \/>\n\t<meta name=\"twitter:data2\" content=\"3 minutos\" \/>\n<script type=\"application\/ld+json\" class=\"yoast-schema-graph\">{\"@context\":\"https:\/\/schema.org\",\"@graph\":[{\"@type\":\"WebPage\",\"@id\":\"https:\/\/nk7-testes.com.br\/agazeta\/devido-falta-de-chuvas-defesa-civil-de-rb-alerta-que-ondas-de-calor-tendem-a-piorar-nos-proximos-meses\/\",\"url\":\"https:\/\/nk7-testes.com.br\/agazeta\/devido-falta-de-chuvas-defesa-civil-de-rb-alerta-que-ondas-de-calor-tendem-a-piorar-nos-proximos-meses\/\",\"name\":\"Devido falta de chuvas, Defesa Civil de RB alerta que ondas de calor tendem a piorar nos pr\u00f3ximos meses - Agazeta.net\",\"isPartOf\":{\"@id\":\"https:\/\/nk7-testes.com.br\/agazeta\/#website\"},\"primaryImageOfPage\":{\"@id\":\"https:\/\/nk7-testes.com.br\/agazeta\/devido-falta-de-chuvas-defesa-civil-de-rb-alerta-que-ondas-de-calor-tendem-a-piorar-nos-proximos-meses\/#primaryimage\"},\"image\":{\"@id\":\"https:\/\/nk7-testes.com.br\/agazeta\/devido-falta-de-chuvas-defesa-civil-de-rb-alerta-que-ondas-de-calor-tendem-a-piorar-nos-proximos-meses\/#primaryimage\"},\"thumbnailUrl\":\"https:\/\/nk7-testes.com.br\/agazeta\/wp-content\/uploads\/2024\/06\/WhatsApp-Image-2024-06-25-at-11.58.06-AM-scaled.webp\",\"datePublished\":\"2024-06-25T16:59:54+00:00\",\"author\":{\"@id\":\"https:\/\/nk7-testes.com.br\/agazeta\/#\/schema\/person\/6d6e25cb0435eb4a02fd44d30b4e3020\"},\"breadcrumb\":{\"@id\":\"https:\/\/nk7-testes.com.br\/agazeta\/devido-falta-de-chuvas-defesa-civil-de-rb-alerta-que-ondas-de-calor-tendem-a-piorar-nos-proximos-meses\/#breadcrumb\"},\"inLanguage\":\"pt-BR\",\"potentialAction\":[{\"@type\":\"ReadAction\",\"target\":[\"https:\/\/nk7-testes.com.br\/agazeta\/devido-falta-de-chuvas-defesa-civil-de-rb-alerta-que-ondas-de-calor-tendem-a-piorar-nos-proximos-meses\/\"]}]},{\"@type\":\"ImageObject\",\"inLanguage\":\"pt-BR\",\"@id\":\"https:\/\/nk7-testes.com.br\/agazeta\/devido-falta-de-chuvas-defesa-civil-de-rb-alerta-que-ondas-de-calor-tendem-a-piorar-nos-proximos-meses\/#primaryimage\",\"url\":\"https:\/\/nk7-testes.com.br\/agazeta\/wp-content\/uploads\/2024\/06\/WhatsApp-Image-2024-06-25-at-11.58.06-AM-scaled.webp\",\"contentUrl\":\"https:\/\/nk7-testes.com.br\/agazeta\/wp-content\/uploads\/2024\/06\/WhatsApp-Image-2024-06-25-at-11.58.06-AM-scaled.webp\",\"width\":2560,\"height\":1440,\"caption\":\"Foto: Agazeta.net\"},{\"@type\":\"BreadcrumbList\",\"@id\":\"https:\/\/nk7-testes.com.br\/agazeta\/devido-falta-de-chuvas-defesa-civil-de-rb-alerta-que-ondas-de-calor-tendem-a-piorar-nos-proximos-meses\/#breadcrumb\",\"itemListElement\":[{\"@type\":\"ListItem\",\"position\":1,\"name\":\"In\u00edcio\",\"item\":\"https:\/\/nk7-testes.com.br\/agazeta\/\"},{\"@type\":\"ListItem\",\"position\":2,\"name\":\"Devido falta de chuvas, Defesa Civil de RB alerta que ondas de calor tendem a piorar nos pr\u00f3ximos meses\"}]},{\"@type\":\"WebSite\",\"@id\":\"https:\/\/nk7-testes.com.br\/agazeta\/#website\",\"url\":\"https:\/\/nk7-testes.com.br\/agazeta\/\",\"name\":\"Agazeta.net\",\"description\":\"Agazeta.net - Not\u00edcias de Rio Branco\/AC\",\"potentialAction\":[{\"@type\":\"SearchAction\",\"target\":{\"@type\":\"EntryPoint\",\"urlTemplate\":\"https:\/\/nk7-testes.com.br\/agazeta\/?s={search_term_string}\"},\"query-input\":{\"@type\":\"PropertyValueSpecification\",\"valueRequired\":true,\"valueName\":\"search_term_string\"}}],\"inLanguage\":\"pt-BR\"},{\"@type\":\"Person\",\"@id\":\"https:\/\/nk7-testes.com.br\/agazeta\/#\/schema\/person\/6d6e25cb0435eb4a02fd44d30b4e3020\",\"name\":\"Agazeta.Net\",\"url\":\"https:\/\/nk7-testes.com.br\/agazeta\/author\/agazeta\/\"}]}<\/script>\n<!-- \/ Yoast SEO plugin. -->","yoast_head_json":{"title":"Devido falta de chuvas, Defesa Civil de RB alerta que ondas de calor tendem a piorar nos pr\u00f3ximos meses - Agazeta.net","robots":{"index":"index","follow":"follow","max-snippet":"max-snippet:-1","max-image-preview":"max-image-preview:large","max-video-preview":"max-video-preview:-1"},"canonical":"https:\/\/nk7-testes.com.br\/agazeta\/devido-falta-de-chuvas-defesa-civil-de-rb-alerta-que-ondas-de-calor-tendem-a-piorar-nos-proximos-meses\/","og_locale":"pt_BR","og_type":"article","og_title":"Devido falta de chuvas, Defesa Civil de RB alerta que ondas de calor tendem a piorar nos pr\u00f3ximos meses","og_description":"Acre sofre com impactos clim\u00e1ticos severos ap\u00f3s El Ni\u00f1o e chegada antecipada de La Ni\u00f1a","og_url":"https:\/\/nk7-testes.com.br\/agazeta\/devido-falta-de-chuvas-defesa-civil-de-rb-alerta-que-ondas-de-calor-tendem-a-piorar-nos-proximos-meses\/","og_site_name":"Agazeta.net","article_published_time":"2024-06-25T16:59:54+00:00","og_image":[{"width":2560,"height":1440,"url":"https:\/\/nk7-testes.com.br\/agazeta\/wp-content\/uploads\/2024\/06\/WhatsApp-Image-2024-06-25-at-11.58.06-AM-scaled.webp","type":"image\/jpeg"}],"author":"Agazeta.Net","twitter_card":"summary_large_image","twitter_title":"Devido falta de chuvas, Defesa Civil de RB alerta que ondas de calor tendem a piorar nos pr\u00f3ximos meses","twitter_description":"Acre sofre com impactos clim\u00e1ticos severos ap\u00f3s El Ni\u00f1o e chegada antecipada de La Ni\u00f1a","twitter_image":"https:\/\/nk7-testes.com.br\/agazeta\/wp-content\/uploads\/2024\/06\/WhatsApp-Image-2024-06-25-at-11.58.06-AM-scaled.webp","twitter_misc":{"Escrito por":"Agazeta.Net","Est. tempo de leitura":"3 minutos"},"schema":{"@context":"https:\/\/schema.org","@graph":[{"@type":"WebPage","@id":"https:\/\/nk7-testes.com.br\/agazeta\/devido-falta-de-chuvas-defesa-civil-de-rb-alerta-que-ondas-de-calor-tendem-a-piorar-nos-proximos-meses\/","url":"https:\/\/nk7-testes.com.br\/agazeta\/devido-falta-de-chuvas-defesa-civil-de-rb-alerta-que-ondas-de-calor-tendem-a-piorar-nos-proximos-meses\/","name":"Devido falta de chuvas, Defesa Civil de RB alerta que ondas de calor tendem a piorar nos pr\u00f3ximos meses - Agazeta.net","isPartOf":{"@id":"https:\/\/nk7-testes.com.br\/agazeta\/#website"},"primaryImageOfPage":{"@id":"https:\/\/nk7-testes.com.br\/agazeta\/devido-falta-de-chuvas-defesa-civil-de-rb-alerta-que-ondas-de-calor-tendem-a-piorar-nos-proximos-meses\/#primaryimage"},"image":{"@id":"https:\/\/nk7-testes.com.br\/agazeta\/devido-falta-de-chuvas-defesa-civil-de-rb-alerta-que-ondas-de-calor-tendem-a-piorar-nos-proximos-meses\/#primaryimage"},"thumbnailUrl":"https:\/\/nk7-testes.com.br\/agazeta\/wp-content\/uploads\/2024\/06\/WhatsApp-Image-2024-06-25-at-11.58.06-AM-scaled.webp","datePublished":"2024-06-25T16:59:54+00:00","author":{"@id":"https:\/\/nk7-testes.com.br\/agazeta\/#\/schema\/person\/6d6e25cb0435eb4a02fd44d30b4e3020"},"breadcrumb":{"@id":"https:\/\/nk7-testes.com.br\/agazeta\/devido-falta-de-chuvas-defesa-civil-de-rb-alerta-que-ondas-de-calor-tendem-a-piorar-nos-proximos-meses\/#breadcrumb"},"inLanguage":"pt-BR","potentialAction":[{"@type":"ReadAction","target":["https:\/\/nk7-testes.com.br\/agazeta\/devido-falta-de-chuvas-defesa-civil-de-rb-alerta-que-ondas-de-calor-tendem-a-piorar-nos-proximos-meses\/"]}]},{"@type":"ImageObject","inLanguage":"pt-BR","@id":"https:\/\/nk7-testes.com.br\/agazeta\/devido-falta-de-chuvas-defesa-civil-de-rb-alerta-que-ondas-de-calor-tendem-a-piorar-nos-proximos-meses\/#primaryimage","url":"https:\/\/nk7-testes.com.br\/agazeta\/wp-content\/uploads\/2024\/06\/WhatsApp-Image-2024-06-25-at-11.58.06-AM-scaled.webp","contentUrl":"https:\/\/nk7-testes.com.br\/agazeta\/wp-content\/uploads\/2024\/06\/WhatsApp-Image-2024-06-25-at-11.58.06-AM-scaled.webp","width":2560,"height":1440,"caption":"Foto: Agazeta.net"},{"@type":"BreadcrumbList","@id":"https:\/\/nk7-testes.com.br\/agazeta\/devido-falta-de-chuvas-defesa-civil-de-rb-alerta-que-ondas-de-calor-tendem-a-piorar-nos-proximos-meses\/#breadcrumb","itemListElement":[{"@type":"ListItem","position":1,"name":"In\u00edcio","item":"https:\/\/nk7-testes.com.br\/agazeta\/"},{"@type":"ListItem","position":2,"name":"Devido falta de chuvas, Defesa Civil de RB alerta que ondas de calor tendem a piorar nos pr\u00f3ximos meses"}]},{"@type":"WebSite","@id":"https:\/\/nk7-testes.com.br\/agazeta\/#website","url":"https:\/\/nk7-testes.com.br\/agazeta\/","name":"Agazeta.net","description":"Agazeta.net - Not\u00edcias de Rio Branco\/AC","potentialAction":[{"@type":"SearchAction","target":{"@type":"EntryPoint","urlTemplate":"https:\/\/nk7-testes.com.br\/agazeta\/?s={search_term_string}"},"query-input":{"@type":"PropertyValueSpecification","valueRequired":true,"valueName":"search_term_string"}}],"inLanguage":"pt-BR"},{"@type":"Person","@id":"https:\/\/nk7-testes.com.br\/agazeta\/#\/schema\/person\/6d6e25cb0435eb4a02fd44d30b4e3020","name":"Agazeta.Net","url":"https:\/\/nk7-testes.com.br\/agazeta\/author\/agazeta\/"}]}},"_links":{"self":[{"href":"https:\/\/nk7-testes.com.br\/agazeta\/wp-json\/wp\/v2\/posts\/134568","targetHints":{"allow":["GET"]}}],"collection":[{"href":"https:\/\/nk7-testes.com.br\/agazeta\/wp-json\/wp\/v2\/posts"}],"about":[{"href":"https:\/\/nk7-testes.com.br\/agazeta\/wp-json\/wp\/v2\/types\/post"}],"author":[{"embeddable":true,"href":"https:\/\/nk7-testes.com.br\/agazeta\/wp-json\/wp\/v2\/users\/4"}],"replies":[{"embeddable":true,"href":"https:\/\/nk7-testes.com.br\/agazeta\/wp-json\/wp\/v2\/comments?post=134568"}],"version-history":[{"count":0,"href":"https:\/\/nk7-testes.com.br\/agazeta\/wp-json\/wp\/v2\/posts\/134568\/revisions"}],"wp:featuredmedia":[{"embeddable":true,"href":"https:\/\/nk7-testes.com.br\/agazeta\/wp-json\/wp\/v2\/media\/134569"}],"wp:attachment":[{"href":"https:\/\/nk7-testes.com.br\/agazeta\/wp-json\/wp\/v2\/media?parent=134568"}],"wp:term":[{"taxonomy":"category","embeddable":true,"href":"https:\/\/nk7-testes.com.br\/agazeta\/wp-json\/wp\/v2\/categories?post=134568"},{"taxonomy":"post_tag","embeddable":true,"href":"https:\/\/nk7-testes.com.br\/agazeta\/wp-json\/wp\/v2\/tags?post=134568"}],"curies":[{"name":"wp","href":"https:\/\/api.w.org\/{rel}","templated":true}]}}