{"id":134560,"date":"2024-06-25T11:03:48","date_gmt":"2024-06-25T16:03:48","guid":{"rendered":"https:\/\/nk7-testes.com.br\/?p=134560"},"modified":"2024-06-25T11:03:48","modified_gmt":"2024-06-25T16:03:48","slug":"educacao-do-acre-abre-inscricoes-para-mais-de-240-vagas-na-escola-de-musica","status":"publish","type":"post","link":"https:\/\/nk7-testes.com.br\/agazeta\/educacao-do-acre-abre-inscricoes-para-mais-de-240-vagas-na-escola-de-musica\/","title":{"rendered":"Educa\u00e7\u00e3o do Acre abre inscri\u00e7\u00f5es para mais de 240 vagas na Escola de M\u00fasica"},"content":{"rendered":"<p style=\"text-align: justify;\"><span style=\"font-weight: 400;\">A Secretaria de Estado de Educa\u00e7\u00e3o, Cultura e Esportes do Acre publicou nesta ter\u00e7a-feira (25) o Edital N\u00ba 02\/2024, anunciando a abertura de inscri\u00e7\u00f5es para o preenchimento de vagas residuais nos cursos de Forma\u00e7\u00e3o Inicial da Escola de M\u00fasica do Acre (EMAC).\u00a0<\/span><\/p>\n<p style=\"text-align: justify;\"><span style=\"font-weight: 400;\">O edital visa oferecer 248 vagas, divididas nos turnos matutino, vespertino e noturno, para alunos do 6\u00ba ano do Ensino Fundamental II, Ensino M\u00e9dio e para a comunidade em geral, a partir dos 18 anos. As inscri\u00e7\u00f5es dever\u00e3o ser realizadas presencialmente na Escola de M\u00fasica do Acre, situada na Avenida Central II, 92 \u2013 Conjunto Tucum\u00e3.<\/span><\/p>\n<p style=\"text-align: justify;\"><span style=\"font-weight: 400;\">Para participar, alunos do Ensino B\u00e1sico devem estar matriculados em escolas p\u00fablicas ou particulares, enquanto membros da comunidade devem ter no m\u00ednimo 18 anos e n\u00e3o estar cursando o Ensino B\u00e1sico. O edital tamb\u00e9m prev\u00ea cotas de 5% para jovens em vulnerabilidade social e para pessoas com defici\u00eancia.<\/span><\/p>\n<p style=\"text-align: justify;\"><strong>As inscri\u00e7\u00f5es ser\u00e3o realizadas em diferentes datas conforme o tipo de escola e a comunidade:<\/strong><\/p>\n<p style=\"text-align: justify;\"><span style=\"font-weight: 400;\">&#8211; Escolas P\u00fablicas e Comunidade: 8 a 11 de julho de 2024, das 08h00 \u00e0s 12h00 e de 14h00 \u00e0s 17h00.<\/span><\/p>\n<p style=\"text-align: justify;\"><span style=\"font-weight: 400;\">&#8211; Escolas Privadas: 12 de julho de 2024, das 08h00 \u00e0s 12h00 e de 14h00 \u00e0s 17h00.<\/span><\/p>\n<p style=\"text-align: justify;\"><span style=\"font-weight: 400;\">Cada candidato pode se inscrever para apenas um turno e um instrumento.<\/span><\/p>\n<p style=\"text-align: justify;\"><span style=\"font-weight: 400;\">Os candidatos aprovados dever\u00e3o apresentar c\u00f3pias da Certid\u00e3o de Nascimento ou RG, CPF, comprovante de endere\u00e7o e declara\u00e7\u00e3o de matr\u00edcula em escola regular. O prazo para entrega da declara\u00e7\u00e3o escolar \u00e9 de at\u00e9 sete dias ap\u00f3s a matr\u00edcula. Documentos especiais, como laudo m\u00e9dico e cartas de recomenda\u00e7\u00e3o para candidatos em medidas socioeducativas, tamb\u00e9m ser\u00e3o necess\u00e1rios conforme o caso.<\/span><\/p>\n<p style=\"text-align: justify;\"><span style=\"font-weight: 400;\">Al\u00e9m desses documentos, os inscritos devem passar por um de aptid\u00e3o musical que ser\u00e1 realizado na Escola de M\u00fasica, no dia e turno da vaga pretendida. A avalia\u00e7\u00e3o consistir\u00e1 na reprodu\u00e7\u00e3o de ritmo e melodia, al\u00e9m da execu\u00e7\u00e3o de uma pe\u00e7a musical, com notas de 0 a 10. A pontua\u00e7\u00e3o m\u00ednima para aprova\u00e7\u00e3o \u00e9 de 7,0.<\/span><\/p>\n","protected":false},"excerpt":{"rendered":"<p>A Secretaria de Estado de Educa\u00e7\u00e3o, Cultura e Esportes do Acre publicou nesta ter\u00e7a-feira (25) o Edital N\u00ba 02\/2024, anunciando a abertura de inscri\u00e7\u00f5es para o preenchimento de vagas residuais nos cursos de Forma\u00e7\u00e3o Inicial da Escola de M\u00fasica do Acre (EMAC).\u00a0 O edital visa oferecer 248 vagas, divididas nos turnos matutino, vespertino e noturno, [&hellip;]<\/p>\n","protected":false},"author":4,"featured_media":134561,"comment_status":"open","ping_status":"open","sticky":false,"template":"","format":"standard","meta":{"jnews-multi-image_gallery":[],"jnews_single_post":{"source_name":"","source_url":"","via_name":"","via_url":"","override_template":"0","override":[{"template":"custom","single_blog_custom":"110746","parallax":"1","fullscreen":"1","layout":"right-sidebar","sidebar":"default-sidebar","second_sidebar":"default-sidebar","sticky_sidebar":"1","share_position":"top","share_float_style":"share-monocrhome","show_share_counter":"1","show_view_counter":"1","show_featured":"1","show_post_meta":"1","show_post_author":"1","show_post_author_image":"1","show_post_date":"1","post_date_format":"default","post_date_format_custom":"Y\/m\/d","show_post_category":"1","show_post_reading_time":"0","post_reading_time_wpm":"300","show_zoom_button":"0","zoom_button_out_step":"2","zoom_button_in_step":"3","show_post_tag":"1","show_prev_next_post":"1","show_popup_post":"1","number_popup_post":"1","show_author_box":"0","show_post_related":"1","show_inline_post_related":"0"}],"override_image_size":"0","image_override":[{"single_post_thumbnail_size":"crop-500","single_post_gallery_size":"crop-500"}],"trending_post":"0","trending_post_position":"meta","trending_post_label":"Trending","sponsored_post":"0","sponsored_post_label":"Sponsored by","sponsored_post_name":"","sponsored_post_url":"","sponsored_post_logo_enable":"0","sponsored_post_logo":"","sponsored_post_desc":"","disable_ad":"0"},"jnews_primary_category":{"id":"","hide":""},"jnews_social_meta":{"fb_title":"","fb_description":"","fb_image":"","twitter_title":"","twitter_description":"","twitter_image":""},"jnews_review":[],"enable_review":"0","type":"percentage","name":"","summary":"","brand":"","sku":"","good":[{"good_text":""}],"bad":[{"bad_text":""}],"score_override":"0","override_value":"","rating":[{"rating_text":"","rating_number":"10"}],"price":[{"shop":"","price":"","link":"","icon":""}],"footnotes":""},"categories":[54],"tags":[152],"class_list":["post-134560","post","type-post","status-publish","format-standard","has-post-thumbnail","hentry","category-cotidiano","tag-destaque"],"yoast_head":"<!-- This site is optimized with the Yoast SEO plugin v26.5 - https:\/\/yoast.com\/wordpress\/plugins\/seo\/ -->\n<title>Educa\u00e7\u00e3o do Acre abre inscri\u00e7\u00f5es para mais de 240 vagas na Escola de M\u00fasica - Agazeta.net<\/title>\n<meta name=\"robots\" content=\"index, follow, max-snippet:-1, max-image-preview:large, max-video-preview:-1\" \/>\n<link rel=\"canonical\" href=\"https:\/\/nk7-testes.com.br\/agazeta\/educacao-do-acre-abre-inscricoes-para-mais-de-240-vagas-na-escola-de-musica\/\" \/>\n<meta property=\"og:locale\" content=\"pt_BR\" \/>\n<meta property=\"og:type\" content=\"article\" \/>\n<meta property=\"og:title\" content=\"Educa\u00e7\u00e3o do Acre abre inscri\u00e7\u00f5es para mais de 240 vagas na Escola de M\u00fasica\" \/>\n<meta property=\"og:description\" content=\"As inscri\u00e7\u00f5es ser\u00e3o realizadas em diferentes datas conforme o tipo de vaga para escola e a comunidade; confira\" \/>\n<meta property=\"og:url\" content=\"https:\/\/nk7-testes.com.br\/agazeta\/educacao-do-acre-abre-inscricoes-para-mais-de-240-vagas-na-escola-de-musica\/\" \/>\n<meta property=\"og:site_name\" content=\"Agazeta.net\" \/>\n<meta property=\"article:published_time\" content=\"2024-06-25T16:03:48+00:00\" \/>\n<meta property=\"og:image\" content=\"https:\/\/nk7-testes.com.br\/agazeta\/wp-content\/uploads\/2024\/06\/WhatsApp-Image-2024-06-25-at-10.59.31-AM-jpeg.webp\" \/>\n\t<meta property=\"og:image:width\" content=\"1600\" \/>\n\t<meta property=\"og:image:height\" content=\"1066\" \/>\n\t<meta property=\"og:image:type\" content=\"image\/jpeg\" \/>\n<meta name=\"author\" content=\"Agazeta.Net\" \/>\n<meta name=\"twitter:card\" content=\"summary_large_image\" \/>\n<meta name=\"twitter:title\" content=\"Educa\u00e7\u00e3o do Acre abre inscri\u00e7\u00f5es para mais de 240 vagas na Escola de M\u00fasica\" \/>\n<meta name=\"twitter:description\" content=\"As inscri\u00e7\u00f5es ser\u00e3o realizadas em diferentes datas conforme o tipo de vaga para escola e a comunidade; confira\" \/>\n<meta name=\"twitter:image\" content=\"https:\/\/nk7-testes.com.br\/agazeta\/wp-content\/uploads\/2024\/06\/WhatsApp-Image-2024-06-25-at-10.59.31-AM-jpeg.webp\" \/>\n<meta name=\"twitter:label1\" content=\"Escrito por\" \/>\n\t<meta name=\"twitter:data1\" content=\"Agazeta.Net\" \/>\n\t<meta name=\"twitter:label2\" content=\"Est. tempo de leitura\" \/>\n\t<meta name=\"twitter:data2\" content=\"2 minutos\" \/>\n<script type=\"application\/ld+json\" class=\"yoast-schema-graph\">{\"@context\":\"https:\/\/schema.org\",\"@graph\":[{\"@type\":\"WebPage\",\"@id\":\"https:\/\/nk7-testes.com.br\/agazeta\/educacao-do-acre-abre-inscricoes-para-mais-de-240-vagas-na-escola-de-musica\/\",\"url\":\"https:\/\/nk7-testes.com.br\/agazeta\/educacao-do-acre-abre-inscricoes-para-mais-de-240-vagas-na-escola-de-musica\/\",\"name\":\"Educa\u00e7\u00e3o do Acre abre inscri\u00e7\u00f5es para mais de 240 vagas na Escola de M\u00fasica - Agazeta.net\",\"isPartOf\":{\"@id\":\"https:\/\/nk7-testes.com.br\/agazeta\/#website\"},\"primaryImageOfPage\":{\"@id\":\"https:\/\/nk7-testes.com.br\/agazeta\/educacao-do-acre-abre-inscricoes-para-mais-de-240-vagas-na-escola-de-musica\/#primaryimage\"},\"image\":{\"@id\":\"https:\/\/nk7-testes.com.br\/agazeta\/educacao-do-acre-abre-inscricoes-para-mais-de-240-vagas-na-escola-de-musica\/#primaryimage\"},\"thumbnailUrl\":\"https:\/\/nk7-testes.com.br\/agazeta\/wp-content\/uploads\/2024\/06\/WhatsApp-Image-2024-06-25-at-10.59.31-AM-jpeg.webp\",\"datePublished\":\"2024-06-25T16:03:48+00:00\",\"author\":{\"@id\":\"https:\/\/nk7-testes.com.br\/agazeta\/#\/schema\/person\/6d6e25cb0435eb4a02fd44d30b4e3020\"},\"breadcrumb\":{\"@id\":\"https:\/\/nk7-testes.com.br\/agazeta\/educacao-do-acre-abre-inscricoes-para-mais-de-240-vagas-na-escola-de-musica\/#breadcrumb\"},\"inLanguage\":\"pt-BR\",\"potentialAction\":[{\"@type\":\"ReadAction\",\"target\":[\"https:\/\/nk7-testes.com.br\/agazeta\/educacao-do-acre-abre-inscricoes-para-mais-de-240-vagas-na-escola-de-musica\/\"]}]},{\"@type\":\"ImageObject\",\"inLanguage\":\"pt-BR\",\"@id\":\"https:\/\/nk7-testes.com.br\/agazeta\/educacao-do-acre-abre-inscricoes-para-mais-de-240-vagas-na-escola-de-musica\/#primaryimage\",\"url\":\"https:\/\/nk7-testes.com.br\/agazeta\/wp-content\/uploads\/2024\/06\/WhatsApp-Image-2024-06-25-at-10.59.31-AM-jpeg.webp\",\"contentUrl\":\"https:\/\/nk7-testes.com.br\/agazeta\/wp-content\/uploads\/2024\/06\/WhatsApp-Image-2024-06-25-at-10.59.31-AM-jpeg.webp\",\"width\":1600,\"height\":1066,\"caption\":\"Fonte: Ag\u00eancia de Not\u00edcias do Acre\"},{\"@type\":\"BreadcrumbList\",\"@id\":\"https:\/\/nk7-testes.com.br\/agazeta\/educacao-do-acre-abre-inscricoes-para-mais-de-240-vagas-na-escola-de-musica\/#breadcrumb\",\"itemListElement\":[{\"@type\":\"ListItem\",\"position\":1,\"name\":\"In\u00edcio\",\"item\":\"https:\/\/nk7-testes.com.br\/agazeta\/\"},{\"@type\":\"ListItem\",\"position\":2,\"name\":\"Educa\u00e7\u00e3o do Acre abre inscri\u00e7\u00f5es para mais de 240 vagas na Escola de M\u00fasica\"}]},{\"@type\":\"WebSite\",\"@id\":\"https:\/\/nk7-testes.com.br\/agazeta\/#website\",\"url\":\"https:\/\/nk7-testes.com.br\/agazeta\/\",\"name\":\"Agazeta.net\",\"description\":\"Agazeta.net - Not\u00edcias de Rio Branco\/AC\",\"potentialAction\":[{\"@type\":\"SearchAction\",\"target\":{\"@type\":\"EntryPoint\",\"urlTemplate\":\"https:\/\/nk7-testes.com.br\/agazeta\/?s={search_term_string}\"},\"query-input\":{\"@type\":\"PropertyValueSpecification\",\"valueRequired\":true,\"valueName\":\"search_term_string\"}}],\"inLanguage\":\"pt-BR\"},{\"@type\":\"Person\",\"@id\":\"https:\/\/nk7-testes.com.br\/agazeta\/#\/schema\/person\/6d6e25cb0435eb4a02fd44d30b4e3020\",\"name\":\"Agazeta.Net\",\"url\":\"https:\/\/nk7-testes.com.br\/agazeta\/author\/agazeta\/\"}]}<\/script>\n<!-- \/ Yoast SEO plugin. -->","yoast_head_json":{"title":"Educa\u00e7\u00e3o do Acre abre inscri\u00e7\u00f5es para mais de 240 vagas na Escola de M\u00fasica - Agazeta.net","robots":{"index":"index","follow":"follow","max-snippet":"max-snippet:-1","max-image-preview":"max-image-preview:large","max-video-preview":"max-video-preview:-1"},"canonical":"https:\/\/nk7-testes.com.br\/agazeta\/educacao-do-acre-abre-inscricoes-para-mais-de-240-vagas-na-escola-de-musica\/","og_locale":"pt_BR","og_type":"article","og_title":"Educa\u00e7\u00e3o do Acre abre inscri\u00e7\u00f5es para mais de 240 vagas na Escola de M\u00fasica","og_description":"As inscri\u00e7\u00f5es ser\u00e3o realizadas em diferentes datas conforme o tipo de vaga para escola e a comunidade; confira","og_url":"https:\/\/nk7-testes.com.br\/agazeta\/educacao-do-acre-abre-inscricoes-para-mais-de-240-vagas-na-escola-de-musica\/","og_site_name":"Agazeta.net","article_published_time":"2024-06-25T16:03:48+00:00","og_image":[{"width":1600,"height":1066,"url":"https:\/\/nk7-testes.com.br\/agazeta\/wp-content\/uploads\/2024\/06\/WhatsApp-Image-2024-06-25-at-10.59.31-AM-jpeg.webp","type":"image\/jpeg"}],"author":"Agazeta.Net","twitter_card":"summary_large_image","twitter_title":"Educa\u00e7\u00e3o do Acre abre inscri\u00e7\u00f5es para mais de 240 vagas na Escola de M\u00fasica","twitter_description":"As inscri\u00e7\u00f5es ser\u00e3o realizadas em diferentes datas conforme o tipo de vaga para escola e a comunidade; confira","twitter_image":"https:\/\/nk7-testes.com.br\/agazeta\/wp-content\/uploads\/2024\/06\/WhatsApp-Image-2024-06-25-at-10.59.31-AM-jpeg.webp","twitter_misc":{"Escrito por":"Agazeta.Net","Est. tempo de leitura":"2 minutos"},"schema":{"@context":"https:\/\/schema.org","@graph":[{"@type":"WebPage","@id":"https:\/\/nk7-testes.com.br\/agazeta\/educacao-do-acre-abre-inscricoes-para-mais-de-240-vagas-na-escola-de-musica\/","url":"https:\/\/nk7-testes.com.br\/agazeta\/educacao-do-acre-abre-inscricoes-para-mais-de-240-vagas-na-escola-de-musica\/","name":"Educa\u00e7\u00e3o do Acre abre inscri\u00e7\u00f5es para mais de 240 vagas na Escola de M\u00fasica - Agazeta.net","isPartOf":{"@id":"https:\/\/nk7-testes.com.br\/agazeta\/#website"},"primaryImageOfPage":{"@id":"https:\/\/nk7-testes.com.br\/agazeta\/educacao-do-acre-abre-inscricoes-para-mais-de-240-vagas-na-escola-de-musica\/#primaryimage"},"image":{"@id":"https:\/\/nk7-testes.com.br\/agazeta\/educacao-do-acre-abre-inscricoes-para-mais-de-240-vagas-na-escola-de-musica\/#primaryimage"},"thumbnailUrl":"https:\/\/nk7-testes.com.br\/agazeta\/wp-content\/uploads\/2024\/06\/WhatsApp-Image-2024-06-25-at-10.59.31-AM-jpeg.webp","datePublished":"2024-06-25T16:03:48+00:00","author":{"@id":"https:\/\/nk7-testes.com.br\/agazeta\/#\/schema\/person\/6d6e25cb0435eb4a02fd44d30b4e3020"},"breadcrumb":{"@id":"https:\/\/nk7-testes.com.br\/agazeta\/educacao-do-acre-abre-inscricoes-para-mais-de-240-vagas-na-escola-de-musica\/#breadcrumb"},"inLanguage":"pt-BR","potentialAction":[{"@type":"ReadAction","target":["https:\/\/nk7-testes.com.br\/agazeta\/educacao-do-acre-abre-inscricoes-para-mais-de-240-vagas-na-escola-de-musica\/"]}]},{"@type":"ImageObject","inLanguage":"pt-BR","@id":"https:\/\/nk7-testes.com.br\/agazeta\/educacao-do-acre-abre-inscricoes-para-mais-de-240-vagas-na-escola-de-musica\/#primaryimage","url":"https:\/\/nk7-testes.com.br\/agazeta\/wp-content\/uploads\/2024\/06\/WhatsApp-Image-2024-06-25-at-10.59.31-AM-jpeg.webp","contentUrl":"https:\/\/nk7-testes.com.br\/agazeta\/wp-content\/uploads\/2024\/06\/WhatsApp-Image-2024-06-25-at-10.59.31-AM-jpeg.webp","width":1600,"height":1066,"caption":"Fonte: Ag\u00eancia de Not\u00edcias do Acre"},{"@type":"BreadcrumbList","@id":"https:\/\/nk7-testes.com.br\/agazeta\/educacao-do-acre-abre-inscricoes-para-mais-de-240-vagas-na-escola-de-musica\/#breadcrumb","itemListElement":[{"@type":"ListItem","position":1,"name":"In\u00edcio","item":"https:\/\/nk7-testes.com.br\/agazeta\/"},{"@type":"ListItem","position":2,"name":"Educa\u00e7\u00e3o do Acre abre inscri\u00e7\u00f5es para mais de 240 vagas na Escola de M\u00fasica"}]},{"@type":"WebSite","@id":"https:\/\/nk7-testes.com.br\/agazeta\/#website","url":"https:\/\/nk7-testes.com.br\/agazeta\/","name":"Agazeta.net","description":"Agazeta.net - Not\u00edcias de Rio Branco\/AC","potentialAction":[{"@type":"SearchAction","target":{"@type":"EntryPoint","urlTemplate":"https:\/\/nk7-testes.com.br\/agazeta\/?s={search_term_string}"},"query-input":{"@type":"PropertyValueSpecification","valueRequired":true,"valueName":"search_term_string"}}],"inLanguage":"pt-BR"},{"@type":"Person","@id":"https:\/\/nk7-testes.com.br\/agazeta\/#\/schema\/person\/6d6e25cb0435eb4a02fd44d30b4e3020","name":"Agazeta.Net","url":"https:\/\/nk7-testes.com.br\/agazeta\/author\/agazeta\/"}]}},"_links":{"self":[{"href":"https:\/\/nk7-testes.com.br\/agazeta\/wp-json\/wp\/v2\/posts\/134560","targetHints":{"allow":["GET"]}}],"collection":[{"href":"https:\/\/nk7-testes.com.br\/agazeta\/wp-json\/wp\/v2\/posts"}],"about":[{"href":"https:\/\/nk7-testes.com.br\/agazeta\/wp-json\/wp\/v2\/types\/post"}],"author":[{"embeddable":true,"href":"https:\/\/nk7-testes.com.br\/agazeta\/wp-json\/wp\/v2\/users\/4"}],"replies":[{"embeddable":true,"href":"https:\/\/nk7-testes.com.br\/agazeta\/wp-json\/wp\/v2\/comments?post=134560"}],"version-history":[{"count":0,"href":"https:\/\/nk7-testes.com.br\/agazeta\/wp-json\/wp\/v2\/posts\/134560\/revisions"}],"wp:featuredmedia":[{"embeddable":true,"href":"https:\/\/nk7-testes.com.br\/agazeta\/wp-json\/wp\/v2\/media\/134561"}],"wp:attachment":[{"href":"https:\/\/nk7-testes.com.br\/agazeta\/wp-json\/wp\/v2\/media?parent=134560"}],"wp:term":[{"taxonomy":"category","embeddable":true,"href":"https:\/\/nk7-testes.com.br\/agazeta\/wp-json\/wp\/v2\/categories?post=134560"},{"taxonomy":"post_tag","embeddable":true,"href":"https:\/\/nk7-testes.com.br\/agazeta\/wp-json\/wp\/v2\/tags?post=134560"}],"curies":[{"name":"wp","href":"https:\/\/api.w.org\/{rel}","templated":true}]}}