{"id":134544,"date":"2024-06-25T10:19:32","date_gmt":"2024-06-25T15:19:32","guid":{"rendered":"https:\/\/nk7-testes.com.br\/?p=134544"},"modified":"2024-06-25T10:19:32","modified_gmt":"2024-06-25T15:19:32","slug":"transito-de-rio-branco-passara-por-mudancas-durante-festival-da-macaxeira-veja","status":"publish","type":"post","link":"https:\/\/nk7-testes.com.br\/agazeta\/transito-de-rio-branco-passara-por-mudancas-durante-festival-da-macaxeira-veja\/","title":{"rendered":"Tr\u00e2nsito de Rio Branco passar\u00e1 por mudan\u00e7as durante Festival da Macaxeira; veja"},"content":{"rendered":"<p style=\"text-align: justify;\"><span style=\"font-weight: 400;\">A Prefeitura de Rio Branco, em parceria com a Associa\u00e7\u00e3o Comercial, Industrial, de Servi\u00e7o e Agr\u00edcola do Acre (Acisa), realizar\u00e1 o 1\u00ba Festival da Macaxeira de 26 a 29 de junho de 2024. Em fun\u00e7\u00e3o do evento, a cidade ter\u00e1 altera\u00e7\u00f5es significativas no tr\u00e2nsito, conforme detalhado no Plano de Opera\u00e7\u00e3o do evento, que visa garantir seguran\u00e7a e fluidez nas vias durante os dias de celebra\u00e7\u00e3o.<\/span><\/p>\n<p style=\"text-align: justify;\"><span style=\"font-weight: 400;\">O evento acontecer\u00e1 na Pra\u00e7a da Revolu\u00e7\u00e3o e destacar\u00e1 a import\u00e2ncia da produ\u00e7\u00e3o agr\u00edcola local, especialmente da macaxeira, essencial para a regi\u00e3o. O\u00a0 Plano de Opera\u00e7\u00e3o do Tr\u00e2nsito tem como miss\u00e3o promover a\u00e7\u00f5es preventivas para orientar os usu\u00e1rios das vias, proporcionando maior fluidez e seguran\u00e7a no tr\u00e2nsito.\u00a0<\/span><\/p>\n<p style=\"text-align: justify;\"><strong>As opera\u00e7\u00f5es de isolamento e controle do tr\u00e2nsito ocorrer\u00e3o nas proximidades dos seguintes trechos:<\/strong><\/p>\n<p style=\"text-align: justify;\"><span style=\"font-weight: 400;\">&#8211; Avenida Get\u00falio Vargas: Trecho entre a Avenida Cear\u00e1 at\u00e9 o cruzamento da Rua Rui Barbosa.<\/span><\/p>\n<p style=\"text-align: justify;\"><span style=\"font-weight: 400;\">&#8211; Rua Rui Barbosa: Entre a Rua Dr. Franco Ribeiro e Avenida Get\u00falio Vargas, e entre a Avenida Get\u00falio Vargas e a Rua Marechal Deodoro.<\/span><\/p>\n<p style=\"text-align: justify;\"><span style=\"font-weight: 400;\">&#8211; Avenida Brasil com Avenida Get\u00falio Vargas: Altera\u00e7\u00e3o do sentido da via.<\/span><\/p>\n<figure id=\"attachment_134545\" aria-describedby=\"caption-attachment-134545\" style=\"width: 1083px\" class=\"wp-caption alignnone\"><img decoding=\"async\" class=\"wp-image-134545 size-full\" src=\"https:\/\/nk7-testes.com.br\/wp-content\/uploads\/2024\/06\/WhatsApp-Image-2024-06-25-at-9.37.44-AM-jpeg.webp\" alt=\"\" width=\"1083\" height=\"1083\" srcset=\"https:\/\/nk7-testes.com.br\/agazeta\/wp-content\/uploads\/2024\/06\/WhatsApp-Image-2024-06-25-at-9.37.44-AM-jpeg.webp 1083w, https:\/\/nk7-testes.com.br\/agazeta\/wp-content\/uploads\/2024\/06\/WhatsApp-Image-2024-06-25-at-9.37.44-AM-300x300.webp 300w, https:\/\/nk7-testes.com.br\/agazeta\/wp-content\/uploads\/2024\/06\/WhatsApp-Image-2024-06-25-at-9.37.44-AM-1024x1024.webp 1024w, https:\/\/nk7-testes.com.br\/agazeta\/wp-content\/uploads\/2024\/06\/WhatsApp-Image-2024-06-25-at-9.37.44-AM-150x150.webp 150w, https:\/\/nk7-testes.com.br\/agazeta\/wp-content\/uploads\/2024\/06\/WhatsApp-Image-2024-06-25-at-9.37.44-AM-768x768.webp 768w, https:\/\/nk7-testes.com.br\/agazeta\/wp-content\/uploads\/2024\/06\/WhatsApp-Image-2024-06-25-at-9.37.44-AM-75x75.webp 75w, https:\/\/nk7-testes.com.br\/agazeta\/wp-content\/uploads\/2024\/06\/WhatsApp-Image-2024-06-25-at-9.37.44-AM-350x350.webp 350w, https:\/\/nk7-testes.com.br\/agazeta\/wp-content\/uploads\/2024\/06\/WhatsApp-Image-2024-06-25-at-9.37.44-AM-750x750.webp 750w, https:\/\/nk7-testes.com.br\/agazeta\/wp-content\/uploads\/2024\/06\/WhatsApp-Image-2024-06-25-at-9.37.44-AM-400x400.webp 400w\" sizes=\"(max-width: 1083px) 100vw, 1083px\" \/><figcaption id=\"caption-attachment-134545\" class=\"wp-caption-text\">Fonte: RBTRANS<\/figcaption><\/figure>\n<p style=\"text-align: justify;\"><span style=\"font-weight: 400;\">As interdi\u00e7\u00f5es ser\u00e3o realizadas diariamente, das 17:00h \u00e0s 03:00h, com rondas realizadas por tr\u00eas agentes de tr\u00e2nsito para manter a mobilidade urbana. Ser\u00e1 permitido apenas o tr\u00e2nsito de pedestres e ve\u00edculos oficiais, al\u00e9m de embarque e desembarque de pessoas e materiais. Os locais de interdi\u00e7\u00e3o contar\u00e3o com agentes de tr\u00e2nsito para orientar e desviar o fluxo.<\/span><\/p>\n<p style=\"text-align: justify;\"><span style=\"font-weight: 400;\">O Festival da Macaxeira, uma homenagem \u00e0 produ\u00e7\u00e3o agr\u00edcola local, oferecer\u00e1 uma programa\u00e7\u00e3o variada e atrativa para diferentes p\u00fablicos e visa promover a integra\u00e7\u00e3o entre produtores rurais e a comunidade urbana, destacando a import\u00e2ncia da macaxeira na economia local. Pequenos comerciantes que trabalham na pra\u00e7a est\u00e3o bastante animados com o evento, que promete movimentar a economia e proporcionar entretenimento de qualidade para todos os visitantes.<\/span><\/p>\n","protected":false},"excerpt":{"rendered":"<p>A Prefeitura de Rio Branco, em parceria com a Associa\u00e7\u00e3o Comercial, Industrial, de Servi\u00e7o e Agr\u00edcola do Acre (Acisa), realizar\u00e1 o 1\u00ba Festival da Macaxeira de 26 a 29 de junho de 2024. Em fun\u00e7\u00e3o do evento, a cidade ter\u00e1 altera\u00e7\u00f5es significativas no tr\u00e2nsito, conforme detalhado no Plano de Opera\u00e7\u00e3o do evento, que visa garantir [&hellip;]<\/p>\n","protected":false},"author":4,"featured_media":134551,"comment_status":"open","ping_status":"open","sticky":false,"template":"","format":"standard","meta":{"jnews-multi-image_gallery":[],"jnews_single_post":{"source_name":"","source_url":"","via_name":"","via_url":"","override_template":"0","override":[{"template":"custom","single_blog_custom":"110746","parallax":"1","fullscreen":"1","layout":"right-sidebar","sidebar":"default-sidebar","second_sidebar":"default-sidebar","sticky_sidebar":"1","share_position":"top","share_float_style":"share-monocrhome","show_share_counter":"1","show_view_counter":"1","show_featured":"1","show_post_meta":"1","show_post_author":"1","show_post_author_image":"1","show_post_date":"1","post_date_format":"default","post_date_format_custom":"Y\/m\/d","show_post_category":"1","show_post_reading_time":"0","post_reading_time_wpm":"300","show_zoom_button":"0","zoom_button_out_step":"2","zoom_button_in_step":"3","show_post_tag":"1","show_prev_next_post":"1","show_popup_post":"1","number_popup_post":"1","show_author_box":"0","show_post_related":"1","show_inline_post_related":"0"}],"override_image_size":"0","image_override":[{"single_post_thumbnail_size":"crop-500","single_post_gallery_size":"crop-500"}],"trending_post":"0","trending_post_position":"meta","trending_post_label":"Trending","sponsored_post":"0","sponsored_post_label":"Sponsored by","sponsored_post_name":"","sponsored_post_url":"","sponsored_post_logo_enable":"0","sponsored_post_logo":"","sponsored_post_desc":"","disable_ad":"0"},"jnews_primary_category":{"id":"","hide":""},"jnews_social_meta":{"fb_title":"","fb_description":"","fb_image":"","twitter_title":"","twitter_description":"","twitter_image":""},"jnews_review":[],"enable_review":"0","type":"percentage","name":"","summary":"","brand":"","sku":"","good":[{"good_text":""}],"bad":[{"bad_text":""}],"score_override":"0","override_value":"","rating":[{"rating_text":"","rating_number":"10"}],"price":[{"shop":"","price":"","link":"","icon":""}],"footnotes":""},"categories":[54],"tags":[],"class_list":["post-134544","post","type-post","status-publish","format-standard","has-post-thumbnail","hentry","category-cotidiano"],"yoast_head":"<!-- This site is optimized with the Yoast SEO plugin v26.5 - https:\/\/yoast.com\/wordpress\/plugins\/seo\/ -->\n<title>Tr\u00e2nsito de Rio Branco passar\u00e1 por mudan\u00e7as durante Festival da Macaxeira; veja - Agazeta.net<\/title>\n<meta name=\"robots\" content=\"index, follow, max-snippet:-1, max-image-preview:large, max-video-preview:-1\" \/>\n<link rel=\"canonical\" href=\"https:\/\/nk7-testes.com.br\/agazeta\/transito-de-rio-branco-passara-por-mudancas-durante-festival-da-macaxeira-veja\/\" \/>\n<meta property=\"og:locale\" content=\"pt_BR\" \/>\n<meta property=\"og:type\" content=\"article\" \/>\n<meta property=\"og:title\" content=\"Tr\u00e2nsito de Rio Branco passar\u00e1 por mudan\u00e7as durante Festival da Macaxeira; veja\" \/>\n<meta property=\"og:description\" content=\"Ser\u00e1 permitido apenas tr\u00e2nsito de pedestres e ve\u00edculos oficiais, al\u00e9m de embarque e desembarque de pessoas e materiais\" \/>\n<meta property=\"og:url\" content=\"https:\/\/nk7-testes.com.br\/agazeta\/transito-de-rio-branco-passara-por-mudancas-durante-festival-da-macaxeira-veja\/\" \/>\n<meta property=\"og:site_name\" content=\"Agazeta.net\" \/>\n<meta property=\"article:published_time\" content=\"2024-06-25T15:19:32+00:00\" \/>\n<meta property=\"og:image\" content=\"https:\/\/nk7-testes.com.br\/agazeta\/wp-content\/uploads\/2024\/06\/WhatsApp-Image-2024-06-25-at-10.18.38-AM-scaled.webp\" \/>\n\t<meta property=\"og:image:width\" content=\"2560\" \/>\n\t<meta property=\"og:image:height\" content=\"1706\" \/>\n\t<meta property=\"og:image:type\" content=\"image\/jpeg\" \/>\n<meta name=\"author\" content=\"Agazeta.Net\" \/>\n<meta name=\"twitter:card\" content=\"summary_large_image\" \/>\n<meta name=\"twitter:title\" content=\"Tr\u00e2nsito de Rio Branco passar\u00e1 por mudan\u00e7as durante Festival da Macaxeira; veja\" \/>\n<meta name=\"twitter:description\" content=\"Ser\u00e1 permitido apenas tr\u00e2nsito de pedestres e ve\u00edculos oficiais, al\u00e9m de embarque e desembarque de pessoas e materiais\" \/>\n<meta name=\"twitter:label1\" content=\"Escrito por\" \/>\n\t<meta name=\"twitter:data1\" content=\"Agazeta.Net\" \/>\n\t<meta name=\"twitter:label2\" content=\"Est. tempo de leitura\" \/>\n\t<meta name=\"twitter:data2\" content=\"2 minutos\" \/>\n<script type=\"application\/ld+json\" class=\"yoast-schema-graph\">{\"@context\":\"https:\/\/schema.org\",\"@graph\":[{\"@type\":\"WebPage\",\"@id\":\"https:\/\/nk7-testes.com.br\/agazeta\/transito-de-rio-branco-passara-por-mudancas-durante-festival-da-macaxeira-veja\/\",\"url\":\"https:\/\/nk7-testes.com.br\/agazeta\/transito-de-rio-branco-passara-por-mudancas-durante-festival-da-macaxeira-veja\/\",\"name\":\"Tr\u00e2nsito de Rio Branco passar\u00e1 por mudan\u00e7as durante Festival da Macaxeira; veja - Agazeta.net\",\"isPartOf\":{\"@id\":\"https:\/\/nk7-testes.com.br\/agazeta\/#website\"},\"primaryImageOfPage\":{\"@id\":\"https:\/\/nk7-testes.com.br\/agazeta\/transito-de-rio-branco-passara-por-mudancas-durante-festival-da-macaxeira-veja\/#primaryimage\"},\"image\":{\"@id\":\"https:\/\/nk7-testes.com.br\/agazeta\/transito-de-rio-branco-passara-por-mudancas-durante-festival-da-macaxeira-veja\/#primaryimage\"},\"thumbnailUrl\":\"https:\/\/nk7-testes.com.br\/agazeta\/wp-content\/uploads\/2024\/06\/WhatsApp-Image-2024-06-25-at-10.18.38-AM-scaled.webp\",\"datePublished\":\"2024-06-25T15:19:32+00:00\",\"author\":{\"@id\":\"https:\/\/nk7-testes.com.br\/agazeta\/#\/schema\/person\/6d6e25cb0435eb4a02fd44d30b4e3020\"},\"breadcrumb\":{\"@id\":\"https:\/\/nk7-testes.com.br\/agazeta\/transito-de-rio-branco-passara-por-mudancas-durante-festival-da-macaxeira-veja\/#breadcrumb\"},\"inLanguage\":\"pt-BR\",\"potentialAction\":[{\"@type\":\"ReadAction\",\"target\":[\"https:\/\/nk7-testes.com.br\/agazeta\/transito-de-rio-branco-passara-por-mudancas-durante-festival-da-macaxeira-veja\/\"]}]},{\"@type\":\"ImageObject\",\"inLanguage\":\"pt-BR\",\"@id\":\"https:\/\/nk7-testes.com.br\/agazeta\/transito-de-rio-branco-passara-por-mudancas-durante-festival-da-macaxeira-veja\/#primaryimage\",\"url\":\"https:\/\/nk7-testes.com.br\/agazeta\/wp-content\/uploads\/2024\/06\/WhatsApp-Image-2024-06-25-at-10.18.38-AM-scaled.webp\",\"contentUrl\":\"https:\/\/nk7-testes.com.br\/agazeta\/wp-content\/uploads\/2024\/06\/WhatsApp-Image-2024-06-25-at-10.18.38-AM-scaled.webp\",\"width\":2560,\"height\":1706,\"caption\":\"Fonte: RBTRANS\"},{\"@type\":\"BreadcrumbList\",\"@id\":\"https:\/\/nk7-testes.com.br\/agazeta\/transito-de-rio-branco-passara-por-mudancas-durante-festival-da-macaxeira-veja\/#breadcrumb\",\"itemListElement\":[{\"@type\":\"ListItem\",\"position\":1,\"name\":\"In\u00edcio\",\"item\":\"https:\/\/nk7-testes.com.br\/agazeta\/\"},{\"@type\":\"ListItem\",\"position\":2,\"name\":\"Tr\u00e2nsito de Rio Branco passar\u00e1 por mudan\u00e7as durante Festival da Macaxeira; veja\"}]},{\"@type\":\"WebSite\",\"@id\":\"https:\/\/nk7-testes.com.br\/agazeta\/#website\",\"url\":\"https:\/\/nk7-testes.com.br\/agazeta\/\",\"name\":\"Agazeta.net\",\"description\":\"Agazeta.net - Not\u00edcias de Rio Branco\/AC\",\"potentialAction\":[{\"@type\":\"SearchAction\",\"target\":{\"@type\":\"EntryPoint\",\"urlTemplate\":\"https:\/\/nk7-testes.com.br\/agazeta\/?s={search_term_string}\"},\"query-input\":{\"@type\":\"PropertyValueSpecification\",\"valueRequired\":true,\"valueName\":\"search_term_string\"}}],\"inLanguage\":\"pt-BR\"},{\"@type\":\"Person\",\"@id\":\"https:\/\/nk7-testes.com.br\/agazeta\/#\/schema\/person\/6d6e25cb0435eb4a02fd44d30b4e3020\",\"name\":\"Agazeta.Net\",\"url\":\"https:\/\/nk7-testes.com.br\/agazeta\/author\/agazeta\/\"}]}<\/script>\n<!-- \/ Yoast SEO plugin. -->","yoast_head_json":{"title":"Tr\u00e2nsito de Rio Branco passar\u00e1 por mudan\u00e7as durante Festival da Macaxeira; veja - Agazeta.net","robots":{"index":"index","follow":"follow","max-snippet":"max-snippet:-1","max-image-preview":"max-image-preview:large","max-video-preview":"max-video-preview:-1"},"canonical":"https:\/\/nk7-testes.com.br\/agazeta\/transito-de-rio-branco-passara-por-mudancas-durante-festival-da-macaxeira-veja\/","og_locale":"pt_BR","og_type":"article","og_title":"Tr\u00e2nsito de Rio Branco passar\u00e1 por mudan\u00e7as durante Festival da Macaxeira; veja","og_description":"Ser\u00e1 permitido apenas tr\u00e2nsito de pedestres e ve\u00edculos oficiais, al\u00e9m de embarque e desembarque de pessoas e materiais","og_url":"https:\/\/nk7-testes.com.br\/agazeta\/transito-de-rio-branco-passara-por-mudancas-durante-festival-da-macaxeira-veja\/","og_site_name":"Agazeta.net","article_published_time":"2024-06-25T15:19:32+00:00","og_image":[{"width":2560,"height":1706,"url":"https:\/\/nk7-testes.com.br\/agazeta\/wp-content\/uploads\/2024\/06\/WhatsApp-Image-2024-06-25-at-10.18.38-AM-scaled.webp","type":"image\/jpeg"}],"author":"Agazeta.Net","twitter_card":"summary_large_image","twitter_title":"Tr\u00e2nsito de Rio Branco passar\u00e1 por mudan\u00e7as durante Festival da Macaxeira; veja","twitter_description":"Ser\u00e1 permitido apenas tr\u00e2nsito de pedestres e ve\u00edculos oficiais, al\u00e9m de embarque e desembarque de pessoas e materiais","twitter_misc":{"Escrito por":"Agazeta.Net","Est. tempo de leitura":"2 minutos"},"schema":{"@context":"https:\/\/schema.org","@graph":[{"@type":"WebPage","@id":"https:\/\/nk7-testes.com.br\/agazeta\/transito-de-rio-branco-passara-por-mudancas-durante-festival-da-macaxeira-veja\/","url":"https:\/\/nk7-testes.com.br\/agazeta\/transito-de-rio-branco-passara-por-mudancas-durante-festival-da-macaxeira-veja\/","name":"Tr\u00e2nsito de Rio Branco passar\u00e1 por mudan\u00e7as durante Festival da Macaxeira; veja - Agazeta.net","isPartOf":{"@id":"https:\/\/nk7-testes.com.br\/agazeta\/#website"},"primaryImageOfPage":{"@id":"https:\/\/nk7-testes.com.br\/agazeta\/transito-de-rio-branco-passara-por-mudancas-durante-festival-da-macaxeira-veja\/#primaryimage"},"image":{"@id":"https:\/\/nk7-testes.com.br\/agazeta\/transito-de-rio-branco-passara-por-mudancas-durante-festival-da-macaxeira-veja\/#primaryimage"},"thumbnailUrl":"https:\/\/nk7-testes.com.br\/agazeta\/wp-content\/uploads\/2024\/06\/WhatsApp-Image-2024-06-25-at-10.18.38-AM-scaled.webp","datePublished":"2024-06-25T15:19:32+00:00","author":{"@id":"https:\/\/nk7-testes.com.br\/agazeta\/#\/schema\/person\/6d6e25cb0435eb4a02fd44d30b4e3020"},"breadcrumb":{"@id":"https:\/\/nk7-testes.com.br\/agazeta\/transito-de-rio-branco-passara-por-mudancas-durante-festival-da-macaxeira-veja\/#breadcrumb"},"inLanguage":"pt-BR","potentialAction":[{"@type":"ReadAction","target":["https:\/\/nk7-testes.com.br\/agazeta\/transito-de-rio-branco-passara-por-mudancas-durante-festival-da-macaxeira-veja\/"]}]},{"@type":"ImageObject","inLanguage":"pt-BR","@id":"https:\/\/nk7-testes.com.br\/agazeta\/transito-de-rio-branco-passara-por-mudancas-durante-festival-da-macaxeira-veja\/#primaryimage","url":"https:\/\/nk7-testes.com.br\/agazeta\/wp-content\/uploads\/2024\/06\/WhatsApp-Image-2024-06-25-at-10.18.38-AM-scaled.webp","contentUrl":"https:\/\/nk7-testes.com.br\/agazeta\/wp-content\/uploads\/2024\/06\/WhatsApp-Image-2024-06-25-at-10.18.38-AM-scaled.webp","width":2560,"height":1706,"caption":"Fonte: RBTRANS"},{"@type":"BreadcrumbList","@id":"https:\/\/nk7-testes.com.br\/agazeta\/transito-de-rio-branco-passara-por-mudancas-durante-festival-da-macaxeira-veja\/#breadcrumb","itemListElement":[{"@type":"ListItem","position":1,"name":"In\u00edcio","item":"https:\/\/nk7-testes.com.br\/agazeta\/"},{"@type":"ListItem","position":2,"name":"Tr\u00e2nsito de Rio Branco passar\u00e1 por mudan\u00e7as durante Festival da Macaxeira; veja"}]},{"@type":"WebSite","@id":"https:\/\/nk7-testes.com.br\/agazeta\/#website","url":"https:\/\/nk7-testes.com.br\/agazeta\/","name":"Agazeta.net","description":"Agazeta.net - Not\u00edcias de Rio Branco\/AC","potentialAction":[{"@type":"SearchAction","target":{"@type":"EntryPoint","urlTemplate":"https:\/\/nk7-testes.com.br\/agazeta\/?s={search_term_string}"},"query-input":{"@type":"PropertyValueSpecification","valueRequired":true,"valueName":"search_term_string"}}],"inLanguage":"pt-BR"},{"@type":"Person","@id":"https:\/\/nk7-testes.com.br\/agazeta\/#\/schema\/person\/6d6e25cb0435eb4a02fd44d30b4e3020","name":"Agazeta.Net","url":"https:\/\/nk7-testes.com.br\/agazeta\/author\/agazeta\/"}]}},"_links":{"self":[{"href":"https:\/\/nk7-testes.com.br\/agazeta\/wp-json\/wp\/v2\/posts\/134544","targetHints":{"allow":["GET"]}}],"collection":[{"href":"https:\/\/nk7-testes.com.br\/agazeta\/wp-json\/wp\/v2\/posts"}],"about":[{"href":"https:\/\/nk7-testes.com.br\/agazeta\/wp-json\/wp\/v2\/types\/post"}],"author":[{"embeddable":true,"href":"https:\/\/nk7-testes.com.br\/agazeta\/wp-json\/wp\/v2\/users\/4"}],"replies":[{"embeddable":true,"href":"https:\/\/nk7-testes.com.br\/agazeta\/wp-json\/wp\/v2\/comments?post=134544"}],"version-history":[{"count":0,"href":"https:\/\/nk7-testes.com.br\/agazeta\/wp-json\/wp\/v2\/posts\/134544\/revisions"}],"wp:featuredmedia":[{"embeddable":true,"href":"https:\/\/nk7-testes.com.br\/agazeta\/wp-json\/wp\/v2\/media\/134551"}],"wp:attachment":[{"href":"https:\/\/nk7-testes.com.br\/agazeta\/wp-json\/wp\/v2\/media?parent=134544"}],"wp:term":[{"taxonomy":"category","embeddable":true,"href":"https:\/\/nk7-testes.com.br\/agazeta\/wp-json\/wp\/v2\/categories?post=134544"},{"taxonomy":"post_tag","embeddable":true,"href":"https:\/\/nk7-testes.com.br\/agazeta\/wp-json\/wp\/v2\/tags?post=134544"}],"curies":[{"name":"wp","href":"https:\/\/api.w.org\/{rel}","templated":true}]}}