{"id":134521,"date":"2024-06-25T09:21:55","date_gmt":"2024-06-25T14:21:55","guid":{"rendered":"https:\/\/nk7-testes.com.br\/?p=134521"},"modified":"2024-06-25T09:32:43","modified_gmt":"2024-06-25T14:32:43","slug":"sindapen-alerta-para-risco-de-retomar-visitas-no-presidio-antonio-amaro-devido-a-rebeliao-em-2023","status":"publish","type":"post","link":"https:\/\/nk7-testes.com.br\/agazeta\/sindapen-alerta-para-risco-de-retomar-visitas-no-presidio-antonio-amaro-devido-a-rebeliao-em-2023\/","title":{"rendered":"Sindapen alerta para risco de retomar visitas no pres\u00eddio Ant\u00f4nio Amaro devido \u00e0 rebeli\u00e3o em 2023"},"content":{"rendered":"<p style=\"text-align: justify;\"><span style=\"font-weight: 400;\">As visitas no pres\u00eddio Ant\u00f4nio Amaro estavam suspensas desde a rebeli\u00e3o de julho do ano passado, que resultou na morte de cinco presos. Durante uma reuni\u00e3o com parentes dos detentos na semana passada, a dire\u00e7\u00e3o do Instituto de Administra\u00e7\u00e3o Penitenci\u00e1ria do Estado do Acre (Iapen-AC) decidiu retomar as visitas, incluindo as \u00edntimas, a partir de julho. No entanto, a decis\u00e3o foi considerada precipitada pelo Sindicato dos Agentes Penitenci\u00e1rios do Acre (Sindapen-AC).<\/span><\/p>\n<p style=\"text-align: justify;\"><span style=\"font-weight: 400;\">Durante a rebeli\u00e3o, muitas celas foram destru\u00eddas pelos presos, o que levou o governo do estado a iniciar uma reforma em todos os sete pavilh\u00f5es do pres\u00eddio. At\u00e9 o momento, apenas tr\u00eas pavilh\u00f5es tiveram as obras conclu\u00eddas, enquanto os outros quatro ainda est\u00e3o em reforma. Segundo o sindicato, a retomada das visitas antes da conclus\u00e3o das obras coloca em risco a seguran\u00e7a dos agentes penitenci\u00e1rios.<\/span><\/p>\n<p style=\"text-align: justify;\"><span style=\"font-weight: 400;\">O pres\u00eddio Ant\u00f4nio Amaro atualmente mant\u00e9m 100 detentos nos tr\u00eas pavilh\u00f5es operacionais. Estes presos s\u00e3o considerados as lideran\u00e7as das fac\u00e7\u00f5es criminosas mais perigosas do estado. Para o sindicato, as regras de seguran\u00e7a na unidade precisam ser rigorosas para evitar novos epis\u00f3dios de viol\u00eancia como o ocorrido em julho de 2023, quando uma fac\u00e7\u00e3o conseguiu serras e, fora das celas, matou l\u00edderes de fac\u00e7\u00f5es rivais. Durante a rebeli\u00e3o, um policial penal foi atingido no olho e perdeu a vis\u00e3o.<\/span><\/p>\n<p style=\"text-align: justify;\"><span style=\"font-weight: 400;\">O Sindapen, em nota assinada por seu presidente, Eden Alves Azevedo, expressou grande insatisfa\u00e7\u00e3o com a atual situa\u00e7\u00e3o no Iapen-AC. Segundo o sindicato, as reformas necess\u00e1rias nos pr\u00e9dios da unidade ainda n\u00e3o foram conclu\u00eddas, o que deixa os policiais penais vulner\u00e1veis a novos incidentes.<\/span><\/p>\n<p style=\"text-align: justify;\"><span style=\"font-weight: 400;\">&#8220;Desconsiderando a aus\u00eancia de efetivo e n\u00e3o conclus\u00e3o da reforma, foi autorizada a retomada das visitas nas celas e das visitas \u00edntimas, medida tomada ap\u00f3s acordos realizados exclusivamente com os familiares dos presos, sem a presen\u00e7a de nenhum representante da categoria&#8221;, diz a nota do Sindapen. O sindicato enfatiza que a visita \u00edntima \u00e9 uma regalia sem previs\u00e3o legal e critica a administra\u00e7\u00e3o do Iapen-AC por tomar decis\u00f5es sem consultar os policiais penais.<\/span><\/p>\n<p style=\"text-align: justify;\"><span style=\"font-weight: 400;\">A nota tamb\u00e9m chama aten\u00e7\u00e3o para a falta de seguran\u00e7a na unidade, afirmando que as decis\u00f5es impostas sem di\u00e1logo comprometem a gest\u00e3o e a seguran\u00e7a do pres\u00eddio. &#8220;\u00c9 fundamental que haja uma revis\u00e3o desse processo, garantindo que todas as decis\u00f5es sejam discutidas e acordadas com a categoria,&#8221; conclui a nota, alertando que os policiais podem paralisar as atividades se suas vidas forem colocadas em risco.<\/span><\/p>\n<p style=\"text-align: justify;\"><span style=\"font-weight: 400;\">Em resposta, o Iapen-AC emitiu uma nota acusando o Sindapen de tentar desvirtuar o trabalho da atual gest\u00e3o. Segundo o Iapen-AC, uma reuni\u00e3o foi realizada em 18 de junho com representantes de familiares dos reeducandos, a presid\u00eancia do Iapen, v\u00e1rias diretorias, o chefe do Departamento de Seguran\u00e7a da Pol\u00edcia Penal e a deputada estadual Michelle Melo, representante dos Direitos Humanos.<\/span><\/p>\n<p style=\"text-align: justify;\"><span style=\"font-weight: 400;\">Confira as notas na \u00edntegra:<\/span><\/p>\n<h4 style=\"text-align: justify;\"><b>Sindicato dos Policiais Penais\u00a0<\/b><\/h4>\n<p style=\"text-align: justify;\"><i><span style=\"font-weight: 400;\">Em breve, completar\u00e1 um ano desde a rebeli\u00e3o no Instituto de Administra\u00e7\u00e3o Penitenci\u00e1ria do Acre (IAPEN-AC), ocorrida em 2023. No entanto, at\u00e9 o presente momento, as reformas nos pr\u00e9dios da unidade penitenci\u00e1ria ainda n\u00e3o foram totalmente conclu\u00eddas. Essa demora tem gerado preocupa\u00e7\u00f5es e insatisfa\u00e7\u00f5es entre os Policiais Penais que est\u00e3o \u00e0 merc\u00ea de um novo evento.<\/span><\/i><\/p>\n<p style=\"text-align: justify;\"><i><span style=\"font-weight: 400;\">Desconsiderando a aus\u00eancia de efetivo e n\u00e3o conclus\u00e3o da reforma, foi autorizada a retomada das visitas nas celas e das visitas \u00edntimas, medida tomada ap\u00f3s acordos realizados exclusivamente com os familiares dos presos, sem a presen\u00e7a de nenhum representante da categoria. Tais acordos, feitos sem a devida consulta ou discuss\u00e3o pr\u00e9via, t\u00eam sido implementados de maneira impositiva.<\/span><\/i><\/p>\n<p style=\"text-align: justify;\"><i><span style=\"font-weight: 400;\">Vale ressaltar que visita \u00edntima \u00e9 regalias dada aos reeducandos, portanto, n\u00e3o tem previs\u00e3o legal.\u00a0<\/span><\/i><\/p>\n<p style=\"text-align: justify;\"><i><span style=\"font-weight: 400;\">Esta situa\u00e7\u00e3o evidencia uma invers\u00e3o de valores e uma falta de respeito pela administra\u00e7\u00e3o do IAPEN\/AC. Decis\u00f5es t\u00e3o significativas e que afetam diretamente a rotina e a seguran\u00e7a do pres\u00eddio n\u00e3o deveriam ser tomadas sem a participa\u00e7\u00e3o ativa da categoria, vez que hodiernamente carregam as rotinas penitenci\u00e1rias sem a m\u00ednima seguran\u00e7a. A pr\u00e1tica de &#8220;empurrar decis\u00f5es goela abaixo&#8221; sem di\u00e1logo adequado compromete a gest\u00e3o do IAPEN-AC e a sua capacidade de manter um ambiente seguro e organizado.<\/span><\/i><\/p>\n<p style=\"text-align: justify;\"><i><span style=\"font-weight: 400;\">Portanto, \u00e9 fundamental que haja uma revis\u00e3o desse processo, garantindo que todas as decis\u00f5es sejam discutidas e acordadas com a categoria. Somos conhecedores do poder diretivo da gest\u00e3o, por\u00e9m, tamb\u00e9m temos conhecimento que o baixo efetivo e a falta de seguran\u00e7a permitem que possamos deixar de cumprir as ordens que colocam nossas vidas em risco, paralisando toda a rotina penitenci\u00e1ria.<\/span><\/i><\/p>\n<p style=\"text-align: justify;\"><i><span style=\"font-weight: 400;\">Assim, solicitamos \u00e0 gest\u00e3o que suspenda referida decis\u00e3o ou se responsabilize por todos os eventos que ocorram em raz\u00e3o da mesma, pois estaremos prontos para buscar a responsabiliza\u00e7\u00e3o dos gestores.<\/span><\/i><\/p>\n<p style=\"text-align: justify;\"><i><span style=\"font-weight: 400;\">Eden Alves Azevedo<\/span><\/i><\/p>\n<p style=\"text-align: justify;\"><i><span style=\"font-weight: 400;\">Presidente do sindicato dos policiais penais<\/span><\/i><\/p>\n<h4 style=\"text-align: justify;\"><b>Instituto de Administra\u00e7\u00e3o Penitenci\u00e1ria do Estado<\/b><\/h4>\n<p style=\"text-align: justify;\"><i><span style=\"font-weight: 400;\">Sobre a nota publicada pelo Sindapen, o Iapen informa que existe uma tentativa do sindicato de desvirtuar o trabalho da atual gest\u00e3o. Informa ainda que no dia 18 de junho, foram recebidos, na Sede da Institui\u00e7\u00e3o, representantes de familiares de reeducandos, que cumprem pena no pres\u00eddio Ant\u00f4nio Amaro Alves.\u00a0<\/span><\/i><\/p>\n<p style=\"text-align: justify;\"><i><span style=\"font-weight: 400;\">Al\u00e9m da presid\u00eancia do Iapen, participaram da reuni\u00e3o com os familiares, as Diretorias Operacional, de Reintegra\u00e7\u00e3o, de Infraestrutura, Contratos e conv\u00eanios, o chefe do Departamento de Seguran\u00e7a da Pol\u00edcia Penal e, tamb\u00e9m, a representante dos Direitos Humanos, deputada estadual Michelle Melo.<\/span><\/i><\/p>\n<p style=\"text-align: justify;\"><i><span style=\"font-weight: 400;\">Diante disso foi tratado, dentre v\u00e1rios pleitos, sobre a volta das visitas familiares, de uma forma mais digna, e a atual gest\u00e3o se comprometeu a realizar um estudo de viabilidade desta retomada, junto \u00e0s demais solicita\u00e7\u00f5es. Ressalta ainda que existem dois of\u00edcios vindos \u00e0 Aleac, enviados pela Comiss\u00e3o de Direitos Humanos e presid\u00eancia da Casa, requerendo este retorno.<\/span><\/i><\/p>\n<p><i><span style=\"font-weight: 400;\">Mat\u00e9ria em v\u00eddeo produzida pelo rep\u00f3rter Adailson Oliveira para TV Gazeta.<\/span><\/i><\/p>\n<p>&nbsp;<\/p>\n","protected":false},"excerpt":{"rendered":"<p>As visitas no pres\u00eddio Ant\u00f4nio Amaro estavam suspensas desde a rebeli\u00e3o de julho do ano passado, que resultou na morte de cinco presos. Durante uma reuni\u00e3o com parentes dos detentos na semana passada, a dire\u00e7\u00e3o do Instituto de Administra\u00e7\u00e3o Penitenci\u00e1ria do Estado do Acre (Iapen-AC) decidiu retomar as visitas, incluindo as \u00edntimas, a partir de [&hellip;]<\/p>\n","protected":false},"author":4,"featured_media":134536,"comment_status":"open","ping_status":"open","sticky":false,"template":"","format":"standard","meta":{"jnews-multi-image_gallery":[],"jnews_single_post":{"source_name":"","source_url":"","via_name":"","via_url":"","override_template":"0","override":[{"template":"custom","single_blog_custom":"110746","parallax":"1","fullscreen":"1","layout":"right-sidebar","sidebar":"default-sidebar","second_sidebar":"default-sidebar","sticky_sidebar":"1","share_position":"top","share_float_style":"share-monocrhome","show_share_counter":"1","show_view_counter":"1","show_featured":"1","show_post_meta":"1","show_post_author":"1","show_post_author_image":"1","show_post_date":"1","post_date_format":"default","post_date_format_custom":"Y\/m\/d","show_post_category":"1","show_post_reading_time":"0","post_reading_time_wpm":"300","show_zoom_button":"0","zoom_button_out_step":"2","zoom_button_in_step":"3","show_post_tag":"1","show_prev_next_post":"1","show_popup_post":"1","number_popup_post":"1","show_author_box":"0","show_post_related":"1","show_inline_post_related":"0"}],"override_image_size":"0","image_override":[{"single_post_thumbnail_size":"crop-500","single_post_gallery_size":"crop-500"}],"trending_post":"0","trending_post_position":"meta","trending_post_label":"Trending","sponsored_post":"0","sponsored_post_label":"Sponsored by","sponsored_post_name":"","sponsored_post_url":"","sponsored_post_logo_enable":"0","sponsored_post_logo":"","sponsored_post_desc":"","disable_ad":"0"},"jnews_primary_category":{"id":"","hide":""},"jnews_social_meta":{"fb_title":"","fb_description":"","fb_image":"","twitter_title":"","twitter_description":"","twitter_image":""},"jnews_review":[],"enable_review":"0","type":"percentage","name":"","summary":"","brand":"","sku":"","good":[{"good_text":""}],"bad":[{"bad_text":""}],"score_override":"0","override_value":"","rating":[{"rating_text":"","rating_number":"10"}],"price":[{"shop":"","price":"","link":"","icon":""}],"footnotes":""},"categories":[54],"tags":[152],"class_list":["post-134521","post","type-post","status-publish","format-standard","has-post-thumbnail","hentry","category-cotidiano","tag-destaque"],"yoast_head":"<!-- This site is optimized with the Yoast SEO plugin v26.5 - https:\/\/yoast.com\/wordpress\/plugins\/seo\/ -->\n<title>Sindapen alerta para risco de retomar visitas no pres\u00eddio Ant\u00f4nio Amaro devido \u00e0 rebeli\u00e3o em 2023 - Agazeta.net<\/title>\n<meta name=\"robots\" content=\"index, follow, max-snippet:-1, max-image-preview:large, max-video-preview:-1\" \/>\n<link rel=\"canonical\" href=\"https:\/\/nk7-testes.com.br\/agazeta\/sindapen-alerta-para-risco-de-retomar-visitas-no-presidio-antonio-amaro-devido-a-rebeliao-em-2023\/\" \/>\n<meta property=\"og:locale\" content=\"pt_BR\" \/>\n<meta property=\"og:type\" content=\"article\" \/>\n<meta property=\"og:title\" content=\"Sindapen alerta para risco de retomar visitas no pres\u00eddio Ant\u00f4nio Amaro devido \u00e0 rebeli\u00e3o em 2023\" \/>\n<meta property=\"og:description\" content=\"Iapen-AC decidiu retomar as visitas no pres\u00eddio Ant\u00f4nio Amaro, incluindo as \u00edntimas, a partir do m\u00eas de julho\" \/>\n<meta property=\"og:url\" content=\"https:\/\/nk7-testes.com.br\/agazeta\/sindapen-alerta-para-risco-de-retomar-visitas-no-presidio-antonio-amaro-devido-a-rebeliao-em-2023\/\" \/>\n<meta property=\"og:site_name\" content=\"Agazeta.net\" \/>\n<meta property=\"article:published_time\" content=\"2024-06-25T14:21:55+00:00\" \/>\n<meta property=\"article:modified_time\" content=\"2024-06-25T14:32:43+00:00\" \/>\n<meta property=\"og:image\" content=\"https:\/\/nk7-testes.com.br\/agazeta\/wp-content\/uploads\/2024\/06\/WhatsApp-Image-2024-06-25-at-9.04.20-AM-jpeg.webp\" \/>\n\t<meta property=\"og:image:width\" content=\"1024\" \/>\n\t<meta property=\"og:image:height\" content=\"683\" \/>\n\t<meta property=\"og:image:type\" content=\"image\/jpeg\" \/>\n<meta name=\"author\" content=\"Agazeta.Net\" \/>\n<meta name=\"twitter:card\" content=\"summary_large_image\" \/>\n<meta name=\"twitter:title\" content=\"Sindapen alerta para risco de retomar visitas no pres\u00eddio Ant\u00f4nio Amaro devido \u00e0 rebeli\u00e3o em 2023\" \/>\n<meta name=\"twitter:description\" content=\"Iapen-AC decidiu retomar as visitas no pres\u00eddio Ant\u00f4nio Amaro, incluindo as \u00edntimas, a partir do m\u00eas de julho\" \/>\n<meta name=\"twitter:image\" content=\"https:\/\/nk7-testes.com.br\/agazeta\/wp-content\/uploads\/2024\/06\/WhatsApp-Image-2024-06-25-at-9.04.20-AM-jpeg.webp\" \/>\n<meta name=\"twitter:label1\" content=\"Escrito por\" \/>\n\t<meta name=\"twitter:data1\" content=\"Agazeta.Net\" \/>\n\t<meta name=\"twitter:label2\" content=\"Est. tempo de leitura\" \/>\n\t<meta name=\"twitter:data2\" content=\"5 minutos\" \/>\n<script type=\"application\/ld+json\" class=\"yoast-schema-graph\">{\"@context\":\"https:\/\/schema.org\",\"@graph\":[{\"@type\":\"WebPage\",\"@id\":\"https:\/\/nk7-testes.com.br\/agazeta\/sindapen-alerta-para-risco-de-retomar-visitas-no-presidio-antonio-amaro-devido-a-rebeliao-em-2023\/\",\"url\":\"https:\/\/nk7-testes.com.br\/agazeta\/sindapen-alerta-para-risco-de-retomar-visitas-no-presidio-antonio-amaro-devido-a-rebeliao-em-2023\/\",\"name\":\"Sindapen alerta para risco de retomar visitas no pres\u00eddio Ant\u00f4nio Amaro devido \u00e0 rebeli\u00e3o em 2023 - Agazeta.net\",\"isPartOf\":{\"@id\":\"https:\/\/nk7-testes.com.br\/agazeta\/#website\"},\"primaryImageOfPage\":{\"@id\":\"https:\/\/nk7-testes.com.br\/agazeta\/sindapen-alerta-para-risco-de-retomar-visitas-no-presidio-antonio-amaro-devido-a-rebeliao-em-2023\/#primaryimage\"},\"image\":{\"@id\":\"https:\/\/nk7-testes.com.br\/agazeta\/sindapen-alerta-para-risco-de-retomar-visitas-no-presidio-antonio-amaro-devido-a-rebeliao-em-2023\/#primaryimage\"},\"thumbnailUrl\":\"https:\/\/nk7-testes.com.br\/agazeta\/wp-content\/uploads\/2024\/06\/WhatsApp-Image-2024-06-25-at-9.04.20-AM-jpeg.webp\",\"datePublished\":\"2024-06-25T14:21:55+00:00\",\"dateModified\":\"2024-06-25T14:32:43+00:00\",\"author\":{\"@id\":\"https:\/\/nk7-testes.com.br\/agazeta\/#\/schema\/person\/6d6e25cb0435eb4a02fd44d30b4e3020\"},\"breadcrumb\":{\"@id\":\"https:\/\/nk7-testes.com.br\/agazeta\/sindapen-alerta-para-risco-de-retomar-visitas-no-presidio-antonio-amaro-devido-a-rebeliao-em-2023\/#breadcrumb\"},\"inLanguage\":\"pt-BR\",\"potentialAction\":[{\"@type\":\"ReadAction\",\"target\":[\"https:\/\/nk7-testes.com.br\/agazeta\/sindapen-alerta-para-risco-de-retomar-visitas-no-presidio-antonio-amaro-devido-a-rebeliao-em-2023\/\"]}]},{\"@type\":\"ImageObject\",\"inLanguage\":\"pt-BR\",\"@id\":\"https:\/\/nk7-testes.com.br\/agazeta\/sindapen-alerta-para-risco-de-retomar-visitas-no-presidio-antonio-amaro-devido-a-rebeliao-em-2023\/#primaryimage\",\"url\":\"https:\/\/nk7-testes.com.br\/agazeta\/wp-content\/uploads\/2024\/06\/WhatsApp-Image-2024-06-25-at-9.04.20-AM-jpeg.webp\",\"contentUrl\":\"https:\/\/nk7-testes.com.br\/agazeta\/wp-content\/uploads\/2024\/06\/WhatsApp-Image-2024-06-25-at-9.04.20-AM-jpeg.webp\",\"width\":1024,\"height\":683,\"caption\":\"Fonte: Ascom\"},{\"@type\":\"BreadcrumbList\",\"@id\":\"https:\/\/nk7-testes.com.br\/agazeta\/sindapen-alerta-para-risco-de-retomar-visitas-no-presidio-antonio-amaro-devido-a-rebeliao-em-2023\/#breadcrumb\",\"itemListElement\":[{\"@type\":\"ListItem\",\"position\":1,\"name\":\"In\u00edcio\",\"item\":\"https:\/\/nk7-testes.com.br\/agazeta\/\"},{\"@type\":\"ListItem\",\"position\":2,\"name\":\"Sindapen alerta para risco de retomar visitas no pres\u00eddio Ant\u00f4nio Amaro devido \u00e0 rebeli\u00e3o em 2023\"}]},{\"@type\":\"WebSite\",\"@id\":\"https:\/\/nk7-testes.com.br\/agazeta\/#website\",\"url\":\"https:\/\/nk7-testes.com.br\/agazeta\/\",\"name\":\"Agazeta.net\",\"description\":\"Agazeta.net - Not\u00edcias de Rio Branco\/AC\",\"potentialAction\":[{\"@type\":\"SearchAction\",\"target\":{\"@type\":\"EntryPoint\",\"urlTemplate\":\"https:\/\/nk7-testes.com.br\/agazeta\/?s={search_term_string}\"},\"query-input\":{\"@type\":\"PropertyValueSpecification\",\"valueRequired\":true,\"valueName\":\"search_term_string\"}}],\"inLanguage\":\"pt-BR\"},{\"@type\":\"Person\",\"@id\":\"https:\/\/nk7-testes.com.br\/agazeta\/#\/schema\/person\/6d6e25cb0435eb4a02fd44d30b4e3020\",\"name\":\"Agazeta.Net\",\"url\":\"https:\/\/nk7-testes.com.br\/agazeta\/author\/agazeta\/\"}]}<\/script>\n<!-- \/ Yoast SEO plugin. -->","yoast_head_json":{"title":"Sindapen alerta para risco de retomar visitas no pres\u00eddio Ant\u00f4nio Amaro devido \u00e0 rebeli\u00e3o em 2023 - Agazeta.net","robots":{"index":"index","follow":"follow","max-snippet":"max-snippet:-1","max-image-preview":"max-image-preview:large","max-video-preview":"max-video-preview:-1"},"canonical":"https:\/\/nk7-testes.com.br\/agazeta\/sindapen-alerta-para-risco-de-retomar-visitas-no-presidio-antonio-amaro-devido-a-rebeliao-em-2023\/","og_locale":"pt_BR","og_type":"article","og_title":"Sindapen alerta para risco de retomar visitas no pres\u00eddio Ant\u00f4nio Amaro devido \u00e0 rebeli\u00e3o em 2023","og_description":"Iapen-AC decidiu retomar as visitas no pres\u00eddio Ant\u00f4nio Amaro, incluindo as \u00edntimas, a partir do m\u00eas de julho","og_url":"https:\/\/nk7-testes.com.br\/agazeta\/sindapen-alerta-para-risco-de-retomar-visitas-no-presidio-antonio-amaro-devido-a-rebeliao-em-2023\/","og_site_name":"Agazeta.net","article_published_time":"2024-06-25T14:21:55+00:00","article_modified_time":"2024-06-25T14:32:43+00:00","og_image":[{"width":1024,"height":683,"url":"https:\/\/nk7-testes.com.br\/agazeta\/wp-content\/uploads\/2024\/06\/WhatsApp-Image-2024-06-25-at-9.04.20-AM-jpeg.webp","type":"image\/jpeg"}],"author":"Agazeta.Net","twitter_card":"summary_large_image","twitter_title":"Sindapen alerta para risco de retomar visitas no pres\u00eddio Ant\u00f4nio Amaro devido \u00e0 rebeli\u00e3o em 2023","twitter_description":"Iapen-AC decidiu retomar as visitas no pres\u00eddio Ant\u00f4nio Amaro, incluindo as \u00edntimas, a partir do m\u00eas de julho","twitter_image":"https:\/\/nk7-testes.com.br\/agazeta\/wp-content\/uploads\/2024\/06\/WhatsApp-Image-2024-06-25-at-9.04.20-AM-jpeg.webp","twitter_misc":{"Escrito por":"Agazeta.Net","Est. tempo de leitura":"5 minutos"},"schema":{"@context":"https:\/\/schema.org","@graph":[{"@type":"WebPage","@id":"https:\/\/nk7-testes.com.br\/agazeta\/sindapen-alerta-para-risco-de-retomar-visitas-no-presidio-antonio-amaro-devido-a-rebeliao-em-2023\/","url":"https:\/\/nk7-testes.com.br\/agazeta\/sindapen-alerta-para-risco-de-retomar-visitas-no-presidio-antonio-amaro-devido-a-rebeliao-em-2023\/","name":"Sindapen alerta para risco de retomar visitas no pres\u00eddio Ant\u00f4nio Amaro devido \u00e0 rebeli\u00e3o em 2023 - Agazeta.net","isPartOf":{"@id":"https:\/\/nk7-testes.com.br\/agazeta\/#website"},"primaryImageOfPage":{"@id":"https:\/\/nk7-testes.com.br\/agazeta\/sindapen-alerta-para-risco-de-retomar-visitas-no-presidio-antonio-amaro-devido-a-rebeliao-em-2023\/#primaryimage"},"image":{"@id":"https:\/\/nk7-testes.com.br\/agazeta\/sindapen-alerta-para-risco-de-retomar-visitas-no-presidio-antonio-amaro-devido-a-rebeliao-em-2023\/#primaryimage"},"thumbnailUrl":"https:\/\/nk7-testes.com.br\/agazeta\/wp-content\/uploads\/2024\/06\/WhatsApp-Image-2024-06-25-at-9.04.20-AM-jpeg.webp","datePublished":"2024-06-25T14:21:55+00:00","dateModified":"2024-06-25T14:32:43+00:00","author":{"@id":"https:\/\/nk7-testes.com.br\/agazeta\/#\/schema\/person\/6d6e25cb0435eb4a02fd44d30b4e3020"},"breadcrumb":{"@id":"https:\/\/nk7-testes.com.br\/agazeta\/sindapen-alerta-para-risco-de-retomar-visitas-no-presidio-antonio-amaro-devido-a-rebeliao-em-2023\/#breadcrumb"},"inLanguage":"pt-BR","potentialAction":[{"@type":"ReadAction","target":["https:\/\/nk7-testes.com.br\/agazeta\/sindapen-alerta-para-risco-de-retomar-visitas-no-presidio-antonio-amaro-devido-a-rebeliao-em-2023\/"]}]},{"@type":"ImageObject","inLanguage":"pt-BR","@id":"https:\/\/nk7-testes.com.br\/agazeta\/sindapen-alerta-para-risco-de-retomar-visitas-no-presidio-antonio-amaro-devido-a-rebeliao-em-2023\/#primaryimage","url":"https:\/\/nk7-testes.com.br\/agazeta\/wp-content\/uploads\/2024\/06\/WhatsApp-Image-2024-06-25-at-9.04.20-AM-jpeg.webp","contentUrl":"https:\/\/nk7-testes.com.br\/agazeta\/wp-content\/uploads\/2024\/06\/WhatsApp-Image-2024-06-25-at-9.04.20-AM-jpeg.webp","width":1024,"height":683,"caption":"Fonte: Ascom"},{"@type":"BreadcrumbList","@id":"https:\/\/nk7-testes.com.br\/agazeta\/sindapen-alerta-para-risco-de-retomar-visitas-no-presidio-antonio-amaro-devido-a-rebeliao-em-2023\/#breadcrumb","itemListElement":[{"@type":"ListItem","position":1,"name":"In\u00edcio","item":"https:\/\/nk7-testes.com.br\/agazeta\/"},{"@type":"ListItem","position":2,"name":"Sindapen alerta para risco de retomar visitas no pres\u00eddio Ant\u00f4nio Amaro devido \u00e0 rebeli\u00e3o em 2023"}]},{"@type":"WebSite","@id":"https:\/\/nk7-testes.com.br\/agazeta\/#website","url":"https:\/\/nk7-testes.com.br\/agazeta\/","name":"Agazeta.net","description":"Agazeta.net - Not\u00edcias de Rio Branco\/AC","potentialAction":[{"@type":"SearchAction","target":{"@type":"EntryPoint","urlTemplate":"https:\/\/nk7-testes.com.br\/agazeta\/?s={search_term_string}"},"query-input":{"@type":"PropertyValueSpecification","valueRequired":true,"valueName":"search_term_string"}}],"inLanguage":"pt-BR"},{"@type":"Person","@id":"https:\/\/nk7-testes.com.br\/agazeta\/#\/schema\/person\/6d6e25cb0435eb4a02fd44d30b4e3020","name":"Agazeta.Net","url":"https:\/\/nk7-testes.com.br\/agazeta\/author\/agazeta\/"}]}},"_links":{"self":[{"href":"https:\/\/nk7-testes.com.br\/agazeta\/wp-json\/wp\/v2\/posts\/134521","targetHints":{"allow":["GET"]}}],"collection":[{"href":"https:\/\/nk7-testes.com.br\/agazeta\/wp-json\/wp\/v2\/posts"}],"about":[{"href":"https:\/\/nk7-testes.com.br\/agazeta\/wp-json\/wp\/v2\/types\/post"}],"author":[{"embeddable":true,"href":"https:\/\/nk7-testes.com.br\/agazeta\/wp-json\/wp\/v2\/users\/4"}],"replies":[{"embeddable":true,"href":"https:\/\/nk7-testes.com.br\/agazeta\/wp-json\/wp\/v2\/comments?post=134521"}],"version-history":[{"count":0,"href":"https:\/\/nk7-testes.com.br\/agazeta\/wp-json\/wp\/v2\/posts\/134521\/revisions"}],"wp:featuredmedia":[{"embeddable":true,"href":"https:\/\/nk7-testes.com.br\/agazeta\/wp-json\/wp\/v2\/media\/134536"}],"wp:attachment":[{"href":"https:\/\/nk7-testes.com.br\/agazeta\/wp-json\/wp\/v2\/media?parent=134521"}],"wp:term":[{"taxonomy":"category","embeddable":true,"href":"https:\/\/nk7-testes.com.br\/agazeta\/wp-json\/wp\/v2\/categories?post=134521"},{"taxonomy":"post_tag","embeddable":true,"href":"https:\/\/nk7-testes.com.br\/agazeta\/wp-json\/wp\/v2\/tags?post=134521"}],"curies":[{"name":"wp","href":"https:\/\/api.w.org\/{rel}","templated":true}]}}