{"id":134388,"date":"2024-06-22T15:26:12","date_gmt":"2024-06-22T20:26:12","guid":{"rendered":"https:\/\/nk7-testes.com.br\/?p=134388"},"modified":"2024-06-22T15:29:06","modified_gmt":"2024-06-22T20:29:06","slug":"ex-funcionarios-da-antiga-cila-cobram-r-25-milhoes-em-acoes-trabalhistas-do-governo-do-acre","status":"publish","type":"post","link":"https:\/\/nk7-testes.com.br\/agazeta\/ex-funcionarios-da-antiga-cila-cobram-r-25-milhoes-em-acoes-trabalhistas-do-governo-do-acre\/","title":{"rendered":"Ex-funcion\u00e1rios da antiga Cila cobram R$ 2,5 milh\u00f5es em a\u00e7\u00f5es trabalhistas do Governo do Acre"},"content":{"rendered":"<p style=\"text-align: justify;\"><span style=\"font-weight: 400;\">Ex-colaboradores da antiga Companhia Industrial de Latic\u00ednios do Acre (Cila) pressionam o governo estadual a liberar aproximadamente R$ 2,5 milh\u00f5es em a\u00e7\u00f5es trabalhistas que est\u00e3o pendentes h\u00e1 d\u00e9cadas. Os ex-funcion\u00e1rios, que lutaram na justi\u00e7a pelos direitos, enfrentam a resist\u00eancia do governo em efetuar os pagamentos, mesmo ap\u00f3s decis\u00f5es favor\u00e1veis nas inst\u00e2ncias judiciais.<\/span><\/p>\n<p style=\"text-align: justify;\"><span style=\"font-weight: 400;\">Os processos trabalhistas, referentes \u00e0 reposi\u00e7\u00e3o de direitos, remontam \u00e0 d\u00e9cada de 90 e j\u00e1 passaram por todas as inst\u00e2ncias legais, com decis\u00f5es favor\u00e1veis aos trabalhadores. No entanto, quando os processos retornam de Bras\u00edlia, o governo posterga os pagamentos e solicita recursos, o que prolonga o impasse. Segundo informa\u00e7\u00f5es de ex-funcion\u00e1rios, essa situa\u00e7\u00e3o j\u00e1 ocorreu diversas vezes durante a gest\u00e3o do governador Gladson Cameli.<\/span><\/p>\n<p style=\"text-align: justify;\"><span style=\"font-weight: 400;\">O montante a ser pago, cerca de R$ 2,5 milh\u00f5es, \u00e9 destinado a 43 ex-funcion\u00e1rios da Cila, sendo que aproximadamente 10 deles j\u00e1 faleceram, mas os herdeiros t\u00eam direito ao recebimento. A quest\u00e3o envolve ainda a tentativa de leil\u00e3o de um pr\u00e9dio que pertenceu \u00e0 empresa, mas que foi impedido pelo governo.<\/span><\/p>\n<p style=\"text-align: justify;\"><span style=\"font-weight: 400;\">Roberto Lima de Albuquerque, 67 anos e ex-funcion\u00e1rio da Cila por 19 anos, \u00e9 um dos trabalhadores afetados. Ele perdeu a vis\u00e3o h\u00e1 quatro anos e planeja utilizar o dinheiro que lhe \u00e9 devido para realizar uma cirurgia nos olhos em Minas Gerais ou S\u00e3o Paulo, na esperan\u00e7a de recuperar a vis\u00e3o.<\/span><\/p>\n<p style=\"text-align: justify;\"><span style=\"font-weight: 400;\">\u201cComo eu preciso, tem outros colegas que est\u00e3o precisando. A gente est\u00e1 pedindo encarecidamente ao governador, que ele olhe para n\u00f3s, olhe o nosso sofrimento. H\u00e1 32 anos, eu perdi a vis\u00e3o. A minha altera\u00e7\u00e3o s\u00f3 \u00e9 feita fora do Estado, e tudo \u00e9 particular. Vou tentar fazer essa cirurgia para ver se eu volto a enxergar, porque a gente sem enxergar depois de velho \u00e9 do\u00eddo. E o governador s\u00f3 empurrando com a barriga. Obrigado. E nos enrolando e entrando na justi\u00e7a\u201d, explica Lima.<\/span><\/p>\n<p style=\"text-align: justify;\"><span style=\"font-weight: 400;\">Em declara\u00e7\u00f5es, o ex-funcion\u00e1rio refor\u00e7ou o apelo ao governador para que atenda \u00e0s demandas dos ex-funcion\u00e1rios, com destaque para a espera de d\u00e9cadas por direitos. Outros relatos apontam para a dificuldade enfrentada pelos trabalhadores e a necessidade de uma solu\u00e7\u00e3o para a situa\u00e7\u00e3o.<\/span><\/p>\n<p style=\"text-align: justify;\"><span style=\"font-weight: 400;\">\u201cS\u00e3o 43 pais de fam\u00edlia, houve 10 eu acho que j\u00e1 faleceram, mas tem uns filhos, tem uns herdeiros que querem dinheiro para fazer um fundo, para fazer alguma coisa em mem\u00f3ria daquele cidad\u00e3o que trabalhou tanto tempo no Estado do Acre, que n\u00e3o era funcion\u00e1rio do Estado. A melhor manteiga do mundo, em Genebra, n\u00f3s ganhamos. O quinto melhor queijo do mundo, n\u00f3s ganhamos no Convento de Genebra\u201d, diz.<\/span><\/p>\n<p style=\"text-align: justify;\"><span style=\"font-weight: 400;\">Ele explica que a empresa cresceu com o trabalho de diversos funcion\u00e1rios que at\u00e9\u00a0 o momento, mesmo ap\u00f3s a morte de alguns, n\u00e3o foram reconhecidos e nem receberam os direitos. Eles conquistaram diversos pr\u00eamios internacionais, mas por m\u00e1s pessoas, a empresa faliu.<\/span><\/p>\n<p style=\"text-align: justify;\"><span style=\"font-weight: 400;\">\u201cTudo com esfor\u00e7o de funcion\u00e1rios que se dedicaram \u00e0 vida ali, trabalhando honestamente para engrandecer o nosso Estado. Infelizmente, os governadores botaram pessoas n\u00e3o confi\u00e1veis na diretoria da empresa e saquearam a empresa e a empresa que hoje em dia \u00e9 falida, que era uma empresa importante, erguendo o nome do nosso Estado em todo o mundo, que a gente vendia queijo at\u00e9 para S\u00e3o Paulo e Rio, para reivindicar essa linha\u00a0 estamos nesse problema\u201d, fala.<\/span><\/p>\n<p style=\"text-align: justify;\"><span style=\"font-weight: 400;\">Marcelo Juc\u00e1, presidente do Sindicato dos Urbanistas, criticou a postura do governo em prolongar o sofrimento dos trabalhadores e pediu uma audi\u00eancia com o governador para discutir a resolu\u00e7\u00e3o do impasse. A luta dos ex-funcion\u00e1rios da Cila por justi\u00e7a e pelo pagamento dos direitos reflete as dificuldades enfrentadas por muitos trabalhadores que buscam o reconhecimento dos direitos.<\/span><\/p>\n<p style=\"text-align: justify;\"><span style=\"font-weight: 400;\">\u201cPorque o governador, ele insiste em aumentar ainda mais a dor desses trabalhadores. S\u00e3o trabalhadores e trabalhadoras que prestaram servi\u00e7o para a popula\u00e7\u00e3o na \u00e9poca da Cila. \u00c9 um processo trabalhista h\u00e1 32 anos que vai para cima, vai para baixo, o governo do Estado continua insistindo em recorrer daquilo que n\u00e3o tem mai\u201d, comenta o presidente.<\/span><\/p>\n<p><strong><em>Mat\u00e9ria em v\u00eddeo produzida pelo rep\u00f3rter Adailson Oliveira para a TV Gazeta<\/em><\/strong><\/p>\n","protected":false},"excerpt":{"rendered":"<p>Ex-colaboradores da antiga Companhia Industrial de Latic\u00ednios do Acre (Cila) pressionam o governo estadual a liberar aproximadamente R$ 2,5 milh\u00f5es em a\u00e7\u00f5es trabalhistas que est\u00e3o pendentes h\u00e1 d\u00e9cadas. Os ex-funcion\u00e1rios, que lutaram na justi\u00e7a pelos direitos, enfrentam a resist\u00eancia do governo em efetuar os pagamentos, mesmo ap\u00f3s decis\u00f5es favor\u00e1veis nas inst\u00e2ncias judiciais. Os processos trabalhistas, [&hellip;]<\/p>\n","protected":false},"author":4,"featured_media":134389,"comment_status":"open","ping_status":"open","sticky":false,"template":"","format":"standard","meta":{"jnews-multi-image_gallery":[],"jnews_single_post":{"source_name":"","source_url":"","via_name":"","via_url":"","override_template":"0","override":[{"template":"custom","single_blog_custom":"110746","parallax":"1","fullscreen":"1","layout":"right-sidebar","sidebar":"default-sidebar","second_sidebar":"default-sidebar","sticky_sidebar":"1","share_position":"top","share_float_style":"share-monocrhome","show_share_counter":"1","show_view_counter":"1","show_featured":"1","show_post_meta":"1","show_post_author":"1","show_post_author_image":"1","show_post_date":"1","post_date_format":"default","post_date_format_custom":"Y\/m\/d","show_post_category":"1","show_post_reading_time":"0","post_reading_time_wpm":"300","show_zoom_button":"0","zoom_button_out_step":"2","zoom_button_in_step":"3","show_post_tag":"1","show_prev_next_post":"1","show_popup_post":"1","number_popup_post":"1","show_author_box":"0","show_post_related":"1","show_inline_post_related":"0"}],"override_image_size":"0","image_override":[{"single_post_thumbnail_size":"crop-500","single_post_gallery_size":"crop-500"}],"trending_post":"0","trending_post_position":"meta","trending_post_label":"Trending","sponsored_post":"0","sponsored_post_label":"Sponsored by","sponsored_post_name":"","sponsored_post_url":"","sponsored_post_logo_enable":"0","sponsored_post_logo":"","sponsored_post_desc":"","disable_ad":"0"},"jnews_primary_category":{"id":"","hide":""},"jnews_social_meta":{"fb_title":"","fb_description":"","fb_image":"","twitter_title":"","twitter_description":"","twitter_image":""},"jnews_review":[],"enable_review":"0","type":"percentage","name":"","summary":"","brand":"","sku":"","good":[{"good_text":""}],"bad":[{"bad_text":""}],"score_override":"0","override_value":"","rating":[{"rating_text":"","rating_number":"10"}],"price":[{"shop":"","price":"","link":"","icon":""}],"footnotes":""},"categories":[54],"tags":[152],"class_list":["post-134388","post","type-post","status-publish","format-standard","has-post-thumbnail","hentry","category-cotidiano","tag-destaque"],"yoast_head":"<!-- This site is optimized with the Yoast SEO plugin v26.5 - https:\/\/yoast.com\/wordpress\/plugins\/seo\/ -->\n<title>Ex-funcion\u00e1rios da antiga Cila cobram R$ 2,5 milh\u00f5es em a\u00e7\u00f5es trabalhistas do Governo do Acre - Agazeta.net<\/title>\n<meta name=\"robots\" content=\"index, follow, max-snippet:-1, max-image-preview:large, max-video-preview:-1\" \/>\n<link rel=\"canonical\" href=\"https:\/\/nk7-testes.com.br\/agazeta\/ex-funcionarios-da-antiga-cila-cobram-r-25-milhoes-em-acoes-trabalhistas-do-governo-do-acre\/\" \/>\n<meta property=\"og:locale\" content=\"pt_BR\" \/>\n<meta property=\"og:type\" content=\"article\" \/>\n<meta property=\"og:title\" content=\"Ex-funcion\u00e1rios da antiga Cila cobram R$ 2,5 milh\u00f5es em a\u00e7\u00f5es trabalhistas do Governo do Acre\" \/>\n<meta property=\"og:description\" content=\"Os processos trabalhistas, referentes \u00e0 reposi\u00e7\u00e3o de direitos, remontam \u00e0 d\u00e9cada de 90 e j\u00e1 passaram por todas as inst\u00e2ncias legais\" \/>\n<meta property=\"og:url\" content=\"https:\/\/nk7-testes.com.br\/agazeta\/ex-funcionarios-da-antiga-cila-cobram-r-25-milhoes-em-acoes-trabalhistas-do-governo-do-acre\/\" \/>\n<meta property=\"og:site_name\" content=\"Agazeta.net\" \/>\n<meta property=\"article:published_time\" content=\"2024-06-22T20:26:12+00:00\" \/>\n<meta property=\"article:modified_time\" content=\"2024-06-22T20:29:06+00:00\" \/>\n<meta property=\"og:image\" content=\"https:\/\/nk7-testes.com.br\/agazeta\/wp-content\/uploads\/2024\/06\/WhatsApp-Image-2024-06-22-at-15.22.05-scaled.webp\" \/>\n\t<meta property=\"og:image:width\" content=\"2560\" \/>\n\t<meta property=\"og:image:height\" content=\"1440\" \/>\n\t<meta property=\"og:image:type\" content=\"image\/jpeg\" \/>\n<meta name=\"author\" content=\"Agazeta.Net\" \/>\n<meta name=\"twitter:card\" content=\"summary_large_image\" \/>\n<meta name=\"twitter:title\" content=\"Ex-funcion\u00e1rios da antiga Cila cobram R$ 2,5 milh\u00f5es em a\u00e7\u00f5es trabalhistas do Governo do Acre\" \/>\n<meta name=\"twitter:description\" content=\"Os processos trabalhistas, referentes \u00e0 reposi\u00e7\u00e3o de direitos, remontam \u00e0 d\u00e9cada de 90 e j\u00e1 passaram por todas as inst\u00e2ncias legais\" \/>\n<meta name=\"twitter:image\" content=\"https:\/\/nk7-testes.com.br\/agazeta\/wp-content\/uploads\/2024\/06\/WhatsApp-Image-2024-06-22-at-15.22.05-scaled.webp\" \/>\n<meta name=\"twitter:label1\" content=\"Escrito por\" \/>\n\t<meta name=\"twitter:data1\" content=\"Agazeta.Net\" \/>\n\t<meta name=\"twitter:label2\" content=\"Est. tempo de leitura\" \/>\n\t<meta name=\"twitter:data2\" content=\"4 minutos\" \/>\n<script type=\"application\/ld+json\" class=\"yoast-schema-graph\">{\"@context\":\"https:\/\/schema.org\",\"@graph\":[{\"@type\":\"WebPage\",\"@id\":\"https:\/\/nk7-testes.com.br\/agazeta\/ex-funcionarios-da-antiga-cila-cobram-r-25-milhoes-em-acoes-trabalhistas-do-governo-do-acre\/\",\"url\":\"https:\/\/nk7-testes.com.br\/agazeta\/ex-funcionarios-da-antiga-cila-cobram-r-25-milhoes-em-acoes-trabalhistas-do-governo-do-acre\/\",\"name\":\"Ex-funcion\u00e1rios da antiga Cila cobram R$ 2,5 milh\u00f5es em a\u00e7\u00f5es trabalhistas do Governo do Acre - Agazeta.net\",\"isPartOf\":{\"@id\":\"https:\/\/nk7-testes.com.br\/agazeta\/#website\"},\"primaryImageOfPage\":{\"@id\":\"https:\/\/nk7-testes.com.br\/agazeta\/ex-funcionarios-da-antiga-cila-cobram-r-25-milhoes-em-acoes-trabalhistas-do-governo-do-acre\/#primaryimage\"},\"image\":{\"@id\":\"https:\/\/nk7-testes.com.br\/agazeta\/ex-funcionarios-da-antiga-cila-cobram-r-25-milhoes-em-acoes-trabalhistas-do-governo-do-acre\/#primaryimage\"},\"thumbnailUrl\":\"https:\/\/nk7-testes.com.br\/agazeta\/wp-content\/uploads\/2024\/06\/WhatsApp-Image-2024-06-22-at-15.22.05-scaled.webp\",\"datePublished\":\"2024-06-22T20:26:12+00:00\",\"dateModified\":\"2024-06-22T20:29:06+00:00\",\"author\":{\"@id\":\"https:\/\/nk7-testes.com.br\/agazeta\/#\/schema\/person\/6d6e25cb0435eb4a02fd44d30b4e3020\"},\"breadcrumb\":{\"@id\":\"https:\/\/nk7-testes.com.br\/agazeta\/ex-funcionarios-da-antiga-cila-cobram-r-25-milhoes-em-acoes-trabalhistas-do-governo-do-acre\/#breadcrumb\"},\"inLanguage\":\"pt-BR\",\"potentialAction\":[{\"@type\":\"ReadAction\",\"target\":[\"https:\/\/nk7-testes.com.br\/agazeta\/ex-funcionarios-da-antiga-cila-cobram-r-25-milhoes-em-acoes-trabalhistas-do-governo-do-acre\/\"]}]},{\"@type\":\"ImageObject\",\"inLanguage\":\"pt-BR\",\"@id\":\"https:\/\/nk7-testes.com.br\/agazeta\/ex-funcionarios-da-antiga-cila-cobram-r-25-milhoes-em-acoes-trabalhistas-do-governo-do-acre\/#primaryimage\",\"url\":\"https:\/\/nk7-testes.com.br\/agazeta\/wp-content\/uploads\/2024\/06\/WhatsApp-Image-2024-06-22-at-15.22.05-scaled.webp\",\"contentUrl\":\"https:\/\/nk7-testes.com.br\/agazeta\/wp-content\/uploads\/2024\/06\/WhatsApp-Image-2024-06-22-at-15.22.05-scaled.webp\",\"width\":2560,\"height\":1440,\"caption\":\"Imagem de Felipe Souza\"},{\"@type\":\"BreadcrumbList\",\"@id\":\"https:\/\/nk7-testes.com.br\/agazeta\/ex-funcionarios-da-antiga-cila-cobram-r-25-milhoes-em-acoes-trabalhistas-do-governo-do-acre\/#breadcrumb\",\"itemListElement\":[{\"@type\":\"ListItem\",\"position\":1,\"name\":\"In\u00edcio\",\"item\":\"https:\/\/nk7-testes.com.br\/agazeta\/\"},{\"@type\":\"ListItem\",\"position\":2,\"name\":\"Ex-funcion\u00e1rios da antiga Cila cobram R$ 2,5 milh\u00f5es em a\u00e7\u00f5es trabalhistas do Governo do Acre\"}]},{\"@type\":\"WebSite\",\"@id\":\"https:\/\/nk7-testes.com.br\/agazeta\/#website\",\"url\":\"https:\/\/nk7-testes.com.br\/agazeta\/\",\"name\":\"Agazeta.net\",\"description\":\"Agazeta.net - Not\u00edcias de Rio Branco\/AC\",\"potentialAction\":[{\"@type\":\"SearchAction\",\"target\":{\"@type\":\"EntryPoint\",\"urlTemplate\":\"https:\/\/nk7-testes.com.br\/agazeta\/?s={search_term_string}\"},\"query-input\":{\"@type\":\"PropertyValueSpecification\",\"valueRequired\":true,\"valueName\":\"search_term_string\"}}],\"inLanguage\":\"pt-BR\"},{\"@type\":\"Person\",\"@id\":\"https:\/\/nk7-testes.com.br\/agazeta\/#\/schema\/person\/6d6e25cb0435eb4a02fd44d30b4e3020\",\"name\":\"Agazeta.Net\",\"url\":\"https:\/\/nk7-testes.com.br\/agazeta\/author\/agazeta\/\"}]}<\/script>\n<!-- \/ Yoast SEO plugin. -->","yoast_head_json":{"title":"Ex-funcion\u00e1rios da antiga Cila cobram R$ 2,5 milh\u00f5es em a\u00e7\u00f5es trabalhistas do Governo do Acre - Agazeta.net","robots":{"index":"index","follow":"follow","max-snippet":"max-snippet:-1","max-image-preview":"max-image-preview:large","max-video-preview":"max-video-preview:-1"},"canonical":"https:\/\/nk7-testes.com.br\/agazeta\/ex-funcionarios-da-antiga-cila-cobram-r-25-milhoes-em-acoes-trabalhistas-do-governo-do-acre\/","og_locale":"pt_BR","og_type":"article","og_title":"Ex-funcion\u00e1rios da antiga Cila cobram R$ 2,5 milh\u00f5es em a\u00e7\u00f5es trabalhistas do Governo do Acre","og_description":"Os processos trabalhistas, referentes \u00e0 reposi\u00e7\u00e3o de direitos, remontam \u00e0 d\u00e9cada de 90 e j\u00e1 passaram por todas as inst\u00e2ncias legais","og_url":"https:\/\/nk7-testes.com.br\/agazeta\/ex-funcionarios-da-antiga-cila-cobram-r-25-milhoes-em-acoes-trabalhistas-do-governo-do-acre\/","og_site_name":"Agazeta.net","article_published_time":"2024-06-22T20:26:12+00:00","article_modified_time":"2024-06-22T20:29:06+00:00","og_image":[{"width":2560,"height":1440,"url":"https:\/\/nk7-testes.com.br\/agazeta\/wp-content\/uploads\/2024\/06\/WhatsApp-Image-2024-06-22-at-15.22.05-scaled.webp","type":"image\/jpeg"}],"author":"Agazeta.Net","twitter_card":"summary_large_image","twitter_title":"Ex-funcion\u00e1rios da antiga Cila cobram R$ 2,5 milh\u00f5es em a\u00e7\u00f5es trabalhistas do Governo do Acre","twitter_description":"Os processos trabalhistas, referentes \u00e0 reposi\u00e7\u00e3o de direitos, remontam \u00e0 d\u00e9cada de 90 e j\u00e1 passaram por todas as inst\u00e2ncias legais","twitter_image":"https:\/\/nk7-testes.com.br\/agazeta\/wp-content\/uploads\/2024\/06\/WhatsApp-Image-2024-06-22-at-15.22.05-scaled.webp","twitter_misc":{"Escrito por":"Agazeta.Net","Est. tempo de leitura":"4 minutos"},"schema":{"@context":"https:\/\/schema.org","@graph":[{"@type":"WebPage","@id":"https:\/\/nk7-testes.com.br\/agazeta\/ex-funcionarios-da-antiga-cila-cobram-r-25-milhoes-em-acoes-trabalhistas-do-governo-do-acre\/","url":"https:\/\/nk7-testes.com.br\/agazeta\/ex-funcionarios-da-antiga-cila-cobram-r-25-milhoes-em-acoes-trabalhistas-do-governo-do-acre\/","name":"Ex-funcion\u00e1rios da antiga Cila cobram R$ 2,5 milh\u00f5es em a\u00e7\u00f5es trabalhistas do Governo do Acre - Agazeta.net","isPartOf":{"@id":"https:\/\/nk7-testes.com.br\/agazeta\/#website"},"primaryImageOfPage":{"@id":"https:\/\/nk7-testes.com.br\/agazeta\/ex-funcionarios-da-antiga-cila-cobram-r-25-milhoes-em-acoes-trabalhistas-do-governo-do-acre\/#primaryimage"},"image":{"@id":"https:\/\/nk7-testes.com.br\/agazeta\/ex-funcionarios-da-antiga-cila-cobram-r-25-milhoes-em-acoes-trabalhistas-do-governo-do-acre\/#primaryimage"},"thumbnailUrl":"https:\/\/nk7-testes.com.br\/agazeta\/wp-content\/uploads\/2024\/06\/WhatsApp-Image-2024-06-22-at-15.22.05-scaled.webp","datePublished":"2024-06-22T20:26:12+00:00","dateModified":"2024-06-22T20:29:06+00:00","author":{"@id":"https:\/\/nk7-testes.com.br\/agazeta\/#\/schema\/person\/6d6e25cb0435eb4a02fd44d30b4e3020"},"breadcrumb":{"@id":"https:\/\/nk7-testes.com.br\/agazeta\/ex-funcionarios-da-antiga-cila-cobram-r-25-milhoes-em-acoes-trabalhistas-do-governo-do-acre\/#breadcrumb"},"inLanguage":"pt-BR","potentialAction":[{"@type":"ReadAction","target":["https:\/\/nk7-testes.com.br\/agazeta\/ex-funcionarios-da-antiga-cila-cobram-r-25-milhoes-em-acoes-trabalhistas-do-governo-do-acre\/"]}]},{"@type":"ImageObject","inLanguage":"pt-BR","@id":"https:\/\/nk7-testes.com.br\/agazeta\/ex-funcionarios-da-antiga-cila-cobram-r-25-milhoes-em-acoes-trabalhistas-do-governo-do-acre\/#primaryimage","url":"https:\/\/nk7-testes.com.br\/agazeta\/wp-content\/uploads\/2024\/06\/WhatsApp-Image-2024-06-22-at-15.22.05-scaled.webp","contentUrl":"https:\/\/nk7-testes.com.br\/agazeta\/wp-content\/uploads\/2024\/06\/WhatsApp-Image-2024-06-22-at-15.22.05-scaled.webp","width":2560,"height":1440,"caption":"Imagem de Felipe Souza"},{"@type":"BreadcrumbList","@id":"https:\/\/nk7-testes.com.br\/agazeta\/ex-funcionarios-da-antiga-cila-cobram-r-25-milhoes-em-acoes-trabalhistas-do-governo-do-acre\/#breadcrumb","itemListElement":[{"@type":"ListItem","position":1,"name":"In\u00edcio","item":"https:\/\/nk7-testes.com.br\/agazeta\/"},{"@type":"ListItem","position":2,"name":"Ex-funcion\u00e1rios da antiga Cila cobram R$ 2,5 milh\u00f5es em a\u00e7\u00f5es trabalhistas do Governo do Acre"}]},{"@type":"WebSite","@id":"https:\/\/nk7-testes.com.br\/agazeta\/#website","url":"https:\/\/nk7-testes.com.br\/agazeta\/","name":"Agazeta.net","description":"Agazeta.net - Not\u00edcias de Rio Branco\/AC","potentialAction":[{"@type":"SearchAction","target":{"@type":"EntryPoint","urlTemplate":"https:\/\/nk7-testes.com.br\/agazeta\/?s={search_term_string}"},"query-input":{"@type":"PropertyValueSpecification","valueRequired":true,"valueName":"search_term_string"}}],"inLanguage":"pt-BR"},{"@type":"Person","@id":"https:\/\/nk7-testes.com.br\/agazeta\/#\/schema\/person\/6d6e25cb0435eb4a02fd44d30b4e3020","name":"Agazeta.Net","url":"https:\/\/nk7-testes.com.br\/agazeta\/author\/agazeta\/"}]}},"_links":{"self":[{"href":"https:\/\/nk7-testes.com.br\/agazeta\/wp-json\/wp\/v2\/posts\/134388","targetHints":{"allow":["GET"]}}],"collection":[{"href":"https:\/\/nk7-testes.com.br\/agazeta\/wp-json\/wp\/v2\/posts"}],"about":[{"href":"https:\/\/nk7-testes.com.br\/agazeta\/wp-json\/wp\/v2\/types\/post"}],"author":[{"embeddable":true,"href":"https:\/\/nk7-testes.com.br\/agazeta\/wp-json\/wp\/v2\/users\/4"}],"replies":[{"embeddable":true,"href":"https:\/\/nk7-testes.com.br\/agazeta\/wp-json\/wp\/v2\/comments?post=134388"}],"version-history":[{"count":0,"href":"https:\/\/nk7-testes.com.br\/agazeta\/wp-json\/wp\/v2\/posts\/134388\/revisions"}],"wp:featuredmedia":[{"embeddable":true,"href":"https:\/\/nk7-testes.com.br\/agazeta\/wp-json\/wp\/v2\/media\/134389"}],"wp:attachment":[{"href":"https:\/\/nk7-testes.com.br\/agazeta\/wp-json\/wp\/v2\/media?parent=134388"}],"wp:term":[{"taxonomy":"category","embeddable":true,"href":"https:\/\/nk7-testes.com.br\/agazeta\/wp-json\/wp\/v2\/categories?post=134388"},{"taxonomy":"post_tag","embeddable":true,"href":"https:\/\/nk7-testes.com.br\/agazeta\/wp-json\/wp\/v2\/tags?post=134388"}],"curies":[{"name":"wp","href":"https:\/\/api.w.org\/{rel}","templated":true}]}}