{"id":134325,"date":"2024-06-21T12:35:43","date_gmt":"2024-06-21T17:35:43","guid":{"rendered":"https:\/\/nk7-testes.com.br\/?p=134325"},"modified":"2024-06-21T12:46:46","modified_gmt":"2024-06-21T17:46:46","slug":"reforma-na-ponte-do-rio-tarauaca-deve-ser-concluida-em-fevereiro-de-2025-afirma-dnit","status":"publish","type":"post","link":"https:\/\/nk7-testes.com.br\/agazeta\/reforma-na-ponte-do-rio-tarauaca-deve-ser-concluida-em-fevereiro-de-2025-afirma-dnit\/","title":{"rendered":"Reforma na ponte do rio Tarauac\u00e1 deve ser conclu\u00edda em fevereiro de 2025, afirma Dnit"},"content":{"rendered":"<p style=\"text-align: justify;\">O Departamento Nacional de Infraestrutura de Transportes do Acre (Dnit Acre), em entrevista \u00e0 TV Gazeta nesta sexta-feira, 21, afirmou que o reparo da ponte sobre o rio Tarauac\u00e1 est\u00e1 previsto no cronograma para ser conclu\u00eddo em fevereiro de 2025.<\/p>\n<p style=\"text-align: justify;\">De acordo com o superintendente Ricardo Ara\u00fajo, a ordem de servi\u00e7o foi dada no final do ano passado, mas devido a chega do inverno e das chuvas, o in\u00edcio foi adiado e, agora, as obras v\u00e3o come\u00e7ar. Al\u00e9m disso, o desvio para os autom\u00f3veis passarem tamb\u00e9m j\u00e1 foi conclu\u00eddo, algo que possibilita o in\u00edcio da reforma.<\/p>\n<p style=\"text-align: justify;\">&#8220;\u00c9 uma obra que a gente deu ordem de servi\u00e7o ano passado, no final do ano, mas devido as quest\u00f5es de chegada do inverno e mobiliza\u00e7\u00e3o da empresa, come\u00e7ou a ter problema com o material e eu precisava fazer um desvio, que s\u00f3 consegui concluir agora&#8221;, destaca o superintendente do Dnit.<\/p>\n<blockquote>\n<p style=\"text-align: justify;\">&#8220;Vamos retirar aquela laje da ponte para come\u00e7ar a cavar os tubul\u00f5es. E essa obra vai terminar at\u00e9 fevereiro do ano que vem. Queremos essa obra de uma forma r\u00e1pida. \u00c9 algo que precisa ser feita de imediata para que a gente possa dar mais seguran\u00e7a e acabando com aquela d\u00favida de que podia separar a popula\u00e7\u00e3o de Tarauac\u00e1 com a de Cruzeiro do Sul&#8221;, pontua.<\/p>\n<\/blockquote>\n<h4 style=\"text-align: justify;\">Motivo da reforma<\/h4>\n<p style=\"text-align: justify;\">Segundo Ara\u00fajo, com as frequentes enchentes, surgiu uma curvatura no rio que aumenta a cada ano. Essa curva est\u00e1 indo em dire\u00e7\u00e3o \u00e0 cabeceira da ponte e preocupa a popula\u00e7\u00e3o de Tarauac\u00e1 de ficar separada do munic\u00edpio de Cruzeiro do Sul.<\/p>\n<p style=\"text-align: justify;\">&#8220;Temos uma proje\u00e7\u00e3o onde mostra que o rio saiu de uma linha reta e come\u00e7ou a fazer uma curva em sentido \u00e0 cabeceira da ponte. Em cada ano, cada alaga\u00e7\u00e3o que acontece, curvatura aumenta. V\u00e1rios problemas acarretam isso. Tem a quest\u00e3o do desmatamento pr\u00f3ximo \u00e0s margens do rio e esse rio vai come\u00e7ando a fazer a eros\u00e3o, caindo dentro e diminuindo a profundidade&#8221;, explica.<\/p>\n<h4 style=\"text-align: justify;\">Interdi\u00e7\u00e3o noturna<\/h4>\n<p style=\"text-align: justify;\">A partir desta sexta-feira (21) at\u00e9 a manh\u00e3 de segunda (24), a ponte vai passar por uma interdi\u00e7\u00e3o noturna, das 22h \u00e0s 5h da manh\u00e3, para realiza\u00e7\u00e3o de reparos para darem in\u00edcio \u00e0s obras. A medida visa permitir os trabalhos de extens\u00e3o da ponte em 70 metros devido a problemas de eros\u00e3o na estrutura.<\/p>\n<p style=\"text-align: justify;\">O superintendente do Dnit explica que a interven\u00e7\u00e3o se faz necess\u00e1ria para remover uma laje de transi\u00e7\u00e3o que se encontra em estado prec\u00e1rio devido \u00e0 eros\u00e3o e ao desgaste ao longo dos anos. A remo\u00e7\u00e3o da laje \u00e9 essencial para a execu\u00e7\u00e3o das obras de expans\u00e3o, que j\u00e1 est\u00e3o em andamento.<\/p>\n<p style=\"text-align: justify;\">De acordo com Ara\u00fajo, a opera\u00e7\u00e3o de retirada do elemento \u00e9 considerada arriscada e, por quest\u00f5es de seguran\u00e7a, vai ser realizada durante a madrugada afim de evitar o tr\u00e1fego de ve\u00edculos e pedestres na regi\u00e3o. Por conta disso, a interdi\u00e7\u00e3o ocorre entre os dias 21 e 23 de junho, das 22h \u00e0s 5h, para minimizar poss\u00edveis acidentes durante o trabalho.<\/p>\n<p style=\"text-align: justify;\">&#8220;A gente est\u00e1 pedindo que esse hor\u00e1rio, das 22h at\u00e9 \u00e0s 5h da manh\u00e3, a popula\u00e7\u00e3o se programe para n\u00e3o passar pela ponte. \u00c9 mais para preven\u00e7\u00e3o e para a seguran\u00e7a das pessoas. Como \u00e9 uma laje que vai ser erguida atrav\u00e9s de cabos de a\u00e7o e ela pesa 25 toneladas. Se um cabo romper com um carro passando na hora pode derrubar&#8221;, salienta.<\/p>\n<p>&nbsp;<\/p>\n","protected":false},"excerpt":{"rendered":"<p>O Departamento Nacional de Infraestrutura de Transportes do Acre (Dnit Acre), em entrevista \u00e0 TV Gazeta nesta sexta-feira, 21, afirmou que o reparo da ponte sobre o rio Tarauac\u00e1 est\u00e1 previsto no cronograma para ser conclu\u00eddo em fevereiro de 2025. De acordo com o superintendente Ricardo Ara\u00fajo, a ordem de servi\u00e7o foi dada no final [&hellip;]<\/p>\n","protected":false},"author":4,"featured_media":134327,"comment_status":"open","ping_status":"open","sticky":false,"template":"","format":"standard","meta":{"jnews-multi-image_gallery":[],"jnews_single_post":{"source_name":"","source_url":"","via_name":"","via_url":"","override_template":"0","override":[{"template":"custom","single_blog_custom":"110746","parallax":"1","fullscreen":"1","layout":"right-sidebar","sidebar":"default-sidebar","second_sidebar":"default-sidebar","sticky_sidebar":"1","share_position":"top","share_float_style":"share-monocrhome","show_share_counter":"1","show_view_counter":"1","show_featured":"1","show_post_meta":"1","show_post_author":"1","show_post_author_image":"1","show_post_date":"1","post_date_format":"default","post_date_format_custom":"Y\/m\/d","show_post_category":"1","show_post_reading_time":"0","post_reading_time_wpm":"300","show_zoom_button":"0","zoom_button_out_step":"2","zoom_button_in_step":"3","show_post_tag":"1","show_prev_next_post":"1","show_popup_post":"1","number_popup_post":"1","show_author_box":"0","show_post_related":"1","show_inline_post_related":"0"}],"override_image_size":"0","image_override":[{"single_post_thumbnail_size":"crop-500","single_post_gallery_size":"crop-500"}],"trending_post":"0","trending_post_position":"meta","trending_post_label":"Trending","sponsored_post":"0","sponsored_post_label":"Sponsored by","sponsored_post_name":"","sponsored_post_url":"","sponsored_post_logo_enable":"0","sponsored_post_logo":"","sponsored_post_desc":"","disable_ad":"0"},"jnews_primary_category":{"id":"","hide":""},"jnews_social_meta":{"fb_title":"","fb_description":"","fb_image":"","twitter_title":"","twitter_description":"","twitter_image":""},"jnews_review":[],"enable_review":"0","type":"percentage","name":"","summary":"","brand":"","sku":"","good":[{"good_text":""}],"bad":[{"bad_text":""}],"score_override":"0","override_value":"","rating":[{"rating_text":"","rating_number":"10"}],"price":[{"shop":"","price":"","link":"","icon":""}],"footnotes":""},"categories":[54],"tags":[],"class_list":["post-134325","post","type-post","status-publish","format-standard","has-post-thumbnail","hentry","category-cotidiano"],"yoast_head":"<!-- This site is optimized with the Yoast SEO plugin v26.5 - https:\/\/yoast.com\/wordpress\/plugins\/seo\/ -->\n<title>Reforma na ponte do rio Tarauac\u00e1 deve ser conclu\u00edda em fevereiro de 2025, afirma Dnit - Agazeta.net<\/title>\n<meta name=\"robots\" content=\"index, follow, max-snippet:-1, max-image-preview:large, max-video-preview:-1\" \/>\n<link rel=\"canonical\" href=\"https:\/\/nk7-testes.com.br\/agazeta\/reforma-na-ponte-do-rio-tarauaca-deve-ser-concluida-em-fevereiro-de-2025-afirma-dnit\/\" \/>\n<meta property=\"og:locale\" content=\"pt_BR\" \/>\n<meta property=\"og:type\" content=\"article\" \/>\n<meta property=\"og:title\" content=\"Reforma na ponte do rio Tarauac\u00e1 deve ser conclu\u00edda em fevereiro de 2025, afirma Dnit\" \/>\n<meta property=\"og:description\" content=\"Com a finaliza\u00e7\u00e3o de um desvio, as obras de aumento de 70 metros na ponte iniciam nesta sexta-feira\" \/>\n<meta property=\"og:url\" content=\"https:\/\/nk7-testes.com.br\/agazeta\/reforma-na-ponte-do-rio-tarauaca-deve-ser-concluida-em-fevereiro-de-2025-afirma-dnit\/\" \/>\n<meta property=\"og:site_name\" content=\"Agazeta.net\" \/>\n<meta property=\"article:published_time\" content=\"2024-06-21T17:35:43+00:00\" \/>\n<meta property=\"article:modified_time\" content=\"2024-06-21T17:46:46+00:00\" \/>\n<meta property=\"og:image\" content=\"https:\/\/nk7-testes.com.br\/agazeta\/wp-content\/uploads\/2024\/06\/WhatsApp-Image-2024-06-21-at-12.15.56-jpeg.webp\" \/>\n\t<meta property=\"og:image:width\" content=\"800\" \/>\n\t<meta property=\"og:image:height\" content=\"409\" \/>\n\t<meta property=\"og:image:type\" content=\"image\/jpeg\" \/>\n<meta name=\"author\" content=\"Agazeta.Net\" \/>\n<meta name=\"twitter:card\" content=\"summary_large_image\" \/>\n<meta name=\"twitter:label1\" content=\"Escrito por\" \/>\n\t<meta name=\"twitter:data1\" content=\"Agazeta.Net\" \/>\n\t<meta name=\"twitter:label2\" content=\"Est. tempo de leitura\" \/>\n\t<meta name=\"twitter:data2\" content=\"3 minutos\" \/>\n<script type=\"application\/ld+json\" class=\"yoast-schema-graph\">{\"@context\":\"https:\/\/schema.org\",\"@graph\":[{\"@type\":\"WebPage\",\"@id\":\"https:\/\/nk7-testes.com.br\/agazeta\/reforma-na-ponte-do-rio-tarauaca-deve-ser-concluida-em-fevereiro-de-2025-afirma-dnit\/\",\"url\":\"https:\/\/nk7-testes.com.br\/agazeta\/reforma-na-ponte-do-rio-tarauaca-deve-ser-concluida-em-fevereiro-de-2025-afirma-dnit\/\",\"name\":\"Reforma na ponte do rio Tarauac\u00e1 deve ser conclu\u00edda em fevereiro de 2025, afirma Dnit - Agazeta.net\",\"isPartOf\":{\"@id\":\"https:\/\/nk7-testes.com.br\/agazeta\/#website\"},\"primaryImageOfPage\":{\"@id\":\"https:\/\/nk7-testes.com.br\/agazeta\/reforma-na-ponte-do-rio-tarauaca-deve-ser-concluida-em-fevereiro-de-2025-afirma-dnit\/#primaryimage\"},\"image\":{\"@id\":\"https:\/\/nk7-testes.com.br\/agazeta\/reforma-na-ponte-do-rio-tarauaca-deve-ser-concluida-em-fevereiro-de-2025-afirma-dnit\/#primaryimage\"},\"thumbnailUrl\":\"https:\/\/nk7-testes.com.br\/agazeta\/wp-content\/uploads\/2024\/06\/WhatsApp-Image-2024-06-21-at-12.15.56-jpeg.webp\",\"datePublished\":\"2024-06-21T17:35:43+00:00\",\"dateModified\":\"2024-06-21T17:46:46+00:00\",\"author\":{\"@id\":\"https:\/\/nk7-testes.com.br\/agazeta\/#\/schema\/person\/6d6e25cb0435eb4a02fd44d30b4e3020\"},\"breadcrumb\":{\"@id\":\"https:\/\/nk7-testes.com.br\/agazeta\/reforma-na-ponte-do-rio-tarauaca-deve-ser-concluida-em-fevereiro-de-2025-afirma-dnit\/#breadcrumb\"},\"inLanguage\":\"pt-BR\",\"potentialAction\":[{\"@type\":\"ReadAction\",\"target\":[\"https:\/\/nk7-testes.com.br\/agazeta\/reforma-na-ponte-do-rio-tarauaca-deve-ser-concluida-em-fevereiro-de-2025-afirma-dnit\/\"]}]},{\"@type\":\"ImageObject\",\"inLanguage\":\"pt-BR\",\"@id\":\"https:\/\/nk7-testes.com.br\/agazeta\/reforma-na-ponte-do-rio-tarauaca-deve-ser-concluida-em-fevereiro-de-2025-afirma-dnit\/#primaryimage\",\"url\":\"https:\/\/nk7-testes.com.br\/agazeta\/wp-content\/uploads\/2024\/06\/WhatsApp-Image-2024-06-21-at-12.15.56-jpeg.webp\",\"contentUrl\":\"https:\/\/nk7-testes.com.br\/agazeta\/wp-content\/uploads\/2024\/06\/WhatsApp-Image-2024-06-21-at-12.15.56-jpeg.webp\",\"width\":800,\"height\":409},{\"@type\":\"BreadcrumbList\",\"@id\":\"https:\/\/nk7-testes.com.br\/agazeta\/reforma-na-ponte-do-rio-tarauaca-deve-ser-concluida-em-fevereiro-de-2025-afirma-dnit\/#breadcrumb\",\"itemListElement\":[{\"@type\":\"ListItem\",\"position\":1,\"name\":\"In\u00edcio\",\"item\":\"https:\/\/nk7-testes.com.br\/agazeta\/\"},{\"@type\":\"ListItem\",\"position\":2,\"name\":\"Reforma na ponte do rio Tarauac\u00e1 deve ser conclu\u00edda em fevereiro de 2025, afirma Dnit\"}]},{\"@type\":\"WebSite\",\"@id\":\"https:\/\/nk7-testes.com.br\/agazeta\/#website\",\"url\":\"https:\/\/nk7-testes.com.br\/agazeta\/\",\"name\":\"Agazeta.net\",\"description\":\"Agazeta.net - Not\u00edcias de Rio Branco\/AC\",\"potentialAction\":[{\"@type\":\"SearchAction\",\"target\":{\"@type\":\"EntryPoint\",\"urlTemplate\":\"https:\/\/nk7-testes.com.br\/agazeta\/?s={search_term_string}\"},\"query-input\":{\"@type\":\"PropertyValueSpecification\",\"valueRequired\":true,\"valueName\":\"search_term_string\"}}],\"inLanguage\":\"pt-BR\"},{\"@type\":\"Person\",\"@id\":\"https:\/\/nk7-testes.com.br\/agazeta\/#\/schema\/person\/6d6e25cb0435eb4a02fd44d30b4e3020\",\"name\":\"Agazeta.Net\",\"url\":\"https:\/\/nk7-testes.com.br\/agazeta\/author\/agazeta\/\"}]}<\/script>\n<!-- \/ Yoast SEO plugin. -->","yoast_head_json":{"title":"Reforma na ponte do rio Tarauac\u00e1 deve ser conclu\u00edda em fevereiro de 2025, afirma Dnit - Agazeta.net","robots":{"index":"index","follow":"follow","max-snippet":"max-snippet:-1","max-image-preview":"max-image-preview:large","max-video-preview":"max-video-preview:-1"},"canonical":"https:\/\/nk7-testes.com.br\/agazeta\/reforma-na-ponte-do-rio-tarauaca-deve-ser-concluida-em-fevereiro-de-2025-afirma-dnit\/","og_locale":"pt_BR","og_type":"article","og_title":"Reforma na ponte do rio Tarauac\u00e1 deve ser conclu\u00edda em fevereiro de 2025, afirma Dnit","og_description":"Com a finaliza\u00e7\u00e3o de um desvio, as obras de aumento de 70 metros na ponte iniciam nesta sexta-feira","og_url":"https:\/\/nk7-testes.com.br\/agazeta\/reforma-na-ponte-do-rio-tarauaca-deve-ser-concluida-em-fevereiro-de-2025-afirma-dnit\/","og_site_name":"Agazeta.net","article_published_time":"2024-06-21T17:35:43+00:00","article_modified_time":"2024-06-21T17:46:46+00:00","og_image":[{"width":800,"height":409,"url":"https:\/\/nk7-testes.com.br\/agazeta\/wp-content\/uploads\/2024\/06\/WhatsApp-Image-2024-06-21-at-12.15.56-jpeg.webp","type":"image\/jpeg"}],"author":"Agazeta.Net","twitter_card":"summary_large_image","twitter_misc":{"Escrito por":"Agazeta.Net","Est. tempo de leitura":"3 minutos"},"schema":{"@context":"https:\/\/schema.org","@graph":[{"@type":"WebPage","@id":"https:\/\/nk7-testes.com.br\/agazeta\/reforma-na-ponte-do-rio-tarauaca-deve-ser-concluida-em-fevereiro-de-2025-afirma-dnit\/","url":"https:\/\/nk7-testes.com.br\/agazeta\/reforma-na-ponte-do-rio-tarauaca-deve-ser-concluida-em-fevereiro-de-2025-afirma-dnit\/","name":"Reforma na ponte do rio Tarauac\u00e1 deve ser conclu\u00edda em fevereiro de 2025, afirma Dnit - Agazeta.net","isPartOf":{"@id":"https:\/\/nk7-testes.com.br\/agazeta\/#website"},"primaryImageOfPage":{"@id":"https:\/\/nk7-testes.com.br\/agazeta\/reforma-na-ponte-do-rio-tarauaca-deve-ser-concluida-em-fevereiro-de-2025-afirma-dnit\/#primaryimage"},"image":{"@id":"https:\/\/nk7-testes.com.br\/agazeta\/reforma-na-ponte-do-rio-tarauaca-deve-ser-concluida-em-fevereiro-de-2025-afirma-dnit\/#primaryimage"},"thumbnailUrl":"https:\/\/nk7-testes.com.br\/agazeta\/wp-content\/uploads\/2024\/06\/WhatsApp-Image-2024-06-21-at-12.15.56-jpeg.webp","datePublished":"2024-06-21T17:35:43+00:00","dateModified":"2024-06-21T17:46:46+00:00","author":{"@id":"https:\/\/nk7-testes.com.br\/agazeta\/#\/schema\/person\/6d6e25cb0435eb4a02fd44d30b4e3020"},"breadcrumb":{"@id":"https:\/\/nk7-testes.com.br\/agazeta\/reforma-na-ponte-do-rio-tarauaca-deve-ser-concluida-em-fevereiro-de-2025-afirma-dnit\/#breadcrumb"},"inLanguage":"pt-BR","potentialAction":[{"@type":"ReadAction","target":["https:\/\/nk7-testes.com.br\/agazeta\/reforma-na-ponte-do-rio-tarauaca-deve-ser-concluida-em-fevereiro-de-2025-afirma-dnit\/"]}]},{"@type":"ImageObject","inLanguage":"pt-BR","@id":"https:\/\/nk7-testes.com.br\/agazeta\/reforma-na-ponte-do-rio-tarauaca-deve-ser-concluida-em-fevereiro-de-2025-afirma-dnit\/#primaryimage","url":"https:\/\/nk7-testes.com.br\/agazeta\/wp-content\/uploads\/2024\/06\/WhatsApp-Image-2024-06-21-at-12.15.56-jpeg.webp","contentUrl":"https:\/\/nk7-testes.com.br\/agazeta\/wp-content\/uploads\/2024\/06\/WhatsApp-Image-2024-06-21-at-12.15.56-jpeg.webp","width":800,"height":409},{"@type":"BreadcrumbList","@id":"https:\/\/nk7-testes.com.br\/agazeta\/reforma-na-ponte-do-rio-tarauaca-deve-ser-concluida-em-fevereiro-de-2025-afirma-dnit\/#breadcrumb","itemListElement":[{"@type":"ListItem","position":1,"name":"In\u00edcio","item":"https:\/\/nk7-testes.com.br\/agazeta\/"},{"@type":"ListItem","position":2,"name":"Reforma na ponte do rio Tarauac\u00e1 deve ser conclu\u00edda em fevereiro de 2025, afirma Dnit"}]},{"@type":"WebSite","@id":"https:\/\/nk7-testes.com.br\/agazeta\/#website","url":"https:\/\/nk7-testes.com.br\/agazeta\/","name":"Agazeta.net","description":"Agazeta.net - Not\u00edcias de Rio Branco\/AC","potentialAction":[{"@type":"SearchAction","target":{"@type":"EntryPoint","urlTemplate":"https:\/\/nk7-testes.com.br\/agazeta\/?s={search_term_string}"},"query-input":{"@type":"PropertyValueSpecification","valueRequired":true,"valueName":"search_term_string"}}],"inLanguage":"pt-BR"},{"@type":"Person","@id":"https:\/\/nk7-testes.com.br\/agazeta\/#\/schema\/person\/6d6e25cb0435eb4a02fd44d30b4e3020","name":"Agazeta.Net","url":"https:\/\/nk7-testes.com.br\/agazeta\/author\/agazeta\/"}]}},"_links":{"self":[{"href":"https:\/\/nk7-testes.com.br\/agazeta\/wp-json\/wp\/v2\/posts\/134325","targetHints":{"allow":["GET"]}}],"collection":[{"href":"https:\/\/nk7-testes.com.br\/agazeta\/wp-json\/wp\/v2\/posts"}],"about":[{"href":"https:\/\/nk7-testes.com.br\/agazeta\/wp-json\/wp\/v2\/types\/post"}],"author":[{"embeddable":true,"href":"https:\/\/nk7-testes.com.br\/agazeta\/wp-json\/wp\/v2\/users\/4"}],"replies":[{"embeddable":true,"href":"https:\/\/nk7-testes.com.br\/agazeta\/wp-json\/wp\/v2\/comments?post=134325"}],"version-history":[{"count":0,"href":"https:\/\/nk7-testes.com.br\/agazeta\/wp-json\/wp\/v2\/posts\/134325\/revisions"}],"wp:featuredmedia":[{"embeddable":true,"href":"https:\/\/nk7-testes.com.br\/agazeta\/wp-json\/wp\/v2\/media\/134327"}],"wp:attachment":[{"href":"https:\/\/nk7-testes.com.br\/agazeta\/wp-json\/wp\/v2\/media?parent=134325"}],"wp:term":[{"taxonomy":"category","embeddable":true,"href":"https:\/\/nk7-testes.com.br\/agazeta\/wp-json\/wp\/v2\/categories?post=134325"},{"taxonomy":"post_tag","embeddable":true,"href":"https:\/\/nk7-testes.com.br\/agazeta\/wp-json\/wp\/v2\/tags?post=134325"}],"curies":[{"name":"wp","href":"https:\/\/api.w.org\/{rel}","templated":true}]}}