{"id":134298,"date":"2024-06-21T09:19:07","date_gmt":"2024-06-21T14:19:07","guid":{"rendered":"https:\/\/nk7-testes.com.br\/?p=134298"},"modified":"2024-06-21T09:19:07","modified_gmt":"2024-06-21T14:19:07","slug":"reitoria-da-ufac-gastou-quase-r1-milhao-em-viagens-de-setembro-de-2022-a-maio-de-2024","status":"publish","type":"post","link":"https:\/\/nk7-testes.com.br\/agazeta\/reitoria-da-ufac-gastou-quase-r1-milhao-em-viagens-de-setembro-de-2022-a-maio-de-2024\/","title":{"rendered":"Reitoria da Ufac gastou quase R$1 milh\u00e3o em viagens de setembro de 2022 a maio de 2024"},"content":{"rendered":"<p style=\"text-align: justify;\"><span style=\"font-weight: 400;\">A Universidade Federal do Acre (Ufac) nos \u00faltimos tr\u00eas meses tem sido palco de intensas movimenta\u00e7\u00f5es devido \u00e0 greve de professores e t\u00e9cnicos que reivindicam melhorias salariais e condi\u00e7\u00f5es de trabalho. No entanto, um fator adicional tem alimentado a revolta dos trabalhadores: o discurso de falta de recursos da reitoria e os gastos elevados com viagens.<\/span><\/p>\n<p style=\"text-align: justify;\"><span style=\"font-weight: 400;\">Desde 2022, a reitoria alega escassez de recursos, afetando at\u00e9 a manuten\u00e7\u00e3o do campus. Por\u00e9m, dados do Portal de Transpar\u00eancia da Universidade revelam que, para viagens, os recursos nunca foram escassos. De setembro de 2022 a maio de 2024, foram gastos R$993 mil em deslocamentos. Deste n\u00famero, R$265 mil foram despesas da reitora Guida Aquino, incluindo viagens internacionais para pa\u00edses como It\u00e1lia e Su\u00ed\u00e7a.<\/span><\/p>\n<p style=\"text-align: justify;\"><span style=\"font-weight: 400;\">O reitor de planejamento, Alexandre Hid, defende que as viagens s\u00e3o essenciais para a continuidade dos trabalhos da Ufac, sendo todas elas devidamente autorizadas.<\/span><\/p>\n<p style=\"text-align: justify;\"><span style=\"font-weight: 400;\">&#8220;Sempre s\u00e3o viagens autorizadas, inclusive. Elas s\u00e3o autorizadas para todo o Brasil e para dentro do Estado tamb\u00e9m. Esses gastos exagerados com passagens e di\u00e1rias, n\u00e3o s\u00e3o apenas da reitoria, mas tamb\u00e9m de todos os diretores e pr\u00f3-reitores, que viajaram muito nos \u00faltimos anos. S\u00f3 no ano passado essa despesa chegou a quase R$700 mil&#8221;, afirmou Hid.<\/span><\/p>\n<p style=\"text-align: justify;\"><span style=\"font-weight: 400;\">Os gastos com passagens e di\u00e1rias n\u00e3o se restringem apenas \u00e0 reitoria, mas tamb\u00e9m a diretores e pr\u00f3-reitores. Em 2023, essas despesas totalizaram quase R$700 mil. A lista de viajantes inclui ainda assessoria de imprensa, cerimonial, assessoria de eventos e coordenadorias.\u00a0<\/span><\/p>\n<p style=\"text-align: justify;\"><span style=\"font-weight: 400;\">Para os grevistas, os valores gastos s\u00e3o injustific\u00e1veis, principalmente quando comparados com outras necessidades da universidade. O valor gasto em passagens e di\u00e1rias nos \u00faltimos 22 meses poderia financiar 180 bolsas de inicia\u00e7\u00e3o cient\u00edfica, mestrado e doutorado por um ano. <\/span><\/p>\n<p style=\"text-align: justify;\"><span style=\"font-weight: 400;\">Apenas os gastos da reitora seriam suficientes para custear 136 dessas bolsas, que contribu\u00edram significativamente para os programas de extens\u00e3o e pesquisa da Ufac. Al\u00e9m disso, esse montante poderia manter o funcionamento do restaurante universit\u00e1rio, que \u00e9 um dos primeiros a sofrer com cortes de verba.<\/span><\/p>\n<p style=\"text-align: justify;\"><span style=\"font-weight: 400;\">Segundo a Pr\u00f3-Reitoria de Planejamento, a Ufac gasta anualmente cerca de R$1,5 milh\u00e3o com passagens e di\u00e1rias, considerando todas as di\u00e1rias, e n\u00e3o apenas as da Administra\u00e7\u00e3o Superior. Essas revela\u00e7\u00f5es aumentam a tens\u00e3o no campus, intensificando a indigna\u00e7\u00e3o dos grevistas que questionam as prioridades da gest\u00e3o da universidade.<\/span><\/p>\n<p style=\"text-align: justify;\"><em>Mat\u00e9ria em v\u00eddeo produzida pela rep\u00f3rter Adailson Oliveira para TV Gazeta.<\/em><\/p>\n","protected":false},"excerpt":{"rendered":"<p>A Universidade Federal do Acre (Ufac) nos \u00faltimos tr\u00eas meses tem sido palco de intensas movimenta\u00e7\u00f5es devido \u00e0 greve de professores e t\u00e9cnicos que reivindicam melhorias salariais e condi\u00e7\u00f5es de trabalho. No entanto, um fator adicional tem alimentado a revolta dos trabalhadores: o discurso de falta de recursos da reitoria e os gastos elevados com [&hellip;]<\/p>\n","protected":false},"author":4,"featured_media":134303,"comment_status":"open","ping_status":"open","sticky":false,"template":"","format":"standard","meta":{"jnews-multi-image_gallery":[],"jnews_single_post":{"source_name":"","source_url":"","via_name":"","via_url":"","override_template":"0","override":[{"template":"custom","single_blog_custom":"110746","parallax":"1","fullscreen":"1","layout":"right-sidebar","sidebar":"default-sidebar","second_sidebar":"default-sidebar","sticky_sidebar":"1","share_position":"top","share_float_style":"share-monocrhome","show_share_counter":"1","show_view_counter":"1","show_featured":"1","show_post_meta":"1","show_post_author":"1","show_post_author_image":"1","show_post_date":"1","post_date_format":"default","post_date_format_custom":"Y\/m\/d","show_post_category":"1","show_post_reading_time":"0","post_reading_time_wpm":"300","show_zoom_button":"0","zoom_button_out_step":"2","zoom_button_in_step":"3","show_post_tag":"1","show_prev_next_post":"1","show_popup_post":"1","number_popup_post":"1","show_author_box":"0","show_post_related":"1","show_inline_post_related":"0"}],"override_image_size":"0","image_override":[{"single_post_thumbnail_size":"crop-500","single_post_gallery_size":"crop-500"}],"trending_post":"0","trending_post_position":"meta","trending_post_label":"Trending","sponsored_post":"0","sponsored_post_label":"Sponsored by","sponsored_post_name":"","sponsored_post_url":"","sponsored_post_logo_enable":"0","sponsored_post_logo":"","sponsored_post_desc":"","disable_ad":"0"},"jnews_primary_category":{"id":"","hide":""},"jnews_social_meta":{"fb_title":"","fb_description":"","fb_image":"","twitter_title":"","twitter_description":"","twitter_image":""},"jnews_review":[],"enable_review":"0","type":"percentage","name":"","summary":"","brand":"","sku":"","good":[{"good_text":""}],"bad":[{"bad_text":""}],"score_override":"0","override_value":"","rating":[{"rating_text":"","rating_number":"10"}],"price":[{"shop":"","price":"","link":"","icon":""}],"footnotes":""},"categories":[54],"tags":[152],"class_list":["post-134298","post","type-post","status-publish","format-standard","has-post-thumbnail","hentry","category-cotidiano","tag-destaque"],"yoast_head":"<!-- This site is optimized with the Yoast SEO plugin v26.5 - https:\/\/yoast.com\/wordpress\/plugins\/seo\/ -->\n<title>Reitoria da Ufac gastou quase R$1 milh\u00e3o em viagens de setembro de 2022 a maio de 2024 - Agazeta.net<\/title>\n<meta name=\"robots\" content=\"index, follow, max-snippet:-1, max-image-preview:large, max-video-preview:-1\" \/>\n<link rel=\"canonical\" href=\"https:\/\/nk7-testes.com.br\/agazeta\/reitoria-da-ufac-gastou-quase-r1-milhao-em-viagens-de-setembro-de-2022-a-maio-de-2024\/\" \/>\n<meta property=\"og:locale\" content=\"pt_BR\" \/>\n<meta property=\"og:type\" content=\"article\" \/>\n<meta property=\"og:title\" content=\"Reitoria da Ufac gastou quase R$1 milh\u00e3o em viagens de setembro de 2022 a maio de 2024\" \/>\n<meta property=\"og:description\" content=\"Ap\u00f3s alegar falta de recursos, n\u00famero de viagens da reitoria da Ufac impressiona movimento grevista\" \/>\n<meta property=\"og:url\" content=\"https:\/\/nk7-testes.com.br\/agazeta\/reitoria-da-ufac-gastou-quase-r1-milhao-em-viagens-de-setembro-de-2022-a-maio-de-2024\/\" \/>\n<meta property=\"og:site_name\" content=\"Agazeta.net\" \/>\n<meta property=\"article:published_time\" content=\"2024-06-21T14:19:07+00:00\" \/>\n<meta property=\"og:image\" content=\"https:\/\/nk7-testes.com.br\/agazeta\/wp-content\/uploads\/2024\/06\/WhatsApp-Image-2024-06-21-at-9.15.32-AM-scaled.webp\" \/>\n\t<meta property=\"og:image:width\" content=\"2560\" \/>\n\t<meta property=\"og:image:height\" content=\"1440\" \/>\n\t<meta property=\"og:image:type\" content=\"image\/jpeg\" \/>\n<meta name=\"author\" content=\"Agazeta.Net\" \/>\n<meta name=\"twitter:card\" content=\"summary_large_image\" \/>\n<meta name=\"twitter:title\" content=\"Reitoria da Ufac gastou quase R$1 milh\u00e3o em viagens de setembro de 2022 a maio de 2024\" \/>\n<meta name=\"twitter:description\" content=\"Ap\u00f3s alegar falta de recursos, n\u00famero de viagens da reitoria da Ufac impressiona movimento grevista\" \/>\n<meta name=\"twitter:image\" content=\"https:\/\/nk7-testes.com.br\/agazeta\/wp-content\/uploads\/2024\/06\/WhatsApp-Image-2024-06-21-at-9.15.32-AM-scaled.webp\" \/>\n<meta name=\"twitter:label1\" content=\"Escrito por\" \/>\n\t<meta name=\"twitter:data1\" content=\"Agazeta.Net\" \/>\n\t<meta name=\"twitter:label2\" content=\"Est. tempo de leitura\" \/>\n\t<meta name=\"twitter:data2\" content=\"2 minutos\" \/>\n<script type=\"application\/ld+json\" class=\"yoast-schema-graph\">{\"@context\":\"https:\/\/schema.org\",\"@graph\":[{\"@type\":\"WebPage\",\"@id\":\"https:\/\/nk7-testes.com.br\/agazeta\/reitoria-da-ufac-gastou-quase-r1-milhao-em-viagens-de-setembro-de-2022-a-maio-de-2024\/\",\"url\":\"https:\/\/nk7-testes.com.br\/agazeta\/reitoria-da-ufac-gastou-quase-r1-milhao-em-viagens-de-setembro-de-2022-a-maio-de-2024\/\",\"name\":\"Reitoria da Ufac gastou quase R$1 milh\u00e3o em viagens de setembro de 2022 a maio de 2024 - Agazeta.net\",\"isPartOf\":{\"@id\":\"https:\/\/nk7-testes.com.br\/agazeta\/#website\"},\"primaryImageOfPage\":{\"@id\":\"https:\/\/nk7-testes.com.br\/agazeta\/reitoria-da-ufac-gastou-quase-r1-milhao-em-viagens-de-setembro-de-2022-a-maio-de-2024\/#primaryimage\"},\"image\":{\"@id\":\"https:\/\/nk7-testes.com.br\/agazeta\/reitoria-da-ufac-gastou-quase-r1-milhao-em-viagens-de-setembro-de-2022-a-maio-de-2024\/#primaryimage\"},\"thumbnailUrl\":\"https:\/\/nk7-testes.com.br\/agazeta\/wp-content\/uploads\/2024\/06\/WhatsApp-Image-2024-06-21-at-9.15.32-AM-scaled.webp\",\"datePublished\":\"2024-06-21T14:19:07+00:00\",\"author\":{\"@id\":\"https:\/\/nk7-testes.com.br\/agazeta\/#\/schema\/person\/6d6e25cb0435eb4a02fd44d30b4e3020\"},\"breadcrumb\":{\"@id\":\"https:\/\/nk7-testes.com.br\/agazeta\/reitoria-da-ufac-gastou-quase-r1-milhao-em-viagens-de-setembro-de-2022-a-maio-de-2024\/#breadcrumb\"},\"inLanguage\":\"pt-BR\",\"potentialAction\":[{\"@type\":\"ReadAction\",\"target\":[\"https:\/\/nk7-testes.com.br\/agazeta\/reitoria-da-ufac-gastou-quase-r1-milhao-em-viagens-de-setembro-de-2022-a-maio-de-2024\/\"]}]},{\"@type\":\"ImageObject\",\"inLanguage\":\"pt-BR\",\"@id\":\"https:\/\/nk7-testes.com.br\/agazeta\/reitoria-da-ufac-gastou-quase-r1-milhao-em-viagens-de-setembro-de-2022-a-maio-de-2024\/#primaryimage\",\"url\":\"https:\/\/nk7-testes.com.br\/agazeta\/wp-content\/uploads\/2024\/06\/WhatsApp-Image-2024-06-21-at-9.15.32-AM-scaled.webp\",\"contentUrl\":\"https:\/\/nk7-testes.com.br\/agazeta\/wp-content\/uploads\/2024\/06\/WhatsApp-Image-2024-06-21-at-9.15.32-AM-scaled.webp\",\"width\":2560,\"height\":1440,\"caption\":\"Fonte: Arquivo Pessoal\"},{\"@type\":\"BreadcrumbList\",\"@id\":\"https:\/\/nk7-testes.com.br\/agazeta\/reitoria-da-ufac-gastou-quase-r1-milhao-em-viagens-de-setembro-de-2022-a-maio-de-2024\/#breadcrumb\",\"itemListElement\":[{\"@type\":\"ListItem\",\"position\":1,\"name\":\"In\u00edcio\",\"item\":\"https:\/\/nk7-testes.com.br\/agazeta\/\"},{\"@type\":\"ListItem\",\"position\":2,\"name\":\"Reitoria da Ufac gastou quase R$1 milh\u00e3o em viagens de setembro de 2022 a maio de 2024\"}]},{\"@type\":\"WebSite\",\"@id\":\"https:\/\/nk7-testes.com.br\/agazeta\/#website\",\"url\":\"https:\/\/nk7-testes.com.br\/agazeta\/\",\"name\":\"Agazeta.net\",\"description\":\"Agazeta.net - Not\u00edcias de Rio Branco\/AC\",\"potentialAction\":[{\"@type\":\"SearchAction\",\"target\":{\"@type\":\"EntryPoint\",\"urlTemplate\":\"https:\/\/nk7-testes.com.br\/agazeta\/?s={search_term_string}\"},\"query-input\":{\"@type\":\"PropertyValueSpecification\",\"valueRequired\":true,\"valueName\":\"search_term_string\"}}],\"inLanguage\":\"pt-BR\"},{\"@type\":\"Person\",\"@id\":\"https:\/\/nk7-testes.com.br\/agazeta\/#\/schema\/person\/6d6e25cb0435eb4a02fd44d30b4e3020\",\"name\":\"Agazeta.Net\",\"url\":\"https:\/\/nk7-testes.com.br\/agazeta\/author\/agazeta\/\"}]}<\/script>\n<!-- \/ Yoast SEO plugin. -->","yoast_head_json":{"title":"Reitoria da Ufac gastou quase R$1 milh\u00e3o em viagens de setembro de 2022 a maio de 2024 - Agazeta.net","robots":{"index":"index","follow":"follow","max-snippet":"max-snippet:-1","max-image-preview":"max-image-preview:large","max-video-preview":"max-video-preview:-1"},"canonical":"https:\/\/nk7-testes.com.br\/agazeta\/reitoria-da-ufac-gastou-quase-r1-milhao-em-viagens-de-setembro-de-2022-a-maio-de-2024\/","og_locale":"pt_BR","og_type":"article","og_title":"Reitoria da Ufac gastou quase R$1 milh\u00e3o em viagens de setembro de 2022 a maio de 2024","og_description":"Ap\u00f3s alegar falta de recursos, n\u00famero de viagens da reitoria da Ufac impressiona movimento grevista","og_url":"https:\/\/nk7-testes.com.br\/agazeta\/reitoria-da-ufac-gastou-quase-r1-milhao-em-viagens-de-setembro-de-2022-a-maio-de-2024\/","og_site_name":"Agazeta.net","article_published_time":"2024-06-21T14:19:07+00:00","og_image":[{"width":2560,"height":1440,"url":"https:\/\/nk7-testes.com.br\/agazeta\/wp-content\/uploads\/2024\/06\/WhatsApp-Image-2024-06-21-at-9.15.32-AM-scaled.webp","type":"image\/jpeg"}],"author":"Agazeta.Net","twitter_card":"summary_large_image","twitter_title":"Reitoria da Ufac gastou quase R$1 milh\u00e3o em viagens de setembro de 2022 a maio de 2024","twitter_description":"Ap\u00f3s alegar falta de recursos, n\u00famero de viagens da reitoria da Ufac impressiona movimento grevista","twitter_image":"https:\/\/nk7-testes.com.br\/agazeta\/wp-content\/uploads\/2024\/06\/WhatsApp-Image-2024-06-21-at-9.15.32-AM-scaled.webp","twitter_misc":{"Escrito por":"Agazeta.Net","Est. tempo de leitura":"2 minutos"},"schema":{"@context":"https:\/\/schema.org","@graph":[{"@type":"WebPage","@id":"https:\/\/nk7-testes.com.br\/agazeta\/reitoria-da-ufac-gastou-quase-r1-milhao-em-viagens-de-setembro-de-2022-a-maio-de-2024\/","url":"https:\/\/nk7-testes.com.br\/agazeta\/reitoria-da-ufac-gastou-quase-r1-milhao-em-viagens-de-setembro-de-2022-a-maio-de-2024\/","name":"Reitoria da Ufac gastou quase R$1 milh\u00e3o em viagens de setembro de 2022 a maio de 2024 - Agazeta.net","isPartOf":{"@id":"https:\/\/nk7-testes.com.br\/agazeta\/#website"},"primaryImageOfPage":{"@id":"https:\/\/nk7-testes.com.br\/agazeta\/reitoria-da-ufac-gastou-quase-r1-milhao-em-viagens-de-setembro-de-2022-a-maio-de-2024\/#primaryimage"},"image":{"@id":"https:\/\/nk7-testes.com.br\/agazeta\/reitoria-da-ufac-gastou-quase-r1-milhao-em-viagens-de-setembro-de-2022-a-maio-de-2024\/#primaryimage"},"thumbnailUrl":"https:\/\/nk7-testes.com.br\/agazeta\/wp-content\/uploads\/2024\/06\/WhatsApp-Image-2024-06-21-at-9.15.32-AM-scaled.webp","datePublished":"2024-06-21T14:19:07+00:00","author":{"@id":"https:\/\/nk7-testes.com.br\/agazeta\/#\/schema\/person\/6d6e25cb0435eb4a02fd44d30b4e3020"},"breadcrumb":{"@id":"https:\/\/nk7-testes.com.br\/agazeta\/reitoria-da-ufac-gastou-quase-r1-milhao-em-viagens-de-setembro-de-2022-a-maio-de-2024\/#breadcrumb"},"inLanguage":"pt-BR","potentialAction":[{"@type":"ReadAction","target":["https:\/\/nk7-testes.com.br\/agazeta\/reitoria-da-ufac-gastou-quase-r1-milhao-em-viagens-de-setembro-de-2022-a-maio-de-2024\/"]}]},{"@type":"ImageObject","inLanguage":"pt-BR","@id":"https:\/\/nk7-testes.com.br\/agazeta\/reitoria-da-ufac-gastou-quase-r1-milhao-em-viagens-de-setembro-de-2022-a-maio-de-2024\/#primaryimage","url":"https:\/\/nk7-testes.com.br\/agazeta\/wp-content\/uploads\/2024\/06\/WhatsApp-Image-2024-06-21-at-9.15.32-AM-scaled.webp","contentUrl":"https:\/\/nk7-testes.com.br\/agazeta\/wp-content\/uploads\/2024\/06\/WhatsApp-Image-2024-06-21-at-9.15.32-AM-scaled.webp","width":2560,"height":1440,"caption":"Fonte: Arquivo Pessoal"},{"@type":"BreadcrumbList","@id":"https:\/\/nk7-testes.com.br\/agazeta\/reitoria-da-ufac-gastou-quase-r1-milhao-em-viagens-de-setembro-de-2022-a-maio-de-2024\/#breadcrumb","itemListElement":[{"@type":"ListItem","position":1,"name":"In\u00edcio","item":"https:\/\/nk7-testes.com.br\/agazeta\/"},{"@type":"ListItem","position":2,"name":"Reitoria da Ufac gastou quase R$1 milh\u00e3o em viagens de setembro de 2022 a maio de 2024"}]},{"@type":"WebSite","@id":"https:\/\/nk7-testes.com.br\/agazeta\/#website","url":"https:\/\/nk7-testes.com.br\/agazeta\/","name":"Agazeta.net","description":"Agazeta.net - Not\u00edcias de Rio Branco\/AC","potentialAction":[{"@type":"SearchAction","target":{"@type":"EntryPoint","urlTemplate":"https:\/\/nk7-testes.com.br\/agazeta\/?s={search_term_string}"},"query-input":{"@type":"PropertyValueSpecification","valueRequired":true,"valueName":"search_term_string"}}],"inLanguage":"pt-BR"},{"@type":"Person","@id":"https:\/\/nk7-testes.com.br\/agazeta\/#\/schema\/person\/6d6e25cb0435eb4a02fd44d30b4e3020","name":"Agazeta.Net","url":"https:\/\/nk7-testes.com.br\/agazeta\/author\/agazeta\/"}]}},"_links":{"self":[{"href":"https:\/\/nk7-testes.com.br\/agazeta\/wp-json\/wp\/v2\/posts\/134298","targetHints":{"allow":["GET"]}}],"collection":[{"href":"https:\/\/nk7-testes.com.br\/agazeta\/wp-json\/wp\/v2\/posts"}],"about":[{"href":"https:\/\/nk7-testes.com.br\/agazeta\/wp-json\/wp\/v2\/types\/post"}],"author":[{"embeddable":true,"href":"https:\/\/nk7-testes.com.br\/agazeta\/wp-json\/wp\/v2\/users\/4"}],"replies":[{"embeddable":true,"href":"https:\/\/nk7-testes.com.br\/agazeta\/wp-json\/wp\/v2\/comments?post=134298"}],"version-history":[{"count":0,"href":"https:\/\/nk7-testes.com.br\/agazeta\/wp-json\/wp\/v2\/posts\/134298\/revisions"}],"wp:featuredmedia":[{"embeddable":true,"href":"https:\/\/nk7-testes.com.br\/agazeta\/wp-json\/wp\/v2\/media\/134303"}],"wp:attachment":[{"href":"https:\/\/nk7-testes.com.br\/agazeta\/wp-json\/wp\/v2\/media?parent=134298"}],"wp:term":[{"taxonomy":"category","embeddable":true,"href":"https:\/\/nk7-testes.com.br\/agazeta\/wp-json\/wp\/v2\/categories?post=134298"},{"taxonomy":"post_tag","embeddable":true,"href":"https:\/\/nk7-testes.com.br\/agazeta\/wp-json\/wp\/v2\/tags?post=134298"}],"curies":[{"name":"wp","href":"https:\/\/api.w.org\/{rel}","templated":true}]}}