{"id":134217,"date":"2024-06-19T16:50:17","date_gmt":"2024-06-19T21:50:17","guid":{"rendered":"https:\/\/nk7-testes.com.br\/?p=134217"},"modified":"2024-06-19T16:50:17","modified_gmt":"2024-06-19T21:50:17","slug":"nao-ha-prova-que-a-cena-dos-fatos-foi-alterada-diz-defesa-dos-acusados-de-matar-enfermeira-no-ac","status":"publish","type":"post","link":"https:\/\/nk7-testes.com.br\/agazeta\/nao-ha-prova-que-a-cena-dos-fatos-foi-alterada-diz-defesa-dos-acusados-de-matar-enfermeira-no-ac\/","title":{"rendered":"&#8220;N\u00e3o h\u00e1 prova que a cena dos fatos foi alterada&#8221;, diz defesa dos acusados de matar enfermeira no AC"},"content":{"rendered":"<p style=\"text-align: justify;\">Em entrevista exclusiva \u00e0 TV Gazeta, nesta quarta-feira, 19, o advogado Wellington Silva, defesa dos policiais acusados de assassinar a enfermeira G\u00e9ssica Oliveira, durante persegui\u00e7\u00e3o na BR-317 em dezembro de 2023, afirma que n\u00e3o existe prova para comprovar que a cena do fato foi alterada pelos militares.<\/p>\n<p style=\"text-align: justify;\">No inqu\u00e9rito policial conclu\u00eddo nesta segunda-feira, 17, os sargentos da Pol\u00edcia Militar do Acre (PM-AC), Cleonizio Marques Vilas Boas e Gleyson Costa de Souza, s\u00e3o indiciados pelo crime de fraude processual, al\u00e9m de homic\u00eddio qualificado.<\/p>\n<p style=\"text-align: justify;\">&#8220;Existe uma grande inconsist\u00eancia na prova pericial apresentada. Algumas per\u00edcias deixaram de ser realizadas. Outras per\u00edcias que n\u00e3o t\u00eam base t\u00e9cnico-cient\u00edfica alguma fizeram afirma\u00e7\u00f5es que n\u00e3o poderiam fazer&#8221;, diz Wellington Silva.<\/p>\n<p style=\"text-align: justify;\">De acordo com ele, n\u00e3o existem elementos para que a afirma\u00e7\u00e3o de que eles colocaram uma arma de fogo na cena seja feita. Al\u00e9m disso, o advogado ressalta que a arma encontrada no local do ocorrido n\u00e3o possu\u00eda DNA dos acusados.<\/p>\n<p style=\"text-align: justify;\">&#8220;Primeiro, n\u00e3o tinha elementos suficientes para faz\u00ea-lo. Segundo, fizeram uma an\u00e1lise minuciosa de elementos que n\u00e3o foram coletados ou que n\u00e3o foram realizados. Por exemplo, na arma n\u00e3o tem evid\u00eancias de que os acusados manusearam esse armamento, porque n\u00e3o existe DNA deles&#8221;, afirma.<\/p>\n<p style=\"text-align: justify;\">Wellington Silva deixa claro que n\u00e3o existe prova concreta de que a arma tenha sido inserida pelos policiais que fizeram a persegui\u00e7\u00e3o da enfermeira enquanto ela estava em surto psic\u00f3tico.<\/p>\n<p style=\"text-align: justify;\">&#8220;Por outro lado, fala-se que houve uma fraude processual, ou seja, que essa arma foi plantada ou foi inserida pelos policiais no local. A prova n\u00e3o caminha nesse sentido. N\u00e3o h\u00e1 uma prova robusta e eficiente que comprove que a cena dos fatos foi alterada&#8221;<\/p>\n<p><em><strong>Com informa\u00e7\u00f5es do rep\u00f3rter Luan Rodrigo para a TV Gazeta<\/strong><\/em><\/p>\n","protected":false},"excerpt":{"rendered":"<p>Em entrevista exclusiva \u00e0 TV Gazeta, nesta quarta-feira, 19, o advogado Wellington Silva, defesa dos policiais acusados de assassinar a enfermeira G\u00e9ssica Oliveira, durante persegui\u00e7\u00e3o na BR-317 em dezembro de 2023, afirma que n\u00e3o existe prova para comprovar que a cena do fato foi alterada pelos militares. No inqu\u00e9rito policial conclu\u00eddo nesta segunda-feira, 17, os [&hellip;]<\/p>\n","protected":false},"author":4,"featured_media":134218,"comment_status":"open","ping_status":"open","sticky":false,"template":"","format":"standard","meta":{"jnews-multi-image_gallery":[],"jnews_single_post":{"source_name":"","source_url":"","via_name":"","via_url":"","override_template":"0","override":[{"template":"custom","single_blog_custom":"110746","parallax":"1","fullscreen":"1","layout":"right-sidebar","sidebar":"default-sidebar","second_sidebar":"default-sidebar","sticky_sidebar":"1","share_position":"top","share_float_style":"share-monocrhome","show_share_counter":"1","show_view_counter":"1","show_featured":"1","show_post_meta":"1","show_post_author":"1","show_post_author_image":"1","show_post_date":"1","post_date_format":"default","post_date_format_custom":"Y\/m\/d","show_post_category":"1","show_post_reading_time":"0","post_reading_time_wpm":"300","show_zoom_button":"0","zoom_button_out_step":"2","zoom_button_in_step":"3","show_post_tag":"1","show_prev_next_post":"1","show_popup_post":"1","number_popup_post":"1","show_author_box":"0","show_post_related":"1","show_inline_post_related":"0"}],"override_image_size":"0","image_override":[{"single_post_thumbnail_size":"crop-500","single_post_gallery_size":"crop-500"}],"trending_post":"0","trending_post_position":"meta","trending_post_label":"Trending","sponsored_post":"0","sponsored_post_label":"Sponsored by","sponsored_post_name":"","sponsored_post_url":"","sponsored_post_logo_enable":"0","sponsored_post_logo":"","sponsored_post_desc":"","disable_ad":"0"},"jnews_primary_category":{"id":"","hide":""},"jnews_social_meta":{"fb_title":"","fb_description":"","fb_image":"","twitter_title":"","twitter_description":"","twitter_image":""},"jnews_review":[],"enable_review":"0","type":"percentage","name":"","summary":"","brand":"","sku":"","good":[{"good_text":""}],"bad":[{"bad_text":""}],"score_override":"0","override_value":"","rating":[{"rating_text":"","rating_number":"10"}],"price":[{"shop":"","price":"","link":"","icon":""}],"footnotes":""},"categories":[54],"tags":[152],"class_list":["post-134217","post","type-post","status-publish","format-standard","has-post-thumbnail","hentry","category-cotidiano","tag-destaque"],"yoast_head":"<!-- This site is optimized with the Yoast SEO plugin v26.5 - https:\/\/yoast.com\/wordpress\/plugins\/seo\/ -->\n<title>&quot;N\u00e3o h\u00e1 prova que a cena dos fatos foi alterada&quot;, diz defesa dos acusados de matar enfermeira no AC - Agazeta.net<\/title>\n<meta name=\"robots\" content=\"index, follow, max-snippet:-1, max-image-preview:large, max-video-preview:-1\" \/>\n<link rel=\"canonical\" href=\"https:\/\/nk7-testes.com.br\/agazeta\/nao-ha-prova-que-a-cena-dos-fatos-foi-alterada-diz-defesa-dos-acusados-de-matar-enfermeira-no-ac\/\" \/>\n<meta property=\"og:locale\" content=\"pt_BR\" \/>\n<meta property=\"og:type\" content=\"article\" \/>\n<meta property=\"og:title\" content=\"&quot;N\u00e3o h\u00e1 prova que a cena dos fatos foi alterada&quot;, diz defesa dos acusados de matar enfermeira no AC\" \/>\n<meta property=\"og:description\" content=\"No inqu\u00e9rito conclu\u00eddo nesta segunda-feira (17), os policiais acusados s\u00e3o indiciados pelo crime de fraude processual\" \/>\n<meta property=\"og:url\" content=\"https:\/\/nk7-testes.com.br\/agazeta\/nao-ha-prova-que-a-cena-dos-fatos-foi-alterada-diz-defesa-dos-acusados-de-matar-enfermeira-no-ac\/\" \/>\n<meta property=\"og:site_name\" content=\"Agazeta.net\" \/>\n<meta property=\"article:published_time\" content=\"2024-06-19T21:50:17+00:00\" \/>\n<meta property=\"og:image\" content=\"https:\/\/nk7-testes.com.br\/agazeta\/wp-content\/uploads\/2024\/06\/WhatsApp-Image-2024-06-19-at-16.14.06-jpeg.webp\" \/>\n\t<meta property=\"og:image:width\" content=\"800\" \/>\n\t<meta property=\"og:image:height\" content=\"406\" \/>\n\t<meta property=\"og:image:type\" content=\"image\/jpeg\" \/>\n<meta name=\"author\" content=\"Agazeta.Net\" \/>\n<meta name=\"twitter:card\" content=\"summary_large_image\" \/>\n<meta name=\"twitter:label1\" content=\"Escrito por\" \/>\n\t<meta name=\"twitter:data1\" content=\"Agazeta.Net\" \/>\n\t<meta name=\"twitter:label2\" content=\"Est. tempo de leitura\" \/>\n\t<meta name=\"twitter:data2\" content=\"2 minutos\" \/>\n<script type=\"application\/ld+json\" class=\"yoast-schema-graph\">{\"@context\":\"https:\/\/schema.org\",\"@graph\":[{\"@type\":\"WebPage\",\"@id\":\"https:\/\/nk7-testes.com.br\/agazeta\/nao-ha-prova-que-a-cena-dos-fatos-foi-alterada-diz-defesa-dos-acusados-de-matar-enfermeira-no-ac\/\",\"url\":\"https:\/\/nk7-testes.com.br\/agazeta\/nao-ha-prova-que-a-cena-dos-fatos-foi-alterada-diz-defesa-dos-acusados-de-matar-enfermeira-no-ac\/\",\"name\":\"\\\"N\u00e3o h\u00e1 prova que a cena dos fatos foi alterada\\\", diz defesa dos acusados de matar enfermeira no AC - Agazeta.net\",\"isPartOf\":{\"@id\":\"https:\/\/nk7-testes.com.br\/agazeta\/#website\"},\"primaryImageOfPage\":{\"@id\":\"https:\/\/nk7-testes.com.br\/agazeta\/nao-ha-prova-que-a-cena-dos-fatos-foi-alterada-diz-defesa-dos-acusados-de-matar-enfermeira-no-ac\/#primaryimage\"},\"image\":{\"@id\":\"https:\/\/nk7-testes.com.br\/agazeta\/nao-ha-prova-que-a-cena-dos-fatos-foi-alterada-diz-defesa-dos-acusados-de-matar-enfermeira-no-ac\/#primaryimage\"},\"thumbnailUrl\":\"https:\/\/nk7-testes.com.br\/agazeta\/wp-content\/uploads\/2024\/06\/WhatsApp-Image-2024-06-19-at-16.14.06-jpeg.webp\",\"datePublished\":\"2024-06-19T21:50:17+00:00\",\"author\":{\"@id\":\"https:\/\/nk7-testes.com.br\/agazeta\/#\/schema\/person\/6d6e25cb0435eb4a02fd44d30b4e3020\"},\"breadcrumb\":{\"@id\":\"https:\/\/nk7-testes.com.br\/agazeta\/nao-ha-prova-que-a-cena-dos-fatos-foi-alterada-diz-defesa-dos-acusados-de-matar-enfermeira-no-ac\/#breadcrumb\"},\"inLanguage\":\"pt-BR\",\"potentialAction\":[{\"@type\":\"ReadAction\",\"target\":[\"https:\/\/nk7-testes.com.br\/agazeta\/nao-ha-prova-que-a-cena-dos-fatos-foi-alterada-diz-defesa-dos-acusados-de-matar-enfermeira-no-ac\/\"]}]},{\"@type\":\"ImageObject\",\"inLanguage\":\"pt-BR\",\"@id\":\"https:\/\/nk7-testes.com.br\/agazeta\/nao-ha-prova-que-a-cena-dos-fatos-foi-alterada-diz-defesa-dos-acusados-de-matar-enfermeira-no-ac\/#primaryimage\",\"url\":\"https:\/\/nk7-testes.com.br\/agazeta\/wp-content\/uploads\/2024\/06\/WhatsApp-Image-2024-06-19-at-16.14.06-jpeg.webp\",\"contentUrl\":\"https:\/\/nk7-testes.com.br\/agazeta\/wp-content\/uploads\/2024\/06\/WhatsApp-Image-2024-06-19-at-16.14.06-jpeg.webp\",\"width\":800,\"height\":406},{\"@type\":\"BreadcrumbList\",\"@id\":\"https:\/\/nk7-testes.com.br\/agazeta\/nao-ha-prova-que-a-cena-dos-fatos-foi-alterada-diz-defesa-dos-acusados-de-matar-enfermeira-no-ac\/#breadcrumb\",\"itemListElement\":[{\"@type\":\"ListItem\",\"position\":1,\"name\":\"In\u00edcio\",\"item\":\"https:\/\/nk7-testes.com.br\/agazeta\/\"},{\"@type\":\"ListItem\",\"position\":2,\"name\":\"&#8220;N\u00e3o h\u00e1 prova que a cena dos fatos foi alterada&#8221;, diz defesa dos acusados de matar enfermeira no AC\"}]},{\"@type\":\"WebSite\",\"@id\":\"https:\/\/nk7-testes.com.br\/agazeta\/#website\",\"url\":\"https:\/\/nk7-testes.com.br\/agazeta\/\",\"name\":\"Agazeta.net\",\"description\":\"Agazeta.net - Not\u00edcias de Rio Branco\/AC\",\"potentialAction\":[{\"@type\":\"SearchAction\",\"target\":{\"@type\":\"EntryPoint\",\"urlTemplate\":\"https:\/\/nk7-testes.com.br\/agazeta\/?s={search_term_string}\"},\"query-input\":{\"@type\":\"PropertyValueSpecification\",\"valueRequired\":true,\"valueName\":\"search_term_string\"}}],\"inLanguage\":\"pt-BR\"},{\"@type\":\"Person\",\"@id\":\"https:\/\/nk7-testes.com.br\/agazeta\/#\/schema\/person\/6d6e25cb0435eb4a02fd44d30b4e3020\",\"name\":\"Agazeta.Net\",\"url\":\"https:\/\/nk7-testes.com.br\/agazeta\/author\/agazeta\/\"}]}<\/script>\n<!-- \/ Yoast SEO plugin. -->","yoast_head_json":{"title":"\"N\u00e3o h\u00e1 prova que a cena dos fatos foi alterada\", diz defesa dos acusados de matar enfermeira no AC - Agazeta.net","robots":{"index":"index","follow":"follow","max-snippet":"max-snippet:-1","max-image-preview":"max-image-preview:large","max-video-preview":"max-video-preview:-1"},"canonical":"https:\/\/nk7-testes.com.br\/agazeta\/nao-ha-prova-que-a-cena-dos-fatos-foi-alterada-diz-defesa-dos-acusados-de-matar-enfermeira-no-ac\/","og_locale":"pt_BR","og_type":"article","og_title":"\"N\u00e3o h\u00e1 prova que a cena dos fatos foi alterada\", diz defesa dos acusados de matar enfermeira no AC","og_description":"No inqu\u00e9rito conclu\u00eddo nesta segunda-feira (17), os policiais acusados s\u00e3o indiciados pelo crime de fraude processual","og_url":"https:\/\/nk7-testes.com.br\/agazeta\/nao-ha-prova-que-a-cena-dos-fatos-foi-alterada-diz-defesa-dos-acusados-de-matar-enfermeira-no-ac\/","og_site_name":"Agazeta.net","article_published_time":"2024-06-19T21:50:17+00:00","og_image":[{"width":800,"height":406,"url":"https:\/\/nk7-testes.com.br\/agazeta\/wp-content\/uploads\/2024\/06\/WhatsApp-Image-2024-06-19-at-16.14.06-jpeg.webp","type":"image\/jpeg"}],"author":"Agazeta.Net","twitter_card":"summary_large_image","twitter_misc":{"Escrito por":"Agazeta.Net","Est. tempo de leitura":"2 minutos"},"schema":{"@context":"https:\/\/schema.org","@graph":[{"@type":"WebPage","@id":"https:\/\/nk7-testes.com.br\/agazeta\/nao-ha-prova-que-a-cena-dos-fatos-foi-alterada-diz-defesa-dos-acusados-de-matar-enfermeira-no-ac\/","url":"https:\/\/nk7-testes.com.br\/agazeta\/nao-ha-prova-que-a-cena-dos-fatos-foi-alterada-diz-defesa-dos-acusados-de-matar-enfermeira-no-ac\/","name":"\"N\u00e3o h\u00e1 prova que a cena dos fatos foi alterada\", diz defesa dos acusados de matar enfermeira no AC - Agazeta.net","isPartOf":{"@id":"https:\/\/nk7-testes.com.br\/agazeta\/#website"},"primaryImageOfPage":{"@id":"https:\/\/nk7-testes.com.br\/agazeta\/nao-ha-prova-que-a-cena-dos-fatos-foi-alterada-diz-defesa-dos-acusados-de-matar-enfermeira-no-ac\/#primaryimage"},"image":{"@id":"https:\/\/nk7-testes.com.br\/agazeta\/nao-ha-prova-que-a-cena-dos-fatos-foi-alterada-diz-defesa-dos-acusados-de-matar-enfermeira-no-ac\/#primaryimage"},"thumbnailUrl":"https:\/\/nk7-testes.com.br\/agazeta\/wp-content\/uploads\/2024\/06\/WhatsApp-Image-2024-06-19-at-16.14.06-jpeg.webp","datePublished":"2024-06-19T21:50:17+00:00","author":{"@id":"https:\/\/nk7-testes.com.br\/agazeta\/#\/schema\/person\/6d6e25cb0435eb4a02fd44d30b4e3020"},"breadcrumb":{"@id":"https:\/\/nk7-testes.com.br\/agazeta\/nao-ha-prova-que-a-cena-dos-fatos-foi-alterada-diz-defesa-dos-acusados-de-matar-enfermeira-no-ac\/#breadcrumb"},"inLanguage":"pt-BR","potentialAction":[{"@type":"ReadAction","target":["https:\/\/nk7-testes.com.br\/agazeta\/nao-ha-prova-que-a-cena-dos-fatos-foi-alterada-diz-defesa-dos-acusados-de-matar-enfermeira-no-ac\/"]}]},{"@type":"ImageObject","inLanguage":"pt-BR","@id":"https:\/\/nk7-testes.com.br\/agazeta\/nao-ha-prova-que-a-cena-dos-fatos-foi-alterada-diz-defesa-dos-acusados-de-matar-enfermeira-no-ac\/#primaryimage","url":"https:\/\/nk7-testes.com.br\/agazeta\/wp-content\/uploads\/2024\/06\/WhatsApp-Image-2024-06-19-at-16.14.06-jpeg.webp","contentUrl":"https:\/\/nk7-testes.com.br\/agazeta\/wp-content\/uploads\/2024\/06\/WhatsApp-Image-2024-06-19-at-16.14.06-jpeg.webp","width":800,"height":406},{"@type":"BreadcrumbList","@id":"https:\/\/nk7-testes.com.br\/agazeta\/nao-ha-prova-que-a-cena-dos-fatos-foi-alterada-diz-defesa-dos-acusados-de-matar-enfermeira-no-ac\/#breadcrumb","itemListElement":[{"@type":"ListItem","position":1,"name":"In\u00edcio","item":"https:\/\/nk7-testes.com.br\/agazeta\/"},{"@type":"ListItem","position":2,"name":"&#8220;N\u00e3o h\u00e1 prova que a cena dos fatos foi alterada&#8221;, diz defesa dos acusados de matar enfermeira no AC"}]},{"@type":"WebSite","@id":"https:\/\/nk7-testes.com.br\/agazeta\/#website","url":"https:\/\/nk7-testes.com.br\/agazeta\/","name":"Agazeta.net","description":"Agazeta.net - Not\u00edcias de Rio Branco\/AC","potentialAction":[{"@type":"SearchAction","target":{"@type":"EntryPoint","urlTemplate":"https:\/\/nk7-testes.com.br\/agazeta\/?s={search_term_string}"},"query-input":{"@type":"PropertyValueSpecification","valueRequired":true,"valueName":"search_term_string"}}],"inLanguage":"pt-BR"},{"@type":"Person","@id":"https:\/\/nk7-testes.com.br\/agazeta\/#\/schema\/person\/6d6e25cb0435eb4a02fd44d30b4e3020","name":"Agazeta.Net","url":"https:\/\/nk7-testes.com.br\/agazeta\/author\/agazeta\/"}]}},"_links":{"self":[{"href":"https:\/\/nk7-testes.com.br\/agazeta\/wp-json\/wp\/v2\/posts\/134217","targetHints":{"allow":["GET"]}}],"collection":[{"href":"https:\/\/nk7-testes.com.br\/agazeta\/wp-json\/wp\/v2\/posts"}],"about":[{"href":"https:\/\/nk7-testes.com.br\/agazeta\/wp-json\/wp\/v2\/types\/post"}],"author":[{"embeddable":true,"href":"https:\/\/nk7-testes.com.br\/agazeta\/wp-json\/wp\/v2\/users\/4"}],"replies":[{"embeddable":true,"href":"https:\/\/nk7-testes.com.br\/agazeta\/wp-json\/wp\/v2\/comments?post=134217"}],"version-history":[{"count":0,"href":"https:\/\/nk7-testes.com.br\/agazeta\/wp-json\/wp\/v2\/posts\/134217\/revisions"}],"wp:featuredmedia":[{"embeddable":true,"href":"https:\/\/nk7-testes.com.br\/agazeta\/wp-json\/wp\/v2\/media\/134218"}],"wp:attachment":[{"href":"https:\/\/nk7-testes.com.br\/agazeta\/wp-json\/wp\/v2\/media?parent=134217"}],"wp:term":[{"taxonomy":"category","embeddable":true,"href":"https:\/\/nk7-testes.com.br\/agazeta\/wp-json\/wp\/v2\/categories?post=134217"},{"taxonomy":"post_tag","embeddable":true,"href":"https:\/\/nk7-testes.com.br\/agazeta\/wp-json\/wp\/v2\/tags?post=134217"}],"curies":[{"name":"wp","href":"https:\/\/api.w.org\/{rel}","templated":true}]}}