{"id":134174,"date":"2024-06-19T11:30:49","date_gmt":"2024-06-19T16:30:49","guid":{"rendered":"https:\/\/nk7-testes.com.br\/?p=134174"},"modified":"2024-06-19T11:32:00","modified_gmt":"2024-06-19T16:32:00","slug":"casos-de-estupros-de-vulneravel-aumentou-mais-de-70-no-brasil-ao-longo-de-11-anos","status":"publish","type":"post","link":"https:\/\/nk7-testes.com.br\/agazeta\/casos-de-estupros-de-vulneravel-aumentou-mais-de-70-no-brasil-ao-longo-de-11-anos\/","title":{"rendered":"Casos de estupros de vulner\u00e1vel aumentaram mais de 70% no Brasil ao longo de 11 anos"},"content":{"rendered":"<p style=\"text-align: justify;\">Segundo dados da \u00faltima edi\u00e7\u00e3o do Anu\u00e1rio Brasileiro de Seguran\u00e7a P\u00fablica, publicada ano passado, 74.930 mulheres foram v\u00edtimas de estupro, no ano de 2022 marcando o maior registro da hist\u00f3ria.<\/p>\n<p style=\"text-align: justify;\">A situa\u00e7\u00e3o \u00e9 ainda mais alarmante quando a v\u00edtima \u00e9 uma crian\u00e7a ou adolescente. Muitos desses estupros resultam em gravidez indesejada, causando diversas sequelas tanto para a m\u00e3e quanto para o beb\u00ea. As consequ\u00eancias emocionais incluem ansiedade, depress\u00e3o e comportamentos autodestrutivos.<\/p>\n<figure id=\"attachment_134182\" aria-describedby=\"caption-attachment-134182\" style=\"width: 1866px\" class=\"wp-caption alignnone\"><img decoding=\"async\" class=\"wp-image-134182 size-full\" src=\"https:\/\/nk7-testes.com.br\/wp-content\/uploads\/2024\/06\/MEITU_20240619_100641064-jpg.webp\" alt=\"\" width=\"1866\" height=\"1050\" srcset=\"https:\/\/nk7-testes.com.br\/agazeta\/wp-content\/uploads\/2024\/06\/MEITU_20240619_100641064-jpg.webp 1866w, https:\/\/nk7-testes.com.br\/agazeta\/wp-content\/uploads\/2024\/06\/MEITU_20240619_100641064-300x169.webp 300w, https:\/\/nk7-testes.com.br\/agazeta\/wp-content\/uploads\/2024\/06\/MEITU_20240619_100641064-1024x576.webp 1024w, https:\/\/nk7-testes.com.br\/agazeta\/wp-content\/uploads\/2024\/06\/MEITU_20240619_100641064-768x432.webp 768w, https:\/\/nk7-testes.com.br\/agazeta\/wp-content\/uploads\/2024\/06\/MEITU_20240619_100641064-1536x864.webp 1536w, https:\/\/nk7-testes.com.br\/agazeta\/wp-content\/uploads\/2024\/06\/MEITU_20240619_100641064-750x422.webp 750w, https:\/\/nk7-testes.com.br\/agazeta\/wp-content\/uploads\/2024\/06\/MEITU_20240619_100641064-1140x641.webp 1140w\" sizes=\"(max-width: 1866px) 100vw, 1866px\" \/><figcaption id=\"caption-attachment-134182\" class=\"wp-caption-text\">Fonte: F\u00f3rum Brasileiro de Seguran\u00e7a P\u00fablica<\/figcaption><\/figure>\n<p style=\"text-align: justify;\">Em 2011, foram registrados 43.869 casos, enquanto em 2022, o n\u00famero aumentou para 74.930, representando um crescimento de 70,8%. No entanto, esses n\u00fameros podem ser ainda maiores, pois os dados refletem apenas os casos notificados \u00e0s autoridades. De acordo com o F\u00f3rum Brasileiro de Seguran\u00e7a P\u00fablica, a maioria dos estupros \u00e9 cometida por pessoas conhecidas da v\u00edtima, com 68,3% ocorrendo dentro da pr\u00f3pria casa.<br \/>\nNo Brasil, o aborto \u00e9 permitido em apenas tr\u00eas situa\u00e7\u00f5es: quando a gravidez resulta de estupro, quando h\u00e1 risco de vida para a mulher, ou em casos de anencefalia fetal. No entanto, a falta de informa\u00e7\u00e3o muitas vezes impede que as v\u00edtimas conhe\u00e7am seus direitos, levando-as a recorrer a abortos clandestinos, colocando suas vidas em risco. Em 2023, no Acre, tr\u00eas abortos foram realizados em meninas com menos de 14 anos com autoriza\u00e7\u00e3o judicial; este ano, j\u00e1 foram 5 casos.<\/p>\n<p style=\"text-align: justify;\">A Secretaria da Mulher do Estado (Semulher) acompanha de perto e presta toda a assist\u00eancia poss\u00edvel \u00e0s v\u00edtimas de estupro e destaca a import\u00e2ncia de implementar pol\u00edticas p\u00fablicas para combater e, principalmente, prevenir crimes dessa natureza atrav\u00e9s da conscientiza\u00e7\u00e3o.<\/p>\n<p style=\"text-align: justify;\">Madge Porto, doutora em psicologia cl\u00ednica e pesquisadora sobre abortamento feminino, defende que uma gravidez indesejada, especialmente resultante de estupro, n\u00e3o \u00e9 saud\u00e1vel nem para a m\u00e3e nem para o feto. A interrup\u00e7\u00e3o dessa gravidez pode proporcionar al\u00edvio para a mulher, diferentemente do aborto espont\u00e2neo de uma gravidez desejada, que pode causar danos emocionais irrevers\u00edveis.<br \/>\nAl\u00e9m disso, a pesquisadora alerta sobre o projeto de lei que equipara o aborto ap\u00f3s a 22\u00aa semana de gesta\u00e7\u00e3o ao crime de homic\u00eddio, incluindo casos decorrentes de estupro. Ela tamb\u00e9m chama a aten\u00e7\u00e3o para as muitas meninas com menos de 14 anos que chegam gr\u00e1vidas \u00e0s maternidades e n\u00e3o s\u00e3o notificadas como v\u00edtimas de viol\u00eancia sexual.<\/p>\n<p style=\"text-align: justify;\">\u201cA gente entende que esse projeto de lei \u00e9 feito para a prote\u00e7\u00e3o do estuprador porque ele n\u00e3o foi pensado por mulheres. \u00c9 s\u00f3 analisar que a maioria da c\u00e2mara \u00e9 composta por homens. Como v\u00e3o querer que as mulheres fa\u00e7am um aborto mediante a lei se elas n\u00e3o t\u00eam o acesso? \u00c9 basicamente criminalizar mulheres sem dar a devida assist\u00eancia.\u201d afirma Porto.<\/p>\n<p style=\"text-align: justify;\"><em>Mat\u00e9ria em v\u00eddeo produzida pela rep\u00f3rter D\u00e9bora Ribeiro para a TV Gazeta.<\/em><\/p>\n","protected":false},"excerpt":{"rendered":"<p>Segundo dados da \u00faltima edi\u00e7\u00e3o do Anu\u00e1rio Brasileiro de Seguran\u00e7a P\u00fablica, publicada ano passado, 74.930 mulheres foram v\u00edtimas de estupro, no ano de 2022 marcando o maior registro da hist\u00f3ria. A situa\u00e7\u00e3o \u00e9 ainda mais alarmante quando a v\u00edtima \u00e9 uma crian\u00e7a ou adolescente. Muitos desses estupros resultam em gravidez indesejada, causando diversas sequelas tanto [&hellip;]<\/p>\n","protected":false},"author":4,"featured_media":134183,"comment_status":"open","ping_status":"open","sticky":false,"template":"","format":"standard","meta":{"jnews-multi-image_gallery":[],"jnews_single_post":{"source_name":"","source_url":"","via_name":"","via_url":"","override_template":"0","override":[{"template":"custom","single_blog_custom":"110746","parallax":"1","fullscreen":"1","layout":"right-sidebar","sidebar":"default-sidebar","second_sidebar":"default-sidebar","sticky_sidebar":"1","share_position":"top","share_float_style":"share-monocrhome","show_share_counter":"1","show_view_counter":"1","show_featured":"1","show_post_meta":"1","show_post_author":"1","show_post_author_image":"1","show_post_date":"1","post_date_format":"default","post_date_format_custom":"Y\/m\/d","show_post_category":"1","show_post_reading_time":"0","post_reading_time_wpm":"300","show_zoom_button":"0","zoom_button_out_step":"2","zoom_button_in_step":"3","show_post_tag":"1","show_prev_next_post":"1","show_popup_post":"1","number_popup_post":"1","show_author_box":"0","show_post_related":"1","show_inline_post_related":"0"}],"override_image_size":"0","image_override":[{"single_post_thumbnail_size":"crop-500","single_post_gallery_size":"crop-500"}],"trending_post":"0","trending_post_position":"meta","trending_post_label":"Trending","sponsored_post":"0","sponsored_post_label":"Sponsored by","sponsored_post_name":"","sponsored_post_url":"","sponsored_post_logo_enable":"0","sponsored_post_logo":"","sponsored_post_desc":"","disable_ad":"0"},"jnews_primary_category":{"id":"","hide":""},"jnews_social_meta":{"fb_title":"","fb_description":"","fb_image":"","twitter_title":"","twitter_description":"","twitter_image":""},"jnews_review":[],"enable_review":"0","type":"percentage","name":"","summary":"","brand":"","sku":"","good":[{"good_text":""}],"bad":[{"bad_text":""}],"score_override":"0","override_value":"","rating":[{"rating_text":"","rating_number":"10"}],"price":[{"shop":"","price":"","link":"","icon":""}],"footnotes":""},"categories":[54],"tags":[152],"class_list":["post-134174","post","type-post","status-publish","format-standard","has-post-thumbnail","hentry","category-cotidiano","tag-destaque"],"yoast_head":"<!-- This site is optimized with the Yoast SEO plugin v26.5 - https:\/\/yoast.com\/wordpress\/plugins\/seo\/ -->\n<title>Casos de estupros de vulner\u00e1vel aumentaram mais de 70% no Brasil ao longo de 11 anos - Agazeta.net<\/title>\n<meta name=\"robots\" content=\"index, follow, max-snippet:-1, max-image-preview:large, max-video-preview:-1\" \/>\n<link rel=\"canonical\" href=\"https:\/\/nk7-testes.com.br\/agazeta\/casos-de-estupros-de-vulneravel-aumentou-mais-de-70-no-brasil-ao-longo-de-11-anos\/\" \/>\n<meta property=\"og:locale\" content=\"pt_BR\" \/>\n<meta property=\"og:type\" content=\"article\" \/>\n<meta property=\"og:title\" content=\"Casos de estupros de vulner\u00e1vel aumentou mais de 70% no Brasil ao longo de 11 anos\" \/>\n<meta property=\"og:description\" content=\"Apenas neste ano, cinco meninas com menos de 14 anos realizaram abortos com autoriza\u00e7\u00e3o judicial no Acre\" \/>\n<meta property=\"og:url\" content=\"https:\/\/nk7-testes.com.br\/agazeta\/casos-de-estupros-de-vulneravel-aumentou-mais-de-70-no-brasil-ao-longo-de-11-anos\/\" \/>\n<meta property=\"og:site_name\" content=\"Agazeta.net\" \/>\n<meta property=\"article:published_time\" content=\"2024-06-19T16:30:49+00:00\" \/>\n<meta property=\"article:modified_time\" content=\"2024-06-19T16:32:00+00:00\" \/>\n<meta property=\"og:image\" content=\"https:\/\/nk7-testes.com.br\/agazeta\/wp-content\/uploads\/2024\/06\/abuso-sexual-infantil-focus-0-0-696-464-jpg.webp\" \/>\n\t<meta property=\"og:image:width\" content=\"696\" \/>\n\t<meta property=\"og:image:height\" content=\"464\" \/>\n\t<meta property=\"og:image:type\" content=\"image\/jpeg\" \/>\n<meta name=\"author\" content=\"Agazeta.Net\" \/>\n<meta name=\"twitter:card\" content=\"summary_large_image\" \/>\n<meta name=\"twitter:title\" content=\"Casos de estupros de vulner\u00e1vel aumentou mais de 70% no Brasil ao longo de 11 anos\" \/>\n<meta name=\"twitter:description\" content=\"Apenas neste ano, cinco meninas com menos de 14 anos realizaram abortos com autoriza\u00e7\u00e3o judicial no Acre\" \/>\n<meta name=\"twitter:image\" content=\"https:\/\/nk7-testes.com.br\/agazeta\/wp-content\/uploads\/2024\/06\/abuso-sexual-infantil-focus-0-0-696-464-jpg.webp\" \/>\n<meta name=\"twitter:label1\" content=\"Escrito por\" \/>\n\t<meta name=\"twitter:data1\" content=\"Agazeta.Net\" \/>\n\t<meta name=\"twitter:label2\" content=\"Est. tempo de leitura\" \/>\n\t<meta name=\"twitter:data2\" content=\"3 minutos\" \/>\n<script type=\"application\/ld+json\" class=\"yoast-schema-graph\">{\"@context\":\"https:\/\/schema.org\",\"@graph\":[{\"@type\":\"WebPage\",\"@id\":\"https:\/\/nk7-testes.com.br\/agazeta\/casos-de-estupros-de-vulneravel-aumentou-mais-de-70-no-brasil-ao-longo-de-11-anos\/\",\"url\":\"https:\/\/nk7-testes.com.br\/agazeta\/casos-de-estupros-de-vulneravel-aumentou-mais-de-70-no-brasil-ao-longo-de-11-anos\/\",\"name\":\"Casos de estupros de vulner\u00e1vel aumentaram mais de 70% no Brasil ao longo de 11 anos - Agazeta.net\",\"isPartOf\":{\"@id\":\"https:\/\/nk7-testes.com.br\/agazeta\/#website\"},\"primaryImageOfPage\":{\"@id\":\"https:\/\/nk7-testes.com.br\/agazeta\/casos-de-estupros-de-vulneravel-aumentou-mais-de-70-no-brasil-ao-longo-de-11-anos\/#primaryimage\"},\"image\":{\"@id\":\"https:\/\/nk7-testes.com.br\/agazeta\/casos-de-estupros-de-vulneravel-aumentou-mais-de-70-no-brasil-ao-longo-de-11-anos\/#primaryimage\"},\"thumbnailUrl\":\"https:\/\/nk7-testes.com.br\/agazeta\/wp-content\/uploads\/2024\/06\/abuso-sexual-infantil-focus-0-0-696-464-jpg.webp\",\"datePublished\":\"2024-06-19T16:30:49+00:00\",\"dateModified\":\"2024-06-19T16:32:00+00:00\",\"author\":{\"@id\":\"https:\/\/nk7-testes.com.br\/agazeta\/#\/schema\/person\/6d6e25cb0435eb4a02fd44d30b4e3020\"},\"breadcrumb\":{\"@id\":\"https:\/\/nk7-testes.com.br\/agazeta\/casos-de-estupros-de-vulneravel-aumentou-mais-de-70-no-brasil-ao-longo-de-11-anos\/#breadcrumb\"},\"inLanguage\":\"pt-BR\",\"potentialAction\":[{\"@type\":\"ReadAction\",\"target\":[\"https:\/\/nk7-testes.com.br\/agazeta\/casos-de-estupros-de-vulneravel-aumentou-mais-de-70-no-brasil-ao-longo-de-11-anos\/\"]}]},{\"@type\":\"ImageObject\",\"inLanguage\":\"pt-BR\",\"@id\":\"https:\/\/nk7-testes.com.br\/agazeta\/casos-de-estupros-de-vulneravel-aumentou-mais-de-70-no-brasil-ao-longo-de-11-anos\/#primaryimage\",\"url\":\"https:\/\/nk7-testes.com.br\/agazeta\/wp-content\/uploads\/2024\/06\/abuso-sexual-infantil-focus-0-0-696-464-jpg.webp\",\"contentUrl\":\"https:\/\/nk7-testes.com.br\/agazeta\/wp-content\/uploads\/2024\/06\/abuso-sexual-infantil-focus-0-0-696-464-jpg.webp\",\"width\":696,\"height\":464,\"caption\":\"Fonte: Internet\"},{\"@type\":\"BreadcrumbList\",\"@id\":\"https:\/\/nk7-testes.com.br\/agazeta\/casos-de-estupros-de-vulneravel-aumentou-mais-de-70-no-brasil-ao-longo-de-11-anos\/#breadcrumb\",\"itemListElement\":[{\"@type\":\"ListItem\",\"position\":1,\"name\":\"In\u00edcio\",\"item\":\"https:\/\/nk7-testes.com.br\/agazeta\/\"},{\"@type\":\"ListItem\",\"position\":2,\"name\":\"Casos de estupros de vulner\u00e1vel aumentaram mais de 70% no Brasil ao longo de 11 anos\"}]},{\"@type\":\"WebSite\",\"@id\":\"https:\/\/nk7-testes.com.br\/agazeta\/#website\",\"url\":\"https:\/\/nk7-testes.com.br\/agazeta\/\",\"name\":\"Agazeta.net\",\"description\":\"Agazeta.net - Not\u00edcias de Rio Branco\/AC\",\"potentialAction\":[{\"@type\":\"SearchAction\",\"target\":{\"@type\":\"EntryPoint\",\"urlTemplate\":\"https:\/\/nk7-testes.com.br\/agazeta\/?s={search_term_string}\"},\"query-input\":{\"@type\":\"PropertyValueSpecification\",\"valueRequired\":true,\"valueName\":\"search_term_string\"}}],\"inLanguage\":\"pt-BR\"},{\"@type\":\"Person\",\"@id\":\"https:\/\/nk7-testes.com.br\/agazeta\/#\/schema\/person\/6d6e25cb0435eb4a02fd44d30b4e3020\",\"name\":\"Agazeta.Net\",\"url\":\"https:\/\/nk7-testes.com.br\/agazeta\/author\/agazeta\/\"}]}<\/script>\n<!-- \/ Yoast SEO plugin. -->","yoast_head_json":{"title":"Casos de estupros de vulner\u00e1vel aumentaram mais de 70% no Brasil ao longo de 11 anos - Agazeta.net","robots":{"index":"index","follow":"follow","max-snippet":"max-snippet:-1","max-image-preview":"max-image-preview:large","max-video-preview":"max-video-preview:-1"},"canonical":"https:\/\/nk7-testes.com.br\/agazeta\/casos-de-estupros-de-vulneravel-aumentou-mais-de-70-no-brasil-ao-longo-de-11-anos\/","og_locale":"pt_BR","og_type":"article","og_title":"Casos de estupros de vulner\u00e1vel aumentou mais de 70% no Brasil ao longo de 11 anos","og_description":"Apenas neste ano, cinco meninas com menos de 14 anos realizaram abortos com autoriza\u00e7\u00e3o judicial no Acre","og_url":"https:\/\/nk7-testes.com.br\/agazeta\/casos-de-estupros-de-vulneravel-aumentou-mais-de-70-no-brasil-ao-longo-de-11-anos\/","og_site_name":"Agazeta.net","article_published_time":"2024-06-19T16:30:49+00:00","article_modified_time":"2024-06-19T16:32:00+00:00","og_image":[{"width":696,"height":464,"url":"https:\/\/nk7-testes.com.br\/agazeta\/wp-content\/uploads\/2024\/06\/abuso-sexual-infantil-focus-0-0-696-464-jpg.webp","type":"image\/jpeg"}],"author":"Agazeta.Net","twitter_card":"summary_large_image","twitter_title":"Casos de estupros de vulner\u00e1vel aumentou mais de 70% no Brasil ao longo de 11 anos","twitter_description":"Apenas neste ano, cinco meninas com menos de 14 anos realizaram abortos com autoriza\u00e7\u00e3o judicial no Acre","twitter_image":"https:\/\/nk7-testes.com.br\/agazeta\/wp-content\/uploads\/2024\/06\/abuso-sexual-infantil-focus-0-0-696-464-jpg.webp","twitter_misc":{"Escrito por":"Agazeta.Net","Est. tempo de leitura":"3 minutos"},"schema":{"@context":"https:\/\/schema.org","@graph":[{"@type":"WebPage","@id":"https:\/\/nk7-testes.com.br\/agazeta\/casos-de-estupros-de-vulneravel-aumentou-mais-de-70-no-brasil-ao-longo-de-11-anos\/","url":"https:\/\/nk7-testes.com.br\/agazeta\/casos-de-estupros-de-vulneravel-aumentou-mais-de-70-no-brasil-ao-longo-de-11-anos\/","name":"Casos de estupros de vulner\u00e1vel aumentaram mais de 70% no Brasil ao longo de 11 anos - Agazeta.net","isPartOf":{"@id":"https:\/\/nk7-testes.com.br\/agazeta\/#website"},"primaryImageOfPage":{"@id":"https:\/\/nk7-testes.com.br\/agazeta\/casos-de-estupros-de-vulneravel-aumentou-mais-de-70-no-brasil-ao-longo-de-11-anos\/#primaryimage"},"image":{"@id":"https:\/\/nk7-testes.com.br\/agazeta\/casos-de-estupros-de-vulneravel-aumentou-mais-de-70-no-brasil-ao-longo-de-11-anos\/#primaryimage"},"thumbnailUrl":"https:\/\/nk7-testes.com.br\/agazeta\/wp-content\/uploads\/2024\/06\/abuso-sexual-infantil-focus-0-0-696-464-jpg.webp","datePublished":"2024-06-19T16:30:49+00:00","dateModified":"2024-06-19T16:32:00+00:00","author":{"@id":"https:\/\/nk7-testes.com.br\/agazeta\/#\/schema\/person\/6d6e25cb0435eb4a02fd44d30b4e3020"},"breadcrumb":{"@id":"https:\/\/nk7-testes.com.br\/agazeta\/casos-de-estupros-de-vulneravel-aumentou-mais-de-70-no-brasil-ao-longo-de-11-anos\/#breadcrumb"},"inLanguage":"pt-BR","potentialAction":[{"@type":"ReadAction","target":["https:\/\/nk7-testes.com.br\/agazeta\/casos-de-estupros-de-vulneravel-aumentou-mais-de-70-no-brasil-ao-longo-de-11-anos\/"]}]},{"@type":"ImageObject","inLanguage":"pt-BR","@id":"https:\/\/nk7-testes.com.br\/agazeta\/casos-de-estupros-de-vulneravel-aumentou-mais-de-70-no-brasil-ao-longo-de-11-anos\/#primaryimage","url":"https:\/\/nk7-testes.com.br\/agazeta\/wp-content\/uploads\/2024\/06\/abuso-sexual-infantil-focus-0-0-696-464-jpg.webp","contentUrl":"https:\/\/nk7-testes.com.br\/agazeta\/wp-content\/uploads\/2024\/06\/abuso-sexual-infantil-focus-0-0-696-464-jpg.webp","width":696,"height":464,"caption":"Fonte: Internet"},{"@type":"BreadcrumbList","@id":"https:\/\/nk7-testes.com.br\/agazeta\/casos-de-estupros-de-vulneravel-aumentou-mais-de-70-no-brasil-ao-longo-de-11-anos\/#breadcrumb","itemListElement":[{"@type":"ListItem","position":1,"name":"In\u00edcio","item":"https:\/\/nk7-testes.com.br\/agazeta\/"},{"@type":"ListItem","position":2,"name":"Casos de estupros de vulner\u00e1vel aumentaram mais de 70% no Brasil ao longo de 11 anos"}]},{"@type":"WebSite","@id":"https:\/\/nk7-testes.com.br\/agazeta\/#website","url":"https:\/\/nk7-testes.com.br\/agazeta\/","name":"Agazeta.net","description":"Agazeta.net - Not\u00edcias de Rio Branco\/AC","potentialAction":[{"@type":"SearchAction","target":{"@type":"EntryPoint","urlTemplate":"https:\/\/nk7-testes.com.br\/agazeta\/?s={search_term_string}"},"query-input":{"@type":"PropertyValueSpecification","valueRequired":true,"valueName":"search_term_string"}}],"inLanguage":"pt-BR"},{"@type":"Person","@id":"https:\/\/nk7-testes.com.br\/agazeta\/#\/schema\/person\/6d6e25cb0435eb4a02fd44d30b4e3020","name":"Agazeta.Net","url":"https:\/\/nk7-testes.com.br\/agazeta\/author\/agazeta\/"}]}},"_links":{"self":[{"href":"https:\/\/nk7-testes.com.br\/agazeta\/wp-json\/wp\/v2\/posts\/134174","targetHints":{"allow":["GET"]}}],"collection":[{"href":"https:\/\/nk7-testes.com.br\/agazeta\/wp-json\/wp\/v2\/posts"}],"about":[{"href":"https:\/\/nk7-testes.com.br\/agazeta\/wp-json\/wp\/v2\/types\/post"}],"author":[{"embeddable":true,"href":"https:\/\/nk7-testes.com.br\/agazeta\/wp-json\/wp\/v2\/users\/4"}],"replies":[{"embeddable":true,"href":"https:\/\/nk7-testes.com.br\/agazeta\/wp-json\/wp\/v2\/comments?post=134174"}],"version-history":[{"count":0,"href":"https:\/\/nk7-testes.com.br\/agazeta\/wp-json\/wp\/v2\/posts\/134174\/revisions"}],"wp:featuredmedia":[{"embeddable":true,"href":"https:\/\/nk7-testes.com.br\/agazeta\/wp-json\/wp\/v2\/media\/134183"}],"wp:attachment":[{"href":"https:\/\/nk7-testes.com.br\/agazeta\/wp-json\/wp\/v2\/media?parent=134174"}],"wp:term":[{"taxonomy":"category","embeddable":true,"href":"https:\/\/nk7-testes.com.br\/agazeta\/wp-json\/wp\/v2\/categories?post=134174"},{"taxonomy":"post_tag","embeddable":true,"href":"https:\/\/nk7-testes.com.br\/agazeta\/wp-json\/wp\/v2\/tags?post=134174"}],"curies":[{"name":"wp","href":"https:\/\/api.w.org\/{rel}","templated":true}]}}