{"id":134142,"date":"2024-06-18T13:43:39","date_gmt":"2024-06-18T18:43:39","guid":{"rendered":"https:\/\/nk7-testes.com.br\/?p=134142"},"modified":"2024-06-18T13:43:39","modified_gmt":"2024-06-18T18:43:39","slug":"mpf-envia-oficio-a-camara-de-rio-branco-sobre-pl-que-proibe-presenca-de-criancas-em-eventos-lgbtqia","status":"publish","type":"post","link":"https:\/\/nk7-testes.com.br\/agazeta\/mpf-envia-oficio-a-camara-de-rio-branco-sobre-pl-que-proibe-presenca-de-criancas-em-eventos-lgbtqia\/","title":{"rendered":"MPF envia of\u00edcio \u00e0 C\u00e2mara de Rio Branco sobre PL que pro\u00edbe presen\u00e7a de crian\u00e7as em eventos LGBTQIA+"},"content":{"rendered":"<p style=\"text-align: justify;\">Ao tomar conhecimento da proposta, o Minist\u00e9rio P\u00fablico Federal (MPF), em nome do procurador regional dos Direitos do Cidad\u00e3o no Acre, Lucas Costa Almeida Dias, nesta ter\u00e7a-feira, 18, enviou um of\u00edcio ao presidente da C\u00e2mara de Vereadores de Rio Branco com motivos pelos quais o projeto de lei que pro\u00edbe a presen\u00e7a de crian\u00e7as em eventos de manifesta\u00e7\u00e3o de pessoas LGBTQIA+ n\u00e3o pode ser aprovado.<\/p>\n<p style=\"text-align: justify;\">De acordo o procurador Lucas Dias, o PL pode infringir regras b\u00e1sicas que devem ser obrigatoriamente seguidas pelas constitui\u00e7\u00f5es estaduais. Al\u00e9m disso, pode ultrapassar a compet\u00eancia dos munic\u00edpios de criar leis sobre assuntos de interesse local e de complementar as leis federais e estaduais quando necess\u00e1rio.<\/p>\n<p style=\"text-align: justify;\">&#8220;Ao longo do documento, s\u00e3o demonstradas todas as poss\u00edveis afrontas do PL \u00e0 Constitui\u00e7\u00e3o Federal, ao Estatuto da Crian\u00e7a e do Adolescente (ECA) e os Princ\u00edpios de Yogyakarta, que se traduzem em declara\u00e7\u00e3o autorizadora dos direitos humanos da pessoa humana de &#8220;diversas orienta\u00e7\u00f5es sexuais e identidades de g\u00eanero&#8221;, diz o MPF.<\/p>\n<p style=\"text-align: justify;\">Para Dias, o conte\u00fado do projeto de lei municipal pode impactar diretamente o bem-estar das crian\u00e7as, empobrecer os debates sociais por meio de poss\u00edvel censura pr\u00e9via e promover o obscurantismo, o autoritarismo e a intoler\u00e2ncia. Segundo ele, o projeto vai contra as normas jur\u00eddicas nacionais e internacionais, que pro\u00edbem qualquer forma de discrimina\u00e7\u00e3o, e perpetua a estigmatiza\u00e7\u00e3o e a exclus\u00e3o das pessoas trans.<\/p>\n<p style=\"text-align: justify;\">&#8220;No que toca ao ECA, segundo o MPF, o texto do estatuto garante \u00e0 crian\u00e7a e ao adolescente o direito \u00e0 liberdade, ao respeito e \u00e0 dignidade como pessoas humanas em processo de desenvolvimento e como sujeitos de direitos civis, humanos e sociais garantidos na Constitui\u00e7\u00e3o e nas leis (art. 15), al\u00e9m de garantir-lhes, tamb\u00e9m, direito de participar da vida familiar e comunit\u00e1ria, sem discrimina\u00e7\u00e3o (art. 16), e acesso \u00e0s divers\u00f5es e espet\u00e1culos p\u00fablicos classificados como adequados \u00e0 sua faixa et\u00e1ria, inclusive as crian\u00e7as menores de dez anos poder\u00e3o ingressar e permanecer nos locais de apresenta\u00e7\u00e3o ou exibi\u00e7\u00e3o quando acompanhadas dos pais ou respons\u00e1vel (art. 75)&#8221;, destaca o MPF.<\/p>\n<h4>Projeto de lei<\/h4>\n<p style=\"text-align: justify;\">Com o objetivo de estabelecer uma classifica\u00e7\u00e3o et\u00e1ria para a Parada LGBTQIA+, o vereador Jo\u00e3o Marcos Luz apresentou um projeto de lei (PL) na manh\u00e3 desta ter\u00e7a-feira, 18, que pro\u00edbe a participa\u00e7\u00e3o de crian\u00e7as e adolescentes. A proposta visa proteger os menores de um ambiente considerado inapropriado para sua faixa et\u00e1ria, semelhante \u00e0 classifica\u00e7\u00e3o aplicada a shows e bares.<\/p>\n<p style=\"text-align: justify;\">O parlamentar explicou que o projeto busca atender ao Artigo 74 do Estatuto da Crian\u00e7a e do Adolescente (ECA). Em caso de infra\u00e7\u00e3o, tanto o respons\u00e1vel pelo menor quanto a organiza\u00e7\u00e3o do evento ser\u00e3o penalizados com multa de R$ 10 mil por hora.<\/p>\n<p style=\"text-align: justify;\">\u201cEste projeto \u00e9 espec\u00edfico e tem como objetivo a prote\u00e7\u00e3o das crian\u00e7as. N\u00e3o estamos contra o movimento LGBTQIA+, mas sim buscando a aplica\u00e7\u00e3o de uma norma j\u00e1 existente no ECA\u201d, esclarece Jo\u00e3o Marcos Luz.<\/p>\n<p style=\"text-align: justify;\">Para promover a proposta de classifica\u00e7\u00e3o et\u00e1ria da Parada LGBTQIA+, o vereador lan\u00e7ou, no come\u00e7o do m\u00eas, a campanha \u201cDeixem Nossas Crian\u00e7as em Paz\u201d, posicionando o evento como exclusivo para adultos, em raz\u00e3o do consumo de \u00e1lcool e comportamentos considerados excessivos por alguns participantes.<\/p>\n<div class=\"mt-1 flex gap-3 empty:hidden juice:-ml-3\">\n<div class=\"items-center justify-start rounded-xl p-1 flex\">\n<div class=\"flex items-center\"><\/div>\n<\/div>\n<\/div>\n","protected":false},"excerpt":{"rendered":"<p>Ao tomar conhecimento da proposta, o Minist\u00e9rio P\u00fablico Federal (MPF), em nome do procurador regional dos Direitos do Cidad\u00e3o no Acre, Lucas Costa Almeida Dias, nesta ter\u00e7a-feira, 18, enviou um of\u00edcio ao presidente da C\u00e2mara de Vereadores de Rio Branco com motivos pelos quais o projeto de lei que pro\u00edbe a presen\u00e7a de crian\u00e7as em [&hellip;]<\/p>\n","protected":false},"author":4,"featured_media":134144,"comment_status":"open","ping_status":"open","sticky":false,"template":"","format":"standard","meta":{"jnews-multi-image_gallery":[],"jnews_single_post":{"source_name":"","source_url":"","via_name":"","via_url":"","override_template":"0","override":[{"template":"custom","single_blog_custom":"110746","parallax":"1","fullscreen":"1","layout":"right-sidebar","sidebar":"default-sidebar","second_sidebar":"default-sidebar","sticky_sidebar":"1","share_position":"top","share_float_style":"share-monocrhome","show_share_counter":"1","show_view_counter":"1","show_featured":"1","show_post_meta":"1","show_post_author":"1","show_post_author_image":"1","show_post_date":"1","post_date_format":"default","post_date_format_custom":"Y\/m\/d","show_post_category":"1","show_post_reading_time":"0","post_reading_time_wpm":"300","show_zoom_button":"0","zoom_button_out_step":"2","zoom_button_in_step":"3","show_post_tag":"1","show_prev_next_post":"1","show_popup_post":"1","number_popup_post":"1","show_author_box":"0","show_post_related":"1","show_inline_post_related":"0"}],"override_image_size":"0","image_override":[{"single_post_thumbnail_size":"crop-500","single_post_gallery_size":"crop-500"}],"trending_post":"0","trending_post_position":"meta","trending_post_label":"Trending","sponsored_post":"0","sponsored_post_label":"Sponsored by","sponsored_post_name":"","sponsored_post_url":"","sponsored_post_logo_enable":"0","sponsored_post_logo":"","sponsored_post_desc":"","disable_ad":"0"},"jnews_primary_category":{"id":"","hide":""},"jnews_social_meta":{"fb_title":"","fb_description":"","fb_image":"","twitter_title":"","twitter_description":"","twitter_image":""},"jnews_review":[],"enable_review":"0","type":"percentage","name":"","summary":"","brand":"","sku":"","good":[{"good_text":""}],"bad":[{"bad_text":""}],"score_override":"0","override_value":"","rating":[{"rating_text":"","rating_number":"10"}],"price":[{"shop":"","price":"","link":"","icon":""}],"footnotes":""},"categories":[54],"tags":[152],"class_list":["post-134142","post","type-post","status-publish","format-standard","has-post-thumbnail","hentry","category-cotidiano","tag-destaque"],"yoast_head":"<!-- This site is optimized with the Yoast SEO plugin v26.5 - https:\/\/yoast.com\/wordpress\/plugins\/seo\/ -->\n<title>MPF envia of\u00edcio \u00e0 C\u00e2mara de Rio Branco sobre PL que pro\u00edbe presen\u00e7a de crian\u00e7as em eventos LGBTQIA+ - Agazeta.net<\/title>\n<meta name=\"robots\" content=\"index, follow, max-snippet:-1, max-image-preview:large, max-video-preview:-1\" \/>\n<link rel=\"canonical\" href=\"https:\/\/nk7-testes.com.br\/agazeta\/mpf-envia-oficio-a-camara-de-rio-branco-sobre-pl-que-proibe-presenca-de-criancas-em-eventos-lgbtqia\/\" \/>\n<meta property=\"og:locale\" content=\"pt_BR\" \/>\n<meta property=\"og:type\" content=\"article\" \/>\n<meta property=\"og:title\" content=\"MPF envia of\u00edcio \u00e0 C\u00e2mara de Rio Branco sobre PL que pro\u00edbe presen\u00e7a de crian\u00e7as em eventos LGBTQIA+\" \/>\n<meta property=\"og:description\" content=\"Segundo Lucas Dias, o PL pode infringir regras b\u00e1sicas que devem ser obrigatoriamente seguidas pelas constitui\u00e7\u00f5es estaduais\" \/>\n<meta property=\"og:url\" content=\"https:\/\/nk7-testes.com.br\/agazeta\/mpf-envia-oficio-a-camara-de-rio-branco-sobre-pl-que-proibe-presenca-de-criancas-em-eventos-lgbtqia\/\" \/>\n<meta property=\"og:site_name\" content=\"Agazeta.net\" \/>\n<meta property=\"article:published_time\" content=\"2024-06-18T18:43:39+00:00\" \/>\n<meta property=\"og:image\" content=\"https:\/\/nk7-testes.com.br\/agazeta\/wp-content\/uploads\/2024\/06\/309262334_408394258143695_8630800930093001221_n-jpg.webp\" \/>\n\t<meta property=\"og:image:width\" content=\"800\" \/>\n\t<meta property=\"og:image:height\" content=\"399\" \/>\n\t<meta property=\"og:image:type\" content=\"image\/jpeg\" \/>\n<meta name=\"author\" content=\"Agazeta.Net\" \/>\n<meta name=\"twitter:card\" content=\"summary_large_image\" \/>\n<meta name=\"twitter:label1\" content=\"Escrito por\" \/>\n\t<meta name=\"twitter:data1\" content=\"Agazeta.Net\" \/>\n\t<meta name=\"twitter:label2\" content=\"Est. tempo de leitura\" \/>\n\t<meta name=\"twitter:data2\" content=\"3 minutos\" \/>\n<script type=\"application\/ld+json\" class=\"yoast-schema-graph\">{\"@context\":\"https:\/\/schema.org\",\"@graph\":[{\"@type\":\"WebPage\",\"@id\":\"https:\/\/nk7-testes.com.br\/agazeta\/mpf-envia-oficio-a-camara-de-rio-branco-sobre-pl-que-proibe-presenca-de-criancas-em-eventos-lgbtqia\/\",\"url\":\"https:\/\/nk7-testes.com.br\/agazeta\/mpf-envia-oficio-a-camara-de-rio-branco-sobre-pl-que-proibe-presenca-de-criancas-em-eventos-lgbtqia\/\",\"name\":\"MPF envia of\u00edcio \u00e0 C\u00e2mara de Rio Branco sobre PL que pro\u00edbe presen\u00e7a de crian\u00e7as em eventos LGBTQIA+ - Agazeta.net\",\"isPartOf\":{\"@id\":\"https:\/\/nk7-testes.com.br\/agazeta\/#website\"},\"primaryImageOfPage\":{\"@id\":\"https:\/\/nk7-testes.com.br\/agazeta\/mpf-envia-oficio-a-camara-de-rio-branco-sobre-pl-que-proibe-presenca-de-criancas-em-eventos-lgbtqia\/#primaryimage\"},\"image\":{\"@id\":\"https:\/\/nk7-testes.com.br\/agazeta\/mpf-envia-oficio-a-camara-de-rio-branco-sobre-pl-que-proibe-presenca-de-criancas-em-eventos-lgbtqia\/#primaryimage\"},\"thumbnailUrl\":\"https:\/\/nk7-testes.com.br\/agazeta\/wp-content\/uploads\/2024\/06\/309262334_408394258143695_8630800930093001221_n-jpg.webp\",\"datePublished\":\"2024-06-18T18:43:39+00:00\",\"author\":{\"@id\":\"https:\/\/nk7-testes.com.br\/agazeta\/#\/schema\/person\/6d6e25cb0435eb4a02fd44d30b4e3020\"},\"breadcrumb\":{\"@id\":\"https:\/\/nk7-testes.com.br\/agazeta\/mpf-envia-oficio-a-camara-de-rio-branco-sobre-pl-que-proibe-presenca-de-criancas-em-eventos-lgbtqia\/#breadcrumb\"},\"inLanguage\":\"pt-BR\",\"potentialAction\":[{\"@type\":\"ReadAction\",\"target\":[\"https:\/\/nk7-testes.com.br\/agazeta\/mpf-envia-oficio-a-camara-de-rio-branco-sobre-pl-que-proibe-presenca-de-criancas-em-eventos-lgbtqia\/\"]}]},{\"@type\":\"ImageObject\",\"inLanguage\":\"pt-BR\",\"@id\":\"https:\/\/nk7-testes.com.br\/agazeta\/mpf-envia-oficio-a-camara-de-rio-branco-sobre-pl-que-proibe-presenca-de-criancas-em-eventos-lgbtqia\/#primaryimage\",\"url\":\"https:\/\/nk7-testes.com.br\/agazeta\/wp-content\/uploads\/2024\/06\/309262334_408394258143695_8630800930093001221_n-jpg.webp\",\"contentUrl\":\"https:\/\/nk7-testes.com.br\/agazeta\/wp-content\/uploads\/2024\/06\/309262334_408394258143695_8630800930093001221_n-jpg.webp\",\"width\":800,\"height\":399,\"caption\":\"Imagem: Ascom\/MPF\"},{\"@type\":\"BreadcrumbList\",\"@id\":\"https:\/\/nk7-testes.com.br\/agazeta\/mpf-envia-oficio-a-camara-de-rio-branco-sobre-pl-que-proibe-presenca-de-criancas-em-eventos-lgbtqia\/#breadcrumb\",\"itemListElement\":[{\"@type\":\"ListItem\",\"position\":1,\"name\":\"In\u00edcio\",\"item\":\"https:\/\/nk7-testes.com.br\/agazeta\/\"},{\"@type\":\"ListItem\",\"position\":2,\"name\":\"MPF envia of\u00edcio \u00e0 C\u00e2mara de Rio Branco sobre PL que pro\u00edbe presen\u00e7a de crian\u00e7as em eventos LGBTQIA+\"}]},{\"@type\":\"WebSite\",\"@id\":\"https:\/\/nk7-testes.com.br\/agazeta\/#website\",\"url\":\"https:\/\/nk7-testes.com.br\/agazeta\/\",\"name\":\"Agazeta.net\",\"description\":\"Agazeta.net - Not\u00edcias de Rio Branco\/AC\",\"potentialAction\":[{\"@type\":\"SearchAction\",\"target\":{\"@type\":\"EntryPoint\",\"urlTemplate\":\"https:\/\/nk7-testes.com.br\/agazeta\/?s={search_term_string}\"},\"query-input\":{\"@type\":\"PropertyValueSpecification\",\"valueRequired\":true,\"valueName\":\"search_term_string\"}}],\"inLanguage\":\"pt-BR\"},{\"@type\":\"Person\",\"@id\":\"https:\/\/nk7-testes.com.br\/agazeta\/#\/schema\/person\/6d6e25cb0435eb4a02fd44d30b4e3020\",\"name\":\"Agazeta.Net\",\"url\":\"https:\/\/nk7-testes.com.br\/agazeta\/author\/agazeta\/\"}]}<\/script>\n<!-- \/ Yoast SEO plugin. -->","yoast_head_json":{"title":"MPF envia of\u00edcio \u00e0 C\u00e2mara de Rio Branco sobre PL que pro\u00edbe presen\u00e7a de crian\u00e7as em eventos LGBTQIA+ - Agazeta.net","robots":{"index":"index","follow":"follow","max-snippet":"max-snippet:-1","max-image-preview":"max-image-preview:large","max-video-preview":"max-video-preview:-1"},"canonical":"https:\/\/nk7-testes.com.br\/agazeta\/mpf-envia-oficio-a-camara-de-rio-branco-sobre-pl-que-proibe-presenca-de-criancas-em-eventos-lgbtqia\/","og_locale":"pt_BR","og_type":"article","og_title":"MPF envia of\u00edcio \u00e0 C\u00e2mara de Rio Branco sobre PL que pro\u00edbe presen\u00e7a de crian\u00e7as em eventos LGBTQIA+","og_description":"Segundo Lucas Dias, o PL pode infringir regras b\u00e1sicas que devem ser obrigatoriamente seguidas pelas constitui\u00e7\u00f5es estaduais","og_url":"https:\/\/nk7-testes.com.br\/agazeta\/mpf-envia-oficio-a-camara-de-rio-branco-sobre-pl-que-proibe-presenca-de-criancas-em-eventos-lgbtqia\/","og_site_name":"Agazeta.net","article_published_time":"2024-06-18T18:43:39+00:00","og_image":[{"width":800,"height":399,"url":"https:\/\/nk7-testes.com.br\/agazeta\/wp-content\/uploads\/2024\/06\/309262334_408394258143695_8630800930093001221_n-jpg.webp","type":"image\/jpeg"}],"author":"Agazeta.Net","twitter_card":"summary_large_image","twitter_misc":{"Escrito por":"Agazeta.Net","Est. tempo de leitura":"3 minutos"},"schema":{"@context":"https:\/\/schema.org","@graph":[{"@type":"WebPage","@id":"https:\/\/nk7-testes.com.br\/agazeta\/mpf-envia-oficio-a-camara-de-rio-branco-sobre-pl-que-proibe-presenca-de-criancas-em-eventos-lgbtqia\/","url":"https:\/\/nk7-testes.com.br\/agazeta\/mpf-envia-oficio-a-camara-de-rio-branco-sobre-pl-que-proibe-presenca-de-criancas-em-eventos-lgbtqia\/","name":"MPF envia of\u00edcio \u00e0 C\u00e2mara de Rio Branco sobre PL que pro\u00edbe presen\u00e7a de crian\u00e7as em eventos LGBTQIA+ - Agazeta.net","isPartOf":{"@id":"https:\/\/nk7-testes.com.br\/agazeta\/#website"},"primaryImageOfPage":{"@id":"https:\/\/nk7-testes.com.br\/agazeta\/mpf-envia-oficio-a-camara-de-rio-branco-sobre-pl-que-proibe-presenca-de-criancas-em-eventos-lgbtqia\/#primaryimage"},"image":{"@id":"https:\/\/nk7-testes.com.br\/agazeta\/mpf-envia-oficio-a-camara-de-rio-branco-sobre-pl-que-proibe-presenca-de-criancas-em-eventos-lgbtqia\/#primaryimage"},"thumbnailUrl":"https:\/\/nk7-testes.com.br\/agazeta\/wp-content\/uploads\/2024\/06\/309262334_408394258143695_8630800930093001221_n-jpg.webp","datePublished":"2024-06-18T18:43:39+00:00","author":{"@id":"https:\/\/nk7-testes.com.br\/agazeta\/#\/schema\/person\/6d6e25cb0435eb4a02fd44d30b4e3020"},"breadcrumb":{"@id":"https:\/\/nk7-testes.com.br\/agazeta\/mpf-envia-oficio-a-camara-de-rio-branco-sobre-pl-que-proibe-presenca-de-criancas-em-eventos-lgbtqia\/#breadcrumb"},"inLanguage":"pt-BR","potentialAction":[{"@type":"ReadAction","target":["https:\/\/nk7-testes.com.br\/agazeta\/mpf-envia-oficio-a-camara-de-rio-branco-sobre-pl-que-proibe-presenca-de-criancas-em-eventos-lgbtqia\/"]}]},{"@type":"ImageObject","inLanguage":"pt-BR","@id":"https:\/\/nk7-testes.com.br\/agazeta\/mpf-envia-oficio-a-camara-de-rio-branco-sobre-pl-que-proibe-presenca-de-criancas-em-eventos-lgbtqia\/#primaryimage","url":"https:\/\/nk7-testes.com.br\/agazeta\/wp-content\/uploads\/2024\/06\/309262334_408394258143695_8630800930093001221_n-jpg.webp","contentUrl":"https:\/\/nk7-testes.com.br\/agazeta\/wp-content\/uploads\/2024\/06\/309262334_408394258143695_8630800930093001221_n-jpg.webp","width":800,"height":399,"caption":"Imagem: Ascom\/MPF"},{"@type":"BreadcrumbList","@id":"https:\/\/nk7-testes.com.br\/agazeta\/mpf-envia-oficio-a-camara-de-rio-branco-sobre-pl-que-proibe-presenca-de-criancas-em-eventos-lgbtqia\/#breadcrumb","itemListElement":[{"@type":"ListItem","position":1,"name":"In\u00edcio","item":"https:\/\/nk7-testes.com.br\/agazeta\/"},{"@type":"ListItem","position":2,"name":"MPF envia of\u00edcio \u00e0 C\u00e2mara de Rio Branco sobre PL que pro\u00edbe presen\u00e7a de crian\u00e7as em eventos LGBTQIA+"}]},{"@type":"WebSite","@id":"https:\/\/nk7-testes.com.br\/agazeta\/#website","url":"https:\/\/nk7-testes.com.br\/agazeta\/","name":"Agazeta.net","description":"Agazeta.net - Not\u00edcias de Rio Branco\/AC","potentialAction":[{"@type":"SearchAction","target":{"@type":"EntryPoint","urlTemplate":"https:\/\/nk7-testes.com.br\/agazeta\/?s={search_term_string}"},"query-input":{"@type":"PropertyValueSpecification","valueRequired":true,"valueName":"search_term_string"}}],"inLanguage":"pt-BR"},{"@type":"Person","@id":"https:\/\/nk7-testes.com.br\/agazeta\/#\/schema\/person\/6d6e25cb0435eb4a02fd44d30b4e3020","name":"Agazeta.Net","url":"https:\/\/nk7-testes.com.br\/agazeta\/author\/agazeta\/"}]}},"_links":{"self":[{"href":"https:\/\/nk7-testes.com.br\/agazeta\/wp-json\/wp\/v2\/posts\/134142","targetHints":{"allow":["GET"]}}],"collection":[{"href":"https:\/\/nk7-testes.com.br\/agazeta\/wp-json\/wp\/v2\/posts"}],"about":[{"href":"https:\/\/nk7-testes.com.br\/agazeta\/wp-json\/wp\/v2\/types\/post"}],"author":[{"embeddable":true,"href":"https:\/\/nk7-testes.com.br\/agazeta\/wp-json\/wp\/v2\/users\/4"}],"replies":[{"embeddable":true,"href":"https:\/\/nk7-testes.com.br\/agazeta\/wp-json\/wp\/v2\/comments?post=134142"}],"version-history":[{"count":0,"href":"https:\/\/nk7-testes.com.br\/agazeta\/wp-json\/wp\/v2\/posts\/134142\/revisions"}],"wp:featuredmedia":[{"embeddable":true,"href":"https:\/\/nk7-testes.com.br\/agazeta\/wp-json\/wp\/v2\/media\/134144"}],"wp:attachment":[{"href":"https:\/\/nk7-testes.com.br\/agazeta\/wp-json\/wp\/v2\/media?parent=134142"}],"wp:term":[{"taxonomy":"category","embeddable":true,"href":"https:\/\/nk7-testes.com.br\/agazeta\/wp-json\/wp\/v2\/categories?post=134142"},{"taxonomy":"post_tag","embeddable":true,"href":"https:\/\/nk7-testes.com.br\/agazeta\/wp-json\/wp\/v2\/tags?post=134142"}],"curies":[{"name":"wp","href":"https:\/\/api.w.org\/{rel}","templated":true}]}}