{"id":134117,"date":"2024-06-18T10:07:38","date_gmt":"2024-06-18T15:07:38","guid":{"rendered":"https:\/\/nk7-testes.com.br\/?p=134117"},"modified":"2024-06-18T10:07:38","modified_gmt":"2024-06-18T15:07:38","slug":"plano-de-contingencia-defesa-civil-de-rio-branco-deve-distribuir-30-milhoes-de-litros-de-agua","status":"publish","type":"post","link":"https:\/\/nk7-testes.com.br\/agazeta\/plano-de-contingencia-defesa-civil-de-rio-branco-deve-distribuir-30-milhoes-de-litros-de-agua\/","title":{"rendered":"Plano de conting\u00eancia: Defesa Civil de Rio Branco deve distribuir 30 milh\u00f5es de litros de \u00e1gua"},"content":{"rendered":"<p style=\"text-align: justify;\"><span style=\"font-weight: 400;\">Ap\u00f3s o n\u00edvel do Rio Acre apresentar constantes baixas, al\u00e9m da falta de chuvas h\u00e1 23 dias, a Defesa Civil de Rio Branco informou na manh\u00e3 desta ter\u00e7a-feira (18), o plano de conting\u00eancia de escassez h\u00eddrica. De acordo com o \u00f3rg\u00e3o, com base na medi\u00e7\u00e3o de 6 horas da manh\u00e3 desta ter\u00e7a-feira, o n\u00edvel do Rio Acre est\u00e1 em 1,90 metros.<\/span><\/p>\n<p style=\"text-align: justify;\"><span style=\"font-weight: 400;\">\u201cA medida \u00e9 devido a situa\u00e7\u00e3o cr\u00edtica na parte h\u00eddrica e o avan\u00e7o da estiagem, onde j\u00e1 temos 23 dias sem chuvas significativas, resolvemos antecipar o in\u00edcio das opera\u00e7\u00f5es do plano de conting\u00eancia de escassez h\u00eddrica de Rio Branco\u201d, disse o diretor de administra\u00e7\u00e3o de desastres da Defesa Civil de Rio Branco, coronel Cl\u00e1udio Falc\u00e3o.\u00a0<\/span><\/p>\n<p style=\"text-align: justify;\"><span style=\"font-weight: 400;\">Com base no plano de conting\u00eancia, a meta \u00e9 distribuir 30 milh\u00f5es de litros de \u00e1gua ou mais, inicialmente 19 mil pessoas ser\u00e3o beneficiadas. A Defesa Civil da capital acrescenta que esse n\u00famero pode aumentar.\u00a0<\/span><\/p>\n<p style=\"text-align: justify;\"><span style=\"font-weight: 400;\">\u201cCaminh\u00f5es pesados estar\u00e3o diariamente nas comunidades sob o comando da defesa civil. O cen\u00e1rio futuro \u00e9 de agravamento h\u00eddrico por isso a\u00e7\u00f5es pr\u00e1ticas e efetivas devem ser iniciadas imediatamente\u201d, finaliza Falc\u00e3o.\u00a0<\/span><\/p>\n<h3 style=\"text-align: justify;\"><b>Entenda\u00a0<\/b><\/h3>\n<p style=\"text-align: justify;\"><span style=\"font-weight: 400;\">Toda a bacia do Rio Acre est\u00e1 em alerta m\u00e1ximo. As previs\u00f5es para os pr\u00f3ximos dias s\u00e3o preocupantes. Por enquanto, apesar do baixo volume, a capta\u00e7\u00e3o de \u00e1gua ainda consegue manter o fornecimento normal de \u00e1gua tratada e distribu\u00edda.\u00a0<\/span><\/p>\n<p style=\"text-align: justify;\"><span style=\"font-weight: 400;\">\u201cA gente tem um hist\u00f3rico passado de 2022 que baixou a 1,25m, a pior fase do rio nos \u00faltimos 52 anos, por\u00e9m na \u00e9poca a gente conseguiu captar \u00e1gua. Esse ano vai ser diferente. A nossa preocupa\u00e7\u00e3o \u00e9 que o n\u00edvel est\u00e1 baixando muito r\u00e1pido e muito cedo &#8220;, diz o presidente da Saerb, Enoque Pereira.<\/span><\/p>\n<p style=\"text-align: justify;\"><span style=\"font-weight: 400;\">No ano passado, os moradores do munic\u00edpio de Epitaciol\u00e2ndia sofreram com a seca do igarap\u00e9 Encrenca, o manancial mais importante da cidade, que n\u00e3o suportou o longo per\u00edodo sem chuva. Isso resultou em racionamento de \u00e1gua na regi\u00e3o. Em 2022, foi no Bujari que os igarap\u00e9s secaram, comprometendo todo o fornecimento de \u00e1gua da cidade. Na \u00e9poca, carros-pipas foram utilizados para garantir o abastecimento da popula\u00e7\u00e3o. Agora, para evitar que Rio Branco enfrente uma crise semelhante no fornecimento de \u00e1gua, a\u00e7\u00f5es preventivas est\u00e3o sendo implementadas.<\/span><\/p>\n<p style=\"text-align: justify;\"><em><span style=\"font-weight: 400;\">Com informa\u00e7\u00f5es adicionais da rep\u00f3rter D\u00e9bora Ribeiro para TV Gazeta.<\/span><\/em><\/p>\n","protected":false},"excerpt":{"rendered":"<p>Ap\u00f3s o n\u00edvel do Rio Acre apresentar constantes baixas, al\u00e9m da falta de chuvas h\u00e1 23 dias, a Defesa Civil de Rio Branco informou na manh\u00e3 desta ter\u00e7a-feira (18), o plano de conting\u00eancia de escassez h\u00eddrica. De acordo com o \u00f3rg\u00e3o, com base na medi\u00e7\u00e3o de 6 horas da manh\u00e3 desta ter\u00e7a-feira, o n\u00edvel do [&hellip;]<\/p>\n","protected":false},"author":4,"featured_media":134119,"comment_status":"open","ping_status":"open","sticky":false,"template":"","format":"standard","meta":{"jnews-multi-image_gallery":[],"jnews_single_post":{"source_name":"","source_url":"","via_name":"","via_url":"","override_template":"0","override":[{"template":"custom","single_blog_custom":"110746","parallax":"1","fullscreen":"1","layout":"right-sidebar","sidebar":"default-sidebar","second_sidebar":"default-sidebar","sticky_sidebar":"1","share_position":"top","share_float_style":"share-monocrhome","show_share_counter":"1","show_view_counter":"1","show_featured":"1","show_post_meta":"1","show_post_author":"1","show_post_author_image":"1","show_post_date":"1","post_date_format":"default","post_date_format_custom":"Y\/m\/d","show_post_category":"1","show_post_reading_time":"0","post_reading_time_wpm":"300","show_zoom_button":"0","zoom_button_out_step":"2","zoom_button_in_step":"3","show_post_tag":"1","show_prev_next_post":"1","show_popup_post":"1","number_popup_post":"1","show_author_box":"0","show_post_related":"1","show_inline_post_related":"0"}],"override_image_size":"0","image_override":[{"single_post_thumbnail_size":"crop-500","single_post_gallery_size":"crop-500"}],"trending_post":"0","trending_post_position":"meta","trending_post_label":"Trending","sponsored_post":"0","sponsored_post_label":"Sponsored by","sponsored_post_name":"","sponsored_post_url":"","sponsored_post_logo_enable":"0","sponsored_post_logo":"","sponsored_post_desc":"","disable_ad":"0"},"jnews_primary_category":{"id":"","hide":""},"jnews_social_meta":{"fb_title":"","fb_description":"","fb_image":"","twitter_title":"","twitter_description":"","twitter_image":""},"jnews_review":[],"enable_review":"0","type":"percentage","name":"","summary":"","brand":"","sku":"","good":[{"good_text":""}],"bad":[{"bad_text":""}],"score_override":"0","override_value":"","rating":[{"rating_text":"","rating_number":"10"}],"price":[{"shop":"","price":"","link":"","icon":""}],"footnotes":""},"categories":[54],"tags":[152],"class_list":["post-134117","post","type-post","status-publish","format-standard","has-post-thumbnail","hentry","category-cotidiano","tag-destaque"],"yoast_head":"<!-- This site is optimized with the Yoast SEO plugin v26.5 - https:\/\/yoast.com\/wordpress\/plugins\/seo\/ -->\n<title>Plano de conting\u00eancia: Defesa Civil de Rio Branco deve distribuir 30 milh\u00f5es de litros de \u00e1gua - Agazeta.net<\/title>\n<meta name=\"robots\" content=\"index, follow, max-snippet:-1, max-image-preview:large, max-video-preview:-1\" \/>\n<link rel=\"canonical\" href=\"https:\/\/nk7-testes.com.br\/agazeta\/plano-de-contingencia-defesa-civil-de-rio-branco-deve-distribuir-30-milhoes-de-litros-de-agua\/\" \/>\n<meta property=\"og:locale\" content=\"pt_BR\" \/>\n<meta property=\"og:type\" content=\"article\" \/>\n<meta property=\"og:title\" content=\"Plano de conting\u00eancia: Defesa Civil de Rio Branco deve distribuir 30 milh\u00f5es de litros de \u00e1gua\" \/>\n<meta property=\"og:description\" content=\"A aus\u00eancia de chuvas na capital nos \u00faltimos 23 dias \u00e9 uma das causas da escassez h\u00eddrica\" \/>\n<meta property=\"og:url\" content=\"https:\/\/nk7-testes.com.br\/agazeta\/plano-de-contingencia-defesa-civil-de-rio-branco-deve-distribuir-30-milhoes-de-litros-de-agua\/\" \/>\n<meta property=\"og:site_name\" content=\"Agazeta.net\" \/>\n<meta property=\"article:published_time\" content=\"2024-06-18T15:07:38+00:00\" \/>\n<meta property=\"og:image\" content=\"https:\/\/nk7-testes.com.br\/agazeta\/wp-content\/uploads\/2024\/06\/WhatsApp-Image-2024-06-18-at-9.54.27-AM.jpeg\" \/>\n\t<meta property=\"og:image:width\" content=\"960\" \/>\n\t<meta property=\"og:image:height\" content=\"540\" \/>\n\t<meta property=\"og:image:type\" content=\"image\/jpeg\" \/>\n<meta name=\"author\" content=\"Agazeta.Net\" \/>\n<meta name=\"twitter:card\" content=\"summary_large_image\" \/>\n<meta name=\"twitter:title\" content=\"Plano de conting\u00eancia: Defesa Civil de Rio Branco deve distribuir 30 milh\u00f5es de litros de \u00e1gua\" \/>\n<meta name=\"twitter:description\" content=\"A aus\u00eancia de chuvas na capital nos \u00faltimos 23 dias \u00e9 uma das causas da escassez h\u00eddrica\" \/>\n<meta name=\"twitter:image\" content=\"https:\/\/nk7-testes.com.br\/agazeta\/wp-content\/uploads\/2024\/06\/WhatsApp-Image-2024-06-18-at-9.54.27-AM.jpeg\" \/>\n<meta name=\"twitter:label1\" content=\"Escrito por\" \/>\n\t<meta name=\"twitter:data1\" content=\"Agazeta.Net\" \/>\n\t<meta name=\"twitter:label2\" content=\"Est. tempo de leitura\" \/>\n\t<meta name=\"twitter:data2\" content=\"2 minutos\" \/>\n<script type=\"application\/ld+json\" class=\"yoast-schema-graph\">{\"@context\":\"https:\/\/schema.org\",\"@graph\":[{\"@type\":\"WebPage\",\"@id\":\"https:\/\/nk7-testes.com.br\/agazeta\/plano-de-contingencia-defesa-civil-de-rio-branco-deve-distribuir-30-milhoes-de-litros-de-agua\/\",\"url\":\"https:\/\/nk7-testes.com.br\/agazeta\/plano-de-contingencia-defesa-civil-de-rio-branco-deve-distribuir-30-milhoes-de-litros-de-agua\/\",\"name\":\"Plano de conting\u00eancia: Defesa Civil de Rio Branco deve distribuir 30 milh\u00f5es de litros de \u00e1gua - Agazeta.net\",\"isPartOf\":{\"@id\":\"https:\/\/nk7-testes.com.br\/agazeta\/#website\"},\"primaryImageOfPage\":{\"@id\":\"https:\/\/nk7-testes.com.br\/agazeta\/plano-de-contingencia-defesa-civil-de-rio-branco-deve-distribuir-30-milhoes-de-litros-de-agua\/#primaryimage\"},\"image\":{\"@id\":\"https:\/\/nk7-testes.com.br\/agazeta\/plano-de-contingencia-defesa-civil-de-rio-branco-deve-distribuir-30-milhoes-de-litros-de-agua\/#primaryimage\"},\"thumbnailUrl\":\"https:\/\/nk7-testes.com.br\/agazeta\/wp-content\/uploads\/2024\/06\/WhatsApp-Image-2024-06-18-at-9.54.27-AM.jpeg\",\"datePublished\":\"2024-06-18T15:07:38+00:00\",\"author\":{\"@id\":\"https:\/\/nk7-testes.com.br\/agazeta\/#\/schema\/person\/6d6e25cb0435eb4a02fd44d30b4e3020\"},\"breadcrumb\":{\"@id\":\"https:\/\/nk7-testes.com.br\/agazeta\/plano-de-contingencia-defesa-civil-de-rio-branco-deve-distribuir-30-milhoes-de-litros-de-agua\/#breadcrumb\"},\"inLanguage\":\"pt-BR\",\"potentialAction\":[{\"@type\":\"ReadAction\",\"target\":[\"https:\/\/nk7-testes.com.br\/agazeta\/plano-de-contingencia-defesa-civil-de-rio-branco-deve-distribuir-30-milhoes-de-litros-de-agua\/\"]}]},{\"@type\":\"ImageObject\",\"inLanguage\":\"pt-BR\",\"@id\":\"https:\/\/nk7-testes.com.br\/agazeta\/plano-de-contingencia-defesa-civil-de-rio-branco-deve-distribuir-30-milhoes-de-litros-de-agua\/#primaryimage\",\"url\":\"https:\/\/nk7-testes.com.br\/agazeta\/wp-content\/uploads\/2024\/06\/WhatsApp-Image-2024-06-18-at-9.54.27-AM.jpeg\",\"contentUrl\":\"https:\/\/nk7-testes.com.br\/agazeta\/wp-content\/uploads\/2024\/06\/WhatsApp-Image-2024-06-18-at-9.54.27-AM.jpeg\",\"width\":960,\"height\":540,\"caption\":\"Fonte: Defesa Civil de Rio Branco\"},{\"@type\":\"BreadcrumbList\",\"@id\":\"https:\/\/nk7-testes.com.br\/agazeta\/plano-de-contingencia-defesa-civil-de-rio-branco-deve-distribuir-30-milhoes-de-litros-de-agua\/#breadcrumb\",\"itemListElement\":[{\"@type\":\"ListItem\",\"position\":1,\"name\":\"In\u00edcio\",\"item\":\"https:\/\/nk7-testes.com.br\/agazeta\/\"},{\"@type\":\"ListItem\",\"position\":2,\"name\":\"Plano de conting\u00eancia: Defesa Civil de Rio Branco deve distribuir 30 milh\u00f5es de litros de \u00e1gua\"}]},{\"@type\":\"WebSite\",\"@id\":\"https:\/\/nk7-testes.com.br\/agazeta\/#website\",\"url\":\"https:\/\/nk7-testes.com.br\/agazeta\/\",\"name\":\"Agazeta.net\",\"description\":\"Agazeta.net - Not\u00edcias de Rio Branco\/AC\",\"potentialAction\":[{\"@type\":\"SearchAction\",\"target\":{\"@type\":\"EntryPoint\",\"urlTemplate\":\"https:\/\/nk7-testes.com.br\/agazeta\/?s={search_term_string}\"},\"query-input\":{\"@type\":\"PropertyValueSpecification\",\"valueRequired\":true,\"valueName\":\"search_term_string\"}}],\"inLanguage\":\"pt-BR\"},{\"@type\":\"Person\",\"@id\":\"https:\/\/nk7-testes.com.br\/agazeta\/#\/schema\/person\/6d6e25cb0435eb4a02fd44d30b4e3020\",\"name\":\"Agazeta.Net\",\"url\":\"https:\/\/nk7-testes.com.br\/agazeta\/author\/agazeta\/\"}]}<\/script>\n<!-- \/ Yoast SEO plugin. -->","yoast_head_json":{"title":"Plano de conting\u00eancia: Defesa Civil de Rio Branco deve distribuir 30 milh\u00f5es de litros de \u00e1gua - Agazeta.net","robots":{"index":"index","follow":"follow","max-snippet":"max-snippet:-1","max-image-preview":"max-image-preview:large","max-video-preview":"max-video-preview:-1"},"canonical":"https:\/\/nk7-testes.com.br\/agazeta\/plano-de-contingencia-defesa-civil-de-rio-branco-deve-distribuir-30-milhoes-de-litros-de-agua\/","og_locale":"pt_BR","og_type":"article","og_title":"Plano de conting\u00eancia: Defesa Civil de Rio Branco deve distribuir 30 milh\u00f5es de litros de \u00e1gua","og_description":"A aus\u00eancia de chuvas na capital nos \u00faltimos 23 dias \u00e9 uma das causas da escassez h\u00eddrica","og_url":"https:\/\/nk7-testes.com.br\/agazeta\/plano-de-contingencia-defesa-civil-de-rio-branco-deve-distribuir-30-milhoes-de-litros-de-agua\/","og_site_name":"Agazeta.net","article_published_time":"2024-06-18T15:07:38+00:00","og_image":[{"width":960,"height":540,"url":"https:\/\/nk7-testes.com.br\/agazeta\/wp-content\/uploads\/2024\/06\/WhatsApp-Image-2024-06-18-at-9.54.27-AM.jpeg","type":"image\/jpeg"}],"author":"Agazeta.Net","twitter_card":"summary_large_image","twitter_title":"Plano de conting\u00eancia: Defesa Civil de Rio Branco deve distribuir 30 milh\u00f5es de litros de \u00e1gua","twitter_description":"A aus\u00eancia de chuvas na capital nos \u00faltimos 23 dias \u00e9 uma das causas da escassez h\u00eddrica","twitter_image":"https:\/\/nk7-testes.com.br\/agazeta\/wp-content\/uploads\/2024\/06\/WhatsApp-Image-2024-06-18-at-9.54.27-AM.jpeg","twitter_misc":{"Escrito por":"Agazeta.Net","Est. tempo de leitura":"2 minutos"},"schema":{"@context":"https:\/\/schema.org","@graph":[{"@type":"WebPage","@id":"https:\/\/nk7-testes.com.br\/agazeta\/plano-de-contingencia-defesa-civil-de-rio-branco-deve-distribuir-30-milhoes-de-litros-de-agua\/","url":"https:\/\/nk7-testes.com.br\/agazeta\/plano-de-contingencia-defesa-civil-de-rio-branco-deve-distribuir-30-milhoes-de-litros-de-agua\/","name":"Plano de conting\u00eancia: Defesa Civil de Rio Branco deve distribuir 30 milh\u00f5es de litros de \u00e1gua - Agazeta.net","isPartOf":{"@id":"https:\/\/nk7-testes.com.br\/agazeta\/#website"},"primaryImageOfPage":{"@id":"https:\/\/nk7-testes.com.br\/agazeta\/plano-de-contingencia-defesa-civil-de-rio-branco-deve-distribuir-30-milhoes-de-litros-de-agua\/#primaryimage"},"image":{"@id":"https:\/\/nk7-testes.com.br\/agazeta\/plano-de-contingencia-defesa-civil-de-rio-branco-deve-distribuir-30-milhoes-de-litros-de-agua\/#primaryimage"},"thumbnailUrl":"https:\/\/nk7-testes.com.br\/agazeta\/wp-content\/uploads\/2024\/06\/WhatsApp-Image-2024-06-18-at-9.54.27-AM.jpeg","datePublished":"2024-06-18T15:07:38+00:00","author":{"@id":"https:\/\/nk7-testes.com.br\/agazeta\/#\/schema\/person\/6d6e25cb0435eb4a02fd44d30b4e3020"},"breadcrumb":{"@id":"https:\/\/nk7-testes.com.br\/agazeta\/plano-de-contingencia-defesa-civil-de-rio-branco-deve-distribuir-30-milhoes-de-litros-de-agua\/#breadcrumb"},"inLanguage":"pt-BR","potentialAction":[{"@type":"ReadAction","target":["https:\/\/nk7-testes.com.br\/agazeta\/plano-de-contingencia-defesa-civil-de-rio-branco-deve-distribuir-30-milhoes-de-litros-de-agua\/"]}]},{"@type":"ImageObject","inLanguage":"pt-BR","@id":"https:\/\/nk7-testes.com.br\/agazeta\/plano-de-contingencia-defesa-civil-de-rio-branco-deve-distribuir-30-milhoes-de-litros-de-agua\/#primaryimage","url":"https:\/\/nk7-testes.com.br\/agazeta\/wp-content\/uploads\/2024\/06\/WhatsApp-Image-2024-06-18-at-9.54.27-AM.jpeg","contentUrl":"https:\/\/nk7-testes.com.br\/agazeta\/wp-content\/uploads\/2024\/06\/WhatsApp-Image-2024-06-18-at-9.54.27-AM.jpeg","width":960,"height":540,"caption":"Fonte: Defesa Civil de Rio Branco"},{"@type":"BreadcrumbList","@id":"https:\/\/nk7-testes.com.br\/agazeta\/plano-de-contingencia-defesa-civil-de-rio-branco-deve-distribuir-30-milhoes-de-litros-de-agua\/#breadcrumb","itemListElement":[{"@type":"ListItem","position":1,"name":"In\u00edcio","item":"https:\/\/nk7-testes.com.br\/agazeta\/"},{"@type":"ListItem","position":2,"name":"Plano de conting\u00eancia: Defesa Civil de Rio Branco deve distribuir 30 milh\u00f5es de litros de \u00e1gua"}]},{"@type":"WebSite","@id":"https:\/\/nk7-testes.com.br\/agazeta\/#website","url":"https:\/\/nk7-testes.com.br\/agazeta\/","name":"Agazeta.net","description":"Agazeta.net - Not\u00edcias de Rio Branco\/AC","potentialAction":[{"@type":"SearchAction","target":{"@type":"EntryPoint","urlTemplate":"https:\/\/nk7-testes.com.br\/agazeta\/?s={search_term_string}"},"query-input":{"@type":"PropertyValueSpecification","valueRequired":true,"valueName":"search_term_string"}}],"inLanguage":"pt-BR"},{"@type":"Person","@id":"https:\/\/nk7-testes.com.br\/agazeta\/#\/schema\/person\/6d6e25cb0435eb4a02fd44d30b4e3020","name":"Agazeta.Net","url":"https:\/\/nk7-testes.com.br\/agazeta\/author\/agazeta\/"}]}},"_links":{"self":[{"href":"https:\/\/nk7-testes.com.br\/agazeta\/wp-json\/wp\/v2\/posts\/134117","targetHints":{"allow":["GET"]}}],"collection":[{"href":"https:\/\/nk7-testes.com.br\/agazeta\/wp-json\/wp\/v2\/posts"}],"about":[{"href":"https:\/\/nk7-testes.com.br\/agazeta\/wp-json\/wp\/v2\/types\/post"}],"author":[{"embeddable":true,"href":"https:\/\/nk7-testes.com.br\/agazeta\/wp-json\/wp\/v2\/users\/4"}],"replies":[{"embeddable":true,"href":"https:\/\/nk7-testes.com.br\/agazeta\/wp-json\/wp\/v2\/comments?post=134117"}],"version-history":[{"count":0,"href":"https:\/\/nk7-testes.com.br\/agazeta\/wp-json\/wp\/v2\/posts\/134117\/revisions"}],"wp:featuredmedia":[{"embeddable":true,"href":"https:\/\/nk7-testes.com.br\/agazeta\/wp-json\/wp\/v2\/media\/134119"}],"wp:attachment":[{"href":"https:\/\/nk7-testes.com.br\/agazeta\/wp-json\/wp\/v2\/media?parent=134117"}],"wp:term":[{"taxonomy":"category","embeddable":true,"href":"https:\/\/nk7-testes.com.br\/agazeta\/wp-json\/wp\/v2\/categories?post=134117"},{"taxonomy":"post_tag","embeddable":true,"href":"https:\/\/nk7-testes.com.br\/agazeta\/wp-json\/wp\/v2\/tags?post=134117"}],"curies":[{"name":"wp","href":"https:\/\/api.w.org\/{rel}","templated":true}]}}