{"id":134089,"date":"2024-06-17T16:56:32","date_gmt":"2024-06-17T21:56:32","guid":{"rendered":"https:\/\/nk7-testes.com.br\/?p=134089"},"modified":"2024-06-17T16:56:32","modified_gmt":"2024-06-17T21:56:32","slug":"cerca-de-90-das-vitimas-de-feminicidio-no-acre-nao-tinham-medida-protetiva-diz-procuradora","status":"publish","type":"post","link":"https:\/\/nk7-testes.com.br\/agazeta\/cerca-de-90-das-vitimas-de-feminicidio-no-acre-nao-tinham-medida-protetiva-diz-procuradora\/","title":{"rendered":"Cerca de 90% das v\u00edtimas de feminic\u00eddio no Acre n\u00e3o tinham medida protetiva, diz procuradora"},"content":{"rendered":"<p style=\"text-align: justify;\">Durante participa\u00e7\u00e3o no programa Gazeta Entrevista, da TV Gazeta, nesta segunda-feira, 17, a procuradora de Justi\u00e7a do Acre, Patr\u00edcia R\u00eago, afirmou que, de 2018 at\u00e9 agora, cerca de 90% das mulheres v\u00edtimas de feminic\u00eddio no Estado n\u00e3o tinham medida protetiva.<\/p>\n<p style=\"text-align: justify;\">Segundo R\u00eago, em regra, as figuras femininas que moram no Acre n\u00e3o procuram ajuda na rede de prote\u00e7\u00e3o disponibilizada pelo Estado, em locais como delegacias, Minist\u00e9rio P\u00fablico do Acre (MPAC) ou Defesoria P\u00fablica (DPE).<\/p>\n<p style=\"text-align: justify;\">&#8220;As mulheres que morrem aqui no Acre, em regra, s\u00e3o mulheres que n\u00e3o procuraram ajuda. Que n\u00e3o foram procurar na rede de prote\u00e7\u00e3o, nem no sistema de seguran\u00e7a p\u00fablica. N\u00e3o foram ao Minist\u00e9rio P\u00fablico, n\u00e3o foram \u00e0 Defensoria P\u00fablica, n\u00e3o pediram a medida protetiva&#8221;, destaca a procuradora.<\/p>\n<p style=\"text-align: justify;\">Patr\u00edcia R\u00eago deixa claro que, mesmo com a medida protetiva, mulheres j\u00e1 foram v\u00edtimas de feminic\u00eddio, por\u00e9m, n\u00e3o \u00e9 regra. A regra observada pelo dados diz que 90% dessas v\u00edtimas n\u00e3o haviam solicitado a prote\u00e7\u00e3o do Estado.<\/p>\n<p style=\"text-align: justify;\">&#8220;Se a gente olhar para essas mulheres que morreram no Acre v\u00edtimas de feminic\u00eddio, de 2018 para c\u00e1, 90% delas n\u00e3o tinham medida protetiva, s\u00f3 10% tinham. A regra \u00e9 que as mulheres que morrem s\u00e3o aquelas que n\u00e3o t\u00eam medidida protetiva&#8221;, ressalta.<\/p>\n<p style=\"text-align: justify;\">A procuradora salienta, ainda, que o feminic\u00eddio n\u00e3o acontece de forma repentina, pois existem uma sequ\u00eancia de acontecimentos anteriores ao crime, que inicia com a viol\u00eancia psicol\u00f3gica, seguida por insultos, depois a agress\u00e3o e, por fim, a morte da v\u00edtima.<\/p>\n<p style=\"text-align: justify;\">&#8220;O feminic\u00eddio n\u00e3o \u00e9 um ponto fora da curva. A mulher v\u00edtima de feminic\u00eddio j\u00e1 vem sofrendo l\u00e1 de tr\u00e1s, porque a\u00ed come\u00e7a com a viol\u00eancia psicol\u00f3gica, os insultos, o controle do corpo, da vida, a viol\u00eancia patrimonial. E a\u00ed come\u00e7a a agress\u00e3o, um empurr\u00e3o, um tapa, um chute e chega a matar. Funciona assim&#8221;, afirma.<\/p>\n","protected":false},"excerpt":{"rendered":"<p>Durante participa\u00e7\u00e3o no programa Gazeta Entrevista, da TV Gazeta, nesta segunda-feira, 17, a procuradora de Justi\u00e7a do Acre, Patr\u00edcia R\u00eago, afirmou que, de 2018 at\u00e9 agora, cerca de 90% das mulheres v\u00edtimas de feminic\u00eddio no Estado n\u00e3o tinham medida protetiva. Segundo R\u00eago, em regra, as figuras femininas que moram no Acre n\u00e3o procuram ajuda na [&hellip;]<\/p>\n","protected":false},"author":4,"featured_media":134091,"comment_status":"open","ping_status":"open","sticky":false,"template":"","format":"standard","meta":{"jnews-multi-image_gallery":[],"jnews_single_post":{"source_name":"","source_url":"","via_name":"","via_url":"","override_template":"0","override":[{"template":"custom","single_blog_custom":"110746","parallax":"1","fullscreen":"1","layout":"right-sidebar","sidebar":"default-sidebar","second_sidebar":"default-sidebar","sticky_sidebar":"1","share_position":"top","share_float_style":"share-monocrhome","show_share_counter":"1","show_view_counter":"1","show_featured":"1","show_post_meta":"1","show_post_author":"1","show_post_author_image":"1","show_post_date":"1","post_date_format":"default","post_date_format_custom":"Y\/m\/d","show_post_category":"1","show_post_reading_time":"0","post_reading_time_wpm":"300","show_zoom_button":"0","zoom_button_out_step":"2","zoom_button_in_step":"3","show_post_tag":"1","show_prev_next_post":"1","show_popup_post":"1","number_popup_post":"1","show_author_box":"0","show_post_related":"1","show_inline_post_related":"0"}],"override_image_size":"0","image_override":[{"single_post_thumbnail_size":"crop-500","single_post_gallery_size":"crop-500"}],"trending_post":"0","trending_post_position":"meta","trending_post_label":"Trending","sponsored_post":"0","sponsored_post_label":"Sponsored by","sponsored_post_name":"","sponsored_post_url":"","sponsored_post_logo_enable":"0","sponsored_post_logo":"","sponsored_post_desc":"","disable_ad":"0"},"jnews_primary_category":{"id":"","hide":""},"jnews_social_meta":{"fb_title":"","fb_description":"","fb_image":"","twitter_title":"","twitter_description":"","twitter_image":""},"jnews_review":[],"enable_review":"0","type":"percentage","name":"","summary":"","brand":"","sku":"","good":[{"good_text":""}],"bad":[{"bad_text":""}],"score_override":"0","override_value":"","rating":[{"rating_text":"","rating_number":"10"}],"price":[{"shop":"","price":"","link":"","icon":""}],"footnotes":""},"categories":[54],"tags":[152],"class_list":["post-134089","post","type-post","status-publish","format-standard","has-post-thumbnail","hentry","category-cotidiano","tag-destaque"],"yoast_head":"<!-- This site is optimized with the Yoast SEO plugin v26.5 - https:\/\/yoast.com\/wordpress\/plugins\/seo\/ -->\n<title>Cerca de 90% das v\u00edtimas de feminic\u00eddio no Acre n\u00e3o tinham medida protetiva, diz procuradora - Agazeta.net<\/title>\n<meta name=\"robots\" content=\"index, follow, max-snippet:-1, max-image-preview:large, max-video-preview:-1\" \/>\n<link rel=\"canonical\" href=\"https:\/\/nk7-testes.com.br\/agazeta\/cerca-de-90-das-vitimas-de-feminicidio-no-acre-nao-tinham-medida-protetiva-diz-procuradora\/\" \/>\n<meta property=\"og:locale\" content=\"pt_BR\" \/>\n<meta property=\"og:type\" content=\"article\" \/>\n<meta property=\"og:title\" content=\"Cerca de 90% das v\u00edtimas de feminic\u00eddio no Acre n\u00e3o tinham medida protetiva, diz procuradora\" \/>\n<meta property=\"og:description\" content=\"Patr\u00edcia R\u00eago destaca que, de 2018 at\u00e9 agora, apenas 10% dessas v\u00edtimas solicitaram a prote\u00e7\u00e3o\" \/>\n<meta property=\"og:url\" content=\"https:\/\/nk7-testes.com.br\/agazeta\/cerca-de-90-das-vitimas-de-feminicidio-no-acre-nao-tinham-medida-protetiva-diz-procuradora\/\" \/>\n<meta property=\"og:site_name\" content=\"Agazeta.net\" \/>\n<meta property=\"article:published_time\" content=\"2024-06-17T21:56:32+00:00\" \/>\n<meta property=\"og:image\" content=\"https:\/\/nk7-testes.com.br\/agazeta\/wp-content\/uploads\/2024\/06\/WhatsApp-Image-2024-06-17-at-16.32.08-jpeg.webp\" \/>\n\t<meta property=\"og:image:width\" content=\"800\" \/>\n\t<meta property=\"og:image:height\" content=\"403\" \/>\n\t<meta property=\"og:image:type\" content=\"image\/jpeg\" \/>\n<meta name=\"author\" content=\"Agazeta.Net\" \/>\n<meta name=\"twitter:card\" content=\"summary_large_image\" \/>\n<meta name=\"twitter:label1\" content=\"Escrito por\" \/>\n\t<meta name=\"twitter:data1\" content=\"Agazeta.Net\" \/>\n\t<meta name=\"twitter:label2\" content=\"Est. tempo de leitura\" \/>\n\t<meta name=\"twitter:data2\" content=\"2 minutos\" \/>\n<script type=\"application\/ld+json\" class=\"yoast-schema-graph\">{\"@context\":\"https:\/\/schema.org\",\"@graph\":[{\"@type\":\"WebPage\",\"@id\":\"https:\/\/nk7-testes.com.br\/agazeta\/cerca-de-90-das-vitimas-de-feminicidio-no-acre-nao-tinham-medida-protetiva-diz-procuradora\/\",\"url\":\"https:\/\/nk7-testes.com.br\/agazeta\/cerca-de-90-das-vitimas-de-feminicidio-no-acre-nao-tinham-medida-protetiva-diz-procuradora\/\",\"name\":\"Cerca de 90% das v\u00edtimas de feminic\u00eddio no Acre n\u00e3o tinham medida protetiva, diz procuradora - Agazeta.net\",\"isPartOf\":{\"@id\":\"https:\/\/nk7-testes.com.br\/agazeta\/#website\"},\"primaryImageOfPage\":{\"@id\":\"https:\/\/nk7-testes.com.br\/agazeta\/cerca-de-90-das-vitimas-de-feminicidio-no-acre-nao-tinham-medida-protetiva-diz-procuradora\/#primaryimage\"},\"image\":{\"@id\":\"https:\/\/nk7-testes.com.br\/agazeta\/cerca-de-90-das-vitimas-de-feminicidio-no-acre-nao-tinham-medida-protetiva-diz-procuradora\/#primaryimage\"},\"thumbnailUrl\":\"https:\/\/nk7-testes.com.br\/agazeta\/wp-content\/uploads\/2024\/06\/WhatsApp-Image-2024-06-17-at-16.32.08-jpeg.webp\",\"datePublished\":\"2024-06-17T21:56:32+00:00\",\"author\":{\"@id\":\"https:\/\/nk7-testes.com.br\/agazeta\/#\/schema\/person\/6d6e25cb0435eb4a02fd44d30b4e3020\"},\"breadcrumb\":{\"@id\":\"https:\/\/nk7-testes.com.br\/agazeta\/cerca-de-90-das-vitimas-de-feminicidio-no-acre-nao-tinham-medida-protetiva-diz-procuradora\/#breadcrumb\"},\"inLanguage\":\"pt-BR\",\"potentialAction\":[{\"@type\":\"ReadAction\",\"target\":[\"https:\/\/nk7-testes.com.br\/agazeta\/cerca-de-90-das-vitimas-de-feminicidio-no-acre-nao-tinham-medida-protetiva-diz-procuradora\/\"]}]},{\"@type\":\"ImageObject\",\"inLanguage\":\"pt-BR\",\"@id\":\"https:\/\/nk7-testes.com.br\/agazeta\/cerca-de-90-das-vitimas-de-feminicidio-no-acre-nao-tinham-medida-protetiva-diz-procuradora\/#primaryimage\",\"url\":\"https:\/\/nk7-testes.com.br\/agazeta\/wp-content\/uploads\/2024\/06\/WhatsApp-Image-2024-06-17-at-16.32.08-jpeg.webp\",\"contentUrl\":\"https:\/\/nk7-testes.com.br\/agazeta\/wp-content\/uploads\/2024\/06\/WhatsApp-Image-2024-06-17-at-16.32.08-jpeg.webp\",\"width\":800,\"height\":403,\"caption\":\"Imagem: TV Gazeta\"},{\"@type\":\"BreadcrumbList\",\"@id\":\"https:\/\/nk7-testes.com.br\/agazeta\/cerca-de-90-das-vitimas-de-feminicidio-no-acre-nao-tinham-medida-protetiva-diz-procuradora\/#breadcrumb\",\"itemListElement\":[{\"@type\":\"ListItem\",\"position\":1,\"name\":\"In\u00edcio\",\"item\":\"https:\/\/nk7-testes.com.br\/agazeta\/\"},{\"@type\":\"ListItem\",\"position\":2,\"name\":\"Cerca de 90% das v\u00edtimas de feminic\u00eddio no Acre n\u00e3o tinham medida protetiva, diz procuradora\"}]},{\"@type\":\"WebSite\",\"@id\":\"https:\/\/nk7-testes.com.br\/agazeta\/#website\",\"url\":\"https:\/\/nk7-testes.com.br\/agazeta\/\",\"name\":\"Agazeta.net\",\"description\":\"Agazeta.net - Not\u00edcias de Rio Branco\/AC\",\"potentialAction\":[{\"@type\":\"SearchAction\",\"target\":{\"@type\":\"EntryPoint\",\"urlTemplate\":\"https:\/\/nk7-testes.com.br\/agazeta\/?s={search_term_string}\"},\"query-input\":{\"@type\":\"PropertyValueSpecification\",\"valueRequired\":true,\"valueName\":\"search_term_string\"}}],\"inLanguage\":\"pt-BR\"},{\"@type\":\"Person\",\"@id\":\"https:\/\/nk7-testes.com.br\/agazeta\/#\/schema\/person\/6d6e25cb0435eb4a02fd44d30b4e3020\",\"name\":\"Agazeta.Net\",\"url\":\"https:\/\/nk7-testes.com.br\/agazeta\/author\/agazeta\/\"}]}<\/script>\n<!-- \/ Yoast SEO plugin. -->","yoast_head_json":{"title":"Cerca de 90% das v\u00edtimas de feminic\u00eddio no Acre n\u00e3o tinham medida protetiva, diz procuradora - Agazeta.net","robots":{"index":"index","follow":"follow","max-snippet":"max-snippet:-1","max-image-preview":"max-image-preview:large","max-video-preview":"max-video-preview:-1"},"canonical":"https:\/\/nk7-testes.com.br\/agazeta\/cerca-de-90-das-vitimas-de-feminicidio-no-acre-nao-tinham-medida-protetiva-diz-procuradora\/","og_locale":"pt_BR","og_type":"article","og_title":"Cerca de 90% das v\u00edtimas de feminic\u00eddio no Acre n\u00e3o tinham medida protetiva, diz procuradora","og_description":"Patr\u00edcia R\u00eago destaca que, de 2018 at\u00e9 agora, apenas 10% dessas v\u00edtimas solicitaram a prote\u00e7\u00e3o","og_url":"https:\/\/nk7-testes.com.br\/agazeta\/cerca-de-90-das-vitimas-de-feminicidio-no-acre-nao-tinham-medida-protetiva-diz-procuradora\/","og_site_name":"Agazeta.net","article_published_time":"2024-06-17T21:56:32+00:00","og_image":[{"width":800,"height":403,"url":"https:\/\/nk7-testes.com.br\/agazeta\/wp-content\/uploads\/2024\/06\/WhatsApp-Image-2024-06-17-at-16.32.08-jpeg.webp","type":"image\/jpeg"}],"author":"Agazeta.Net","twitter_card":"summary_large_image","twitter_misc":{"Escrito por":"Agazeta.Net","Est. tempo de leitura":"2 minutos"},"schema":{"@context":"https:\/\/schema.org","@graph":[{"@type":"WebPage","@id":"https:\/\/nk7-testes.com.br\/agazeta\/cerca-de-90-das-vitimas-de-feminicidio-no-acre-nao-tinham-medida-protetiva-diz-procuradora\/","url":"https:\/\/nk7-testes.com.br\/agazeta\/cerca-de-90-das-vitimas-de-feminicidio-no-acre-nao-tinham-medida-protetiva-diz-procuradora\/","name":"Cerca de 90% das v\u00edtimas de feminic\u00eddio no Acre n\u00e3o tinham medida protetiva, diz procuradora - Agazeta.net","isPartOf":{"@id":"https:\/\/nk7-testes.com.br\/agazeta\/#website"},"primaryImageOfPage":{"@id":"https:\/\/nk7-testes.com.br\/agazeta\/cerca-de-90-das-vitimas-de-feminicidio-no-acre-nao-tinham-medida-protetiva-diz-procuradora\/#primaryimage"},"image":{"@id":"https:\/\/nk7-testes.com.br\/agazeta\/cerca-de-90-das-vitimas-de-feminicidio-no-acre-nao-tinham-medida-protetiva-diz-procuradora\/#primaryimage"},"thumbnailUrl":"https:\/\/nk7-testes.com.br\/agazeta\/wp-content\/uploads\/2024\/06\/WhatsApp-Image-2024-06-17-at-16.32.08-jpeg.webp","datePublished":"2024-06-17T21:56:32+00:00","author":{"@id":"https:\/\/nk7-testes.com.br\/agazeta\/#\/schema\/person\/6d6e25cb0435eb4a02fd44d30b4e3020"},"breadcrumb":{"@id":"https:\/\/nk7-testes.com.br\/agazeta\/cerca-de-90-das-vitimas-de-feminicidio-no-acre-nao-tinham-medida-protetiva-diz-procuradora\/#breadcrumb"},"inLanguage":"pt-BR","potentialAction":[{"@type":"ReadAction","target":["https:\/\/nk7-testes.com.br\/agazeta\/cerca-de-90-das-vitimas-de-feminicidio-no-acre-nao-tinham-medida-protetiva-diz-procuradora\/"]}]},{"@type":"ImageObject","inLanguage":"pt-BR","@id":"https:\/\/nk7-testes.com.br\/agazeta\/cerca-de-90-das-vitimas-de-feminicidio-no-acre-nao-tinham-medida-protetiva-diz-procuradora\/#primaryimage","url":"https:\/\/nk7-testes.com.br\/agazeta\/wp-content\/uploads\/2024\/06\/WhatsApp-Image-2024-06-17-at-16.32.08-jpeg.webp","contentUrl":"https:\/\/nk7-testes.com.br\/agazeta\/wp-content\/uploads\/2024\/06\/WhatsApp-Image-2024-06-17-at-16.32.08-jpeg.webp","width":800,"height":403,"caption":"Imagem: TV Gazeta"},{"@type":"BreadcrumbList","@id":"https:\/\/nk7-testes.com.br\/agazeta\/cerca-de-90-das-vitimas-de-feminicidio-no-acre-nao-tinham-medida-protetiva-diz-procuradora\/#breadcrumb","itemListElement":[{"@type":"ListItem","position":1,"name":"In\u00edcio","item":"https:\/\/nk7-testes.com.br\/agazeta\/"},{"@type":"ListItem","position":2,"name":"Cerca de 90% das v\u00edtimas de feminic\u00eddio no Acre n\u00e3o tinham medida protetiva, diz procuradora"}]},{"@type":"WebSite","@id":"https:\/\/nk7-testes.com.br\/agazeta\/#website","url":"https:\/\/nk7-testes.com.br\/agazeta\/","name":"Agazeta.net","description":"Agazeta.net - Not\u00edcias de Rio Branco\/AC","potentialAction":[{"@type":"SearchAction","target":{"@type":"EntryPoint","urlTemplate":"https:\/\/nk7-testes.com.br\/agazeta\/?s={search_term_string}"},"query-input":{"@type":"PropertyValueSpecification","valueRequired":true,"valueName":"search_term_string"}}],"inLanguage":"pt-BR"},{"@type":"Person","@id":"https:\/\/nk7-testes.com.br\/agazeta\/#\/schema\/person\/6d6e25cb0435eb4a02fd44d30b4e3020","name":"Agazeta.Net","url":"https:\/\/nk7-testes.com.br\/agazeta\/author\/agazeta\/"}]}},"_links":{"self":[{"href":"https:\/\/nk7-testes.com.br\/agazeta\/wp-json\/wp\/v2\/posts\/134089","targetHints":{"allow":["GET"]}}],"collection":[{"href":"https:\/\/nk7-testes.com.br\/agazeta\/wp-json\/wp\/v2\/posts"}],"about":[{"href":"https:\/\/nk7-testes.com.br\/agazeta\/wp-json\/wp\/v2\/types\/post"}],"author":[{"embeddable":true,"href":"https:\/\/nk7-testes.com.br\/agazeta\/wp-json\/wp\/v2\/users\/4"}],"replies":[{"embeddable":true,"href":"https:\/\/nk7-testes.com.br\/agazeta\/wp-json\/wp\/v2\/comments?post=134089"}],"version-history":[{"count":0,"href":"https:\/\/nk7-testes.com.br\/agazeta\/wp-json\/wp\/v2\/posts\/134089\/revisions"}],"wp:featuredmedia":[{"embeddable":true,"href":"https:\/\/nk7-testes.com.br\/agazeta\/wp-json\/wp\/v2\/media\/134091"}],"wp:attachment":[{"href":"https:\/\/nk7-testes.com.br\/agazeta\/wp-json\/wp\/v2\/media?parent=134089"}],"wp:term":[{"taxonomy":"category","embeddable":true,"href":"https:\/\/nk7-testes.com.br\/agazeta\/wp-json\/wp\/v2\/categories?post=134089"},{"taxonomy":"post_tag","embeddable":true,"href":"https:\/\/nk7-testes.com.br\/agazeta\/wp-json\/wp\/v2\/tags?post=134089"}],"curies":[{"name":"wp","href":"https:\/\/api.w.org\/{rel}","templated":true}]}}