{"id":134063,"date":"2024-06-17T14:01:00","date_gmt":"2024-06-17T19:01:00","guid":{"rendered":"https:\/\/nk7-testes.com.br\/?p=134063"},"modified":"2024-06-17T14:44:47","modified_gmt":"2024-06-17T19:44:47","slug":"em-carta-aos-senadores-coletivo-de-mulheres-acreanas-repudia-pl-antiaborto","status":"publish","type":"post","link":"https:\/\/nk7-testes.com.br\/agazeta\/em-carta-aos-senadores-coletivo-de-mulheres-acreanas-repudia-pl-antiaborto\/","title":{"rendered":"Em carta aos senadores, coletivo de mulheres acreanas repudia PL &#8216;antiaborto&#8217;"},"content":{"rendered":"<p style=\"text-align: justify;\">Em carta aberta destinada aos senadores da Rep\u00fablica, divulgada na sexta-feira, 14, mulheres do Levante Feminista, da Associa\u00e7\u00e3o de Mulheres de Carreira Jur\u00eddica e da Associa\u00e7\u00e3o de Mulheres Jurista repudiam projeto de lei 1.904\/2024, que prop\u00f5e tornar homic\u00eddio\u00a0aborto\u00a0realizado acima de 22 semanas de gesta\u00e7\u00e3o, em qualquer situa\u00e7\u00e3o, inclusive em caso de estupro.<\/p>\n<p style=\"text-align: justify;\">Al\u00e9m do rep\u00fadio ao PL, os grupos tamb\u00e9m demonstram preocupa\u00e7\u00e3o com o &#8220;evidente retrocesso social e do direito das mulheres e meninas com rela\u00e7\u00e3o ao acesso ao aborto seguro&#8221;, tendo em vista que esse j\u00e1 era previsto na legisla\u00e7\u00e3o brasileira em tr\u00eas casos espec\u00edficos.<\/p>\n<p style=\"text-align: justify;\">&#8220;Caso seja aprovado, tamb\u00e9m, no Senado Federal, a mudan\u00e7a para equiparar o aborto acima das 22 semanas, ao crime de homic\u00eddio simples, o que significa dizer, que torna as mulheres criminosas, mesmo sendo as maiores vitimas. Sabemos que h\u00e1 um projeto pol\u00edtico conservador por tr\u00e1s de tal medida, entretanto, usar os corpos das mulheres e crian\u00e7as para se promover, significa trocar direitos e vidas por desejos pessoais&#8221;, destaca o texto.<\/p>\n<p style=\"text-align: justify;\">De acordo com a carta, n\u00e3o \u00e9 o aborto que deveria estar em debate, pois ele j\u00e1 est\u00e1 previsto em lei, mas sim o aumento das penas \u00e0queles que praticam o crime de estupro, e estabelecer penas maiores e mais rigorosas aos autores.<\/p>\n<p style=\"text-align: justify;\">&#8220;Obrigar mulheres e meninas a praticar o aborto de maneira clandestina em qualquer tempo de gest\u00e3o com medo de serem criminalizadas, s\u00f3 aumenta a taxa de mortalidade dessas vitimas que na maioria das vezes, pratica o aborto de forma insalubre e sem qualquer garantia de sucesso&#8221;, diz a carta.<\/p>\n<p>Leia a nota na \u00edntegra:<\/p>\n<p style=\"text-align: justify;\"><em>N\u00f3s mulheres do Levante Feminista, Mulheres da Associa\u00e7\u00e3o de Mulheres de Carreira Jur\u00eddica e Mulheres da Associa\u00e7\u00e3o de Mulheres Juristas, que lutamos pelos direitos e igualdade de g\u00eanero e contra o feminic\u00eddio, lesboc\u00eddio e transfeminic\u00eddio no Acre, vem apresentar rep\u00fadio, primeiro, ao Projeto de Lei, de autoria dos parlamentares S\u00f3stenes Cavalcante; Evair Vieira de Melo; Delegado Paulo Bilynskyj;Gilvan da Federal;FilipeMartins; Dr. Luiz Ovando;Bibo Nunes; Mario Frias; Delegado Palumbo; Ely Santos; Simone Marquetto;Cristiane Lopes;Renilce Nicodemos;Abilio Brunini; Franciane Bayer; Carla Zambelli; Dr. Frederico; Greyce Elias; Delegado Ramagem; Bia Kicis; Dayany Bittencourt; L\u00eada Borges; Junio Amaral; CoronelFernanda; Pastor Eurico; Capit\u00e3o Alden; Cezinha de Madureira; Eduardo Bolsonaro; Pezenti; Julia Zanatta; Nikolas Ferreira; Eli Borges; Fred Linhares, cujo objetivo \u00e9 acrescentar dois par\u00e1grafos ao art. 124, um par\u00e1grafo \u00fanico ao artigo 125, um segundo par\u00e1grafo ao artigo 126 e um par\u00e1grafo \u00fanico ao artigo 128, todos do C\u00f3digo Penal Brasileiro, e d\u00e1 outras provid\u00eancias, que foi aprovado em vinte e quatro segundos, ou seja, de forma r\u00e1pida e violenta, pela C\u00e2mara dos Deputados, sem as devidas consultas e debates sobre sa\u00fade publica, direitos humanos e justi\u00e7a social, temas estes que deveriam tamb\u00e9m ter sido considerados antes da aprova\u00e7\u00e3o da PL 1904\/2024, e que gerou nestes \u00faltimos dois dias grande revolta e como\u00e7\u00e3o social.<\/em><\/p>\n<p style=\"text-align: justify;\"><em>Em segundo lugar, manifestamos nossa preocupa\u00e7\u00e3o com o evidente retrocesso social e do direito das mulheres e meninas, com rela\u00e7\u00e3o ao acesso ao aborto seguro, que j\u00e1 est\u00e1 previsto na nossa legisla\u00e7\u00e3o em tr\u00eas casos espec\u00edficos, mas que pode retroceder, caso seja aprovado, tamb\u00e9m, no Senado Federal, a mudan\u00e7a para equiparar o aborto acima das 22 semanas, ao crime de homic\u00eddio simples, o que significa dizer, que torna as mulheres criminosas, mesmo sendo as maiores vitimas.<\/em><\/p>\n<p style=\"text-align: justify;\"><em>Sabemos que h\u00e1 um projeto pol\u00edtico conservador por tr\u00e1s de tal medida, entretanto, usar os corpos das mulheres e crian\u00e7as para se promover, significa trocar direitos e vidas por desejos pessoais.<\/em><\/p>\n<p style=\"text-align: justify;\"><em>O aborto apesar de ser um tema sens\u00edvel e delicado, deve ser pensado e debatido por todos os setores da sociedade, as mudan\u00e7as que se pretendem fazer na Lei, punem e castigam ainda mais as mulheres e meninas vitimas do estupro, o verdadeiro crime.<\/em><\/p>\n<p style=\"text-align: justify;\"><em>N\u00e3o \u00e9 o aborto que deveria estar em debate, pois ele j\u00e1 esta previsto em Lei, o que deveria estar sendo\u00a0 debatido \u00e9 o aumento das penas \u00e0queles que praticam o crime de estupro, estabelecendo penas maiores e mais rigorosas.<\/em><\/p>\n<p style=\"text-align: justify;\"><em>Todavia, no Brasil, mesmo o aborto consentido por lei, n\u00e3o \u00e9 seguro, e encontra muitas dificuldades para ser exercido por mulheres e meninas vitimas dessa cruel realidade, devemos lembrar que em todo o pais, h\u00e1 apenas 4 centros de atendimentos especializados para praticar o aborto legal, portanto, o Brasil, hoje, n\u00e3o garante esse direito.<\/em><\/p>\n<p style=\"text-align: justify;\"><em>Obrigar mulheres e meninas a praticar o aborto de maneira clandestina em qualquer tempo de gest\u00e3o com medo de serem criminalizadas, s\u00f3 aumenta a taxa de mortalidade dessas vitimas que na maioria das vezes, pratica o aborto de forma insalubre e sem qualquer garantia de sucesso.<\/em><\/p>\n<p style=\"text-align: justify;\"><em>\u00c9 tamb\u00e9m necess\u00e1rio que se diga que meninas em sua maioria s\u00e3o estupradas dentro dos pr\u00f3prios lares, pelos pais, irm\u00e3os, tios, av\u00f3s e amigos da fam\u00edlia, e muitas vezes sabem, sequer, o que o aconteceu, e s\u00f3 vem a descobrir a gravidez em est\u00e1gio avan\u00e7ado, portanto, criminalizar estas meninas, significa al\u00e9m de atentar contra a sua dignidade de pessoa humana, significa tamb\u00e9m, as equipar a homicidas.<\/em><\/p>\n<p style=\"text-align: justify;\"><em>Como cidad\u00e3s e mulheres feministas, repudiamos o PL 1.904 e todo e qualquer retrocesso que viole os direitos das mulheres de qualquer idade, e que venham a refor\u00e7ar o machismo estrutural e o Terrorismo religioso que tenta se praticar com a aprova\u00e7\u00e3o desse projeto de Lei.<\/em><\/p>\n<p style=\"text-align: justify;\"><em>Por fim, diante da viola\u00e7\u00e3o, inclusive do processo legislativo que foi suprimido em raz\u00e3o da evidente falsa urg\u00eancia do projeto de lei, espera que o Senado Federal, atrav\u00e9s dos nossos representantes, delibere pela rejei\u00e7\u00e3o da proposta, caso, a mesma, chegue a esta casa.<\/em><\/p>\n","protected":false},"excerpt":{"rendered":"<p>Em carta aberta destinada aos senadores da Rep\u00fablica, divulgada na sexta-feira, 14, mulheres do Levante Feminista, da Associa\u00e7\u00e3o de Mulheres de Carreira Jur\u00eddica e da Associa\u00e7\u00e3o de Mulheres Jurista repudiam projeto de lei 1.904\/2024, que prop\u00f5e tornar homic\u00eddio\u00a0aborto\u00a0realizado acima de 22 semanas de gesta\u00e7\u00e3o, em qualquer situa\u00e7\u00e3o, inclusive em caso de estupro. Al\u00e9m do rep\u00fadio [&hellip;]<\/p>\n","protected":false},"author":4,"featured_media":134072,"comment_status":"open","ping_status":"open","sticky":false,"template":"","format":"standard","meta":{"jnews-multi-image_gallery":[],"jnews_single_post":{"source_name":"","source_url":"","via_name":"","via_url":"","override_template":"0","override":[{"template":"custom","single_blog_custom":"110746","parallax":"1","fullscreen":"1","layout":"right-sidebar","sidebar":"default-sidebar","second_sidebar":"default-sidebar","sticky_sidebar":"1","share_position":"top","share_float_style":"share-monocrhome","show_share_counter":"1","show_view_counter":"1","show_featured":"1","show_post_meta":"1","show_post_author":"1","show_post_author_image":"1","show_post_date":"1","post_date_format":"default","post_date_format_custom":"Y\/m\/d","show_post_category":"1","show_post_reading_time":"0","post_reading_time_wpm":"300","show_zoom_button":"0","zoom_button_out_step":"2","zoom_button_in_step":"3","show_post_tag":"1","show_prev_next_post":"1","show_popup_post":"1","number_popup_post":"1","show_author_box":"0","show_post_related":"1","show_inline_post_related":"0"}],"override_image_size":"0","image_override":[{"single_post_thumbnail_size":"crop-500","single_post_gallery_size":"crop-500"}],"trending_post":"0","trending_post_position":"meta","trending_post_label":"Trending","sponsored_post":"0","sponsored_post_label":"Sponsored by","sponsored_post_name":"","sponsored_post_url":"","sponsored_post_logo_enable":"0","sponsored_post_logo":"","sponsored_post_desc":"","disable_ad":"0"},"jnews_primary_category":{"id":"","hide":""},"jnews_social_meta":{"fb_title":"","fb_description":"","fb_image":"","twitter_title":"","twitter_description":"","twitter_image":""},"jnews_review":[],"enable_review":"0","type":"percentage","name":"","summary":"","brand":"","sku":"","good":[{"good_text":""}],"bad":[{"bad_text":""}],"score_override":"0","override_value":"","rating":[{"rating_text":"","rating_number":"10"}],"price":[{"shop":"","price":"","link":"","icon":""}],"footnotes":""},"categories":[54],"tags":[],"class_list":["post-134063","post","type-post","status-publish","format-standard","has-post-thumbnail","hentry","category-cotidiano"],"yoast_head":"<!-- This site is optimized with the Yoast SEO plugin v26.5 - https:\/\/yoast.com\/wordpress\/plugins\/seo\/ -->\n<title>Em carta aos senadores, coletivo de mulheres acreanas repudia PL &#039;antiaborto&#039; - Agazeta.net<\/title>\n<meta name=\"robots\" content=\"index, follow, max-snippet:-1, max-image-preview:large, max-video-preview:-1\" \/>\n<link rel=\"canonical\" href=\"https:\/\/nk7-testes.com.br\/agazeta\/em-carta-aos-senadores-coletivo-de-mulheres-acreanas-repudia-pl-antiaborto\/\" \/>\n<meta property=\"og:locale\" content=\"pt_BR\" \/>\n<meta property=\"og:type\" content=\"article\" \/>\n<meta property=\"og:title\" content=\"Em carta aos senadores, coletivo de mulheres acreanas repudia PL &#039;antiaborto&#039;\" \/>\n<meta property=\"og:description\" content=\"O texto afirma que aborto n\u00e3o deveria estar em debate, mas sim o aumento das penas \u00e0queles que praticam o crime de estupro\" \/>\n<meta property=\"og:url\" content=\"https:\/\/nk7-testes.com.br\/agazeta\/em-carta-aos-senadores-coletivo-de-mulheres-acreanas-repudia-pl-antiaborto\/\" \/>\n<meta property=\"og:site_name\" content=\"Agazeta.net\" \/>\n<meta property=\"article:published_time\" content=\"2024-06-17T19:01:00+00:00\" \/>\n<meta property=\"article:modified_time\" content=\"2024-06-17T19:44:47+00:00\" \/>\n<meta property=\"og:image\" content=\"https:\/\/nk7-testes.com.br\/agazeta\/wp-content\/uploads\/2024\/06\/1718492523666e1d6b5b9a3_1718492523_3x2_md-jpg.webp\" \/>\n\t<meta property=\"og:image:width\" content=\"768\" \/>\n\t<meta property=\"og:image:height\" content=\"512\" \/>\n\t<meta property=\"og:image:type\" content=\"image\/jpeg\" \/>\n<meta name=\"author\" content=\"Agazeta.Net\" \/>\n<meta name=\"twitter:card\" content=\"summary_large_image\" \/>\n<meta name=\"twitter:label1\" content=\"Escrito por\" \/>\n\t<meta name=\"twitter:data1\" content=\"Agazeta.Net\" \/>\n\t<meta name=\"twitter:label2\" content=\"Est. tempo de leitura\" \/>\n\t<meta name=\"twitter:data2\" content=\"5 minutos\" \/>\n<script type=\"application\/ld+json\" class=\"yoast-schema-graph\">{\"@context\":\"https:\/\/schema.org\",\"@graph\":[{\"@type\":\"WebPage\",\"@id\":\"https:\/\/nk7-testes.com.br\/agazeta\/em-carta-aos-senadores-coletivo-de-mulheres-acreanas-repudia-pl-antiaborto\/\",\"url\":\"https:\/\/nk7-testes.com.br\/agazeta\/em-carta-aos-senadores-coletivo-de-mulheres-acreanas-repudia-pl-antiaborto\/\",\"name\":\"Em carta aos senadores, coletivo de mulheres acreanas repudia PL 'antiaborto' - Agazeta.net\",\"isPartOf\":{\"@id\":\"https:\/\/nk7-testes.com.br\/agazeta\/#website\"},\"primaryImageOfPage\":{\"@id\":\"https:\/\/nk7-testes.com.br\/agazeta\/em-carta-aos-senadores-coletivo-de-mulheres-acreanas-repudia-pl-antiaborto\/#primaryimage\"},\"image\":{\"@id\":\"https:\/\/nk7-testes.com.br\/agazeta\/em-carta-aos-senadores-coletivo-de-mulheres-acreanas-repudia-pl-antiaborto\/#primaryimage\"},\"thumbnailUrl\":\"https:\/\/nk7-testes.com.br\/agazeta\/wp-content\/uploads\/2024\/06\/1718492523666e1d6b5b9a3_1718492523_3x2_md-jpg.webp\",\"datePublished\":\"2024-06-17T19:01:00+00:00\",\"dateModified\":\"2024-06-17T19:44:47+00:00\",\"author\":{\"@id\":\"https:\/\/nk7-testes.com.br\/agazeta\/#\/schema\/person\/6d6e25cb0435eb4a02fd44d30b4e3020\"},\"breadcrumb\":{\"@id\":\"https:\/\/nk7-testes.com.br\/agazeta\/em-carta-aos-senadores-coletivo-de-mulheres-acreanas-repudia-pl-antiaborto\/#breadcrumb\"},\"inLanguage\":\"pt-BR\",\"potentialAction\":[{\"@type\":\"ReadAction\",\"target\":[\"https:\/\/nk7-testes.com.br\/agazeta\/em-carta-aos-senadores-coletivo-de-mulheres-acreanas-repudia-pl-antiaborto\/\"]}]},{\"@type\":\"ImageObject\",\"inLanguage\":\"pt-BR\",\"@id\":\"https:\/\/nk7-testes.com.br\/agazeta\/em-carta-aos-senadores-coletivo-de-mulheres-acreanas-repudia-pl-antiaborto\/#primaryimage\",\"url\":\"https:\/\/nk7-testes.com.br\/agazeta\/wp-content\/uploads\/2024\/06\/1718492523666e1d6b5b9a3_1718492523_3x2_md-jpg.webp\",\"contentUrl\":\"https:\/\/nk7-testes.com.br\/agazeta\/wp-content\/uploads\/2024\/06\/1718492523666e1d6b5b9a3_1718492523_3x2_md-jpg.webp\",\"width\":768,\"height\":512,\"caption\":\"Imagem: Reprodu\u00e7\u00e3o\"},{\"@type\":\"BreadcrumbList\",\"@id\":\"https:\/\/nk7-testes.com.br\/agazeta\/em-carta-aos-senadores-coletivo-de-mulheres-acreanas-repudia-pl-antiaborto\/#breadcrumb\",\"itemListElement\":[{\"@type\":\"ListItem\",\"position\":1,\"name\":\"In\u00edcio\",\"item\":\"https:\/\/nk7-testes.com.br\/agazeta\/\"},{\"@type\":\"ListItem\",\"position\":2,\"name\":\"Em carta aos senadores, coletivo de mulheres acreanas repudia PL &#8216;antiaborto&#8217;\"}]},{\"@type\":\"WebSite\",\"@id\":\"https:\/\/nk7-testes.com.br\/agazeta\/#website\",\"url\":\"https:\/\/nk7-testes.com.br\/agazeta\/\",\"name\":\"Agazeta.net\",\"description\":\"Agazeta.net - Not\u00edcias de Rio Branco\/AC\",\"potentialAction\":[{\"@type\":\"SearchAction\",\"target\":{\"@type\":\"EntryPoint\",\"urlTemplate\":\"https:\/\/nk7-testes.com.br\/agazeta\/?s={search_term_string}\"},\"query-input\":{\"@type\":\"PropertyValueSpecification\",\"valueRequired\":true,\"valueName\":\"search_term_string\"}}],\"inLanguage\":\"pt-BR\"},{\"@type\":\"Person\",\"@id\":\"https:\/\/nk7-testes.com.br\/agazeta\/#\/schema\/person\/6d6e25cb0435eb4a02fd44d30b4e3020\",\"name\":\"Agazeta.Net\",\"url\":\"https:\/\/nk7-testes.com.br\/agazeta\/author\/agazeta\/\"}]}<\/script>\n<!-- \/ Yoast SEO plugin. -->","yoast_head_json":{"title":"Em carta aos senadores, coletivo de mulheres acreanas repudia PL 'antiaborto' - Agazeta.net","robots":{"index":"index","follow":"follow","max-snippet":"max-snippet:-1","max-image-preview":"max-image-preview:large","max-video-preview":"max-video-preview:-1"},"canonical":"https:\/\/nk7-testes.com.br\/agazeta\/em-carta-aos-senadores-coletivo-de-mulheres-acreanas-repudia-pl-antiaborto\/","og_locale":"pt_BR","og_type":"article","og_title":"Em carta aos senadores, coletivo de mulheres acreanas repudia PL 'antiaborto'","og_description":"O texto afirma que aborto n\u00e3o deveria estar em debate, mas sim o aumento das penas \u00e0queles que praticam o crime de estupro","og_url":"https:\/\/nk7-testes.com.br\/agazeta\/em-carta-aos-senadores-coletivo-de-mulheres-acreanas-repudia-pl-antiaborto\/","og_site_name":"Agazeta.net","article_published_time":"2024-06-17T19:01:00+00:00","article_modified_time":"2024-06-17T19:44:47+00:00","og_image":[{"width":768,"height":512,"url":"https:\/\/nk7-testes.com.br\/agazeta\/wp-content\/uploads\/2024\/06\/1718492523666e1d6b5b9a3_1718492523_3x2_md-jpg.webp","type":"image\/jpeg"}],"author":"Agazeta.Net","twitter_card":"summary_large_image","twitter_misc":{"Escrito por":"Agazeta.Net","Est. tempo de leitura":"5 minutos"},"schema":{"@context":"https:\/\/schema.org","@graph":[{"@type":"WebPage","@id":"https:\/\/nk7-testes.com.br\/agazeta\/em-carta-aos-senadores-coletivo-de-mulheres-acreanas-repudia-pl-antiaborto\/","url":"https:\/\/nk7-testes.com.br\/agazeta\/em-carta-aos-senadores-coletivo-de-mulheres-acreanas-repudia-pl-antiaborto\/","name":"Em carta aos senadores, coletivo de mulheres acreanas repudia PL 'antiaborto' - Agazeta.net","isPartOf":{"@id":"https:\/\/nk7-testes.com.br\/agazeta\/#website"},"primaryImageOfPage":{"@id":"https:\/\/nk7-testes.com.br\/agazeta\/em-carta-aos-senadores-coletivo-de-mulheres-acreanas-repudia-pl-antiaborto\/#primaryimage"},"image":{"@id":"https:\/\/nk7-testes.com.br\/agazeta\/em-carta-aos-senadores-coletivo-de-mulheres-acreanas-repudia-pl-antiaborto\/#primaryimage"},"thumbnailUrl":"https:\/\/nk7-testes.com.br\/agazeta\/wp-content\/uploads\/2024\/06\/1718492523666e1d6b5b9a3_1718492523_3x2_md-jpg.webp","datePublished":"2024-06-17T19:01:00+00:00","dateModified":"2024-06-17T19:44:47+00:00","author":{"@id":"https:\/\/nk7-testes.com.br\/agazeta\/#\/schema\/person\/6d6e25cb0435eb4a02fd44d30b4e3020"},"breadcrumb":{"@id":"https:\/\/nk7-testes.com.br\/agazeta\/em-carta-aos-senadores-coletivo-de-mulheres-acreanas-repudia-pl-antiaborto\/#breadcrumb"},"inLanguage":"pt-BR","potentialAction":[{"@type":"ReadAction","target":["https:\/\/nk7-testes.com.br\/agazeta\/em-carta-aos-senadores-coletivo-de-mulheres-acreanas-repudia-pl-antiaborto\/"]}]},{"@type":"ImageObject","inLanguage":"pt-BR","@id":"https:\/\/nk7-testes.com.br\/agazeta\/em-carta-aos-senadores-coletivo-de-mulheres-acreanas-repudia-pl-antiaborto\/#primaryimage","url":"https:\/\/nk7-testes.com.br\/agazeta\/wp-content\/uploads\/2024\/06\/1718492523666e1d6b5b9a3_1718492523_3x2_md-jpg.webp","contentUrl":"https:\/\/nk7-testes.com.br\/agazeta\/wp-content\/uploads\/2024\/06\/1718492523666e1d6b5b9a3_1718492523_3x2_md-jpg.webp","width":768,"height":512,"caption":"Imagem: Reprodu\u00e7\u00e3o"},{"@type":"BreadcrumbList","@id":"https:\/\/nk7-testes.com.br\/agazeta\/em-carta-aos-senadores-coletivo-de-mulheres-acreanas-repudia-pl-antiaborto\/#breadcrumb","itemListElement":[{"@type":"ListItem","position":1,"name":"In\u00edcio","item":"https:\/\/nk7-testes.com.br\/agazeta\/"},{"@type":"ListItem","position":2,"name":"Em carta aos senadores, coletivo de mulheres acreanas repudia PL &#8216;antiaborto&#8217;"}]},{"@type":"WebSite","@id":"https:\/\/nk7-testes.com.br\/agazeta\/#website","url":"https:\/\/nk7-testes.com.br\/agazeta\/","name":"Agazeta.net","description":"Agazeta.net - Not\u00edcias de Rio Branco\/AC","potentialAction":[{"@type":"SearchAction","target":{"@type":"EntryPoint","urlTemplate":"https:\/\/nk7-testes.com.br\/agazeta\/?s={search_term_string}"},"query-input":{"@type":"PropertyValueSpecification","valueRequired":true,"valueName":"search_term_string"}}],"inLanguage":"pt-BR"},{"@type":"Person","@id":"https:\/\/nk7-testes.com.br\/agazeta\/#\/schema\/person\/6d6e25cb0435eb4a02fd44d30b4e3020","name":"Agazeta.Net","url":"https:\/\/nk7-testes.com.br\/agazeta\/author\/agazeta\/"}]}},"_links":{"self":[{"href":"https:\/\/nk7-testes.com.br\/agazeta\/wp-json\/wp\/v2\/posts\/134063","targetHints":{"allow":["GET"]}}],"collection":[{"href":"https:\/\/nk7-testes.com.br\/agazeta\/wp-json\/wp\/v2\/posts"}],"about":[{"href":"https:\/\/nk7-testes.com.br\/agazeta\/wp-json\/wp\/v2\/types\/post"}],"author":[{"embeddable":true,"href":"https:\/\/nk7-testes.com.br\/agazeta\/wp-json\/wp\/v2\/users\/4"}],"replies":[{"embeddable":true,"href":"https:\/\/nk7-testes.com.br\/agazeta\/wp-json\/wp\/v2\/comments?post=134063"}],"version-history":[{"count":0,"href":"https:\/\/nk7-testes.com.br\/agazeta\/wp-json\/wp\/v2\/posts\/134063\/revisions"}],"wp:featuredmedia":[{"embeddable":true,"href":"https:\/\/nk7-testes.com.br\/agazeta\/wp-json\/wp\/v2\/media\/134072"}],"wp:attachment":[{"href":"https:\/\/nk7-testes.com.br\/agazeta\/wp-json\/wp\/v2\/media?parent=134063"}],"wp:term":[{"taxonomy":"category","embeddable":true,"href":"https:\/\/nk7-testes.com.br\/agazeta\/wp-json\/wp\/v2\/categories?post=134063"},{"taxonomy":"post_tag","embeddable":true,"href":"https:\/\/nk7-testes.com.br\/agazeta\/wp-json\/wp\/v2\/tags?post=134063"}],"curies":[{"name":"wp","href":"https:\/\/api.w.org\/{rel}","templated":true}]}}