{"id":134055,"date":"2024-06-17T13:08:34","date_gmt":"2024-06-17T18:08:34","guid":{"rendered":"https:\/\/nk7-testes.com.br\/?p=134055"},"modified":"2024-06-17T13:08:34","modified_gmt":"2024-06-17T18:08:34","slug":"complexo-de-cachoeiras-e-descoberto-em-trilha-a-100-km-de-rio-branco-conheca","status":"publish","type":"post","link":"https:\/\/nk7-testes.com.br\/agazeta\/complexo-de-cachoeiras-e-descoberto-em-trilha-a-100-km-de-rio-branco-conheca\/","title":{"rendered":"Complexo de cachoeiras \u00e9 descoberto em trilha a 100 km de Rio Branco; conhe\u00e7a"},"content":{"rendered":"<p style=\"text-align: justify;\"><span style=\"font-weight: 400;\">Uma nova atra\u00e7\u00e3o tur\u00edstica conquista os fascinados por natureza e\u00a0 passeios ao ar livre na regi\u00e3o de Rio Branco, no Acre. Localizada a apenas 100 quil\u00f4metros da capital, em dire\u00e7\u00e3o ao munic\u00edpio de Sena Madureira, pela BR-364, uma s\u00e9rie de cachoeiras tem atra\u00eddo visitantes.<\/span><\/p>\n<p style=\"text-align: justify;\"><span style=\"font-weight: 400;\">H\u00e1 tr\u00eas anos, o guia tur\u00edstico T\u00e1ssio F\u00faria descobriu a primeira das tr\u00eas cachoeiras existentes na regi\u00e3o. Segundo ele, o local \u00e9 de f\u00e1cil acesso, principalmente para os ciclistas que j\u00e1 percorrem a BR-364. Uma das quedas d&#8217;\u00e1gua tem cerca de dois metros de altura, e o som da \u00e1gua pode ser ouvido de longe.<\/span><\/p>\n<figure id=\"attachment_134066\" aria-describedby=\"caption-attachment-134066\" style=\"width: 564px\" class=\"wp-caption aligncenter\"><img decoding=\"async\" class=\"wp-image-134066 \" src=\"https:\/\/nk7-testes.com.br\/wp-content\/uploads\/2024\/06\/WhatsApp-Image-2024-06-17-at-12.21.50-scaled.webp\" alt=\"\" width=\"564\" height=\"375\" srcset=\"https:\/\/nk7-testes.com.br\/agazeta\/wp-content\/uploads\/2024\/06\/WhatsApp-Image-2024-06-17-at-12.21.50-scaled.webp 2560w, https:\/\/nk7-testes.com.br\/agazeta\/wp-content\/uploads\/2024\/06\/WhatsApp-Image-2024-06-17-at-12.21.50-300x200.webp 300w, https:\/\/nk7-testes.com.br\/agazeta\/wp-content\/uploads\/2024\/06\/WhatsApp-Image-2024-06-17-at-12.21.50-1024x681.webp 1024w, https:\/\/nk7-testes.com.br\/agazeta\/wp-content\/uploads\/2024\/06\/WhatsApp-Image-2024-06-17-at-12.21.50-768x511.webp 768w, https:\/\/nk7-testes.com.br\/agazeta\/wp-content\/uploads\/2024\/06\/WhatsApp-Image-2024-06-17-at-12.21.50-1536x1022.webp 1536w, https:\/\/nk7-testes.com.br\/agazeta\/wp-content\/uploads\/2024\/06\/WhatsApp-Image-2024-06-17-at-12.21.50-2048x1363.webp 2048w, https:\/\/nk7-testes.com.br\/agazeta\/wp-content\/uploads\/2024\/06\/WhatsApp-Image-2024-06-17-at-12.21.50-750x499.webp 750w, https:\/\/nk7-testes.com.br\/agazeta\/wp-content\/uploads\/2024\/06\/WhatsApp-Image-2024-06-17-at-12.21.50-1140x759.webp 1140w\" sizes=\"(max-width: 564px) 100vw, 564px\" \/><figcaption id=\"caption-attachment-134066\" class=\"wp-caption-text\">Imagem: Heder Carlos<\/figcaption><\/figure>\n<p style=\"text-align: justify;\"><span style=\"font-weight: 400;\">\u201cA gente faz bastante pedal aqui na BR-364, j\u00e1 \u00e9 um trecho bem conhecido dos ciclistas, e voc\u00ea passa l\u00e1 e consegue ouvir o barulho da \u00e1gua, porque a queda d&#8217;\u00e1gua \u00e9 mais ou menos uns dois metros de altura, ent\u00e3o voc\u00ea consegue ouvir. E de l\u00e1 eu fiquei imaginando, primeiro fiquei muito encantado, porque \u00e9 bonito e ningu\u00e9m conhecia, e fiquei imaginando para onde \u00e9 que a \u00e1gua corria ou de onde ela via, se formariam mais cachoeiras e acabei encontrando essas daqui\u201d, explica.<\/span><\/p>\n<p style=\"text-align: justify;\"><span style=\"font-weight: 400;\">A nova atra\u00e7\u00e3o ecotur\u00edstica est\u00e1 localizada na Fazenda Cerejeiras, uma propriedade com 4.655 hectares, sendo 3.900 hectares de floresta preservada. A fazenda, que antes se dedicava principalmente \u00e0 cafeicultura e pecu\u00e1ria, recentemente abriu as portas para passeios em grupo pelas cachoeiras, em uma parceria que visa conciliar o turismo com a preserva\u00e7\u00e3o ambiental.<\/span><\/p>\n<figure id=\"attachment_134067\" aria-describedby=\"caption-attachment-134067\" style=\"width: 582px\" class=\"wp-caption aligncenter\"><img decoding=\"async\" class=\"wp-image-134067 \" src=\"https:\/\/nk7-testes.com.br\/wp-content\/uploads\/2024\/06\/WhatsApp-Image-2024-06-17-at-12.21.48-scaled.webp\" alt=\"\" width=\"582\" height=\"387\" srcset=\"https:\/\/nk7-testes.com.br\/agazeta\/wp-content\/uploads\/2024\/06\/WhatsApp-Image-2024-06-17-at-12.21.48-scaled.webp 2560w, https:\/\/nk7-testes.com.br\/agazeta\/wp-content\/uploads\/2024\/06\/WhatsApp-Image-2024-06-17-at-12.21.48-300x200.webp 300w, https:\/\/nk7-testes.com.br\/agazeta\/wp-content\/uploads\/2024\/06\/WhatsApp-Image-2024-06-17-at-12.21.48-1024x681.webp 1024w, https:\/\/nk7-testes.com.br\/agazeta\/wp-content\/uploads\/2024\/06\/WhatsApp-Image-2024-06-17-at-12.21.48-768x511.webp 768w, https:\/\/nk7-testes.com.br\/agazeta\/wp-content\/uploads\/2024\/06\/WhatsApp-Image-2024-06-17-at-12.21.48-1536x1022.webp 1536w, https:\/\/nk7-testes.com.br\/agazeta\/wp-content\/uploads\/2024\/06\/WhatsApp-Image-2024-06-17-at-12.21.48-2048x1363.webp 2048w, https:\/\/nk7-testes.com.br\/agazeta\/wp-content\/uploads\/2024\/06\/WhatsApp-Image-2024-06-17-at-12.21.48-750x499.webp 750w, https:\/\/nk7-testes.com.br\/agazeta\/wp-content\/uploads\/2024\/06\/WhatsApp-Image-2024-06-17-at-12.21.48-1140x759.webp 1140w\" sizes=\"(max-width: 582px) 100vw, 582px\" \/><figcaption id=\"caption-attachment-134067\" class=\"wp-caption-text\">Imagem: Heder Carlos<\/figcaption><\/figure>\n<p style=\"text-align: justify;\"><span style=\"font-weight: 400;\">O acesso \u00e0s cachoeiras \u00e9 restrito e organizado, com a presen\u00e7a do guia T\u00e1ssio F\u00faria, para garantir a seguran\u00e7a dos visitantes e a manuten\u00e7\u00e3o da preserva\u00e7\u00e3o do local. Al\u00e9m do lazer proporcionado pelas quedas d&#8217;\u00e1gua, os passeios tamb\u00e9m t\u00eam um car\u00e1ter educativo, com aulas sobre preserva\u00e7\u00e3o ambiental, aquecimento global e a import\u00e2ncia da preserva\u00e7\u00e3o da floresta amaz\u00f4nica.<\/span><\/p>\n<p style=\"text-align: justify;\"><span style=\"font-weight: 400;\">\u201cA organiza\u00e7\u00e3o e preserva\u00e7\u00e3o aqui s\u00e3o os diferenciais. Elas s\u00f3 acontecem mediante guiamento, ent\u00e3o os grupos s\u00e3o criados, organizados e trazidos por mim. E o meu p\u00fablico desde 2018 j\u00e1 tem esse grande diferencial de, por si s\u00f3, ser um p\u00fablico que cuida e educa. Aqui, al\u00e9m de trazer o acreano para conhecer uma cachoeira pr\u00f3xima e ter uma manh\u00e3 de lazer, onde ele pode vir e voltar para casa no mesmo dia\u201d, enfatiza.<\/span><\/p>\n<figure id=\"attachment_134068\" aria-describedby=\"caption-attachment-134068\" style=\"width: 609px\" class=\"wp-caption aligncenter\"><img decoding=\"async\" class=\"wp-image-134068 \" src=\"https:\/\/nk7-testes.com.br\/wp-content\/uploads\/2024\/06\/WhatsApp-Image-2024-06-17-at-12.21.49-scaled.webp\" alt=\"\" width=\"609\" height=\"405\" srcset=\"https:\/\/nk7-testes.com.br\/agazeta\/wp-content\/uploads\/2024\/06\/WhatsApp-Image-2024-06-17-at-12.21.49-scaled.webp 2560w, https:\/\/nk7-testes.com.br\/agazeta\/wp-content\/uploads\/2024\/06\/WhatsApp-Image-2024-06-17-at-12.21.49-300x200.webp 300w, https:\/\/nk7-testes.com.br\/agazeta\/wp-content\/uploads\/2024\/06\/WhatsApp-Image-2024-06-17-at-12.21.49-1024x681.webp 1024w, https:\/\/nk7-testes.com.br\/agazeta\/wp-content\/uploads\/2024\/06\/WhatsApp-Image-2024-06-17-at-12.21.49-768x511.webp 768w, https:\/\/nk7-testes.com.br\/agazeta\/wp-content\/uploads\/2024\/06\/WhatsApp-Image-2024-06-17-at-12.21.49-1536x1022.webp 1536w, https:\/\/nk7-testes.com.br\/agazeta\/wp-content\/uploads\/2024\/06\/WhatsApp-Image-2024-06-17-at-12.21.49-2048x1363.webp 2048w, https:\/\/nk7-testes.com.br\/agazeta\/wp-content\/uploads\/2024\/06\/WhatsApp-Image-2024-06-17-at-12.21.49-750x499.webp 750w, https:\/\/nk7-testes.com.br\/agazeta\/wp-content\/uploads\/2024\/06\/WhatsApp-Image-2024-06-17-at-12.21.49-1140x759.webp 1140w\" sizes=\"(max-width: 609px) 100vw, 609px\" \/><figcaption id=\"caption-attachment-134068\" class=\"wp-caption-text\">Imagem: Heder Carlos<\/figcaption><\/figure>\n<p><strong><em>Mat\u00e9ria em v\u00eddeo produzida pela rep\u00f3rter Wanessa Souza para a TV Gazeta<\/em><\/strong><\/p>\n","protected":false},"excerpt":{"rendered":"<p>Uma nova atra\u00e7\u00e3o tur\u00edstica conquista os fascinados por natureza e\u00a0 passeios ao ar livre na regi\u00e3o de Rio Branco, no Acre. Localizada a apenas 100 quil\u00f4metros da capital, em dire\u00e7\u00e3o ao munic\u00edpio de Sena Madureira, pela BR-364, uma s\u00e9rie de cachoeiras tem atra\u00eddo visitantes. H\u00e1 tr\u00eas anos, o guia tur\u00edstico T\u00e1ssio F\u00faria descobriu a primeira [&hellip;]<\/p>\n","protected":false},"author":4,"featured_media":134065,"comment_status":"open","ping_status":"open","sticky":false,"template":"","format":"standard","meta":{"jnews-multi-image_gallery":[],"jnews_single_post":{"source_name":"","source_url":"","via_name":"","via_url":"","override_template":"0","override":[{"template":"custom","single_blog_custom":"110746","parallax":"1","fullscreen":"1","layout":"right-sidebar","sidebar":"default-sidebar","second_sidebar":"default-sidebar","sticky_sidebar":"1","share_position":"top","share_float_style":"share-monocrhome","show_share_counter":"1","show_view_counter":"1","show_featured":"1","show_post_meta":"1","show_post_author":"1","show_post_author_image":"1","show_post_date":"1","post_date_format":"default","post_date_format_custom":"Y\/m\/d","show_post_category":"1","show_post_reading_time":"0","post_reading_time_wpm":"300","show_zoom_button":"0","zoom_button_out_step":"2","zoom_button_in_step":"3","show_post_tag":"1","show_prev_next_post":"1","show_popup_post":"1","number_popup_post":"1","show_author_box":"0","show_post_related":"1","show_inline_post_related":"0"}],"override_image_size":"0","image_override":[{"single_post_thumbnail_size":"crop-500","single_post_gallery_size":"crop-500"}],"trending_post":"0","trending_post_position":"meta","trending_post_label":"Trending","sponsored_post":"0","sponsored_post_label":"Sponsored by","sponsored_post_name":"","sponsored_post_url":"","sponsored_post_logo_enable":"0","sponsored_post_logo":"","sponsored_post_desc":"","disable_ad":"0"},"jnews_primary_category":{"id":"","hide":""},"jnews_social_meta":{"fb_title":"","fb_description":"","fb_image":"","twitter_title":"","twitter_description":"","twitter_image":""},"jnews_review":[],"enable_review":"0","type":"percentage","name":"","summary":"","brand":"","sku":"","good":[{"good_text":""}],"bad":[{"bad_text":""}],"score_override":"0","override_value":"","rating":[{"rating_text":"","rating_number":"10"}],"price":[{"shop":"","price":"","link":"","icon":""}],"footnotes":""},"categories":[54],"tags":[152],"class_list":["post-134055","post","type-post","status-publish","format-standard","has-post-thumbnail","hentry","category-cotidiano","tag-destaque"],"yoast_head":"<!-- This site is optimized with the Yoast SEO plugin v26.5 - https:\/\/yoast.com\/wordpress\/plugins\/seo\/ -->\n<title>Complexo de cachoeiras \u00e9 descoberto em trilha a 100 km de Rio Branco; conhe\u00e7a - Agazeta.net<\/title>\n<meta name=\"robots\" content=\"index, follow, max-snippet:-1, max-image-preview:large, max-video-preview:-1\" \/>\n<link rel=\"canonical\" href=\"https:\/\/nk7-testes.com.br\/agazeta\/complexo-de-cachoeiras-e-descoberto-em-trilha-a-100-km-de-rio-branco-conheca\/\" \/>\n<meta property=\"og:locale\" content=\"pt_BR\" \/>\n<meta property=\"og:type\" content=\"article\" \/>\n<meta property=\"og:title\" content=\"Complexo de cachoeiras \u00e9 descoberto em trilha a 100 km de Rio Branco; conhe\u00e7a\" \/>\n<meta property=\"og:description\" content=\"Al\u00e9m do lazer proporcionado pelas quedas d&#039;\u00e1gua, os passeios tamb\u00e9m possuem car\u00e1ter educativo\" \/>\n<meta property=\"og:url\" content=\"https:\/\/nk7-testes.com.br\/agazeta\/complexo-de-cachoeiras-e-descoberto-em-trilha-a-100-km-de-rio-branco-conheca\/\" \/>\n<meta property=\"og:site_name\" content=\"Agazeta.net\" \/>\n<meta property=\"article:published_time\" content=\"2024-06-17T18:08:34+00:00\" \/>\n<meta property=\"og:image\" content=\"https:\/\/nk7-testes.com.br\/agazeta\/wp-content\/uploads\/2024\/06\/WhatsApp-Image-2024-06-17-at-12.21.49-1-jpeg.webp\" \/>\n\t<meta property=\"og:image:width\" content=\"800\" \/>\n\t<meta property=\"og:image:height\" content=\"405\" \/>\n\t<meta property=\"og:image:type\" content=\"image\/jpeg\" \/>\n<meta name=\"author\" content=\"Agazeta.Net\" \/>\n<meta name=\"twitter:card\" content=\"summary_large_image\" \/>\n<meta name=\"twitter:title\" content=\"A 100 km de RB, trilha de cachoeiras de f\u00e1cil acesso \u00e9 descoberta e pode receber visitantes\" \/>\n<meta name=\"twitter:description\" content=\"Al\u00e9m do lazer proporcionado pelas quedas d&#039;\u00e1gua, os passeios tamb\u00e9m t\u00eam um car\u00e1ter educativo\" \/>\n<meta name=\"twitter:image\" content=\"https:\/\/nk7-testes.com.br\/agazeta\/wp-content\/uploads\/2024\/06\/WhatsApp-Image-2024-06-17-at-12.23.01-scaled.webp\" \/>\n<meta name=\"twitter:label1\" content=\"Escrito por\" \/>\n\t<meta name=\"twitter:data1\" content=\"Agazeta.Net\" \/>\n\t<meta name=\"twitter:label2\" content=\"Est. tempo de leitura\" \/>\n\t<meta name=\"twitter:data2\" content=\"2 minutos\" \/>\n<script type=\"application\/ld+json\" class=\"yoast-schema-graph\">{\"@context\":\"https:\/\/schema.org\",\"@graph\":[{\"@type\":\"WebPage\",\"@id\":\"https:\/\/nk7-testes.com.br\/agazeta\/complexo-de-cachoeiras-e-descoberto-em-trilha-a-100-km-de-rio-branco-conheca\/\",\"url\":\"https:\/\/nk7-testes.com.br\/agazeta\/complexo-de-cachoeiras-e-descoberto-em-trilha-a-100-km-de-rio-branco-conheca\/\",\"name\":\"Complexo de cachoeiras \u00e9 descoberto em trilha a 100 km de Rio Branco; conhe\u00e7a - Agazeta.net\",\"isPartOf\":{\"@id\":\"https:\/\/nk7-testes.com.br\/agazeta\/#website\"},\"primaryImageOfPage\":{\"@id\":\"https:\/\/nk7-testes.com.br\/agazeta\/complexo-de-cachoeiras-e-descoberto-em-trilha-a-100-km-de-rio-branco-conheca\/#primaryimage\"},\"image\":{\"@id\":\"https:\/\/nk7-testes.com.br\/agazeta\/complexo-de-cachoeiras-e-descoberto-em-trilha-a-100-km-de-rio-branco-conheca\/#primaryimage\"},\"thumbnailUrl\":\"https:\/\/nk7-testes.com.br\/agazeta\/wp-content\/uploads\/2024\/06\/WhatsApp-Image-2024-06-17-at-12.21.49-1-jpeg.webp\",\"datePublished\":\"2024-06-17T18:08:34+00:00\",\"author\":{\"@id\":\"https:\/\/nk7-testes.com.br\/agazeta\/#\/schema\/person\/6d6e25cb0435eb4a02fd44d30b4e3020\"},\"breadcrumb\":{\"@id\":\"https:\/\/nk7-testes.com.br\/agazeta\/complexo-de-cachoeiras-e-descoberto-em-trilha-a-100-km-de-rio-branco-conheca\/#breadcrumb\"},\"inLanguage\":\"pt-BR\",\"potentialAction\":[{\"@type\":\"ReadAction\",\"target\":[\"https:\/\/nk7-testes.com.br\/agazeta\/complexo-de-cachoeiras-e-descoberto-em-trilha-a-100-km-de-rio-branco-conheca\/\"]}]},{\"@type\":\"ImageObject\",\"inLanguage\":\"pt-BR\",\"@id\":\"https:\/\/nk7-testes.com.br\/agazeta\/complexo-de-cachoeiras-e-descoberto-em-trilha-a-100-km-de-rio-branco-conheca\/#primaryimage\",\"url\":\"https:\/\/nk7-testes.com.br\/agazeta\/wp-content\/uploads\/2024\/06\/WhatsApp-Image-2024-06-17-at-12.21.49-1-jpeg.webp\",\"contentUrl\":\"https:\/\/nk7-testes.com.br\/agazeta\/wp-content\/uploads\/2024\/06\/WhatsApp-Image-2024-06-17-at-12.21.49-1-jpeg.webp\",\"width\":800,\"height\":405,\"caption\":\"Imagem: Heder Carlos\"},{\"@type\":\"BreadcrumbList\",\"@id\":\"https:\/\/nk7-testes.com.br\/agazeta\/complexo-de-cachoeiras-e-descoberto-em-trilha-a-100-km-de-rio-branco-conheca\/#breadcrumb\",\"itemListElement\":[{\"@type\":\"ListItem\",\"position\":1,\"name\":\"In\u00edcio\",\"item\":\"https:\/\/nk7-testes.com.br\/agazeta\/\"},{\"@type\":\"ListItem\",\"position\":2,\"name\":\"Complexo de cachoeiras \u00e9 descoberto em trilha a 100 km de Rio Branco; conhe\u00e7a\"}]},{\"@type\":\"WebSite\",\"@id\":\"https:\/\/nk7-testes.com.br\/agazeta\/#website\",\"url\":\"https:\/\/nk7-testes.com.br\/agazeta\/\",\"name\":\"Agazeta.net\",\"description\":\"Agazeta.net - Not\u00edcias de Rio Branco\/AC\",\"potentialAction\":[{\"@type\":\"SearchAction\",\"target\":{\"@type\":\"EntryPoint\",\"urlTemplate\":\"https:\/\/nk7-testes.com.br\/agazeta\/?s={search_term_string}\"},\"query-input\":{\"@type\":\"PropertyValueSpecification\",\"valueRequired\":true,\"valueName\":\"search_term_string\"}}],\"inLanguage\":\"pt-BR\"},{\"@type\":\"Person\",\"@id\":\"https:\/\/nk7-testes.com.br\/agazeta\/#\/schema\/person\/6d6e25cb0435eb4a02fd44d30b4e3020\",\"name\":\"Agazeta.Net\",\"url\":\"https:\/\/nk7-testes.com.br\/agazeta\/author\/agazeta\/\"}]}<\/script>\n<!-- \/ Yoast SEO plugin. -->","yoast_head_json":{"title":"Complexo de cachoeiras \u00e9 descoberto em trilha a 100 km de Rio Branco; conhe\u00e7a - Agazeta.net","robots":{"index":"index","follow":"follow","max-snippet":"max-snippet:-1","max-image-preview":"max-image-preview:large","max-video-preview":"max-video-preview:-1"},"canonical":"https:\/\/nk7-testes.com.br\/agazeta\/complexo-de-cachoeiras-e-descoberto-em-trilha-a-100-km-de-rio-branco-conheca\/","og_locale":"pt_BR","og_type":"article","og_title":"Complexo de cachoeiras \u00e9 descoberto em trilha a 100 km de Rio Branco; conhe\u00e7a","og_description":"Al\u00e9m do lazer proporcionado pelas quedas d'\u00e1gua, os passeios tamb\u00e9m possuem car\u00e1ter educativo","og_url":"https:\/\/nk7-testes.com.br\/agazeta\/complexo-de-cachoeiras-e-descoberto-em-trilha-a-100-km-de-rio-branco-conheca\/","og_site_name":"Agazeta.net","article_published_time":"2024-06-17T18:08:34+00:00","og_image":[{"width":800,"height":405,"url":"https:\/\/nk7-testes.com.br\/agazeta\/wp-content\/uploads\/2024\/06\/WhatsApp-Image-2024-06-17-at-12.21.49-1-jpeg.webp","type":"image\/jpeg"}],"author":"Agazeta.Net","twitter_card":"summary_large_image","twitter_title":"A 100 km de RB, trilha de cachoeiras de f\u00e1cil acesso \u00e9 descoberta e pode receber visitantes","twitter_description":"Al\u00e9m do lazer proporcionado pelas quedas d'\u00e1gua, os passeios tamb\u00e9m t\u00eam um car\u00e1ter educativo","twitter_image":"https:\/\/nk7-testes.com.br\/agazeta\/wp-content\/uploads\/2024\/06\/WhatsApp-Image-2024-06-17-at-12.23.01-scaled.webp","twitter_misc":{"Escrito por":"Agazeta.Net","Est. tempo de leitura":"2 minutos"},"schema":{"@context":"https:\/\/schema.org","@graph":[{"@type":"WebPage","@id":"https:\/\/nk7-testes.com.br\/agazeta\/complexo-de-cachoeiras-e-descoberto-em-trilha-a-100-km-de-rio-branco-conheca\/","url":"https:\/\/nk7-testes.com.br\/agazeta\/complexo-de-cachoeiras-e-descoberto-em-trilha-a-100-km-de-rio-branco-conheca\/","name":"Complexo de cachoeiras \u00e9 descoberto em trilha a 100 km de Rio Branco; conhe\u00e7a - Agazeta.net","isPartOf":{"@id":"https:\/\/nk7-testes.com.br\/agazeta\/#website"},"primaryImageOfPage":{"@id":"https:\/\/nk7-testes.com.br\/agazeta\/complexo-de-cachoeiras-e-descoberto-em-trilha-a-100-km-de-rio-branco-conheca\/#primaryimage"},"image":{"@id":"https:\/\/nk7-testes.com.br\/agazeta\/complexo-de-cachoeiras-e-descoberto-em-trilha-a-100-km-de-rio-branco-conheca\/#primaryimage"},"thumbnailUrl":"https:\/\/nk7-testes.com.br\/agazeta\/wp-content\/uploads\/2024\/06\/WhatsApp-Image-2024-06-17-at-12.21.49-1-jpeg.webp","datePublished":"2024-06-17T18:08:34+00:00","author":{"@id":"https:\/\/nk7-testes.com.br\/agazeta\/#\/schema\/person\/6d6e25cb0435eb4a02fd44d30b4e3020"},"breadcrumb":{"@id":"https:\/\/nk7-testes.com.br\/agazeta\/complexo-de-cachoeiras-e-descoberto-em-trilha-a-100-km-de-rio-branco-conheca\/#breadcrumb"},"inLanguage":"pt-BR","potentialAction":[{"@type":"ReadAction","target":["https:\/\/nk7-testes.com.br\/agazeta\/complexo-de-cachoeiras-e-descoberto-em-trilha-a-100-km-de-rio-branco-conheca\/"]}]},{"@type":"ImageObject","inLanguage":"pt-BR","@id":"https:\/\/nk7-testes.com.br\/agazeta\/complexo-de-cachoeiras-e-descoberto-em-trilha-a-100-km-de-rio-branco-conheca\/#primaryimage","url":"https:\/\/nk7-testes.com.br\/agazeta\/wp-content\/uploads\/2024\/06\/WhatsApp-Image-2024-06-17-at-12.21.49-1-jpeg.webp","contentUrl":"https:\/\/nk7-testes.com.br\/agazeta\/wp-content\/uploads\/2024\/06\/WhatsApp-Image-2024-06-17-at-12.21.49-1-jpeg.webp","width":800,"height":405,"caption":"Imagem: Heder Carlos"},{"@type":"BreadcrumbList","@id":"https:\/\/nk7-testes.com.br\/agazeta\/complexo-de-cachoeiras-e-descoberto-em-trilha-a-100-km-de-rio-branco-conheca\/#breadcrumb","itemListElement":[{"@type":"ListItem","position":1,"name":"In\u00edcio","item":"https:\/\/nk7-testes.com.br\/agazeta\/"},{"@type":"ListItem","position":2,"name":"Complexo de cachoeiras \u00e9 descoberto em trilha a 100 km de Rio Branco; conhe\u00e7a"}]},{"@type":"WebSite","@id":"https:\/\/nk7-testes.com.br\/agazeta\/#website","url":"https:\/\/nk7-testes.com.br\/agazeta\/","name":"Agazeta.net","description":"Agazeta.net - Not\u00edcias de Rio Branco\/AC","potentialAction":[{"@type":"SearchAction","target":{"@type":"EntryPoint","urlTemplate":"https:\/\/nk7-testes.com.br\/agazeta\/?s={search_term_string}"},"query-input":{"@type":"PropertyValueSpecification","valueRequired":true,"valueName":"search_term_string"}}],"inLanguage":"pt-BR"},{"@type":"Person","@id":"https:\/\/nk7-testes.com.br\/agazeta\/#\/schema\/person\/6d6e25cb0435eb4a02fd44d30b4e3020","name":"Agazeta.Net","url":"https:\/\/nk7-testes.com.br\/agazeta\/author\/agazeta\/"}]}},"_links":{"self":[{"href":"https:\/\/nk7-testes.com.br\/agazeta\/wp-json\/wp\/v2\/posts\/134055","targetHints":{"allow":["GET"]}}],"collection":[{"href":"https:\/\/nk7-testes.com.br\/agazeta\/wp-json\/wp\/v2\/posts"}],"about":[{"href":"https:\/\/nk7-testes.com.br\/agazeta\/wp-json\/wp\/v2\/types\/post"}],"author":[{"embeddable":true,"href":"https:\/\/nk7-testes.com.br\/agazeta\/wp-json\/wp\/v2\/users\/4"}],"replies":[{"embeddable":true,"href":"https:\/\/nk7-testes.com.br\/agazeta\/wp-json\/wp\/v2\/comments?post=134055"}],"version-history":[{"count":0,"href":"https:\/\/nk7-testes.com.br\/agazeta\/wp-json\/wp\/v2\/posts\/134055\/revisions"}],"wp:featuredmedia":[{"embeddable":true,"href":"https:\/\/nk7-testes.com.br\/agazeta\/wp-json\/wp\/v2\/media\/134065"}],"wp:attachment":[{"href":"https:\/\/nk7-testes.com.br\/agazeta\/wp-json\/wp\/v2\/media?parent=134055"}],"wp:term":[{"taxonomy":"category","embeddable":true,"href":"https:\/\/nk7-testes.com.br\/agazeta\/wp-json\/wp\/v2\/categories?post=134055"},{"taxonomy":"post_tag","embeddable":true,"href":"https:\/\/nk7-testes.com.br\/agazeta\/wp-json\/wp\/v2\/tags?post=134055"}],"curies":[{"name":"wp","href":"https:\/\/api.w.org\/{rel}","templated":true}]}}