{"id":133965,"date":"2024-06-14T13:38:10","date_gmt":"2024-06-14T18:38:10","guid":{"rendered":"https:\/\/nk7-testes.com.br\/?p=133965"},"modified":"2024-06-14T14:07:52","modified_gmt":"2024-06-14T19:07:52","slug":"levante-feminista-do-acre-realiza-ato-contra-pl-antiaborto-nesta-sexta-feira-em-rio-branco","status":"publish","type":"post","link":"https:\/\/nk7-testes.com.br\/agazeta\/levante-feminista-do-acre-realiza-ato-contra-pl-antiaborto-nesta-sexta-feira-em-rio-branco\/","title":{"rendered":"Levante Feminista do Acre realiza ato contra PL antiaborto nesta sexta-feira, em Rio Branco"},"content":{"rendered":"<p style=\"text-align: justify;\">O grupo Levante Feminista do Acre realiza, nesta sexta-feira (14) em Rio Branco, na escadaria do Col\u00e9gio de Aplica\u00e7\u00e3o (CAp), um ato contra ao Projeto de Lei 1.904\/24, que equipara o aborto de gesta\u00e7\u00e3o acima de 22 semanas ao homic\u00eddio, aumentando de 10 para 20 anos a pena m\u00e1xima para quem fizer o procedimento.<\/p>\n<p style=\"text-align: justify;\">Na quarta-feira, 12, a C\u00e2mara dos Deputados aprovou o regime de urg\u00eancia para o PL. Os projetos com urg\u00eancia podem ser votados diretamente no Plen\u00e1rio, sem passar antes pelas comiss\u00f5es da C\u00e2mara. Com a aprova\u00e7\u00e3o, mobiliza\u00e7\u00f5es est\u00e3o sendo feitas por todo pa\u00eds na busca de tentar barrar o projeto de lei.<\/p>\n<p style=\"text-align: justify;\">Em Rio Branco, a mobiliza\u00e7\u00e3o \u00e9 feita em parceria com o Comando Local de Greve Docente e, segundo a representante do Comando, Raquel Ishii, afirma que o ato tem dois objetivos. Al\u00e9m de se posicionar contra o PL 1.904, os presentes estar\u00e3o em defesa dos alunos do CAp, que t\u00eam feito den\u00fancias de casos de ass\u00e9dio sexual.<\/p>\n<p style=\"text-align: justify;\">&#8220;O objetivo \u00e9 duplo. Posicionar-se publicamente contra o Projeto de Lei 1.904\/2024, que fixa em 22 semanas de gesta\u00e7\u00e3o o prazo m\u00e1ximo para abortos legais, e em defesa do Col\u00e9gio de Aplica\u00e7\u00e3o da Ufac que hoje, dentre outros problemas, tem visibilizado den\u00fancias de casos de ass\u00e9dio sexual&#8221;, afirma Ishii.<\/p>\n<p style=\"text-align: justify;\">A ideia da mobiliza\u00e7\u00e3o surgiu a partir da cria\u00e7\u00e3o de um grupo de pessoas que s\u00e3o contras ao projeto de lei 1.904. De acordo com Raquel Ishii, a aprova\u00e7\u00e3o da urg\u00eancia provocou uma imediata rea\u00e7\u00e3o da sociedade brasileira, que vai se juntar para realizar atos pelo pa\u00eds.<\/p>\n<p style=\"text-align: justify;\">&#8220;A aprova\u00e7\u00e3o do regime de urg\u00eancia na C\u00e2mara dos Deputados provocou a imediata rea\u00e7\u00e3o da sociedade que hoje realizar\u00e1 um ato nacional unificado contra a sua tramita\u00e7\u00e3o. No Acre, como a Associa\u00e7\u00e3o dos Docentes da Universidade Federal do Acre, por meio de seu Comando Local de Greve Docente, que j\u00e1 havia publicado posi\u00e7\u00e3o contr\u00e1ria ao PL, realizar\u00e1 um ABRA\u00c7A\u00c7O no pr\u00e9dio do Col\u00e9gio de Aplica\u00e7\u00e3o da Ufac&#8221;, destaca.<\/p>\n<p style=\"text-align: justify;\">A representante salienta que mobiliza\u00e7\u00f5es como essas s\u00e3o necess\u00e1rias na tentativa de combater o retrocesso no Brasil. Ela destaca que as mulheres est\u00e3o longe de ter a prote\u00e7\u00e3o desejada para garantir as pr\u00f3prias vidas e impedir o controle do estado sobre seus corpos.<\/p>\n<p style=\"text-align: justify;\">&#8220;Mobiliza\u00e7\u00f5es e manifesta\u00e7\u00f5es p\u00fablicas como essas s\u00e3o essenciais para combater retrocessos. Estamos muito longe de ter a prote\u00e7\u00e3o que desejamos para garantir a vida das mulheres e impedir o controle do estado sobre nossos corpos. Diante de um cen\u00e1rio realmente hostil e contr\u00e1rio aos direitos reprodutivos das mulheres, n\u00e3o se pode tolerar retrocessos. \u00c9 preciso ter vig\u00edlia constante da sociedade&#8221;, reitera.<\/p>\n<p><img decoding=\"async\" class=\"aligncenter wp-image-133968 \" src=\"https:\/\/nk7-testes.com.br\/wp-content\/uploads\/2024\/06\/WhatsApp-Image-2024-06-14-at-13.27.08-jpeg.webp\" alt=\"\" width=\"514\" height=\"514\" srcset=\"https:\/\/nk7-testes.com.br\/agazeta\/wp-content\/uploads\/2024\/06\/WhatsApp-Image-2024-06-14-at-13.27.08-jpeg.webp 1080w, https:\/\/nk7-testes.com.br\/agazeta\/wp-content\/uploads\/2024\/06\/WhatsApp-Image-2024-06-14-at-13.27.08-300x300.webp 300w, https:\/\/nk7-testes.com.br\/agazeta\/wp-content\/uploads\/2024\/06\/WhatsApp-Image-2024-06-14-at-13.27.08-1024x1024.webp 1024w, https:\/\/nk7-testes.com.br\/agazeta\/wp-content\/uploads\/2024\/06\/WhatsApp-Image-2024-06-14-at-13.27.08-150x150.webp 150w, https:\/\/nk7-testes.com.br\/agazeta\/wp-content\/uploads\/2024\/06\/WhatsApp-Image-2024-06-14-at-13.27.08-768x768.webp 768w, https:\/\/nk7-testes.com.br\/agazeta\/wp-content\/uploads\/2024\/06\/WhatsApp-Image-2024-06-14-at-13.27.08-75x75.webp 75w, https:\/\/nk7-testes.com.br\/agazeta\/wp-content\/uploads\/2024\/06\/WhatsApp-Image-2024-06-14-at-13.27.08-350x350.webp 350w, https:\/\/nk7-testes.com.br\/agazeta\/wp-content\/uploads\/2024\/06\/WhatsApp-Image-2024-06-14-at-13.27.08-750x750.webp 750w, https:\/\/nk7-testes.com.br\/agazeta\/wp-content\/uploads\/2024\/06\/WhatsApp-Image-2024-06-14-at-13.27.08-400x400.webp 400w\" sizes=\"(max-width: 514px) 100vw, 514px\" \/><\/p>\n","protected":false},"excerpt":{"rendered":"<p>O grupo Levante Feminista do Acre realiza, nesta sexta-feira (14) em Rio Branco, na escadaria do Col\u00e9gio de Aplica\u00e7\u00e3o (CAp), um ato contra ao Projeto de Lei 1.904\/24, que equipara o aborto de gesta\u00e7\u00e3o acima de 22 semanas ao homic\u00eddio, aumentando de 10 para 20 anos a pena m\u00e1xima para quem fizer o procedimento. Na [&hellip;]<\/p>\n","protected":false},"author":4,"featured_media":133969,"comment_status":"open","ping_status":"open","sticky":false,"template":"","format":"standard","meta":{"jnews-multi-image_gallery":[],"jnews_single_post":{"source_name":"","source_url":"","via_name":"","via_url":"","override_template":"0","override":[{"template":"custom","single_blog_custom":"110746","parallax":"1","fullscreen":"1","layout":"right-sidebar","sidebar":"default-sidebar","second_sidebar":"default-sidebar","sticky_sidebar":"1","share_position":"top","share_float_style":"share-monocrhome","show_share_counter":"1","show_view_counter":"1","show_featured":"1","show_post_meta":"1","show_post_author":"1","show_post_author_image":"1","show_post_date":"1","post_date_format":"default","post_date_format_custom":"Y\/m\/d","show_post_category":"1","show_post_reading_time":"0","post_reading_time_wpm":"300","show_zoom_button":"0","zoom_button_out_step":"2","zoom_button_in_step":"3","show_post_tag":"1","show_prev_next_post":"1","show_popup_post":"1","number_popup_post":"1","show_author_box":"0","show_post_related":"1","show_inline_post_related":"0"}],"override_image_size":"0","image_override":[{"single_post_thumbnail_size":"crop-500","single_post_gallery_size":"crop-500"}],"trending_post":"0","trending_post_position":"meta","trending_post_label":"Trending","sponsored_post":"0","sponsored_post_label":"Sponsored by","sponsored_post_name":"","sponsored_post_url":"","sponsored_post_logo_enable":"0","sponsored_post_logo":"","sponsored_post_desc":"","disable_ad":"0"},"jnews_primary_category":{"id":"","hide":""},"jnews_social_meta":{"fb_title":"","fb_description":"","fb_image":"","twitter_title":"","twitter_description":"","twitter_image":""},"jnews_review":[],"enable_review":"0","type":"percentage","name":"","summary":"","brand":"","sku":"","good":[{"good_text":""}],"bad":[{"bad_text":""}],"score_override":"0","override_value":"","rating":[{"rating_text":"","rating_number":"10"}],"price":[{"shop":"","price":"","link":"","icon":""}],"footnotes":""},"categories":[54],"tags":[152],"class_list":["post-133965","post","type-post","status-publish","format-standard","has-post-thumbnail","hentry","category-cotidiano","tag-destaque"],"yoast_head":"<!-- This site is optimized with the Yoast SEO plugin v26.5 - https:\/\/yoast.com\/wordpress\/plugins\/seo\/ -->\n<title>Levante Feminista do Acre realiza ato contra PL antiaborto nesta sexta-feira, em Rio Branco - Agazeta.net<\/title>\n<meta name=\"robots\" content=\"index, follow, max-snippet:-1, max-image-preview:large, max-video-preview:-1\" \/>\n<link rel=\"canonical\" href=\"https:\/\/nk7-testes.com.br\/agazeta\/levante-feminista-do-acre-realiza-ato-contra-pl-antiaborto-nesta-sexta-feira-em-rio-branco\/\" \/>\n<meta property=\"og:locale\" content=\"pt_BR\" \/>\n<meta property=\"og:type\" content=\"article\" \/>\n<meta property=\"og:title\" content=\"Levante Feminista do Acre realiza ato contra PL antiaborto nesta sexta-feira, em Rio Branco\" \/>\n<meta property=\"og:description\" content=\"Projeto de Lei 1.904 equipara o aborto de gesta\u00e7\u00e3o acima de 22 semanas a homic\u00eddio\" \/>\n<meta property=\"og:url\" content=\"https:\/\/nk7-testes.com.br\/agazeta\/levante-feminista-do-acre-realiza-ato-contra-pl-antiaborto-nesta-sexta-feira-em-rio-branco\/\" \/>\n<meta property=\"og:site_name\" content=\"Agazeta.net\" \/>\n<meta property=\"article:published_time\" content=\"2024-06-14T18:38:10+00:00\" \/>\n<meta property=\"article:modified_time\" content=\"2024-06-14T19:07:52+00:00\" \/>\n<meta property=\"og:image\" content=\"https:\/\/nk7-testes.com.br\/agazeta\/wp-content\/uploads\/2024\/06\/WhatsApp-Image-2024-06-14-at-10.56.30-jpeg.webp\" \/>\n\t<meta property=\"og:image:width\" content=\"800\" \/>\n\t<meta property=\"og:image:height\" content=\"408\" \/>\n\t<meta property=\"og:image:type\" content=\"image\/jpeg\" \/>\n<meta name=\"author\" content=\"Agazeta.Net\" \/>\n<meta name=\"twitter:card\" content=\"summary_large_image\" \/>\n<meta name=\"twitter:label1\" content=\"Escrito por\" \/>\n\t<meta name=\"twitter:data1\" content=\"Agazeta.Net\" \/>\n\t<meta name=\"twitter:label2\" content=\"Est. tempo de leitura\" \/>\n\t<meta name=\"twitter:data2\" content=\"2 minutos\" \/>\n<script type=\"application\/ld+json\" class=\"yoast-schema-graph\">{\"@context\":\"https:\/\/schema.org\",\"@graph\":[{\"@type\":\"WebPage\",\"@id\":\"https:\/\/nk7-testes.com.br\/agazeta\/levante-feminista-do-acre-realiza-ato-contra-pl-antiaborto-nesta-sexta-feira-em-rio-branco\/\",\"url\":\"https:\/\/nk7-testes.com.br\/agazeta\/levante-feminista-do-acre-realiza-ato-contra-pl-antiaborto-nesta-sexta-feira-em-rio-branco\/\",\"name\":\"Levante Feminista do Acre realiza ato contra PL antiaborto nesta sexta-feira, em Rio Branco - Agazeta.net\",\"isPartOf\":{\"@id\":\"https:\/\/nk7-testes.com.br\/agazeta\/#website\"},\"primaryImageOfPage\":{\"@id\":\"https:\/\/nk7-testes.com.br\/agazeta\/levante-feminista-do-acre-realiza-ato-contra-pl-antiaborto-nesta-sexta-feira-em-rio-branco\/#primaryimage\"},\"image\":{\"@id\":\"https:\/\/nk7-testes.com.br\/agazeta\/levante-feminista-do-acre-realiza-ato-contra-pl-antiaborto-nesta-sexta-feira-em-rio-branco\/#primaryimage\"},\"thumbnailUrl\":\"https:\/\/nk7-testes.com.br\/agazeta\/wp-content\/uploads\/2024\/06\/WhatsApp-Image-2024-06-14-at-10.56.30-jpeg.webp\",\"datePublished\":\"2024-06-14T18:38:10+00:00\",\"dateModified\":\"2024-06-14T19:07:52+00:00\",\"author\":{\"@id\":\"https:\/\/nk7-testes.com.br\/agazeta\/#\/schema\/person\/6d6e25cb0435eb4a02fd44d30b4e3020\"},\"breadcrumb\":{\"@id\":\"https:\/\/nk7-testes.com.br\/agazeta\/levante-feminista-do-acre-realiza-ato-contra-pl-antiaborto-nesta-sexta-feira-em-rio-branco\/#breadcrumb\"},\"inLanguage\":\"pt-BR\",\"potentialAction\":[{\"@type\":\"ReadAction\",\"target\":[\"https:\/\/nk7-testes.com.br\/agazeta\/levante-feminista-do-acre-realiza-ato-contra-pl-antiaborto-nesta-sexta-feira-em-rio-branco\/\"]}]},{\"@type\":\"ImageObject\",\"inLanguage\":\"pt-BR\",\"@id\":\"https:\/\/nk7-testes.com.br\/agazeta\/levante-feminista-do-acre-realiza-ato-contra-pl-antiaborto-nesta-sexta-feira-em-rio-branco\/#primaryimage\",\"url\":\"https:\/\/nk7-testes.com.br\/agazeta\/wp-content\/uploads\/2024\/06\/WhatsApp-Image-2024-06-14-at-10.56.30-jpeg.webp\",\"contentUrl\":\"https:\/\/nk7-testes.com.br\/agazeta\/wp-content\/uploads\/2024\/06\/WhatsApp-Image-2024-06-14-at-10.56.30-jpeg.webp\",\"width\":800,\"height\":408},{\"@type\":\"BreadcrumbList\",\"@id\":\"https:\/\/nk7-testes.com.br\/agazeta\/levante-feminista-do-acre-realiza-ato-contra-pl-antiaborto-nesta-sexta-feira-em-rio-branco\/#breadcrumb\",\"itemListElement\":[{\"@type\":\"ListItem\",\"position\":1,\"name\":\"In\u00edcio\",\"item\":\"https:\/\/nk7-testes.com.br\/agazeta\/\"},{\"@type\":\"ListItem\",\"position\":2,\"name\":\"Levante Feminista do Acre realiza ato contra PL antiaborto nesta sexta-feira, em Rio Branco\"}]},{\"@type\":\"WebSite\",\"@id\":\"https:\/\/nk7-testes.com.br\/agazeta\/#website\",\"url\":\"https:\/\/nk7-testes.com.br\/agazeta\/\",\"name\":\"Agazeta.net\",\"description\":\"Agazeta.net - Not\u00edcias de Rio Branco\/AC\",\"potentialAction\":[{\"@type\":\"SearchAction\",\"target\":{\"@type\":\"EntryPoint\",\"urlTemplate\":\"https:\/\/nk7-testes.com.br\/agazeta\/?s={search_term_string}\"},\"query-input\":{\"@type\":\"PropertyValueSpecification\",\"valueRequired\":true,\"valueName\":\"search_term_string\"}}],\"inLanguage\":\"pt-BR\"},{\"@type\":\"Person\",\"@id\":\"https:\/\/nk7-testes.com.br\/agazeta\/#\/schema\/person\/6d6e25cb0435eb4a02fd44d30b4e3020\",\"name\":\"Agazeta.Net\",\"url\":\"https:\/\/nk7-testes.com.br\/agazeta\/author\/agazeta\/\"}]}<\/script>\n<!-- \/ Yoast SEO plugin. -->","yoast_head_json":{"title":"Levante Feminista do Acre realiza ato contra PL antiaborto nesta sexta-feira, em Rio Branco - Agazeta.net","robots":{"index":"index","follow":"follow","max-snippet":"max-snippet:-1","max-image-preview":"max-image-preview:large","max-video-preview":"max-video-preview:-1"},"canonical":"https:\/\/nk7-testes.com.br\/agazeta\/levante-feminista-do-acre-realiza-ato-contra-pl-antiaborto-nesta-sexta-feira-em-rio-branco\/","og_locale":"pt_BR","og_type":"article","og_title":"Levante Feminista do Acre realiza ato contra PL antiaborto nesta sexta-feira, em Rio Branco","og_description":"Projeto de Lei 1.904 equipara o aborto de gesta\u00e7\u00e3o acima de 22 semanas a homic\u00eddio","og_url":"https:\/\/nk7-testes.com.br\/agazeta\/levante-feminista-do-acre-realiza-ato-contra-pl-antiaborto-nesta-sexta-feira-em-rio-branco\/","og_site_name":"Agazeta.net","article_published_time":"2024-06-14T18:38:10+00:00","article_modified_time":"2024-06-14T19:07:52+00:00","og_image":[{"width":800,"height":408,"url":"https:\/\/nk7-testes.com.br\/agazeta\/wp-content\/uploads\/2024\/06\/WhatsApp-Image-2024-06-14-at-10.56.30-jpeg.webp","type":"image\/jpeg"}],"author":"Agazeta.Net","twitter_card":"summary_large_image","twitter_misc":{"Escrito por":"Agazeta.Net","Est. tempo de leitura":"2 minutos"},"schema":{"@context":"https:\/\/schema.org","@graph":[{"@type":"WebPage","@id":"https:\/\/nk7-testes.com.br\/agazeta\/levante-feminista-do-acre-realiza-ato-contra-pl-antiaborto-nesta-sexta-feira-em-rio-branco\/","url":"https:\/\/nk7-testes.com.br\/agazeta\/levante-feminista-do-acre-realiza-ato-contra-pl-antiaborto-nesta-sexta-feira-em-rio-branco\/","name":"Levante Feminista do Acre realiza ato contra PL antiaborto nesta sexta-feira, em Rio Branco - Agazeta.net","isPartOf":{"@id":"https:\/\/nk7-testes.com.br\/agazeta\/#website"},"primaryImageOfPage":{"@id":"https:\/\/nk7-testes.com.br\/agazeta\/levante-feminista-do-acre-realiza-ato-contra-pl-antiaborto-nesta-sexta-feira-em-rio-branco\/#primaryimage"},"image":{"@id":"https:\/\/nk7-testes.com.br\/agazeta\/levante-feminista-do-acre-realiza-ato-contra-pl-antiaborto-nesta-sexta-feira-em-rio-branco\/#primaryimage"},"thumbnailUrl":"https:\/\/nk7-testes.com.br\/agazeta\/wp-content\/uploads\/2024\/06\/WhatsApp-Image-2024-06-14-at-10.56.30-jpeg.webp","datePublished":"2024-06-14T18:38:10+00:00","dateModified":"2024-06-14T19:07:52+00:00","author":{"@id":"https:\/\/nk7-testes.com.br\/agazeta\/#\/schema\/person\/6d6e25cb0435eb4a02fd44d30b4e3020"},"breadcrumb":{"@id":"https:\/\/nk7-testes.com.br\/agazeta\/levante-feminista-do-acre-realiza-ato-contra-pl-antiaborto-nesta-sexta-feira-em-rio-branco\/#breadcrumb"},"inLanguage":"pt-BR","potentialAction":[{"@type":"ReadAction","target":["https:\/\/nk7-testes.com.br\/agazeta\/levante-feminista-do-acre-realiza-ato-contra-pl-antiaborto-nesta-sexta-feira-em-rio-branco\/"]}]},{"@type":"ImageObject","inLanguage":"pt-BR","@id":"https:\/\/nk7-testes.com.br\/agazeta\/levante-feminista-do-acre-realiza-ato-contra-pl-antiaborto-nesta-sexta-feira-em-rio-branco\/#primaryimage","url":"https:\/\/nk7-testes.com.br\/agazeta\/wp-content\/uploads\/2024\/06\/WhatsApp-Image-2024-06-14-at-10.56.30-jpeg.webp","contentUrl":"https:\/\/nk7-testes.com.br\/agazeta\/wp-content\/uploads\/2024\/06\/WhatsApp-Image-2024-06-14-at-10.56.30-jpeg.webp","width":800,"height":408},{"@type":"BreadcrumbList","@id":"https:\/\/nk7-testes.com.br\/agazeta\/levante-feminista-do-acre-realiza-ato-contra-pl-antiaborto-nesta-sexta-feira-em-rio-branco\/#breadcrumb","itemListElement":[{"@type":"ListItem","position":1,"name":"In\u00edcio","item":"https:\/\/nk7-testes.com.br\/agazeta\/"},{"@type":"ListItem","position":2,"name":"Levante Feminista do Acre realiza ato contra PL antiaborto nesta sexta-feira, em Rio Branco"}]},{"@type":"WebSite","@id":"https:\/\/nk7-testes.com.br\/agazeta\/#website","url":"https:\/\/nk7-testes.com.br\/agazeta\/","name":"Agazeta.net","description":"Agazeta.net - Not\u00edcias de Rio Branco\/AC","potentialAction":[{"@type":"SearchAction","target":{"@type":"EntryPoint","urlTemplate":"https:\/\/nk7-testes.com.br\/agazeta\/?s={search_term_string}"},"query-input":{"@type":"PropertyValueSpecification","valueRequired":true,"valueName":"search_term_string"}}],"inLanguage":"pt-BR"},{"@type":"Person","@id":"https:\/\/nk7-testes.com.br\/agazeta\/#\/schema\/person\/6d6e25cb0435eb4a02fd44d30b4e3020","name":"Agazeta.Net","url":"https:\/\/nk7-testes.com.br\/agazeta\/author\/agazeta\/"}]}},"_links":{"self":[{"href":"https:\/\/nk7-testes.com.br\/agazeta\/wp-json\/wp\/v2\/posts\/133965","targetHints":{"allow":["GET"]}}],"collection":[{"href":"https:\/\/nk7-testes.com.br\/agazeta\/wp-json\/wp\/v2\/posts"}],"about":[{"href":"https:\/\/nk7-testes.com.br\/agazeta\/wp-json\/wp\/v2\/types\/post"}],"author":[{"embeddable":true,"href":"https:\/\/nk7-testes.com.br\/agazeta\/wp-json\/wp\/v2\/users\/4"}],"replies":[{"embeddable":true,"href":"https:\/\/nk7-testes.com.br\/agazeta\/wp-json\/wp\/v2\/comments?post=133965"}],"version-history":[{"count":0,"href":"https:\/\/nk7-testes.com.br\/agazeta\/wp-json\/wp\/v2\/posts\/133965\/revisions"}],"wp:featuredmedia":[{"embeddable":true,"href":"https:\/\/nk7-testes.com.br\/agazeta\/wp-json\/wp\/v2\/media\/133969"}],"wp:attachment":[{"href":"https:\/\/nk7-testes.com.br\/agazeta\/wp-json\/wp\/v2\/media?parent=133965"}],"wp:term":[{"taxonomy":"category","embeddable":true,"href":"https:\/\/nk7-testes.com.br\/agazeta\/wp-json\/wp\/v2\/categories?post=133965"},{"taxonomy":"post_tag","embeddable":true,"href":"https:\/\/nk7-testes.com.br\/agazeta\/wp-json\/wp\/v2\/tags?post=133965"}],"curies":[{"name":"wp","href":"https:\/\/api.w.org\/{rel}","templated":true}]}}