{"id":133958,"date":"2024-06-14T11:31:14","date_gmt":"2024-06-14T16:31:14","guid":{"rendered":"https:\/\/nk7-testes.com.br\/?p=133958"},"modified":"2024-06-14T11:31:14","modified_gmt":"2024-06-14T16:31:14","slug":"nao-sinto-odio-mas-quero-justica-diz-mae-de-vitima-de-feminicidio-em-rio-branco","status":"publish","type":"post","link":"https:\/\/nk7-testes.com.br\/agazeta\/nao-sinto-odio-mas-quero-justica-diz-mae-de-vitima-de-feminicidio-em-rio-branco\/","title":{"rendered":"\u201cN\u00e3o sinto \u00f3dio, mas quero justi\u00e7a\u201d, diz m\u00e3e de v\u00edtima de feminic\u00eddio em Rio Branco"},"content":{"rendered":"<p style=\"text-align: justify;\"><span style=\"font-weight: 400;\">O in\u00edcio da semana foi marcado por dois feminic\u00eddios, com casos registrados em Feij\u00f3 e na capital do estado. A TV Gazeta teve a oportunidade de conversar com a m\u00e3e de uma dessas v\u00edtimas, que revelou o profundo sofrimento e ang\u00fastia vivenciados pelos familiares ap\u00f3s a perda.<\/span><\/p>\n<p style=\"text-align: justify;\"><span style=\"font-weight: 400;\">Em Rio Branco, foi o feminic\u00eddio da jovem Ketily Soares de Souza, de apenas 33 anos, cujo corpo foi encontrado pela fam\u00edlia no \u00faltimo domingo, supostamente assassinada pelo companheiro. Segundo informa\u00e7\u00f5es da per\u00edcia, evid\u00eancias apontam que o crime teria sido cometido com requinte de crueldade, possivelmente na noite do s\u00e1bado anterior.<\/span><\/p>\n<p style=\"text-align: justify;\"><span style=\"font-weight: 400;\">Na quarta-feira, o principal suspeito do crime, o companheiro de Ketily Soares, identificado como Simey Menezes, se entregou \u00e0 pol\u00edcia. Diversos fatores contribu\u00edram para a rendi\u00e7\u00e3o, mas a dor e o luto permanecem vivos na fam\u00edlia da v\u00edtima. A m\u00e3e dela, Francisca Soares, compartilhou lembran\u00e7as sobre a filha, com destaque para a alegria, dedica\u00e7\u00e3o e amor pela fam\u00edlia.<\/span><\/p>\n<p style=\"text-align: justify;\"><span style=\"font-weight: 400;\">Em um relato, a m\u00e3e descreveu Ketily como uma filha amorosa, alegre e dedicada. Sempre presente e atenciosa, a jovem compartilhava o carinho e alegria com todos ao redor. Um v\u00eddeo gravado no ambiente de trabalho na \u00faltima sexta-feira (07) mostra Ketily e as amigas em uma conversa sobre o Dia dos Namorados, o que revela a esperan\u00e7a e alegria pela declara\u00e7\u00e3o de amor que recebeu uma semana antes.<\/span><\/p>\n<p style=\"text-align: justify;\"><span style=\"font-weight: 400;\">\u201cMuito alegre. Tem uma cachorrinha aqui, que quando ela chegava, ela ca\u00eda no ch\u00e3o brincando com a cachorrinha dela. E toda vez sempre trazia alguma coisa pra mim. Ela era uma filha dedicada, uma pessoa alegre e ria de tudo, ela ria, ela brincava, ela pegava a filha dela, abra\u00e7ava e dizia que amava a filha, tu \u00e9 a filha da mam\u00e3e, a mam\u00e3e te ama, era assim\u201d, comenta a m\u00e3e.<\/span><\/p>\n<p style=\"text-align: justify;\"><span style=\"font-weight: 400;\">A matriarca explica que a trag\u00e9dia que se abateu sobre a fam\u00edlia deixou um vazio irrepar\u00e1vel, onde o amor e a saudade s\u00e3o os sentimentos que prevalecem. Francesca, ao se deparar com a perda de sua filha de forma t\u00e3o brutal, revelou uma dor profunda e um questionamento direto ao autor do crime. Em meio \u00e0 tristeza e indigna\u00e7\u00e3o, ela expressou o desejo por justi\u00e7a e o apelo por arrependimento e responsabilidade por parte do acusado.<\/span><\/p>\n<p style=\"text-align: justify;\"><span style=\"font-weight: 400;\">\u201cFoi como se tivessem dado um tiro em mim. Deus blindou meu cora\u00e7\u00e3o para n\u00e3o entrar \u00f3dio. N\u00e3o sinto \u00f3dio dele. Eu s\u00f3 queria perguntar para ele, por qu\u00ea? Por que voc\u00ea fez isso com a minha filha? Voc\u00ea mostrou para mim que amava ela e voc\u00ea acabou com a vida dela. Eu pe\u00e7o a Deus que voc\u00ea se arrependa e pague por tudo que voc\u00ea fez\u201d, conclui.<\/span><\/p>\n<p style=\"text-align: justify;\"><em>Mat\u00e9ria em v\u00eddeo produzida pela rep\u00f3rter Rose Lima para a TV Gazeta<\/em><\/p>\n","protected":false},"excerpt":{"rendered":"<p>O in\u00edcio da semana foi marcado por dois feminic\u00eddios, com casos registrados em Feij\u00f3 e na capital do estado. A TV Gazeta teve a oportunidade de conversar com a m\u00e3e de uma dessas v\u00edtimas, que revelou o profundo sofrimento e ang\u00fastia vivenciados pelos familiares ap\u00f3s a perda. Em Rio Branco, foi o feminic\u00eddio da jovem [&hellip;]<\/p>\n","protected":false},"author":4,"featured_media":133959,"comment_status":"open","ping_status":"open","sticky":false,"template":"","format":"standard","meta":{"jnews-multi-image_gallery":[],"jnews_single_post":{"source_name":"","source_url":"","via_name":"","via_url":"","override_template":"0","override":[{"template":"custom","single_blog_custom":"110746","parallax":"1","fullscreen":"1","layout":"right-sidebar","sidebar":"default-sidebar","second_sidebar":"default-sidebar","sticky_sidebar":"1","share_position":"top","share_float_style":"share-monocrhome","show_share_counter":"1","show_view_counter":"1","show_featured":"1","show_post_meta":"1","show_post_author":"1","show_post_author_image":"1","show_post_date":"1","post_date_format":"default","post_date_format_custom":"Y\/m\/d","show_post_category":"1","show_post_reading_time":"0","post_reading_time_wpm":"300","show_zoom_button":"0","zoom_button_out_step":"2","zoom_button_in_step":"3","show_post_tag":"1","show_prev_next_post":"1","show_popup_post":"1","number_popup_post":"1","show_author_box":"0","show_post_related":"1","show_inline_post_related":"0"}],"override_image_size":"0","image_override":[{"single_post_thumbnail_size":"crop-500","single_post_gallery_size":"crop-500"}],"trending_post":"0","trending_post_position":"meta","trending_post_label":"Trending","sponsored_post":"0","sponsored_post_label":"Sponsored by","sponsored_post_name":"","sponsored_post_url":"","sponsored_post_logo_enable":"0","sponsored_post_logo":"","sponsored_post_desc":"","disable_ad":"0"},"jnews_primary_category":{"id":"","hide":""},"jnews_social_meta":{"fb_title":"","fb_description":"","fb_image":"","twitter_title":"","twitter_description":"","twitter_image":""},"jnews_review":[],"enable_review":"0","type":"percentage","name":"","summary":"","brand":"","sku":"","good":[{"good_text":""}],"bad":[{"bad_text":""}],"score_override":"0","override_value":"","rating":[{"rating_text":"","rating_number":"10"}],"price":[{"shop":"","price":"","link":"","icon":""}],"footnotes":""},"categories":[54],"tags":[],"class_list":["post-133958","post","type-post","status-publish","format-standard","has-post-thumbnail","hentry","category-cotidiano"],"yoast_head":"<!-- This site is optimized with the Yoast SEO plugin v26.5 - https:\/\/yoast.com\/wordpress\/plugins\/seo\/ -->\n<title>\u201cN\u00e3o sinto \u00f3dio, mas quero justi\u00e7a\u201d, diz m\u00e3e de v\u00edtima de feminic\u00eddio em Rio Branco - Agazeta.net<\/title>\n<meta name=\"robots\" content=\"index, follow, max-snippet:-1, max-image-preview:large, max-video-preview:-1\" \/>\n<link rel=\"canonical\" href=\"https:\/\/nk7-testes.com.br\/agazeta\/nao-sinto-odio-mas-quero-justica-diz-mae-de-vitima-de-feminicidio-em-rio-branco\/\" \/>\n<meta property=\"og:locale\" content=\"pt_BR\" \/>\n<meta property=\"og:type\" content=\"article\" \/>\n<meta property=\"og:title\" content=\"\u201cN\u00e3o sinto \u00f3dio, mas quero justi\u00e7a\u201d, diz m\u00e3e de v\u00edtima de feminic\u00eddio em Rio Branco\" \/>\n<meta property=\"og:description\" content=\"Na quarta-feira (12), o principal suspeito do crime, o companheiro de Ketily Soares, identificado como Cimei Menezes, se entregou \u00e0 pol\u00edcia\" \/>\n<meta property=\"og:url\" content=\"https:\/\/nk7-testes.com.br\/agazeta\/nao-sinto-odio-mas-quero-justica-diz-mae-de-vitima-de-feminicidio-em-rio-branco\/\" \/>\n<meta property=\"og:site_name\" content=\"Agazeta.net\" \/>\n<meta property=\"article:published_time\" content=\"2024-06-14T16:31:14+00:00\" \/>\n<meta property=\"og:image\" content=\"https:\/\/nk7-testes.com.br\/agazeta\/wp-content\/uploads\/2024\/06\/WhatsApp-Image-2024-06-14-at-11.27.42-scaled.webp\" \/>\n\t<meta property=\"og:image:width\" content=\"2560\" \/>\n\t<meta property=\"og:image:height\" content=\"1440\" \/>\n\t<meta property=\"og:image:type\" content=\"image\/jpeg\" \/>\n<meta name=\"author\" content=\"Agazeta.Net\" \/>\n<meta name=\"twitter:card\" content=\"summary_large_image\" \/>\n<meta name=\"twitter:title\" content=\"\u201cN\u00e3o sinto \u00f3dio, mas quero justi\u00e7a\u201d, diz m\u00e3e de v\u00edtima de feminic\u00eddio em Rio Branco\" \/>\n<meta name=\"twitter:description\" content=\"Na quarta-feira (12), o principal suspeito do crime, o companheiro de Ketily Soares, identificado como Cimei Menezes, se entregou \u00e0 pol\u00edcia\" \/>\n<meta name=\"twitter:image\" content=\"https:\/\/nk7-testes.com.br\/agazeta\/wp-content\/uploads\/2024\/06\/WhatsApp-Image-2024-06-14-at-11.27.42-scaled.webp\" \/>\n<meta name=\"twitter:label1\" content=\"Escrito por\" \/>\n\t<meta name=\"twitter:data1\" content=\"Agazeta.Net\" \/>\n\t<meta name=\"twitter:label2\" content=\"Est. tempo de leitura\" \/>\n\t<meta name=\"twitter:data2\" content=\"2 minutos\" \/>\n<script type=\"application\/ld+json\" class=\"yoast-schema-graph\">{\"@context\":\"https:\/\/schema.org\",\"@graph\":[{\"@type\":\"WebPage\",\"@id\":\"https:\/\/nk7-testes.com.br\/agazeta\/nao-sinto-odio-mas-quero-justica-diz-mae-de-vitima-de-feminicidio-em-rio-branco\/\",\"url\":\"https:\/\/nk7-testes.com.br\/agazeta\/nao-sinto-odio-mas-quero-justica-diz-mae-de-vitima-de-feminicidio-em-rio-branco\/\",\"name\":\"\u201cN\u00e3o sinto \u00f3dio, mas quero justi\u00e7a\u201d, diz m\u00e3e de v\u00edtima de feminic\u00eddio em Rio Branco - Agazeta.net\",\"isPartOf\":{\"@id\":\"https:\/\/nk7-testes.com.br\/agazeta\/#website\"},\"primaryImageOfPage\":{\"@id\":\"https:\/\/nk7-testes.com.br\/agazeta\/nao-sinto-odio-mas-quero-justica-diz-mae-de-vitima-de-feminicidio-em-rio-branco\/#primaryimage\"},\"image\":{\"@id\":\"https:\/\/nk7-testes.com.br\/agazeta\/nao-sinto-odio-mas-quero-justica-diz-mae-de-vitima-de-feminicidio-em-rio-branco\/#primaryimage\"},\"thumbnailUrl\":\"https:\/\/nk7-testes.com.br\/agazeta\/wp-content\/uploads\/2024\/06\/WhatsApp-Image-2024-06-14-at-11.27.42-scaled.webp\",\"datePublished\":\"2024-06-14T16:31:14+00:00\",\"author\":{\"@id\":\"https:\/\/nk7-testes.com.br\/agazeta\/#\/schema\/person\/6d6e25cb0435eb4a02fd44d30b4e3020\"},\"breadcrumb\":{\"@id\":\"https:\/\/nk7-testes.com.br\/agazeta\/nao-sinto-odio-mas-quero-justica-diz-mae-de-vitima-de-feminicidio-em-rio-branco\/#breadcrumb\"},\"inLanguage\":\"pt-BR\",\"potentialAction\":[{\"@type\":\"ReadAction\",\"target\":[\"https:\/\/nk7-testes.com.br\/agazeta\/nao-sinto-odio-mas-quero-justica-diz-mae-de-vitima-de-feminicidio-em-rio-branco\/\"]}]},{\"@type\":\"ImageObject\",\"inLanguage\":\"pt-BR\",\"@id\":\"https:\/\/nk7-testes.com.br\/agazeta\/nao-sinto-odio-mas-quero-justica-diz-mae-de-vitima-de-feminicidio-em-rio-branco\/#primaryimage\",\"url\":\"https:\/\/nk7-testes.com.br\/agazeta\/wp-content\/uploads\/2024\/06\/WhatsApp-Image-2024-06-14-at-11.27.42-scaled.webp\",\"contentUrl\":\"https:\/\/nk7-testes.com.br\/agazeta\/wp-content\/uploads\/2024\/06\/WhatsApp-Image-2024-06-14-at-11.27.42-scaled.webp\",\"width\":2560,\"height\":1440,\"caption\":\"Imagem retirada da mat\u00e9ria em v\u00eddeo de Rose Lima de Francisca Soares\"},{\"@type\":\"BreadcrumbList\",\"@id\":\"https:\/\/nk7-testes.com.br\/agazeta\/nao-sinto-odio-mas-quero-justica-diz-mae-de-vitima-de-feminicidio-em-rio-branco\/#breadcrumb\",\"itemListElement\":[{\"@type\":\"ListItem\",\"position\":1,\"name\":\"In\u00edcio\",\"item\":\"https:\/\/nk7-testes.com.br\/agazeta\/\"},{\"@type\":\"ListItem\",\"position\":2,\"name\":\"\u201cN\u00e3o sinto \u00f3dio, mas quero justi\u00e7a\u201d, diz m\u00e3e de v\u00edtima de feminic\u00eddio em Rio Branco\"}]},{\"@type\":\"WebSite\",\"@id\":\"https:\/\/nk7-testes.com.br\/agazeta\/#website\",\"url\":\"https:\/\/nk7-testes.com.br\/agazeta\/\",\"name\":\"Agazeta.net\",\"description\":\"Agazeta.net - Not\u00edcias de Rio Branco\/AC\",\"potentialAction\":[{\"@type\":\"SearchAction\",\"target\":{\"@type\":\"EntryPoint\",\"urlTemplate\":\"https:\/\/nk7-testes.com.br\/agazeta\/?s={search_term_string}\"},\"query-input\":{\"@type\":\"PropertyValueSpecification\",\"valueRequired\":true,\"valueName\":\"search_term_string\"}}],\"inLanguage\":\"pt-BR\"},{\"@type\":\"Person\",\"@id\":\"https:\/\/nk7-testes.com.br\/agazeta\/#\/schema\/person\/6d6e25cb0435eb4a02fd44d30b4e3020\",\"name\":\"Agazeta.Net\",\"url\":\"https:\/\/nk7-testes.com.br\/agazeta\/author\/agazeta\/\"}]}<\/script>\n<!-- \/ Yoast SEO plugin. -->","yoast_head_json":{"title":"\u201cN\u00e3o sinto \u00f3dio, mas quero justi\u00e7a\u201d, diz m\u00e3e de v\u00edtima de feminic\u00eddio em Rio Branco - Agazeta.net","robots":{"index":"index","follow":"follow","max-snippet":"max-snippet:-1","max-image-preview":"max-image-preview:large","max-video-preview":"max-video-preview:-1"},"canonical":"https:\/\/nk7-testes.com.br\/agazeta\/nao-sinto-odio-mas-quero-justica-diz-mae-de-vitima-de-feminicidio-em-rio-branco\/","og_locale":"pt_BR","og_type":"article","og_title":"\u201cN\u00e3o sinto \u00f3dio, mas quero justi\u00e7a\u201d, diz m\u00e3e de v\u00edtima de feminic\u00eddio em Rio Branco","og_description":"Na quarta-feira (12), o principal suspeito do crime, o companheiro de Ketily Soares, identificado como Cimei Menezes, se entregou \u00e0 pol\u00edcia","og_url":"https:\/\/nk7-testes.com.br\/agazeta\/nao-sinto-odio-mas-quero-justica-diz-mae-de-vitima-de-feminicidio-em-rio-branco\/","og_site_name":"Agazeta.net","article_published_time":"2024-06-14T16:31:14+00:00","og_image":[{"width":2560,"height":1440,"url":"https:\/\/nk7-testes.com.br\/agazeta\/wp-content\/uploads\/2024\/06\/WhatsApp-Image-2024-06-14-at-11.27.42-scaled.webp","type":"image\/jpeg"}],"author":"Agazeta.Net","twitter_card":"summary_large_image","twitter_title":"\u201cN\u00e3o sinto \u00f3dio, mas quero justi\u00e7a\u201d, diz m\u00e3e de v\u00edtima de feminic\u00eddio em Rio Branco","twitter_description":"Na quarta-feira (12), o principal suspeito do crime, o companheiro de Ketily Soares, identificado como Cimei Menezes, se entregou \u00e0 pol\u00edcia","twitter_image":"https:\/\/nk7-testes.com.br\/agazeta\/wp-content\/uploads\/2024\/06\/WhatsApp-Image-2024-06-14-at-11.27.42-scaled.webp","twitter_misc":{"Escrito por":"Agazeta.Net","Est. tempo de leitura":"2 minutos"},"schema":{"@context":"https:\/\/schema.org","@graph":[{"@type":"WebPage","@id":"https:\/\/nk7-testes.com.br\/agazeta\/nao-sinto-odio-mas-quero-justica-diz-mae-de-vitima-de-feminicidio-em-rio-branco\/","url":"https:\/\/nk7-testes.com.br\/agazeta\/nao-sinto-odio-mas-quero-justica-diz-mae-de-vitima-de-feminicidio-em-rio-branco\/","name":"\u201cN\u00e3o sinto \u00f3dio, mas quero justi\u00e7a\u201d, diz m\u00e3e de v\u00edtima de feminic\u00eddio em Rio Branco - Agazeta.net","isPartOf":{"@id":"https:\/\/nk7-testes.com.br\/agazeta\/#website"},"primaryImageOfPage":{"@id":"https:\/\/nk7-testes.com.br\/agazeta\/nao-sinto-odio-mas-quero-justica-diz-mae-de-vitima-de-feminicidio-em-rio-branco\/#primaryimage"},"image":{"@id":"https:\/\/nk7-testes.com.br\/agazeta\/nao-sinto-odio-mas-quero-justica-diz-mae-de-vitima-de-feminicidio-em-rio-branco\/#primaryimage"},"thumbnailUrl":"https:\/\/nk7-testes.com.br\/agazeta\/wp-content\/uploads\/2024\/06\/WhatsApp-Image-2024-06-14-at-11.27.42-scaled.webp","datePublished":"2024-06-14T16:31:14+00:00","author":{"@id":"https:\/\/nk7-testes.com.br\/agazeta\/#\/schema\/person\/6d6e25cb0435eb4a02fd44d30b4e3020"},"breadcrumb":{"@id":"https:\/\/nk7-testes.com.br\/agazeta\/nao-sinto-odio-mas-quero-justica-diz-mae-de-vitima-de-feminicidio-em-rio-branco\/#breadcrumb"},"inLanguage":"pt-BR","potentialAction":[{"@type":"ReadAction","target":["https:\/\/nk7-testes.com.br\/agazeta\/nao-sinto-odio-mas-quero-justica-diz-mae-de-vitima-de-feminicidio-em-rio-branco\/"]}]},{"@type":"ImageObject","inLanguage":"pt-BR","@id":"https:\/\/nk7-testes.com.br\/agazeta\/nao-sinto-odio-mas-quero-justica-diz-mae-de-vitima-de-feminicidio-em-rio-branco\/#primaryimage","url":"https:\/\/nk7-testes.com.br\/agazeta\/wp-content\/uploads\/2024\/06\/WhatsApp-Image-2024-06-14-at-11.27.42-scaled.webp","contentUrl":"https:\/\/nk7-testes.com.br\/agazeta\/wp-content\/uploads\/2024\/06\/WhatsApp-Image-2024-06-14-at-11.27.42-scaled.webp","width":2560,"height":1440,"caption":"Imagem retirada da mat\u00e9ria em v\u00eddeo de Rose Lima de Francisca Soares"},{"@type":"BreadcrumbList","@id":"https:\/\/nk7-testes.com.br\/agazeta\/nao-sinto-odio-mas-quero-justica-diz-mae-de-vitima-de-feminicidio-em-rio-branco\/#breadcrumb","itemListElement":[{"@type":"ListItem","position":1,"name":"In\u00edcio","item":"https:\/\/nk7-testes.com.br\/agazeta\/"},{"@type":"ListItem","position":2,"name":"\u201cN\u00e3o sinto \u00f3dio, mas quero justi\u00e7a\u201d, diz m\u00e3e de v\u00edtima de feminic\u00eddio em Rio Branco"}]},{"@type":"WebSite","@id":"https:\/\/nk7-testes.com.br\/agazeta\/#website","url":"https:\/\/nk7-testes.com.br\/agazeta\/","name":"Agazeta.net","description":"Agazeta.net - Not\u00edcias de Rio Branco\/AC","potentialAction":[{"@type":"SearchAction","target":{"@type":"EntryPoint","urlTemplate":"https:\/\/nk7-testes.com.br\/agazeta\/?s={search_term_string}"},"query-input":{"@type":"PropertyValueSpecification","valueRequired":true,"valueName":"search_term_string"}}],"inLanguage":"pt-BR"},{"@type":"Person","@id":"https:\/\/nk7-testes.com.br\/agazeta\/#\/schema\/person\/6d6e25cb0435eb4a02fd44d30b4e3020","name":"Agazeta.Net","url":"https:\/\/nk7-testes.com.br\/agazeta\/author\/agazeta\/"}]}},"_links":{"self":[{"href":"https:\/\/nk7-testes.com.br\/agazeta\/wp-json\/wp\/v2\/posts\/133958","targetHints":{"allow":["GET"]}}],"collection":[{"href":"https:\/\/nk7-testes.com.br\/agazeta\/wp-json\/wp\/v2\/posts"}],"about":[{"href":"https:\/\/nk7-testes.com.br\/agazeta\/wp-json\/wp\/v2\/types\/post"}],"author":[{"embeddable":true,"href":"https:\/\/nk7-testes.com.br\/agazeta\/wp-json\/wp\/v2\/users\/4"}],"replies":[{"embeddable":true,"href":"https:\/\/nk7-testes.com.br\/agazeta\/wp-json\/wp\/v2\/comments?post=133958"}],"version-history":[{"count":0,"href":"https:\/\/nk7-testes.com.br\/agazeta\/wp-json\/wp\/v2\/posts\/133958\/revisions"}],"wp:featuredmedia":[{"embeddable":true,"href":"https:\/\/nk7-testes.com.br\/agazeta\/wp-json\/wp\/v2\/media\/133959"}],"wp:attachment":[{"href":"https:\/\/nk7-testes.com.br\/agazeta\/wp-json\/wp\/v2\/media?parent=133958"}],"wp:term":[{"taxonomy":"category","embeddable":true,"href":"https:\/\/nk7-testes.com.br\/agazeta\/wp-json\/wp\/v2\/categories?post=133958"},{"taxonomy":"post_tag","embeddable":true,"href":"https:\/\/nk7-testes.com.br\/agazeta\/wp-json\/wp\/v2\/tags?post=133958"}],"curies":[{"name":"wp","href":"https:\/\/api.w.org\/{rel}","templated":true}]}}