{"id":133867,"date":"2024-06-13T13:49:13","date_gmt":"2024-06-13T18:49:13","guid":{"rendered":"https:\/\/nk7-testes.com.br\/?p=133867"},"modified":"2024-06-13T13:49:13","modified_gmt":"2024-06-13T18:49:13","slug":"motociclista-tem-cabeca-esmagada-por-caminhao-durante-acidente-em-rodovia-de-rio-branco","status":"publish","type":"post","link":"https:\/\/nk7-testes.com.br\/agazeta\/motociclista-tem-cabeca-esmagada-por-caminhao-durante-acidente-em-rodovia-de-rio-branco\/","title":{"rendered":"Motociclista tem cabe\u00e7a esmagada por caminh\u00e3o durante acidente em rodovia de Rio Branco"},"content":{"rendered":"<p style=\"text-align: justify;\">O acidente de tr\u00e2nsito entre uma motocicleta e um caminh\u00e3o deixou morto o motociclista Edberto Souza Silva, de 33 anos. Colis\u00e3o ocorreu na manh\u00e3 desta quinta-feira, 13, no km 3 da rodovia AC-90, estrada Transacreana, em Rio Branco.<\/p>\n<p style=\"text-align: justify;\">Em imagens da c\u00e2mera de seguran\u00e7a de uma resid\u00eancia pr\u00f3xima do local do acidente \u00e9 poss\u00edvel identificar que Edberto Silva trafegava no sentido zona rural zona urbana, quando dois caminh\u00f5es, do tipo boiadeiro, foi na dire\u00e7\u00e3o da motocicleta pela outro sentido.<\/p>\n<p style=\"text-align: justify;\">Pela dist\u00e2ncia, n\u00e3o \u00e9 poss\u00edvel identificar como a colis\u00e3o ocorreu, mas, em certo momento, o farol da moto some. O Servi\u00e7o de Atendimento M\u00f3vel de Urg\u00eancia (Samu) foi acionado por populares que passavam pelo local. Apesar disso, os param\u00e9dicos nada puderam fazer, pois a v\u00edtima teve morte instant\u00e2nea, pois a cabe\u00e7a foi esmagada.<\/p>\n<p style=\"text-align: justify;\">A per\u00edcia esteve no local e apenas ap\u00f3s o laudo vai ser poss\u00edvel entender a din\u00e2mica do acidente. O corpo foi encaminhado ao Instituto M\u00e9dico Legal (IML) para os exames cadav\u00e9ricos e, principalmente, o exame de papiloscopia, para a confirma\u00e7\u00e3o que se trata de Edberto Souza Silva.<\/p>\n<p><em><strong>Com informa\u00e7\u00f5es do rep\u00f3rter Luan Rodrigo para a TV Gazeta<\/strong><\/em><\/p>\n","protected":false},"excerpt":{"rendered":"<p>O acidente de tr\u00e2nsito entre uma motocicleta e um caminh\u00e3o deixou morto o motociclista Edberto Souza Silva, de 33 anos. Colis\u00e3o ocorreu na manh\u00e3 desta quinta-feira, 13, no km 3 da rodovia AC-90, estrada Transacreana, em Rio Branco. Em imagens da c\u00e2mera de seguran\u00e7a de uma resid\u00eancia pr\u00f3xima do local do acidente \u00e9 poss\u00edvel identificar [&hellip;]<\/p>\n","protected":false},"author":4,"featured_media":133868,"comment_status":"open","ping_status":"open","sticky":false,"template":"","format":"standard","meta":{"jnews-multi-image_gallery":[],"jnews_single_post":{"source_name":"","source_url":"","via_name":"","via_url":"","override_template":"0","override":[{"template":"custom","single_blog_custom":"110746","parallax":"1","fullscreen":"1","layout":"right-sidebar","sidebar":"default-sidebar","second_sidebar":"default-sidebar","sticky_sidebar":"1","share_position":"top","share_float_style":"share-monocrhome","show_share_counter":"1","show_view_counter":"1","show_featured":"1","show_post_meta":"1","show_post_author":"1","show_post_author_image":"1","show_post_date":"1","post_date_format":"default","post_date_format_custom":"Y\/m\/d","show_post_category":"1","show_post_reading_time":"0","post_reading_time_wpm":"300","show_zoom_button":"0","zoom_button_out_step":"2","zoom_button_in_step":"3","show_post_tag":"1","show_prev_next_post":"1","show_popup_post":"1","number_popup_post":"1","show_author_box":"0","show_post_related":"1","show_inline_post_related":"0"}],"override_image_size":"0","image_override":[{"single_post_thumbnail_size":"crop-500","single_post_gallery_size":"crop-500"}],"trending_post":"0","trending_post_position":"meta","trending_post_label":"Trending","sponsored_post":"0","sponsored_post_label":"Sponsored by","sponsored_post_name":"","sponsored_post_url":"","sponsored_post_logo_enable":"0","sponsored_post_logo":"","sponsored_post_desc":"","disable_ad":"0"},"jnews_primary_category":{"id":"","hide":""},"jnews_social_meta":{"fb_title":"","fb_description":"","fb_image":"","twitter_title":"","twitter_description":"","twitter_image":""},"jnews_review":[],"enable_review":"0","type":"percentage","name":"","summary":"","brand":"","sku":"","good":[{"good_text":""}],"bad":[{"bad_text":""}],"score_override":"0","override_value":"","rating":[{"rating_text":"","rating_number":"10"}],"price":[{"shop":"","price":"","link":"","icon":""}],"footnotes":""},"categories":[54],"tags":[],"class_list":["post-133867","post","type-post","status-publish","format-standard","has-post-thumbnail","hentry","category-cotidiano"],"yoast_head":"<!-- This site is optimized with the Yoast SEO plugin v26.5 - https:\/\/yoast.com\/wordpress\/plugins\/seo\/ -->\n<title>Motociclista tem cabe\u00e7a esmagada por caminh\u00e3o durante acidente em rodovia de Rio Branco - Agazeta.net<\/title>\n<meta name=\"robots\" content=\"index, follow, max-snippet:-1, max-image-preview:large, max-video-preview:-1\" \/>\n<link rel=\"canonical\" href=\"https:\/\/nk7-testes.com.br\/agazeta\/motociclista-tem-cabeca-esmagada-por-caminhao-durante-acidente-em-rodovia-de-rio-branco\/\" \/>\n<meta property=\"og:locale\" content=\"pt_BR\" \/>\n<meta property=\"og:type\" content=\"article\" \/>\n<meta property=\"og:title\" content=\"Motociclista tem cabe\u00e7a esmagada por caminh\u00e3o durante acidente em rodovia de Rio Branco\" \/>\n<meta property=\"og:description\" content=\"Colis\u00e3o ocorreu na manh\u00e3 desta quinta-feira (13), no km 3 da rodovia AC-90, estrada Transacreana\" \/>\n<meta property=\"og:url\" content=\"https:\/\/nk7-testes.com.br\/agazeta\/motociclista-tem-cabeca-esmagada-por-caminhao-durante-acidente-em-rodovia-de-rio-branco\/\" \/>\n<meta property=\"og:site_name\" content=\"Agazeta.net\" \/>\n<meta property=\"article:published_time\" content=\"2024-06-13T18:49:13+00:00\" \/>\n<meta property=\"og:image\" content=\"https:\/\/nk7-testes.com.br\/agazeta\/wp-content\/uploads\/2024\/06\/WhatsApp-Image-2024-06-13-at-13.43.06-jpeg.webp\" \/>\n\t<meta property=\"og:image:width\" content=\"800\" \/>\n\t<meta property=\"og:image:height\" content=\"400\" \/>\n\t<meta property=\"og:image:type\" content=\"image\/jpeg\" \/>\n<meta name=\"author\" content=\"Agazeta.Net\" \/>\n<meta name=\"twitter:card\" content=\"summary_large_image\" \/>\n<meta name=\"twitter:label1\" content=\"Escrito por\" \/>\n\t<meta name=\"twitter:data1\" content=\"Agazeta.Net\" \/>\n\t<meta name=\"twitter:label2\" content=\"Est. tempo de leitura\" \/>\n\t<meta name=\"twitter:data2\" content=\"1 minuto\" \/>\n<script type=\"application\/ld+json\" class=\"yoast-schema-graph\">{\"@context\":\"https:\/\/schema.org\",\"@graph\":[{\"@type\":\"WebPage\",\"@id\":\"https:\/\/nk7-testes.com.br\/agazeta\/motociclista-tem-cabeca-esmagada-por-caminhao-durante-acidente-em-rodovia-de-rio-branco\/\",\"url\":\"https:\/\/nk7-testes.com.br\/agazeta\/motociclista-tem-cabeca-esmagada-por-caminhao-durante-acidente-em-rodovia-de-rio-branco\/\",\"name\":\"Motociclista tem cabe\u00e7a esmagada por caminh\u00e3o durante acidente em rodovia de Rio Branco - Agazeta.net\",\"isPartOf\":{\"@id\":\"https:\/\/nk7-testes.com.br\/agazeta\/#website\"},\"primaryImageOfPage\":{\"@id\":\"https:\/\/nk7-testes.com.br\/agazeta\/motociclista-tem-cabeca-esmagada-por-caminhao-durante-acidente-em-rodovia-de-rio-branco\/#primaryimage\"},\"image\":{\"@id\":\"https:\/\/nk7-testes.com.br\/agazeta\/motociclista-tem-cabeca-esmagada-por-caminhao-durante-acidente-em-rodovia-de-rio-branco\/#primaryimage\"},\"thumbnailUrl\":\"https:\/\/nk7-testes.com.br\/agazeta\/wp-content\/uploads\/2024\/06\/WhatsApp-Image-2024-06-13-at-13.43.06-jpeg.webp\",\"datePublished\":\"2024-06-13T18:49:13+00:00\",\"author\":{\"@id\":\"https:\/\/nk7-testes.com.br\/agazeta\/#\/schema\/person\/6d6e25cb0435eb4a02fd44d30b4e3020\"},\"breadcrumb\":{\"@id\":\"https:\/\/nk7-testes.com.br\/agazeta\/motociclista-tem-cabeca-esmagada-por-caminhao-durante-acidente-em-rodovia-de-rio-branco\/#breadcrumb\"},\"inLanguage\":\"pt-BR\",\"potentialAction\":[{\"@type\":\"ReadAction\",\"target\":[\"https:\/\/nk7-testes.com.br\/agazeta\/motociclista-tem-cabeca-esmagada-por-caminhao-durante-acidente-em-rodovia-de-rio-branco\/\"]}]},{\"@type\":\"ImageObject\",\"inLanguage\":\"pt-BR\",\"@id\":\"https:\/\/nk7-testes.com.br\/agazeta\/motociclista-tem-cabeca-esmagada-por-caminhao-durante-acidente-em-rodovia-de-rio-branco\/#primaryimage\",\"url\":\"https:\/\/nk7-testes.com.br\/agazeta\/wp-content\/uploads\/2024\/06\/WhatsApp-Image-2024-06-13-at-13.43.06-jpeg.webp\",\"contentUrl\":\"https:\/\/nk7-testes.com.br\/agazeta\/wp-content\/uploads\/2024\/06\/WhatsApp-Image-2024-06-13-at-13.43.06-jpeg.webp\",\"width\":800,\"height\":400,\"caption\":\"Imagem: Cedida\"},{\"@type\":\"BreadcrumbList\",\"@id\":\"https:\/\/nk7-testes.com.br\/agazeta\/motociclista-tem-cabeca-esmagada-por-caminhao-durante-acidente-em-rodovia-de-rio-branco\/#breadcrumb\",\"itemListElement\":[{\"@type\":\"ListItem\",\"position\":1,\"name\":\"In\u00edcio\",\"item\":\"https:\/\/nk7-testes.com.br\/agazeta\/\"},{\"@type\":\"ListItem\",\"position\":2,\"name\":\"Motociclista tem cabe\u00e7a esmagada por caminh\u00e3o durante acidente em rodovia de Rio Branco\"}]},{\"@type\":\"WebSite\",\"@id\":\"https:\/\/nk7-testes.com.br\/agazeta\/#website\",\"url\":\"https:\/\/nk7-testes.com.br\/agazeta\/\",\"name\":\"Agazeta.net\",\"description\":\"Agazeta.net - Not\u00edcias de Rio Branco\/AC\",\"potentialAction\":[{\"@type\":\"SearchAction\",\"target\":{\"@type\":\"EntryPoint\",\"urlTemplate\":\"https:\/\/nk7-testes.com.br\/agazeta\/?s={search_term_string}\"},\"query-input\":{\"@type\":\"PropertyValueSpecification\",\"valueRequired\":true,\"valueName\":\"search_term_string\"}}],\"inLanguage\":\"pt-BR\"},{\"@type\":\"Person\",\"@id\":\"https:\/\/nk7-testes.com.br\/agazeta\/#\/schema\/person\/6d6e25cb0435eb4a02fd44d30b4e3020\",\"name\":\"Agazeta.Net\",\"url\":\"https:\/\/nk7-testes.com.br\/agazeta\/author\/agazeta\/\"}]}<\/script>\n<!-- \/ Yoast SEO plugin. -->","yoast_head_json":{"title":"Motociclista tem cabe\u00e7a esmagada por caminh\u00e3o durante acidente em rodovia de Rio Branco - Agazeta.net","robots":{"index":"index","follow":"follow","max-snippet":"max-snippet:-1","max-image-preview":"max-image-preview:large","max-video-preview":"max-video-preview:-1"},"canonical":"https:\/\/nk7-testes.com.br\/agazeta\/motociclista-tem-cabeca-esmagada-por-caminhao-durante-acidente-em-rodovia-de-rio-branco\/","og_locale":"pt_BR","og_type":"article","og_title":"Motociclista tem cabe\u00e7a esmagada por caminh\u00e3o durante acidente em rodovia de Rio Branco","og_description":"Colis\u00e3o ocorreu na manh\u00e3 desta quinta-feira (13), no km 3 da rodovia AC-90, estrada Transacreana","og_url":"https:\/\/nk7-testes.com.br\/agazeta\/motociclista-tem-cabeca-esmagada-por-caminhao-durante-acidente-em-rodovia-de-rio-branco\/","og_site_name":"Agazeta.net","article_published_time":"2024-06-13T18:49:13+00:00","og_image":[{"width":800,"height":400,"url":"https:\/\/nk7-testes.com.br\/agazeta\/wp-content\/uploads\/2024\/06\/WhatsApp-Image-2024-06-13-at-13.43.06-jpeg.webp","type":"image\/jpeg"}],"author":"Agazeta.Net","twitter_card":"summary_large_image","twitter_misc":{"Escrito por":"Agazeta.Net","Est. tempo de leitura":"1 minuto"},"schema":{"@context":"https:\/\/schema.org","@graph":[{"@type":"WebPage","@id":"https:\/\/nk7-testes.com.br\/agazeta\/motociclista-tem-cabeca-esmagada-por-caminhao-durante-acidente-em-rodovia-de-rio-branco\/","url":"https:\/\/nk7-testes.com.br\/agazeta\/motociclista-tem-cabeca-esmagada-por-caminhao-durante-acidente-em-rodovia-de-rio-branco\/","name":"Motociclista tem cabe\u00e7a esmagada por caminh\u00e3o durante acidente em rodovia de Rio Branco - Agazeta.net","isPartOf":{"@id":"https:\/\/nk7-testes.com.br\/agazeta\/#website"},"primaryImageOfPage":{"@id":"https:\/\/nk7-testes.com.br\/agazeta\/motociclista-tem-cabeca-esmagada-por-caminhao-durante-acidente-em-rodovia-de-rio-branco\/#primaryimage"},"image":{"@id":"https:\/\/nk7-testes.com.br\/agazeta\/motociclista-tem-cabeca-esmagada-por-caminhao-durante-acidente-em-rodovia-de-rio-branco\/#primaryimage"},"thumbnailUrl":"https:\/\/nk7-testes.com.br\/agazeta\/wp-content\/uploads\/2024\/06\/WhatsApp-Image-2024-06-13-at-13.43.06-jpeg.webp","datePublished":"2024-06-13T18:49:13+00:00","author":{"@id":"https:\/\/nk7-testes.com.br\/agazeta\/#\/schema\/person\/6d6e25cb0435eb4a02fd44d30b4e3020"},"breadcrumb":{"@id":"https:\/\/nk7-testes.com.br\/agazeta\/motociclista-tem-cabeca-esmagada-por-caminhao-durante-acidente-em-rodovia-de-rio-branco\/#breadcrumb"},"inLanguage":"pt-BR","potentialAction":[{"@type":"ReadAction","target":["https:\/\/nk7-testes.com.br\/agazeta\/motociclista-tem-cabeca-esmagada-por-caminhao-durante-acidente-em-rodovia-de-rio-branco\/"]}]},{"@type":"ImageObject","inLanguage":"pt-BR","@id":"https:\/\/nk7-testes.com.br\/agazeta\/motociclista-tem-cabeca-esmagada-por-caminhao-durante-acidente-em-rodovia-de-rio-branco\/#primaryimage","url":"https:\/\/nk7-testes.com.br\/agazeta\/wp-content\/uploads\/2024\/06\/WhatsApp-Image-2024-06-13-at-13.43.06-jpeg.webp","contentUrl":"https:\/\/nk7-testes.com.br\/agazeta\/wp-content\/uploads\/2024\/06\/WhatsApp-Image-2024-06-13-at-13.43.06-jpeg.webp","width":800,"height":400,"caption":"Imagem: Cedida"},{"@type":"BreadcrumbList","@id":"https:\/\/nk7-testes.com.br\/agazeta\/motociclista-tem-cabeca-esmagada-por-caminhao-durante-acidente-em-rodovia-de-rio-branco\/#breadcrumb","itemListElement":[{"@type":"ListItem","position":1,"name":"In\u00edcio","item":"https:\/\/nk7-testes.com.br\/agazeta\/"},{"@type":"ListItem","position":2,"name":"Motociclista tem cabe\u00e7a esmagada por caminh\u00e3o durante acidente em rodovia de Rio Branco"}]},{"@type":"WebSite","@id":"https:\/\/nk7-testes.com.br\/agazeta\/#website","url":"https:\/\/nk7-testes.com.br\/agazeta\/","name":"Agazeta.net","description":"Agazeta.net - Not\u00edcias de Rio Branco\/AC","potentialAction":[{"@type":"SearchAction","target":{"@type":"EntryPoint","urlTemplate":"https:\/\/nk7-testes.com.br\/agazeta\/?s={search_term_string}"},"query-input":{"@type":"PropertyValueSpecification","valueRequired":true,"valueName":"search_term_string"}}],"inLanguage":"pt-BR"},{"@type":"Person","@id":"https:\/\/nk7-testes.com.br\/agazeta\/#\/schema\/person\/6d6e25cb0435eb4a02fd44d30b4e3020","name":"Agazeta.Net","url":"https:\/\/nk7-testes.com.br\/agazeta\/author\/agazeta\/"}]}},"_links":{"self":[{"href":"https:\/\/nk7-testes.com.br\/agazeta\/wp-json\/wp\/v2\/posts\/133867","targetHints":{"allow":["GET"]}}],"collection":[{"href":"https:\/\/nk7-testes.com.br\/agazeta\/wp-json\/wp\/v2\/posts"}],"about":[{"href":"https:\/\/nk7-testes.com.br\/agazeta\/wp-json\/wp\/v2\/types\/post"}],"author":[{"embeddable":true,"href":"https:\/\/nk7-testes.com.br\/agazeta\/wp-json\/wp\/v2\/users\/4"}],"replies":[{"embeddable":true,"href":"https:\/\/nk7-testes.com.br\/agazeta\/wp-json\/wp\/v2\/comments?post=133867"}],"version-history":[{"count":0,"href":"https:\/\/nk7-testes.com.br\/agazeta\/wp-json\/wp\/v2\/posts\/133867\/revisions"}],"wp:featuredmedia":[{"embeddable":true,"href":"https:\/\/nk7-testes.com.br\/agazeta\/wp-json\/wp\/v2\/media\/133868"}],"wp:attachment":[{"href":"https:\/\/nk7-testes.com.br\/agazeta\/wp-json\/wp\/v2\/media?parent=133867"}],"wp:term":[{"taxonomy":"category","embeddable":true,"href":"https:\/\/nk7-testes.com.br\/agazeta\/wp-json\/wp\/v2\/categories?post=133867"},{"taxonomy":"post_tag","embeddable":true,"href":"https:\/\/nk7-testes.com.br\/agazeta\/wp-json\/wp\/v2\/tags?post=133867"}],"curies":[{"name":"wp","href":"https:\/\/api.w.org\/{rel}","templated":true}]}}