{"id":133862,"date":"2024-06-13T13:08:49","date_gmt":"2024-06-13T18:08:49","guid":{"rendered":"https:\/\/nk7-testes.com.br\/?p=133862"},"modified":"2024-06-13T13:08:49","modified_gmt":"2024-06-13T18:08:49","slug":"orgaos-emitem-notas-de-pesar-pelo-falecimento-do-ex-prefeito-de-rio-branco-isnard-leite","status":"publish","type":"post","link":"https:\/\/nk7-testes.com.br\/agazeta\/orgaos-emitem-notas-de-pesar-pelo-falecimento-do-ex-prefeito-de-rio-branco-isnard-leite\/","title":{"rendered":"\u00d3rg\u00e3os emitem notas de pesar pelo falecimento do ex-prefeito de Rio Branco Isnard Leite"},"content":{"rendered":"<p style=\"text-align: justify;\">O Minist\u00e9rio P\u00fablico do Acre (MPAC), o Tribunal de Contas do Estado (TCE) e o governador Gladson Cameli divulgaram notas de pesar pela morte do ex-prefeito de Rio Branco, Isnard Leite, aos 84 anos, ocorrida na manh\u00e3 desta quinta-feira (13), ap\u00f3s v\u00e1rios dias em interna\u00e7\u00e3o hospitalar por complica\u00e7\u00f5es pulmonares.<\/p>\n<p style=\"text-align: justify;\">Al\u00e9m de pol\u00edtico, Leite tamb\u00e9m foi Conselheiro do TCE e tamb\u00e9m estava aposentado do cargo. Em 1986, foi eleito deputado estadual pelo ent\u00e3o PDS e fez parte da 2\u00aa Assembleia Estadual Constituinte, que elaborou a Constitui\u00e7\u00e3o do Estado que est\u00e1 em vigor desde 1989.<\/p>\n<p style=\"text-align: justify;\">Como uma figura emblem\u00e1tica na pol\u00edtica acreana, os \u00f3rg\u00e3os e o governo estado demonstram as merecidas condol\u00eancias ao ex-Conselheiro do TCE e ex-deputado estadual.<\/p>\n<p style=\"text-align: justify;\">De acordo com informa\u00e7\u00f5es da fam\u00edlia, o corpo de Isnard Leite vai ser velado a partir das 13h30min, na Capela\u00a0 S\u00e3o Jo\u00e3o Batista, na Avenida Ant\u00f4nio da Rocha Viana, ao lado do pr\u00e9dio da TV Gazeta, em Rio Branco. O sepultamento ser\u00e1 na sexta-feira (14), no Cemit\u00e9rio S\u00e3o Jo\u00e3o Batista, localizado na Rua S\u00e3o Paulo, Mascarenhas de Morais Abra\u00e3o Alab, \u00e0s 10h.<\/p>\n<h4>Confira notas de pesar<\/h4>\n<p><strong>Gladson Cameli<\/strong><\/p>\n<p style=\"text-align: justify;\">\u00c9 com profundo pesar q<em>ue recebemos a not\u00edcia do falecimento de Isnard Leite, ex-conselheiro do Tribunal de Contas do Estado do Acre (TCE), ex-deputado estadual e ex-prefeito de Rio Branco.<\/em><\/p>\n<p style=\"text-align: justify;\"><em>Isnard Leite foi um cidad\u00e3o que dedicou grande parte de sua vida ao servi\u00e7o p\u00fablico, contribuindo de maneira significativa para o desenvolvimento e progresso de nossa capital e do estado, deixando um legado de integridade, dedica\u00e7\u00e3o e amor.<\/em><\/p>\n<p style=\"text-align: justify;\"><em>Neste momento de dor, expresso minhas mais sinceras condol\u00eancias \u00e0 fam\u00edlia, amigos e a toda a comunidade acreana. Que descanse em paz.<\/em><\/p>\n<p><strong>MPAC<\/strong><\/p>\n<p style=\"text-align: justify;\"><em>O Minist\u00e9rio P\u00fablico do Estado do Acre (MPAC) lamenta com profundo pesar o falecimento do ex-prefeito de Rio Branco, Isnard Bastos Barbosa Leite, sogro da servidora Mayra Anne Moraes Pereira Barbosa Leite, chefe de Gabinete da Corregedoria Geral, ocorrido nesta quinta-feira, 13.<\/em><\/p>\n<p style=\"text-align: justify;\"><em>Isnard Leite tamb\u00e9m foi conselheiro do Tribunal de Contas do Estado do Acre (TCE) e deputado estadual.<\/em><\/p>\n<p style=\"text-align: justify;\"><em>Neste momento de profunda dor, o MPAC, em nome de seus Membros e Servidores, manifesta as mais sinceras condol\u00eancias aos familiares e amigos.<\/em><\/p>\n<p style=\"text-align: justify;\"><strong>TCE<\/strong><\/p>\n<p style=\"text-align: justify;\"><em>Com profundo pesar, o Tribunal de Contas do Estado do Acre (TCE-AC) comunica o falecimento do Conselheiro aposentado Isnard Bastos Barbosa Leite, ocorrido na manh\u00e3 desta quinta-feira, 13 de junho, em Rio Branco.<\/em><\/p>\n<p style=\"text-align: justify;\"><em>O Conselheiro deixa um legado significativo em sua carreira p\u00fablica e no controle externo, tendo sido parte da primeira composi\u00e7\u00e3o do TCE\/AC. Leite tamb\u00e9m \u00e9 pai da auditora de Controle Externo Lucivete Leite e do assessor do Minist\u00e9rio P\u00fablico de Contas Adolfo Leite.<\/em><\/p>\n<p style=\"text-align: justify;\"><em>Neste momento, o TCE\/AC presta as mais sinceras condol\u00eancias \u00e0 fam\u00edlia e aos amigos, desejando que encontrem conforto e paz para enfrentar esta grande perda.<\/em><\/p>\n<p style=\"text-align: justify;\"><em>Em raz\u00e3o de seu falecimento, esta Corte de Contas decreta luto oficial de tr\u00eas dias.<\/em><\/p>\n<p style=\"text-align: justify;\"><em>O vel\u00f3rio ser\u00e1 na Capela S\u00e3o Jo\u00e3o Batista, na Avenida Ant\u00f4nio da Rocha Viana, a partir das 13h30 desta quinta. O sepultamento ocorrer\u00e1 na sexta-feira, 14, no cemit\u00e9rio de mesmo nome, localizado na Rua S\u00e3o Paulo, Mascarenhas de Morais Abra\u00e3o Alab, \u00e0s 10h.<\/em><\/p>\n","protected":false},"excerpt":{"rendered":"<p>O Minist\u00e9rio P\u00fablico do Acre (MPAC), o Tribunal de Contas do Estado (TCE) e o governador Gladson Cameli divulgaram notas de pesar pela morte do ex-prefeito de Rio Branco, Isnard Leite, aos 84 anos, ocorrida na manh\u00e3 desta quinta-feira (13), ap\u00f3s v\u00e1rios dias em interna\u00e7\u00e3o hospitalar por complica\u00e7\u00f5es pulmonares. Al\u00e9m de pol\u00edtico, Leite tamb\u00e9m foi [&hellip;]<\/p>\n","protected":false},"author":4,"featured_media":133865,"comment_status":"open","ping_status":"open","sticky":false,"template":"","format":"standard","meta":{"jnews-multi-image_gallery":[],"jnews_single_post":{"source_name":"","source_url":"","via_name":"","via_url":"","override_template":"0","override":[{"template":"custom","single_blog_custom":"110746","parallax":"1","fullscreen":"1","layout":"right-sidebar","sidebar":"default-sidebar","second_sidebar":"default-sidebar","sticky_sidebar":"1","share_position":"top","share_float_style":"share-monocrhome","show_share_counter":"1","show_view_counter":"1","show_featured":"1","show_post_meta":"1","show_post_author":"1","show_post_author_image":"1","show_post_date":"1","post_date_format":"default","post_date_format_custom":"Y\/m\/d","show_post_category":"1","show_post_reading_time":"0","post_reading_time_wpm":"300","show_zoom_button":"0","zoom_button_out_step":"2","zoom_button_in_step":"3","show_post_tag":"1","show_prev_next_post":"1","show_popup_post":"1","number_popup_post":"1","show_author_box":"0","show_post_related":"1","show_inline_post_related":"0"}],"override_image_size":"0","image_override":[{"single_post_thumbnail_size":"crop-500","single_post_gallery_size":"crop-500"}],"trending_post":"0","trending_post_position":"meta","trending_post_label":"Trending","sponsored_post":"0","sponsored_post_label":"Sponsored by","sponsored_post_name":"","sponsored_post_url":"","sponsored_post_logo_enable":"0","sponsored_post_logo":"","sponsored_post_desc":"","disable_ad":"0"},"jnews_primary_category":{"id":"","hide":""},"jnews_social_meta":{"fb_title":"","fb_description":"","fb_image":"","twitter_title":"","twitter_description":"","twitter_image":""},"jnews_review":[],"enable_review":"0","type":"percentage","name":"","summary":"","brand":"","sku":"","good":[{"good_text":""}],"bad":[{"bad_text":""}],"score_override":"0","override_value":"","rating":[{"rating_text":"","rating_number":"10"}],"price":[{"shop":"","price":"","link":"","icon":""}],"footnotes":""},"categories":[54],"tags":[],"class_list":["post-133862","post","type-post","status-publish","format-standard","has-post-thumbnail","hentry","category-cotidiano"],"yoast_head":"<!-- This site is optimized with the Yoast SEO plugin v26.5 - https:\/\/yoast.com\/wordpress\/plugins\/seo\/ -->\n<title>\u00d3rg\u00e3os emitem notas de pesar pelo falecimento do ex-prefeito de Rio Branco Isnard Leite - Agazeta.net<\/title>\n<meta name=\"robots\" content=\"index, follow, max-snippet:-1, max-image-preview:large, max-video-preview:-1\" \/>\n<link rel=\"canonical\" href=\"https:\/\/nk7-testes.com.br\/agazeta\/orgaos-emitem-notas-de-pesar-pelo-falecimento-do-ex-prefeito-de-rio-branco-isnard-leite\/\" \/>\n<meta property=\"og:locale\" content=\"pt_BR\" \/>\n<meta property=\"og:type\" content=\"article\" \/>\n<meta property=\"og:title\" content=\"\u00d3rg\u00e3os emitem notas de pesar pelo falecimento do ex-prefeito de Rio Branco Isnard Leite\" \/>\n<meta property=\"og:description\" content=\"Pol\u00edtico aposentado, Leite faleceu nesta quinta-feira, aos 84 anos, em Rio Branco\" \/>\n<meta property=\"og:url\" content=\"https:\/\/nk7-testes.com.br\/agazeta\/orgaos-emitem-notas-de-pesar-pelo-falecimento-do-ex-prefeito-de-rio-branco-isnard-leite\/\" \/>\n<meta property=\"og:site_name\" content=\"Agazeta.net\" \/>\n<meta property=\"article:published_time\" content=\"2024-06-13T18:08:49+00:00\" \/>\n<meta property=\"og:image\" content=\"https:\/\/nk7-testes.com.br\/agazeta\/wp-content\/uploads\/2024\/06\/WhatsApp-Image-2024-06-13-at-13.07.44-jpeg.webp\" \/>\n\t<meta property=\"og:image:width\" content=\"800\" \/>\n\t<meta property=\"og:image:height\" content=\"450\" \/>\n\t<meta property=\"og:image:type\" content=\"image\/jpeg\" \/>\n<meta name=\"author\" content=\"Agazeta.Net\" \/>\n<meta name=\"twitter:card\" content=\"summary_large_image\" \/>\n<meta name=\"twitter:label1\" content=\"Escrito por\" \/>\n\t<meta name=\"twitter:data1\" content=\"Agazeta.Net\" \/>\n\t<meta name=\"twitter:label2\" content=\"Est. tempo de leitura\" \/>\n\t<meta name=\"twitter:data2\" content=\"3 minutos\" \/>\n<script type=\"application\/ld+json\" class=\"yoast-schema-graph\">{\"@context\":\"https:\/\/schema.org\",\"@graph\":[{\"@type\":\"WebPage\",\"@id\":\"https:\/\/nk7-testes.com.br\/agazeta\/orgaos-emitem-notas-de-pesar-pelo-falecimento-do-ex-prefeito-de-rio-branco-isnard-leite\/\",\"url\":\"https:\/\/nk7-testes.com.br\/agazeta\/orgaos-emitem-notas-de-pesar-pelo-falecimento-do-ex-prefeito-de-rio-branco-isnard-leite\/\",\"name\":\"\u00d3rg\u00e3os emitem notas de pesar pelo falecimento do ex-prefeito de Rio Branco Isnard Leite - Agazeta.net\",\"isPartOf\":{\"@id\":\"https:\/\/nk7-testes.com.br\/agazeta\/#website\"},\"primaryImageOfPage\":{\"@id\":\"https:\/\/nk7-testes.com.br\/agazeta\/orgaos-emitem-notas-de-pesar-pelo-falecimento-do-ex-prefeito-de-rio-branco-isnard-leite\/#primaryimage\"},\"image\":{\"@id\":\"https:\/\/nk7-testes.com.br\/agazeta\/orgaos-emitem-notas-de-pesar-pelo-falecimento-do-ex-prefeito-de-rio-branco-isnard-leite\/#primaryimage\"},\"thumbnailUrl\":\"https:\/\/nk7-testes.com.br\/agazeta\/wp-content\/uploads\/2024\/06\/WhatsApp-Image-2024-06-13-at-13.07.44-jpeg.webp\",\"datePublished\":\"2024-06-13T18:08:49+00:00\",\"author\":{\"@id\":\"https:\/\/nk7-testes.com.br\/agazeta\/#\/schema\/person\/6d6e25cb0435eb4a02fd44d30b4e3020\"},\"breadcrumb\":{\"@id\":\"https:\/\/nk7-testes.com.br\/agazeta\/orgaos-emitem-notas-de-pesar-pelo-falecimento-do-ex-prefeito-de-rio-branco-isnard-leite\/#breadcrumb\"},\"inLanguage\":\"pt-BR\",\"potentialAction\":[{\"@type\":\"ReadAction\",\"target\":[\"https:\/\/nk7-testes.com.br\/agazeta\/orgaos-emitem-notas-de-pesar-pelo-falecimento-do-ex-prefeito-de-rio-branco-isnard-leite\/\"]}]},{\"@type\":\"ImageObject\",\"inLanguage\":\"pt-BR\",\"@id\":\"https:\/\/nk7-testes.com.br\/agazeta\/orgaos-emitem-notas-de-pesar-pelo-falecimento-do-ex-prefeito-de-rio-branco-isnard-leite\/#primaryimage\",\"url\":\"https:\/\/nk7-testes.com.br\/agazeta\/wp-content\/uploads\/2024\/06\/WhatsApp-Image-2024-06-13-at-13.07.44-jpeg.webp\",\"contentUrl\":\"https:\/\/nk7-testes.com.br\/agazeta\/wp-content\/uploads\/2024\/06\/WhatsApp-Image-2024-06-13-at-13.07.44-jpeg.webp\",\"width\":800,\"height\":450},{\"@type\":\"BreadcrumbList\",\"@id\":\"https:\/\/nk7-testes.com.br\/agazeta\/orgaos-emitem-notas-de-pesar-pelo-falecimento-do-ex-prefeito-de-rio-branco-isnard-leite\/#breadcrumb\",\"itemListElement\":[{\"@type\":\"ListItem\",\"position\":1,\"name\":\"In\u00edcio\",\"item\":\"https:\/\/nk7-testes.com.br\/agazeta\/\"},{\"@type\":\"ListItem\",\"position\":2,\"name\":\"\u00d3rg\u00e3os emitem notas de pesar pelo falecimento do ex-prefeito de Rio Branco Isnard Leite\"}]},{\"@type\":\"WebSite\",\"@id\":\"https:\/\/nk7-testes.com.br\/agazeta\/#website\",\"url\":\"https:\/\/nk7-testes.com.br\/agazeta\/\",\"name\":\"Agazeta.net\",\"description\":\"Agazeta.net - Not\u00edcias de Rio Branco\/AC\",\"potentialAction\":[{\"@type\":\"SearchAction\",\"target\":{\"@type\":\"EntryPoint\",\"urlTemplate\":\"https:\/\/nk7-testes.com.br\/agazeta\/?s={search_term_string}\"},\"query-input\":{\"@type\":\"PropertyValueSpecification\",\"valueRequired\":true,\"valueName\":\"search_term_string\"}}],\"inLanguage\":\"pt-BR\"},{\"@type\":\"Person\",\"@id\":\"https:\/\/nk7-testes.com.br\/agazeta\/#\/schema\/person\/6d6e25cb0435eb4a02fd44d30b4e3020\",\"name\":\"Agazeta.Net\",\"url\":\"https:\/\/nk7-testes.com.br\/agazeta\/author\/agazeta\/\"}]}<\/script>\n<!-- \/ Yoast SEO plugin. -->","yoast_head_json":{"title":"\u00d3rg\u00e3os emitem notas de pesar pelo falecimento do ex-prefeito de Rio Branco Isnard Leite - Agazeta.net","robots":{"index":"index","follow":"follow","max-snippet":"max-snippet:-1","max-image-preview":"max-image-preview:large","max-video-preview":"max-video-preview:-1"},"canonical":"https:\/\/nk7-testes.com.br\/agazeta\/orgaos-emitem-notas-de-pesar-pelo-falecimento-do-ex-prefeito-de-rio-branco-isnard-leite\/","og_locale":"pt_BR","og_type":"article","og_title":"\u00d3rg\u00e3os emitem notas de pesar pelo falecimento do ex-prefeito de Rio Branco Isnard Leite","og_description":"Pol\u00edtico aposentado, Leite faleceu nesta quinta-feira, aos 84 anos, em Rio Branco","og_url":"https:\/\/nk7-testes.com.br\/agazeta\/orgaos-emitem-notas-de-pesar-pelo-falecimento-do-ex-prefeito-de-rio-branco-isnard-leite\/","og_site_name":"Agazeta.net","article_published_time":"2024-06-13T18:08:49+00:00","og_image":[{"width":800,"height":450,"url":"https:\/\/nk7-testes.com.br\/agazeta\/wp-content\/uploads\/2024\/06\/WhatsApp-Image-2024-06-13-at-13.07.44-jpeg.webp","type":"image\/jpeg"}],"author":"Agazeta.Net","twitter_card":"summary_large_image","twitter_misc":{"Escrito por":"Agazeta.Net","Est. tempo de leitura":"3 minutos"},"schema":{"@context":"https:\/\/schema.org","@graph":[{"@type":"WebPage","@id":"https:\/\/nk7-testes.com.br\/agazeta\/orgaos-emitem-notas-de-pesar-pelo-falecimento-do-ex-prefeito-de-rio-branco-isnard-leite\/","url":"https:\/\/nk7-testes.com.br\/agazeta\/orgaos-emitem-notas-de-pesar-pelo-falecimento-do-ex-prefeito-de-rio-branco-isnard-leite\/","name":"\u00d3rg\u00e3os emitem notas de pesar pelo falecimento do ex-prefeito de Rio Branco Isnard Leite - Agazeta.net","isPartOf":{"@id":"https:\/\/nk7-testes.com.br\/agazeta\/#website"},"primaryImageOfPage":{"@id":"https:\/\/nk7-testes.com.br\/agazeta\/orgaos-emitem-notas-de-pesar-pelo-falecimento-do-ex-prefeito-de-rio-branco-isnard-leite\/#primaryimage"},"image":{"@id":"https:\/\/nk7-testes.com.br\/agazeta\/orgaos-emitem-notas-de-pesar-pelo-falecimento-do-ex-prefeito-de-rio-branco-isnard-leite\/#primaryimage"},"thumbnailUrl":"https:\/\/nk7-testes.com.br\/agazeta\/wp-content\/uploads\/2024\/06\/WhatsApp-Image-2024-06-13-at-13.07.44-jpeg.webp","datePublished":"2024-06-13T18:08:49+00:00","author":{"@id":"https:\/\/nk7-testes.com.br\/agazeta\/#\/schema\/person\/6d6e25cb0435eb4a02fd44d30b4e3020"},"breadcrumb":{"@id":"https:\/\/nk7-testes.com.br\/agazeta\/orgaos-emitem-notas-de-pesar-pelo-falecimento-do-ex-prefeito-de-rio-branco-isnard-leite\/#breadcrumb"},"inLanguage":"pt-BR","potentialAction":[{"@type":"ReadAction","target":["https:\/\/nk7-testes.com.br\/agazeta\/orgaos-emitem-notas-de-pesar-pelo-falecimento-do-ex-prefeito-de-rio-branco-isnard-leite\/"]}]},{"@type":"ImageObject","inLanguage":"pt-BR","@id":"https:\/\/nk7-testes.com.br\/agazeta\/orgaos-emitem-notas-de-pesar-pelo-falecimento-do-ex-prefeito-de-rio-branco-isnard-leite\/#primaryimage","url":"https:\/\/nk7-testes.com.br\/agazeta\/wp-content\/uploads\/2024\/06\/WhatsApp-Image-2024-06-13-at-13.07.44-jpeg.webp","contentUrl":"https:\/\/nk7-testes.com.br\/agazeta\/wp-content\/uploads\/2024\/06\/WhatsApp-Image-2024-06-13-at-13.07.44-jpeg.webp","width":800,"height":450},{"@type":"BreadcrumbList","@id":"https:\/\/nk7-testes.com.br\/agazeta\/orgaos-emitem-notas-de-pesar-pelo-falecimento-do-ex-prefeito-de-rio-branco-isnard-leite\/#breadcrumb","itemListElement":[{"@type":"ListItem","position":1,"name":"In\u00edcio","item":"https:\/\/nk7-testes.com.br\/agazeta\/"},{"@type":"ListItem","position":2,"name":"\u00d3rg\u00e3os emitem notas de pesar pelo falecimento do ex-prefeito de Rio Branco Isnard Leite"}]},{"@type":"WebSite","@id":"https:\/\/nk7-testes.com.br\/agazeta\/#website","url":"https:\/\/nk7-testes.com.br\/agazeta\/","name":"Agazeta.net","description":"Agazeta.net - Not\u00edcias de Rio Branco\/AC","potentialAction":[{"@type":"SearchAction","target":{"@type":"EntryPoint","urlTemplate":"https:\/\/nk7-testes.com.br\/agazeta\/?s={search_term_string}"},"query-input":{"@type":"PropertyValueSpecification","valueRequired":true,"valueName":"search_term_string"}}],"inLanguage":"pt-BR"},{"@type":"Person","@id":"https:\/\/nk7-testes.com.br\/agazeta\/#\/schema\/person\/6d6e25cb0435eb4a02fd44d30b4e3020","name":"Agazeta.Net","url":"https:\/\/nk7-testes.com.br\/agazeta\/author\/agazeta\/"}]}},"_links":{"self":[{"href":"https:\/\/nk7-testes.com.br\/agazeta\/wp-json\/wp\/v2\/posts\/133862","targetHints":{"allow":["GET"]}}],"collection":[{"href":"https:\/\/nk7-testes.com.br\/agazeta\/wp-json\/wp\/v2\/posts"}],"about":[{"href":"https:\/\/nk7-testes.com.br\/agazeta\/wp-json\/wp\/v2\/types\/post"}],"author":[{"embeddable":true,"href":"https:\/\/nk7-testes.com.br\/agazeta\/wp-json\/wp\/v2\/users\/4"}],"replies":[{"embeddable":true,"href":"https:\/\/nk7-testes.com.br\/agazeta\/wp-json\/wp\/v2\/comments?post=133862"}],"version-history":[{"count":0,"href":"https:\/\/nk7-testes.com.br\/agazeta\/wp-json\/wp\/v2\/posts\/133862\/revisions"}],"wp:featuredmedia":[{"embeddable":true,"href":"https:\/\/nk7-testes.com.br\/agazeta\/wp-json\/wp\/v2\/media\/133865"}],"wp:attachment":[{"href":"https:\/\/nk7-testes.com.br\/agazeta\/wp-json\/wp\/v2\/media?parent=133862"}],"wp:term":[{"taxonomy":"category","embeddable":true,"href":"https:\/\/nk7-testes.com.br\/agazeta\/wp-json\/wp\/v2\/categories?post=133862"},{"taxonomy":"post_tag","embeddable":true,"href":"https:\/\/nk7-testes.com.br\/agazeta\/wp-json\/wp\/v2\/tags?post=133862"}],"curies":[{"name":"wp","href":"https:\/\/api.w.org\/{rel}","templated":true}]}}