{"id":133802,"date":"2024-06-12T13:26:04","date_gmt":"2024-06-12T18:26:04","guid":{"rendered":"https:\/\/nk7-testes.com.br\/?p=133802"},"modified":"2024-06-12T13:26:04","modified_gmt":"2024-06-12T18:26:04","slug":"da-amizade-ao-amor-casal-de-fotografos-acreanos-celebram-quase-20-anos-de-cumplicidade","status":"publish","type":"post","link":"https:\/\/nk7-testes.com.br\/agazeta\/da-amizade-ao-amor-casal-de-fotografos-acreanos-celebram-quase-20-anos-de-cumplicidade\/","title":{"rendered":"Da amizade ao amor: casal de fot\u00f3grafos acreanos celebram quase 20 anos de cumplicidade"},"content":{"rendered":"<p style=\"text-align: justify;\">O amor \u00e9 uma for\u00e7a misteriosa e imprevis\u00edvel, capaz de surgir nos momentos mais inesperados e de transformar vidas de maneiras surpreendentes. Ele pode chegar de forma mansa, sem avisar, e de repente, tudo o que parecia certo e est\u00e1vel muda, revelando novas cores e emo\u00e7\u00f5es que antes pareciam distantes.<\/p>\n<p style=\"text-align: justify;\">Essa mudan\u00e7a na vida pode acontecer de uma forma nada prevista e a paix\u00e3o pode surgir por algu\u00e9m que voc\u00ea nunca imaginaria. E n\u00e3o, n\u00e3o estou falando sobre paix\u00e3o \u00e0 primeira vista por um estranho ou uma estranha, mas sim por um amigo. Aquela pessoa que voc\u00ea troca confid\u00eancias, vive momentos marcantes e sabe que pode contar a qualquer momento.<\/p>\n<p style=\"text-align: justify;\">Se apaixonar por um amigo pode ser uma das experi\u00eancias mais confusas e emocionantes da vida. Um dia, voc\u00ea est\u00e1 rindo das piadas dele, compartilhando segredos e vivendo uma amizade pura e sincera. No outro, seu cora\u00e7\u00e3o come\u00e7a a bater mais r\u00e1pido quando ele sorri, e cada pequeno gesto parece carregado de novos significados.<\/p>\n<p style=\"text-align: justify;\">Esse \u00e9 um sentimento que os fot\u00f3grafos e jornalistas acreanos Alexandre Cruz-Noronha e Deyse Cruz-Noronha conhecem bem. Eles se conheceram na Universidade Federal do Acre (Ufac) quando cursavam jornalismo &#8211; na \u00e9poca comunica\u00e7\u00e3o social -, em 2007, e estudavam na mesma turma. No \u00faltimo dia 28 de maio, comemoraram oito anos de casados.<\/p>\n<figure id=\"attachment_133803\" aria-describedby=\"caption-attachment-133803\" style=\"width: 578px\" class=\"wp-caption aligncenter\"><img decoding=\"async\" class=\"wp-image-133803 \" src=\"https:\/\/nk7-testes.com.br\/wp-content\/uploads\/2024\/06\/WhatsApp-Image-2024-06-12-at-12.44.48-jpeg.webp\" alt=\"\" width=\"578\" height=\"325\" srcset=\"https:\/\/nk7-testes.com.br\/agazeta\/wp-content\/uploads\/2024\/06\/WhatsApp-Image-2024-06-12-at-12.44.48-jpeg.webp 1080w, https:\/\/nk7-testes.com.br\/agazeta\/wp-content\/uploads\/2024\/06\/WhatsApp-Image-2024-06-12-at-12.44.48-300x169.webp 300w, https:\/\/nk7-testes.com.br\/agazeta\/wp-content\/uploads\/2024\/06\/WhatsApp-Image-2024-06-12-at-12.44.48-1024x576.webp 1024w, https:\/\/nk7-testes.com.br\/agazeta\/wp-content\/uploads\/2024\/06\/WhatsApp-Image-2024-06-12-at-12.44.48-768x432.webp 768w, https:\/\/nk7-testes.com.br\/agazeta\/wp-content\/uploads\/2024\/06\/WhatsApp-Image-2024-06-12-at-12.44.48-750x422.webp 750w\" sizes=\"(max-width: 578px) 100vw, 578px\" \/><figcaption id=\"caption-attachment-133803\" class=\"wp-caption-text\">Alexandre e Deyse nos tempos de Ufac\/Imagem: Cedida<\/figcaption><\/figure>\n<p style=\"text-align: justify;\">Alexandre e Deyse completam ano de namoro em todo dia 27 de maio, um dia antes do anivers\u00e1rio de casamento. Recentemente, celebraram 12 anos desde que come\u00e7aram a namorar. Ap\u00f3s passarem quatro anos como namorados, oficializaram a uni\u00e3o com o casamento. Mas de amizade j\u00e1 s\u00e3o 16 anos e, em setembro, comemoram 17 anos.<\/p>\n<p style=\"text-align: justify;\">\u201cN\u00e3o teve nada de paix\u00e3o \u00e0 primeira vista ou se interessar. Zero. N\u00f3s fomos realmente melhores amigos por quase cinco anos, e nesse tempo n\u00f3s n\u00e3o t\u00ednhamos realmente nenhum interesse rom\u00e2ntico um no outro. A gente era amigo mesmo, uma dupla. N\u00f3s \u00edamos para a faculdade juntos, e a gente nem mora t\u00e3o perto, mas a Dey sempre me deu carona\u201d, conta Alexandre.<\/p>\n<p style=\"text-align: justify;\">O casal Cruz-Noronha era realmente t\u00e3o amigo que, na \u00e9poca, Deyse namorava e o ent\u00e3o namorado dela n\u00e3o sentia ci\u00fames do companheirismo que ela e Alexandre possu\u00eda. De acordo com Alexandre, nem o pai dela sentia ci\u00fames dos dois, mesmo sendo cuidadoso com a filha.<\/p>\n<figure id=\"attachment_133804\" aria-describedby=\"caption-attachment-133804\" style=\"width: 585px\" class=\"wp-caption aligncenter\"><img decoding=\"async\" class=\"wp-image-133804 \" src=\"https:\/\/nk7-testes.com.br\/wp-content\/uploads\/2024\/06\/WhatsApp-Image-2024-06-12-at-12.44.49-jpeg.webp\" alt=\"\" width=\"585\" height=\"389\" srcset=\"https:\/\/nk7-testes.com.br\/agazeta\/wp-content\/uploads\/2024\/06\/WhatsApp-Image-2024-06-12-at-12.44.49-jpeg.webp 1000w, https:\/\/nk7-testes.com.br\/agazeta\/wp-content\/uploads\/2024\/06\/WhatsApp-Image-2024-06-12-at-12.44.49-300x199.webp 300w, https:\/\/nk7-testes.com.br\/agazeta\/wp-content\/uploads\/2024\/06\/WhatsApp-Image-2024-06-12-at-12.44.49-768x510.webp 768w, https:\/\/nk7-testes.com.br\/agazeta\/wp-content\/uploads\/2024\/06\/WhatsApp-Image-2024-06-12-at-12.44.49-750x498.webp 750w\" sizes=\"(max-width: 585px) 100vw, 585px\" \/><figcaption id=\"caption-attachment-133804\" class=\"wp-caption-text\">Enquanto amigos\/Imagem: Cedida<\/figcaption><\/figure>\n<p style=\"text-align: justify;\">Depois de mais de quatro anos mantendo a amizade e, naquele momento, Deyse j\u00e1 estava solteira, eles resolveram ficar e perceberam que tudo daria certo, pois tinham e sabiam muito um do outro, pelos anos que passaram como amigos trocando confid\u00eancias e segredos. Al\u00e9m disso, j\u00e1 tinham o principal: o amor.<\/p>\n<p style=\"text-align: justify;\">\u201cDepois de um tempo, ela j\u00e1 estava separada do namorado fazia quase um ano, a gente resolveu ficar junto um dia, por brincadeira mesmo, e a gente foi percebendo que isso daria muito certo, porque j\u00e1 t\u00ednhamos toda a base da amizade. Eu j\u00e1 a amava antes de namorar, mas a amava como amiga. N\u00f3s \u00e9ramos realmente muito juntos\u201d, afirma o fot\u00f3grafo.<\/p>\n<figure id=\"attachment_133805\" aria-describedby=\"caption-attachment-133805\" style=\"width: 587px\" class=\"wp-caption aligncenter\"><img decoding=\"async\" class=\"wp-image-133805 \" src=\"https:\/\/nk7-testes.com.br\/wp-content\/uploads\/2024\/06\/WhatsApp-Image-2024-06-12-at-12.50.29-1-jpeg.webp\" alt=\"\" width=\"587\" height=\"407\" srcset=\"https:\/\/nk7-testes.com.br\/agazeta\/wp-content\/uploads\/2024\/06\/WhatsApp-Image-2024-06-12-at-12.50.29-1-jpeg.webp 1080w, https:\/\/nk7-testes.com.br\/agazeta\/wp-content\/uploads\/2024\/06\/WhatsApp-Image-2024-06-12-at-12.50.29-1-300x208.webp 300w, https:\/\/nk7-testes.com.br\/agazeta\/wp-content\/uploads\/2024\/06\/WhatsApp-Image-2024-06-12-at-12.50.29-1-1024x710.webp 1024w, https:\/\/nk7-testes.com.br\/agazeta\/wp-content\/uploads\/2024\/06\/WhatsApp-Image-2024-06-12-at-12.50.29-1-768x533.webp 768w, https:\/\/nk7-testes.com.br\/agazeta\/wp-content\/uploads\/2024\/06\/WhatsApp-Image-2024-06-12-at-12.50.29-1-750x520.webp 750w\" sizes=\"(max-width: 587px) 100vw, 587px\" \/><figcaption id=\"caption-attachment-133805\" class=\"wp-caption-text\">Namorando\/Imagem: Cedida<\/figcaption><\/figure>\n<p style=\"text-align: justify;\">A partir disso, tamb\u00e9m passaram quase cinco anos como namorados e decidiram que era hora de casar. Segundo Alexandre, as pessoas diziam que eles s\u00f3 iriam se conhecer de verdade depois do casamento quando estivessem na mesma coisa. Por\u00e9m ele afirma que n\u00e3o houve nenhuma surpresa, tendo em vista que foram melhores amigos por anos e conheciam demais um do outro.<\/p>\n<p style=\"text-align: justify;\">\u201cAs pessoas falavam \u201cAh, mas voc\u00eas v\u00e3o se conhecer mesmo como voc\u00eas se casarem, porque o primeiro ano \u00e9 muito dif\u00edcil. Tu vais ver quem ele \u00e9 quando voc\u00eas estiverem juntos na mesma casa\u201d. Pois zero surpresas. A gente j\u00e1 se conhecia demais. Toda essa bagagem que a gente teve fez com que o nosso relacionamento fosse o que ele \u00e9 at\u00e9 hoje. \u00c9 muito tranquilo, um relacionamento muito em paz\u201d, ressalta ele.<\/p>\n<blockquote>\n<p style=\"text-align: justify;\">\u201cEu a amava como amiga, a amei como namorada, a amo como minha esposa e da mesma forma ela a mim. Ent\u00e3o acho que tem sido e vai ser sempre um casamento muito fortalecido, porque a gente tem essa base\u201d<\/p>\n<\/blockquote>\n<figure id=\"attachment_133806\" aria-describedby=\"caption-attachment-133806\" style=\"width: 593px\" class=\"wp-caption aligncenter\"><img decoding=\"async\" class=\"wp-image-133806 \" src=\"https:\/\/nk7-testes.com.br\/wp-content\/uploads\/2024\/06\/WhatsApp-Image-2024-06-12-at-12.50.28-jpeg.webp\" alt=\"\" width=\"593\" height=\"396\" srcset=\"https:\/\/nk7-testes.com.br\/agazeta\/wp-content\/uploads\/2024\/06\/WhatsApp-Image-2024-06-12-at-12.50.28-jpeg.webp 1079w, https:\/\/nk7-testes.com.br\/agazeta\/wp-content\/uploads\/2024\/06\/WhatsApp-Image-2024-06-12-at-12.50.28-300x200.webp 300w, https:\/\/nk7-testes.com.br\/agazeta\/wp-content\/uploads\/2024\/06\/WhatsApp-Image-2024-06-12-at-12.50.28-1024x683.webp 1024w, https:\/\/nk7-testes.com.br\/agazeta\/wp-content\/uploads\/2024\/06\/WhatsApp-Image-2024-06-12-at-12.50.28-768x512.webp 768w, https:\/\/nk7-testes.com.br\/agazeta\/wp-content\/uploads\/2024\/06\/WhatsApp-Image-2024-06-12-at-12.50.28-750x500.webp 750w\" sizes=\"(max-width: 593px) 100vw, 593px\" \/><figcaption id=\"caption-attachment-133806\" class=\"wp-caption-text\">Imagem: Cedida<\/figcaption><\/figure>\n<p style=\"text-align: justify;\">Eles contam que os amigos, e at\u00e9 mesmo quem n\u00e3o os conhece muito e acompanham pelo pouco que postam um do outro nas redes sociais, os acham fofos e um modelo de casal. Alexandre chega a dizer que se convivessem com eles achariam mais fofos ainda ou insuport\u00e1veis, porque s\u00e3o grudentos e carinhosos ao extremo.<\/p>\n<figure id=\"attachment_133809\" aria-describedby=\"caption-attachment-133809\" style=\"width: 590px\" class=\"wp-caption aligncenter\"><img decoding=\"async\" class=\"wp-image-133809 \" src=\"https:\/\/nk7-testes.com.br\/wp-content\/uploads\/2024\/06\/WhatsApp-Image-2024-06-12-at-12.58.38-1-jpeg.webp\" alt=\"\" width=\"590\" height=\"418\" srcset=\"https:\/\/nk7-testes.com.br\/agazeta\/wp-content\/uploads\/2024\/06\/WhatsApp-Image-2024-06-12-at-12.58.38-1-jpeg.webp 1080w, https:\/\/nk7-testes.com.br\/agazeta\/wp-content\/uploads\/2024\/06\/WhatsApp-Image-2024-06-12-at-12.58.38-1-300x213.webp 300w, https:\/\/nk7-testes.com.br\/agazeta\/wp-content\/uploads\/2024\/06\/WhatsApp-Image-2024-06-12-at-12.58.38-1-1024x725.webp 1024w, https:\/\/nk7-testes.com.br\/agazeta\/wp-content\/uploads\/2024\/06\/WhatsApp-Image-2024-06-12-at-12.58.38-1-768x544.webp 768w, https:\/\/nk7-testes.com.br\/agazeta\/wp-content\/uploads\/2024\/06\/WhatsApp-Image-2024-06-12-at-12.58.38-1-120x86.webp 120w, https:\/\/nk7-testes.com.br\/agazeta\/wp-content\/uploads\/2024\/06\/WhatsApp-Image-2024-06-12-at-12.58.38-1-750x531.webp 750w\" sizes=\"(max-width: 590px) 100vw, 590px\" \/><figcaption id=\"caption-attachment-133809\" class=\"wp-caption-text\">Noivos\/Imagem: Nayanna Marques<\/figcaption><\/figure>\n<p style=\"text-align: justify;\">\u201cAs pessoas n\u00e3o fazem ideia de qu\u00e3o fofo a gente \u00e9 junto em casa. Eu acho que se assistissem a gente e pudessem ver como \u00e9 que a gente \u00e9 em casa, uns iam nos achar muito fofinhos, mais ainda, e outros iam achar insuport\u00e1vel, porque a gente \u00e9 realmente muito grudento, muito do carinho, de falar engra\u00e7ado. Nosso casamento \u00e9 realmente muito tranquilo, um regula o outro. Acho isso realmente muito incr\u00edvel.\u201d<\/p>\n<figure id=\"attachment_133808\" aria-describedby=\"caption-attachment-133808\" style=\"width: 600px\" class=\"wp-caption aligncenter\"><img decoding=\"async\" class=\"wp-image-133808 \" src=\"https:\/\/nk7-testes.com.br\/wp-content\/uploads\/2024\/06\/WhatsApp-Image-2024-06-12-at-12.58.39-jpeg.webp\" alt=\"\" width=\"600\" height=\"750\" srcset=\"https:\/\/nk7-testes.com.br\/agazeta\/wp-content\/uploads\/2024\/06\/WhatsApp-Image-2024-06-12-at-12.58.39-jpeg.webp 1080w, https:\/\/nk7-testes.com.br\/agazeta\/wp-content\/uploads\/2024\/06\/WhatsApp-Image-2024-06-12-at-12.58.39-240x300.webp 240w, https:\/\/nk7-testes.com.br\/agazeta\/wp-content\/uploads\/2024\/06\/WhatsApp-Image-2024-06-12-at-12.58.39-819x1024.webp 819w, https:\/\/nk7-testes.com.br\/agazeta\/wp-content\/uploads\/2024\/06\/WhatsApp-Image-2024-06-12-at-12.58.39-768x960.webp 768w, https:\/\/nk7-testes.com.br\/agazeta\/wp-content\/uploads\/2024\/06\/WhatsApp-Image-2024-06-12-at-12.58.39-750x938.webp 750w\" sizes=\"(max-width: 600px) 100vw, 600px\" \/><figcaption id=\"caption-attachment-133808\" class=\"wp-caption-text\">Ensaio de pr\u00e9 casamento\/Imagem: Nayanna Marques<\/figcaption><\/figure>\n<h4 style=\"text-align: justify;\">Momentos dif\u00edceis<\/h4>\n<p style=\"text-align: justify;\"><strong>\u00a0<\/strong>Como nem tudo \u00e9 perfeito sempre, todo relacionamento tem momentos dif\u00edceis. Seja por desentendimentos, desafios externos ou crises internas, esses per\u00edodos de tens\u00e3o s\u00e3o inevit\u00e1veis e podem testar a for\u00e7a e a resili\u00eancia de um casal. Com os Cruz-Noronha n\u00e3o poderia ser exce\u00e7\u00e3o e o que eles precisaram enfrentar s\u00f3 os mostrou a cumplicidade que possuem.<\/p>\n<p style=\"text-align: justify;\">Em 2014, quando ainda eram apenas namorados, Alexandre perdeu a av\u00f3 e, 39 dias depois, uma prima que ele considerava irm\u00e3 tamb\u00e9m faleceu. Por conta de todos os problemas, o fot\u00f3grafo comenta que teve depress\u00e3o por quase um ano e s\u00f3 descobriu h\u00e1 pouco tempo, quando entendeu o que \u00e9 a doen\u00e7a. Segundo ele, Deyse sempre o ajudou e esteve ao lado dele durante essa fase e continua sempre.<\/p>\n<p style=\"text-align: justify;\">\u201cEu cuidei da minha av\u00f3 durante muito tempo e quando ela morreu, para mim foi um baque muito grande e 39 dias depois, a minha prima tamb\u00e9m morreu, que eu considerava minha irm\u00e3, porque a gente morou junto. E a Deyse me ajudou muito nesse ano, porque 2014 foi um ano muito pesado para mim. Tamb\u00e9m entrei em depress\u00e3o e eu nem sabia que era depress\u00e3o. Descobri recentemente que eu estava em depress\u00e3o durante um ano e ela sempre esteve l\u00e1 por mim\u201d, relata.<\/p>\n<figure id=\"attachment_133810\" aria-describedby=\"caption-attachment-133810\" style=\"width: 590px\" class=\"wp-caption aligncenter\"><img decoding=\"async\" class=\"wp-image-133810 \" src=\"https:\/\/nk7-testes.com.br\/wp-content\/uploads\/2024\/06\/WhatsApp-Image-2024-06-12-at-13.10.11.jpeg\" alt=\"\" width=\"590\" height=\"719\" srcset=\"https:\/\/nk7-testes.com.br\/agazeta\/wp-content\/uploads\/2024\/06\/WhatsApp-Image-2024-06-12-at-13.10.11.jpeg 1080w, https:\/\/nk7-testes.com.br\/agazeta\/wp-content\/uploads\/2024\/06\/WhatsApp-Image-2024-06-12-at-13.10.11-246x300.webp 246w, https:\/\/nk7-testes.com.br\/agazeta\/wp-content\/uploads\/2024\/06\/WhatsApp-Image-2024-06-12-at-13.10.11-840x1024.webp 840w, https:\/\/nk7-testes.com.br\/agazeta\/wp-content\/uploads\/2024\/06\/WhatsApp-Image-2024-06-12-at-13.10.11-768x937.webp 768w, https:\/\/nk7-testes.com.br\/agazeta\/wp-content\/uploads\/2024\/06\/WhatsApp-Image-2024-06-12-at-13.10.11-750x915.webp 750w\" sizes=\"(max-width: 590px) 100vw, 590px\" \/><figcaption id=\"caption-attachment-133810\" class=\"wp-caption-text\">Dia do casamento\/Imagem: Nayanna Marques<\/figcaption><\/figure>\n<p style=\"text-align: justify;\">Al\u00e9m disso, h\u00e1 duas semanas Alexandre e Deyse perderam um cachorro de estima\u00e7\u00e3o adotado por eles um tempo depois do casamento. Devido a perda do animal, os dois ficaram at\u00e9 mesmo doentes, tendo em vista que a sa\u00fade emocional ficou abalada e afetou a sa\u00fade f\u00edsica deles.<\/p>\n<p style=\"text-align: justify;\">\u201cH\u00e1 duas semanas ele faleceu e para a gente foi um baque muito grande. Ficamos muito tristes e a gente ficou at\u00e9 doente, refletiu o nosso f\u00edsico. Estamos um pouco nessa ainda, desse momento. Para as pessoas pode at\u00e9 ser besteira, mas para a gente foi bem pesado, porque foi a morte do nosso doguinho, que j\u00e1 era idoso\u201d, salienta Alexandre.<\/p>\n<figure id=\"attachment_133811\" aria-describedby=\"caption-attachment-133811\" style=\"width: 577px\" class=\"wp-caption aligncenter\"><img decoding=\"async\" class=\"wp-image-133811 \" src=\"https:\/\/nk7-testes.com.br\/wp-content\/uploads\/2024\/06\/WhatsApp-Image-2024-06-12-at-13.10.11-1-jpeg.webp\" alt=\"\" width=\"577\" height=\"661\" srcset=\"https:\/\/nk7-testes.com.br\/agazeta\/wp-content\/uploads\/2024\/06\/WhatsApp-Image-2024-06-12-at-13.10.11-1-jpeg.webp 1080w, https:\/\/nk7-testes.com.br\/agazeta\/wp-content\/uploads\/2024\/06\/WhatsApp-Image-2024-06-12-at-13.10.11-1-262x300.webp 262w, https:\/\/nk7-testes.com.br\/agazeta\/wp-content\/uploads\/2024\/06\/WhatsApp-Image-2024-06-12-at-13.10.11-1-893x1024.webp 893w, https:\/\/nk7-testes.com.br\/agazeta\/wp-content\/uploads\/2024\/06\/WhatsApp-Image-2024-06-12-at-13.10.11-1-768x881.webp 768w, https:\/\/nk7-testes.com.br\/agazeta\/wp-content\/uploads\/2024\/06\/WhatsApp-Image-2024-06-12-at-13.10.11-1-750x860.webp 750w\" sizes=\"(max-width: 577px) 100vw, 577px\" \/><figcaption id=\"caption-attachment-133811\" class=\"wp-caption-text\">Imagem: Nayanna Marques<\/figcaption><\/figure>\n<h4 style=\"text-align: justify;\">Casal de fot\u00f3grafos<\/h4>\n<p style=\"text-align: justify;\">A vida dos dois no ramo fotogr\u00e1fico iniciou no mesmo momento, enquanto ainda estavam na faculdade de comunica\u00e7\u00e3o social. Alexandre Cruz-Noronha detalha que os dois, apesar de amigos, competiam nos trabalhos de fotografia. Em 2011, ele foi premiado na Intercom com o melhor trabalho na categoria de fotojornalismo e Deyse, em 2013, na categoria de foto art\u00edstica. Al\u00e9m disso, fora da Ufac participaram do PIUM Fotoclube, onde estudavam e faziam atividades fotogr\u00e1ficas. Dentro do coletivo, lan\u00e7aram um cat\u00e1logo e um livreto.<\/p>\n<p style=\"text-align: justify;\">\u201cTamb\u00e9m viajamos juntos umas sete vezes para o Paraty em Foco, que \u00e9 um enorme festival de fotografia, com proje\u00e7\u00f5es, exposi\u00e7\u00f5es e palestras. Fomos juntos a congressos, interc\u00e2mbio para estudarmos e produzirmos fotografia em outro estado. Enfim, com a fotografia n\u00f3s fomos a muitos lugares juntos e nossa forma\u00e7\u00e3o \u00e9 bem parecida\u201d, os Cruz-Noronha destacam.<\/p>\n<figure id=\"attachment_133812\" aria-describedby=\"caption-attachment-133812\" style=\"width: 550px\" class=\"wp-caption aligncenter\"><img decoding=\"async\" class=\"wp-image-133812 \" src=\"https:\/\/nk7-testes.com.br\/wp-content\/uploads\/2024\/06\/WhatsApp-Image-2024-06-12-at-12.57.18-scaled.webp\" alt=\"\" width=\"550\" height=\"735\" srcset=\"https:\/\/nk7-testes.com.br\/agazeta\/wp-content\/uploads\/2024\/06\/WhatsApp-Image-2024-06-12-at-12.57.18-scaled.webp 1916w, https:\/\/nk7-testes.com.br\/agazeta\/wp-content\/uploads\/2024\/06\/WhatsApp-Image-2024-06-12-at-12.57.18-224x300.webp 224w, https:\/\/nk7-testes.com.br\/agazeta\/wp-content\/uploads\/2024\/06\/WhatsApp-Image-2024-06-12-at-12.57.18-766x1024.webp 766w, https:\/\/nk7-testes.com.br\/agazeta\/wp-content\/uploads\/2024\/06\/WhatsApp-Image-2024-06-12-at-12.57.18-768x1026.webp 768w, https:\/\/nk7-testes.com.br\/agazeta\/wp-content\/uploads\/2024\/06\/WhatsApp-Image-2024-06-12-at-12.57.18-1149x1536.webp 1149w, https:\/\/nk7-testes.com.br\/agazeta\/wp-content\/uploads\/2024\/06\/WhatsApp-Image-2024-06-12-at-12.57.18-1533x2048.webp 1533w, https:\/\/nk7-testes.com.br\/agazeta\/wp-content\/uploads\/2024\/06\/WhatsApp-Image-2024-06-12-at-12.57.18-750x1002.webp 750w, https:\/\/nk7-testes.com.br\/agazeta\/wp-content\/uploads\/2024\/06\/WhatsApp-Image-2024-06-12-at-12.57.18-1140x1523.webp 1140w\" sizes=\"(max-width: 550px) 100vw, 550px\" \/><figcaption id=\"caption-attachment-133812\" class=\"wp-caption-text\">Imagem: Cedida<\/figcaption><\/figure>\n<p style=\"text-align: justify;\">Como casal, Deyse e Alexandre fotografaram ensaios e eventos. Todavia, precisaram parar por conta do in\u00edcio da pandemia da Covid-19, preferiram n\u00e3o arriscar uma contamina\u00e7\u00e3o. Agora, mesmo com o fim da amea\u00e7a global do v\u00edrus, n\u00e3o voltaram a atuar mais como &#8220;Aquele casal fot\u00f3grafo&#8221;.<\/p>\n<p style=\"text-align: justify;\">\u201cMas trabalhamos juntos sem ser como &#8220;Aquele casal fot\u00f3grafo&#8221; com fotografia de cinema. Ela geralmente exerce a fun\u00e7\u00e3o de diretora de fotografia e eu de operador de c\u00e2mera. J\u00e1 trabalhamos em cinco filmes e estamos entrando no projeto mais importante, que \u00e9 um filme proposto e que ser\u00e1 dirigido por ela. Nesse eu serei diretor de fotografia\u201d, explica ele.<\/p>\n<blockquote>\n<p style=\"text-align: justify;\">\u201cEm dezembro trabalhamos juntos numa reportagem para o jornal estadunidense The Washington Post. Onde eu fiz as fotos da hist\u00f3ria e ela a capta\u00e7\u00e3o de v\u00eddeo.\u201d<\/p>\n<\/blockquote>\n<figure id=\"attachment_133813\" aria-describedby=\"caption-attachment-133813\" style=\"width: 598px\" class=\"wp-caption aligncenter\"><img decoding=\"async\" class=\"wp-image-133813 \" src=\"https:\/\/nk7-testes.com.br\/wp-content\/uploads\/2024\/06\/WhatsApp-Image-2024-06-12-at-12.57.19-jpeg.webp\" alt=\"\" width=\"598\" height=\"448\" srcset=\"https:\/\/nk7-testes.com.br\/agazeta\/wp-content\/uploads\/2024\/06\/WhatsApp-Image-2024-06-12-at-12.57.19-jpeg.webp 960w, https:\/\/nk7-testes.com.br\/agazeta\/wp-content\/uploads\/2024\/06\/WhatsApp-Image-2024-06-12-at-12.57.19-300x225.webp 300w, https:\/\/nk7-testes.com.br\/agazeta\/wp-content\/uploads\/2024\/06\/WhatsApp-Image-2024-06-12-at-12.57.19-768x576.webp 768w, https:\/\/nk7-testes.com.br\/agazeta\/wp-content\/uploads\/2024\/06\/WhatsApp-Image-2024-06-12-at-12.57.19-750x563.webp 750w\" sizes=\"(max-width: 598px) 100vw, 598px\" \/><figcaption id=\"caption-attachment-133813\" class=\"wp-caption-text\">Pr\u00eamio do Minist\u00e9rio P\u00fablico do Acre\/Imagem: Cedida<\/figcaption><\/figure>\n<h4 style=\"text-align: justify;\">Futuro<\/h4>\n<p style=\"text-align: justify;\">De planos para o futuro, bom\u2026 Por enquanto, n\u00e3o h\u00e1 nada planejado pelos dois. Apesar disso, esperam que possam passar mais tempo juntos e desfrutem ainda mais da companhia um do outro. Alexandre Cruz-Noronha diz que o trabalho ocupa muito tempo dele e espera, daqui para frente, conseguir estabelecer uma rotina em que consigam mais tempo.<\/p>\n<p style=\"text-align: justify;\">Indo mais al\u00e9m, esperam que a carreira como casal e individual cres\u00e7am ainda mais, pois acham importante essa divis\u00e3o. Dessa forma, cada um consegue fazer trabalhos que se identificam mais. Mas n\u00e3o s\u00f3 isso, desejam que viagens estejam sempre presentes na vida do casal, para aproveitarem mais o companheirismo que eles t\u00eam.<\/p>\n<p style=\"text-align: justify;\">\u201cA gente tem pouco tempo junto, eu acho que \u00e9 melhorar isso, conseguir estabelecer uma rotina que a gente tenha mais tempo. Tamb\u00e9m desenvolvermos as nossas carreiras juntas e tamb\u00e9m as individuais. \u00c9 importante a gente ter uma carreira junto e uma carreira individual. Viajarmos e curtirmos tamb\u00e9m. E que tudo isso seja assim, melhorando de uma maneira pr\u00f3spera, mas que esse amor, essa sabedoria e a compreens\u00e3o que a gente tem s\u00f3 permane\u00e7a\u201d, reitera o fot\u00f3grafo.<\/p>\n<figure id=\"attachment_133814\" aria-describedby=\"caption-attachment-133814\" style=\"width: 544px\" class=\"wp-caption aligncenter\"><img decoding=\"async\" class=\"wp-image-133814 \" src=\"https:\/\/nk7-testes.com.br\/wp-content\/uploads\/2024\/06\/WhatsApp-Image-2024-06-12-at-12.57.18-1-scaled.webp\" alt=\"\" width=\"544\" height=\"725\" srcset=\"https:\/\/nk7-testes.com.br\/agazeta\/wp-content\/uploads\/2024\/06\/WhatsApp-Image-2024-06-12-at-12.57.18-1-scaled.webp 1920w, https:\/\/nk7-testes.com.br\/agazeta\/wp-content\/uploads\/2024\/06\/WhatsApp-Image-2024-06-12-at-12.57.18-1-225x300.webp 225w, https:\/\/nk7-testes.com.br\/agazeta\/wp-content\/uploads\/2024\/06\/WhatsApp-Image-2024-06-12-at-12.57.18-1-768x1024.webp 768w, https:\/\/nk7-testes.com.br\/agazeta\/wp-content\/uploads\/2024\/06\/WhatsApp-Image-2024-06-12-at-12.57.18-1-1152x1536.webp 1152w, https:\/\/nk7-testes.com.br\/agazeta\/wp-content\/uploads\/2024\/06\/WhatsApp-Image-2024-06-12-at-12.57.18-1-1536x2048.webp 1536w, https:\/\/nk7-testes.com.br\/agazeta\/wp-content\/uploads\/2024\/06\/WhatsApp-Image-2024-06-12-at-12.57.18-1-750x1000.webp 750w, https:\/\/nk7-testes.com.br\/agazeta\/wp-content\/uploads\/2024\/06\/WhatsApp-Image-2024-06-12-at-12.57.18-1-1140x1520.webp 1140w\" sizes=\"(max-width: 544px) 100vw, 544px\" \/><figcaption id=\"caption-attachment-133814\" class=\"wp-caption-text\">Imagem: Cedida<\/figcaption><\/figure>\n<p style=\"text-align: justify;\">Para finalizar, Deyse Cruz-Noronha deixa um recado para quem est\u00e1 dentro de um relacionamento com pouca, ou nenhuma, reciprocidade. Para isso, ela cita os anos vividos ao lado do marido e a cumplicidade que eles possuem mesmo depois de tanto tempo juntos. Cumplicidade essa, como voc\u00eas devem ter percebido, que cresce a cada dia.<\/p>\n<p style=\"text-align: justify;\">\u201cO que a gente aprendeu at\u00e9 aqui do nosso relacionamento, que j\u00e1 vem a\u00ed de muitos anos, \u00e9 que parceria e reciprocidade s\u00e3o imprescind\u00edveis. E o nosso conselho \u00e9: se esforcem para fazer o relacionamento leve um para o outro, mas se voc\u00ea est\u00e1 vendo que voc\u00ea est\u00e1 precisando se esfor\u00e7ar demais e n\u00e3o est\u00e1 sendo rec\u00edproco, saia desse relacionamento porque uma hora voc\u00ea vai encontrar uma pessoa legal e que possa te dar a reciprocidade que voc\u00ea precisa\u201d, destaca a jornalista e fot\u00f3grafa.<\/p>\n<blockquote>\n<p style=\"text-align: justify;\">\u201cSaia desse relacionamento, porque uma hora voc\u00ea vai encontrar uma pessoa que possa te dar a reciprocidade e a parceria que voc\u00ea que voc\u00ea precisa, e que voc\u00ea tamb\u00e9m est\u00e1 disposto a dar.\u201d<\/p>\n<\/blockquote>\n<figure id=\"attachment_133815\" aria-describedby=\"caption-attachment-133815\" style=\"width: 615px\" class=\"wp-caption aligncenter\"><img decoding=\"async\" class=\"wp-image-133815 \" src=\"https:\/\/nk7-testes.com.br\/wp-content\/uploads\/2024\/06\/WhatsApp-Image-2024-06-12-at-12.57.19-1-jpeg.webp\" alt=\"\" width=\"615\" height=\"461\" srcset=\"https:\/\/nk7-testes.com.br\/agazeta\/wp-content\/uploads\/2024\/06\/WhatsApp-Image-2024-06-12-at-12.57.19-1-jpeg.webp 1280w, https:\/\/nk7-testes.com.br\/agazeta\/wp-content\/uploads\/2024\/06\/WhatsApp-Image-2024-06-12-at-12.57.19-1-300x225.webp 300w, https:\/\/nk7-testes.com.br\/agazeta\/wp-content\/uploads\/2024\/06\/WhatsApp-Image-2024-06-12-at-12.57.19-1-1024x768.webp 1024w, https:\/\/nk7-testes.com.br\/agazeta\/wp-content\/uploads\/2024\/06\/WhatsApp-Image-2024-06-12-at-12.57.19-1-768x576.webp 768w, https:\/\/nk7-testes.com.br\/agazeta\/wp-content\/uploads\/2024\/06\/WhatsApp-Image-2024-06-12-at-12.57.19-1-750x563.webp 750w, https:\/\/nk7-testes.com.br\/agazeta\/wp-content\/uploads\/2024\/06\/WhatsApp-Image-2024-06-12-at-12.57.19-1-1140x855.webp 1140w\" sizes=\"(max-width: 615px) 100vw, 615px\" \/><figcaption id=\"caption-attachment-133815\" class=\"wp-caption-text\">Fam\u00edlia Cruz-Noronha\/Imagem: Cedida<\/figcaption><\/figure>\n","protected":false},"excerpt":{"rendered":"<p>O amor \u00e9 uma for\u00e7a misteriosa e imprevis\u00edvel, capaz de surgir nos momentos mais inesperados e de transformar vidas de maneiras surpreendentes. Ele pode chegar de forma mansa, sem avisar, e de repente, tudo o que parecia certo e est\u00e1vel muda, revelando novas cores e emo\u00e7\u00f5es que antes pareciam distantes. Essa mudan\u00e7a na vida pode [&hellip;]<\/p>\n","protected":false},"author":4,"featured_media":133807,"comment_status":"open","ping_status":"open","sticky":false,"template":"","format":"standard","meta":{"jnews-multi-image_gallery":[],"jnews_single_post":{"source_name":"","source_url":"","via_name":"","via_url":"","override_template":"0","override":[{"template":"custom","single_blog_custom":"110746","parallax":"1","fullscreen":"1","layout":"right-sidebar","sidebar":"default-sidebar","second_sidebar":"default-sidebar","sticky_sidebar":"1","share_position":"top","share_float_style":"share-monocrhome","show_share_counter":"1","show_view_counter":"1","show_featured":"1","show_post_meta":"1","show_post_author":"1","show_post_author_image":"1","show_post_date":"1","post_date_format":"default","post_date_format_custom":"Y\/m\/d","show_post_category":"1","show_post_reading_time":"0","post_reading_time_wpm":"300","show_zoom_button":"0","zoom_button_out_step":"2","zoom_button_in_step":"3","show_post_tag":"1","show_prev_next_post":"1","show_popup_post":"1","number_popup_post":"1","show_author_box":"0","show_post_related":"1","show_inline_post_related":"0"}],"override_image_size":"0","image_override":[{"single_post_thumbnail_size":"crop-500","single_post_gallery_size":"crop-500"}],"trending_post":"0","trending_post_position":"meta","trending_post_label":"Trending","sponsored_post":"0","sponsored_post_label":"Sponsored by","sponsored_post_name":"","sponsored_post_url":"","sponsored_post_logo_enable":"0","sponsored_post_logo":"","sponsored_post_desc":"","disable_ad":"0"},"jnews_primary_category":{"id":"","hide":""},"jnews_social_meta":{"fb_title":"","fb_description":"","fb_image":"","twitter_title":"","twitter_description":"","twitter_image":""},"jnews_review":[],"enable_review":"0","type":"percentage","name":"","summary":"","brand":"","sku":"","good":[{"good_text":""}],"bad":[{"bad_text":""}],"score_override":"0","override_value":"","rating":[{"rating_text":"","rating_number":"10"}],"price":[{"shop":"","price":"","link":"","icon":""}],"footnotes":""},"categories":[54],"tags":[152],"class_list":["post-133802","post","type-post","status-publish","format-standard","has-post-thumbnail","hentry","category-cotidiano","tag-destaque"],"yoast_head":"<!-- This site is optimized with the Yoast SEO plugin v26.5 - https:\/\/yoast.com\/wordpress\/plugins\/seo\/ -->\n<title>Da amizade ao amor: casal de fot\u00f3grafos acreanos celebram quase 20 anos de cumplicidade - Agazeta.net<\/title>\n<meta name=\"robots\" content=\"index, follow, max-snippet:-1, max-image-preview:large, max-video-preview:-1\" \/>\n<link rel=\"canonical\" href=\"https:\/\/nk7-testes.com.br\/agazeta\/da-amizade-ao-amor-casal-de-fotografos-acreanos-celebram-quase-20-anos-de-cumplicidade\/\" \/>\n<meta property=\"og:locale\" content=\"pt_BR\" \/>\n<meta property=\"og:type\" content=\"article\" \/>\n<meta property=\"og:title\" content=\"Da amizade ao amor: casal de fot\u00f3grafos acreanos celebram quase 20 anos de cumplicidade\" \/>\n<meta property=\"og:description\" content=\"Alexandre e Deyse Cruz-Noronha se conheceram no curso de jornalismo da Universidade Federal do Acre\" \/>\n<meta property=\"og:url\" content=\"https:\/\/nk7-testes.com.br\/agazeta\/da-amizade-ao-amor-casal-de-fotografos-acreanos-celebram-quase-20-anos-de-cumplicidade\/\" \/>\n<meta property=\"og:site_name\" content=\"Agazeta.net\" \/>\n<meta property=\"article:published_time\" content=\"2024-06-12T18:26:04+00:00\" \/>\n<meta property=\"og:image\" content=\"https:\/\/nk7-testes.com.br\/agazeta\/wp-content\/uploads\/2024\/06\/WhatsApp-Image-2024-06-12-at-12.58.38-jpeg.webp\" \/>\n\t<meta property=\"og:image:width\" content=\"800\" \/>\n\t<meta property=\"og:image:height\" content=\"401\" \/>\n\t<meta property=\"og:image:type\" content=\"image\/jpeg\" \/>\n<meta name=\"author\" content=\"Agazeta.Net\" \/>\n<meta name=\"twitter:card\" content=\"summary_large_image\" \/>\n<meta name=\"twitter:label1\" content=\"Escrito por\" \/>\n\t<meta name=\"twitter:data1\" content=\"Agazeta.Net\" \/>\n\t<meta name=\"twitter:label2\" content=\"Est. tempo de leitura\" \/>\n\t<meta name=\"twitter:data2\" content=\"10 minutos\" \/>\n<script type=\"application\/ld+json\" class=\"yoast-schema-graph\">{\"@context\":\"https:\/\/schema.org\",\"@graph\":[{\"@type\":\"WebPage\",\"@id\":\"https:\/\/nk7-testes.com.br\/agazeta\/da-amizade-ao-amor-casal-de-fotografos-acreanos-celebram-quase-20-anos-de-cumplicidade\/\",\"url\":\"https:\/\/nk7-testes.com.br\/agazeta\/da-amizade-ao-amor-casal-de-fotografos-acreanos-celebram-quase-20-anos-de-cumplicidade\/\",\"name\":\"Da amizade ao amor: casal de fot\u00f3grafos acreanos celebram quase 20 anos de cumplicidade - Agazeta.net\",\"isPartOf\":{\"@id\":\"https:\/\/nk7-testes.com.br\/agazeta\/#website\"},\"primaryImageOfPage\":{\"@id\":\"https:\/\/nk7-testes.com.br\/agazeta\/da-amizade-ao-amor-casal-de-fotografos-acreanos-celebram-quase-20-anos-de-cumplicidade\/#primaryimage\"},\"image\":{\"@id\":\"https:\/\/nk7-testes.com.br\/agazeta\/da-amizade-ao-amor-casal-de-fotografos-acreanos-celebram-quase-20-anos-de-cumplicidade\/#primaryimage\"},\"thumbnailUrl\":\"https:\/\/nk7-testes.com.br\/agazeta\/wp-content\/uploads\/2024\/06\/WhatsApp-Image-2024-06-12-at-12.58.38-jpeg.webp\",\"datePublished\":\"2024-06-12T18:26:04+00:00\",\"author\":{\"@id\":\"https:\/\/nk7-testes.com.br\/agazeta\/#\/schema\/person\/6d6e25cb0435eb4a02fd44d30b4e3020\"},\"breadcrumb\":{\"@id\":\"https:\/\/nk7-testes.com.br\/agazeta\/da-amizade-ao-amor-casal-de-fotografos-acreanos-celebram-quase-20-anos-de-cumplicidade\/#breadcrumb\"},\"inLanguage\":\"pt-BR\",\"potentialAction\":[{\"@type\":\"ReadAction\",\"target\":[\"https:\/\/nk7-testes.com.br\/agazeta\/da-amizade-ao-amor-casal-de-fotografos-acreanos-celebram-quase-20-anos-de-cumplicidade\/\"]}]},{\"@type\":\"ImageObject\",\"inLanguage\":\"pt-BR\",\"@id\":\"https:\/\/nk7-testes.com.br\/agazeta\/da-amizade-ao-amor-casal-de-fotografos-acreanos-celebram-quase-20-anos-de-cumplicidade\/#primaryimage\",\"url\":\"https:\/\/nk7-testes.com.br\/agazeta\/wp-content\/uploads\/2024\/06\/WhatsApp-Image-2024-06-12-at-12.58.38-jpeg.webp\",\"contentUrl\":\"https:\/\/nk7-testes.com.br\/agazeta\/wp-content\/uploads\/2024\/06\/WhatsApp-Image-2024-06-12-at-12.58.38-jpeg.webp\",\"width\":800,\"height\":401,\"caption\":\"Imagem: Nayanna Marques\"},{\"@type\":\"BreadcrumbList\",\"@id\":\"https:\/\/nk7-testes.com.br\/agazeta\/da-amizade-ao-amor-casal-de-fotografos-acreanos-celebram-quase-20-anos-de-cumplicidade\/#breadcrumb\",\"itemListElement\":[{\"@type\":\"ListItem\",\"position\":1,\"name\":\"In\u00edcio\",\"item\":\"https:\/\/nk7-testes.com.br\/agazeta\/\"},{\"@type\":\"ListItem\",\"position\":2,\"name\":\"Da amizade ao amor: casal de fot\u00f3grafos acreanos celebram quase 20 anos de cumplicidade\"}]},{\"@type\":\"WebSite\",\"@id\":\"https:\/\/nk7-testes.com.br\/agazeta\/#website\",\"url\":\"https:\/\/nk7-testes.com.br\/agazeta\/\",\"name\":\"Agazeta.net\",\"description\":\"Agazeta.net - Not\u00edcias de Rio Branco\/AC\",\"potentialAction\":[{\"@type\":\"SearchAction\",\"target\":{\"@type\":\"EntryPoint\",\"urlTemplate\":\"https:\/\/nk7-testes.com.br\/agazeta\/?s={search_term_string}\"},\"query-input\":{\"@type\":\"PropertyValueSpecification\",\"valueRequired\":true,\"valueName\":\"search_term_string\"}}],\"inLanguage\":\"pt-BR\"},{\"@type\":\"Person\",\"@id\":\"https:\/\/nk7-testes.com.br\/agazeta\/#\/schema\/person\/6d6e25cb0435eb4a02fd44d30b4e3020\",\"name\":\"Agazeta.Net\",\"url\":\"https:\/\/nk7-testes.com.br\/agazeta\/author\/agazeta\/\"}]}<\/script>\n<!-- \/ Yoast SEO plugin. -->","yoast_head_json":{"title":"Da amizade ao amor: casal de fot\u00f3grafos acreanos celebram quase 20 anos de cumplicidade - Agazeta.net","robots":{"index":"index","follow":"follow","max-snippet":"max-snippet:-1","max-image-preview":"max-image-preview:large","max-video-preview":"max-video-preview:-1"},"canonical":"https:\/\/nk7-testes.com.br\/agazeta\/da-amizade-ao-amor-casal-de-fotografos-acreanos-celebram-quase-20-anos-de-cumplicidade\/","og_locale":"pt_BR","og_type":"article","og_title":"Da amizade ao amor: casal de fot\u00f3grafos acreanos celebram quase 20 anos de cumplicidade","og_description":"Alexandre e Deyse Cruz-Noronha se conheceram no curso de jornalismo da Universidade Federal do Acre","og_url":"https:\/\/nk7-testes.com.br\/agazeta\/da-amizade-ao-amor-casal-de-fotografos-acreanos-celebram-quase-20-anos-de-cumplicidade\/","og_site_name":"Agazeta.net","article_published_time":"2024-06-12T18:26:04+00:00","og_image":[{"width":800,"height":401,"url":"https:\/\/nk7-testes.com.br\/agazeta\/wp-content\/uploads\/2024\/06\/WhatsApp-Image-2024-06-12-at-12.58.38-jpeg.webp","type":"image\/jpeg"}],"author":"Agazeta.Net","twitter_card":"summary_large_image","twitter_misc":{"Escrito por":"Agazeta.Net","Est. tempo de leitura":"10 minutos"},"schema":{"@context":"https:\/\/schema.org","@graph":[{"@type":"WebPage","@id":"https:\/\/nk7-testes.com.br\/agazeta\/da-amizade-ao-amor-casal-de-fotografos-acreanos-celebram-quase-20-anos-de-cumplicidade\/","url":"https:\/\/nk7-testes.com.br\/agazeta\/da-amizade-ao-amor-casal-de-fotografos-acreanos-celebram-quase-20-anos-de-cumplicidade\/","name":"Da amizade ao amor: casal de fot\u00f3grafos acreanos celebram quase 20 anos de cumplicidade - Agazeta.net","isPartOf":{"@id":"https:\/\/nk7-testes.com.br\/agazeta\/#website"},"primaryImageOfPage":{"@id":"https:\/\/nk7-testes.com.br\/agazeta\/da-amizade-ao-amor-casal-de-fotografos-acreanos-celebram-quase-20-anos-de-cumplicidade\/#primaryimage"},"image":{"@id":"https:\/\/nk7-testes.com.br\/agazeta\/da-amizade-ao-amor-casal-de-fotografos-acreanos-celebram-quase-20-anos-de-cumplicidade\/#primaryimage"},"thumbnailUrl":"https:\/\/nk7-testes.com.br\/agazeta\/wp-content\/uploads\/2024\/06\/WhatsApp-Image-2024-06-12-at-12.58.38-jpeg.webp","datePublished":"2024-06-12T18:26:04+00:00","author":{"@id":"https:\/\/nk7-testes.com.br\/agazeta\/#\/schema\/person\/6d6e25cb0435eb4a02fd44d30b4e3020"},"breadcrumb":{"@id":"https:\/\/nk7-testes.com.br\/agazeta\/da-amizade-ao-amor-casal-de-fotografos-acreanos-celebram-quase-20-anos-de-cumplicidade\/#breadcrumb"},"inLanguage":"pt-BR","potentialAction":[{"@type":"ReadAction","target":["https:\/\/nk7-testes.com.br\/agazeta\/da-amizade-ao-amor-casal-de-fotografos-acreanos-celebram-quase-20-anos-de-cumplicidade\/"]}]},{"@type":"ImageObject","inLanguage":"pt-BR","@id":"https:\/\/nk7-testes.com.br\/agazeta\/da-amizade-ao-amor-casal-de-fotografos-acreanos-celebram-quase-20-anos-de-cumplicidade\/#primaryimage","url":"https:\/\/nk7-testes.com.br\/agazeta\/wp-content\/uploads\/2024\/06\/WhatsApp-Image-2024-06-12-at-12.58.38-jpeg.webp","contentUrl":"https:\/\/nk7-testes.com.br\/agazeta\/wp-content\/uploads\/2024\/06\/WhatsApp-Image-2024-06-12-at-12.58.38-jpeg.webp","width":800,"height":401,"caption":"Imagem: Nayanna Marques"},{"@type":"BreadcrumbList","@id":"https:\/\/nk7-testes.com.br\/agazeta\/da-amizade-ao-amor-casal-de-fotografos-acreanos-celebram-quase-20-anos-de-cumplicidade\/#breadcrumb","itemListElement":[{"@type":"ListItem","position":1,"name":"In\u00edcio","item":"https:\/\/nk7-testes.com.br\/agazeta\/"},{"@type":"ListItem","position":2,"name":"Da amizade ao amor: casal de fot\u00f3grafos acreanos celebram quase 20 anos de cumplicidade"}]},{"@type":"WebSite","@id":"https:\/\/nk7-testes.com.br\/agazeta\/#website","url":"https:\/\/nk7-testes.com.br\/agazeta\/","name":"Agazeta.net","description":"Agazeta.net - Not\u00edcias de Rio Branco\/AC","potentialAction":[{"@type":"SearchAction","target":{"@type":"EntryPoint","urlTemplate":"https:\/\/nk7-testes.com.br\/agazeta\/?s={search_term_string}"},"query-input":{"@type":"PropertyValueSpecification","valueRequired":true,"valueName":"search_term_string"}}],"inLanguage":"pt-BR"},{"@type":"Person","@id":"https:\/\/nk7-testes.com.br\/agazeta\/#\/schema\/person\/6d6e25cb0435eb4a02fd44d30b4e3020","name":"Agazeta.Net","url":"https:\/\/nk7-testes.com.br\/agazeta\/author\/agazeta\/"}]}},"_links":{"self":[{"href":"https:\/\/nk7-testes.com.br\/agazeta\/wp-json\/wp\/v2\/posts\/133802","targetHints":{"allow":["GET"]}}],"collection":[{"href":"https:\/\/nk7-testes.com.br\/agazeta\/wp-json\/wp\/v2\/posts"}],"about":[{"href":"https:\/\/nk7-testes.com.br\/agazeta\/wp-json\/wp\/v2\/types\/post"}],"author":[{"embeddable":true,"href":"https:\/\/nk7-testes.com.br\/agazeta\/wp-json\/wp\/v2\/users\/4"}],"replies":[{"embeddable":true,"href":"https:\/\/nk7-testes.com.br\/agazeta\/wp-json\/wp\/v2\/comments?post=133802"}],"version-history":[{"count":0,"href":"https:\/\/nk7-testes.com.br\/agazeta\/wp-json\/wp\/v2\/posts\/133802\/revisions"}],"wp:featuredmedia":[{"embeddable":true,"href":"https:\/\/nk7-testes.com.br\/agazeta\/wp-json\/wp\/v2\/media\/133807"}],"wp:attachment":[{"href":"https:\/\/nk7-testes.com.br\/agazeta\/wp-json\/wp\/v2\/media?parent=133802"}],"wp:term":[{"taxonomy":"category","embeddable":true,"href":"https:\/\/nk7-testes.com.br\/agazeta\/wp-json\/wp\/v2\/categories?post=133802"},{"taxonomy":"post_tag","embeddable":true,"href":"https:\/\/nk7-testes.com.br\/agazeta\/wp-json\/wp\/v2\/tags?post=133802"}],"curies":[{"name":"wp","href":"https:\/\/api.w.org\/{rel}","templated":true}]}}