{"id":133721,"date":"2024-06-13T16:02:39","date_gmt":"2024-06-13T21:02:39","guid":{"rendered":"https:\/\/nk7-testes.com.br\/?p=133721"},"modified":"2024-06-13T16:22:08","modified_gmt":"2024-06-13T21:22:08","slug":"rio-branco-e-feijo-registram-a-mesma-quantidade-de-feminicidios-em-2024-capital-tem-10-vezes-mais-habitantes","status":"publish","type":"post","link":"https:\/\/nk7-testes.com.br\/agazeta\/rio-branco-e-feijo-registram-a-mesma-quantidade-de-feminicidios-em-2024-capital-tem-10-vezes-mais-habitantes\/","title":{"rendered":"Rio Branco e Feij\u00f3 registram a mesma quantidade de feminic\u00eddios em 2024; capital tem 10 vezes mais habitantes"},"content":{"rendered":"<p>Por\u00a0<strong>Gisele Almeida <\/strong>e<strong> Felipe Souza<\/strong><\/p>\n<p style=\"text-align: justify;\">Em 2023, o Acre registrou 10 casos de feminic\u00eddios e com isso, ocupou a 2\u00b0 posi\u00e7\u00e3o no ranking nacional, com a taxa de 2,4 mortes por 100 mil mulheres. Conforme o F\u00f3rum Brasileiro de Seguran\u00e7a P\u00fablica, esses n\u00fameros representam um crescimento de 11,1% em rela\u00e7\u00e3o ao ano de 2022. At\u00e9 o momento, com base neste ano de 2024, o estado j\u00e1 registra cinco casos.<\/p>\n<h4>Luzia Costa da Silva<\/h4>\n<p style=\"text-align: justify;\">O primeiro foi registrado em Rio Branco. Luzia Costa da Silva, de 42 anos, que estava gr\u00e1vida de 8 semanas, foi encontrada sem vida, com sinais de estrangulamento e a coluna cervical quebrada. Como a maioria dos casos, o principal suspeito \u00e9 o David de Oliveira Rodrigues, que era companheiro da v\u00edtima.<\/p>\n<figure style=\"width: 441px\" class=\"wp-caption aligncenter\"><img decoding=\"async\" class=\"\" src=\"https:\/\/nk7-testes.com.br\/wp-content\/uploads\/2024\/01\/WhatsApp-Image-2024-01-05-at-17.27.12-350x250.jpeg\" alt=\"Suspeito de assassinar gr\u00e1vida em Rio Branco j\u00e1 tinha duas passagens por viol\u00eancia dom\u00e9stica\" width=\"441\" height=\"315\" \/><figcaption class=\"wp-caption-text\">David de Oliveira Rodrigues &#8211; suspeito de matar Luzia Costa da Silva<\/figcaption><\/figure>\n<p style=\"text-align: justify;\">Segundo informa\u00e7\u00f5es da Pol\u00edcia Civil do Acre (PC\/AC), o homic\u00eddio ocorreu por volta das 3h da madrugada do dia 1 de janeiro. Informaram, ainda, que Rodrigues \u00e9 ex-presidi\u00e1rio e envolvido com tr\u00e1fico de drogas, al\u00e9m de ser membro de uma organiza\u00e7\u00e3o criminosa.<\/p>\n<p style=\"text-align: justify;\">De acordo com a amiga de longa data da v\u00edtima, Railda Souza Moura, eles haviam ido para o Cal\u00e7ad\u00e3o da Gameleira assistir \u00e0 queima de fogos da virada de ano, e a situa\u00e7\u00e3o aconteceu quando chegaram em casa, de madrugada. O suspeito ficou foragido por mais de dois meses e se entregou \u00e0 Delegacia de Flagrantes (Defla), em Rio Branco, no dia 15 de abril.<\/p>\n<p style=\"text-align: justify;\">Al\u00e9m disso, David de Oliveira Rodrigues, tinha duas den\u00fancias de viol\u00eancia dom\u00e9stica, segundo informa\u00e7\u00f5es da delegada Kelcinara Mesquita, da Delegacia Especializada de Atendimento \u00e0 Mulher (Deam), divulgadas nesta sexta-feira (5).<\/p>\n<p style=\"text-align: justify;\">\u201cEle tem passagem por viol\u00eancia dom\u00e9stica, duas v\u00edtimas j\u00e1 denunciaram contra ele\u201d, afirma a delegada.<\/p>\n<h4>Maria Marciana<\/h4>\n<p style=\"text-align: justify;\">A jovem de 17 anos, identificada como Maria Marciana da Silva Oliveira, foi v\u00edtima de um feminic\u00eddio no dia 24 de janeiro em Tarauac\u00e1, interior do Acre. O acusado foi identificado como Jos\u00e9 Francenildo Costa, que estava em regime semiaberto por outro crime da mesma categoria. Ele assassinou a ex-companheira com cerca de 11 facadas e tentou fugir em seguida, mas ainda durante o flagrante, foi detido em Feij\u00f3.<\/p>\n<p style=\"text-align: justify;\">Havia sido o segundo caso em menos de um m\u00eas. A motiva\u00e7\u00e3o do crime n\u00e3o foi revelada, mas recentemente ele havia sido liberado da pris\u00e3o por outro feminic\u00eddio e, mais recentemente, foi contemplado com uma progress\u00e3o de regime, sendo liberado com tornozeleira eletr\u00f4nica, a qual violou algumas semanas depois.<\/p>\n<figure style=\"width: 610px\" class=\"wp-caption aligncenter\"><img decoding=\"async\" src=\"https:\/\/nk7-testes.com.br\/wp-content\/uploads\/2024\/01\/WhatsApp-Image-2024-01-26-at-07.59.19.jpeg\" alt=\"Homem que assassinou jovem de 17 anos em Tarauac\u00e1 \u00e9 preso preventivamente - agazeta.net\" width=\"610\" height=\"343\" \/><figcaption class=\"wp-caption-text\">Jos\u00e9 Francenildo Costa<\/figcaption><\/figure>\n<p style=\"text-align: justify;\">O Minist\u00e9rio P\u00fablico do Estado do Acre (MPAC) obteve com\u00a0 \u00eaxito a solicita\u00e7\u00e3o da pris\u00e3o preventiva de Jos\u00e9 Francenildo Costa da Silva no dia 25 de janeiro. Ele foi acusado de assassinar a jovem de 17 anos no munic\u00edpio de Tarauac\u00e1.<\/p>\n<p style=\"text-align: justify;\">Conforme informa\u00e7\u00f5es fornecidas pela Pol\u00edcia Militar (PM), respons\u00e1vel pela deten\u00e7\u00e3o em flagrante, a v\u00edtima foi covardemente apunhalada mais de dez vezes nas costas. O epis\u00f3dio desenrolou-se nas imedia\u00e7\u00f5es da ponte na sa\u00edda da cidade, onde a adolescente foi perseguida e assassinada por seu companheiro.<\/p>\n<h4>Zeza Kulina<\/h4>\n<p style=\"text-align: justify;\">O ind\u00edgena Josimar Pereira Kulina, de 40 anos, \u00e9 acusado de assassinar a esposa Zeza Kulina, de 38 anos, com golpes de ripa, no dia 22 de abril, no munic\u00edpio de Feij\u00f3.<\/p>\n<p style=\"text-align: justify;\">De acordo com o delegado de Feij\u00f3, Railson Ferreira, o casal teria come\u00e7ado uma discuss\u00e3o. Com isso, Josimar Kulina teria se apropriado de um ter\u00e7ado e com o cabo do objeto, passou a golpear a v\u00edtima, tanto na regi\u00e3o do rosto quanto na parte de tr\u00e1s da cabe\u00e7a.<\/p>\n<p style=\"text-align: justify;\">Um m\u00e9dico da Sa\u00fade Ind\u00edgena foi acionado e, ap\u00f3s analisar o corpo da v\u00edtima, afirmou que a mulher sofreu um traumatismo craniano.<\/p>\n<p style=\"text-align: justify;\">\u201cO autor, ap\u00f3s matar a v\u00edtima, simulou um suic\u00eddio, pendurando ela em uma corda. Mas tanto a inspe\u00e7\u00e3o do m\u00e9dico local quanto o laudo do IML de Cruzeiro do Sul, atestaram que a v\u00edtima foi morta em raz\u00e3o das pauladas que recebeu do autor\u201d, conta o delegado.<\/p>\n<p><img decoding=\"async\" class=\"aligncenter wp-image-133872 size-full\" src=\"https:\/\/nk7-testes.com.br\/wp-content\/uploads\/2024\/06\/WhatsApp-Image-2024-06-13-at-15.57.23-jpeg.webp\" alt=\"\" width=\"297\" height=\"416\" srcset=\"https:\/\/nk7-testes.com.br\/agazeta\/wp-content\/uploads\/2024\/06\/WhatsApp-Image-2024-06-13-at-15.57.23-jpeg.webp 297w, https:\/\/nk7-testes.com.br\/agazeta\/wp-content\/uploads\/2024\/06\/WhatsApp-Image-2024-06-13-at-15.57.23-214x300.webp 214w\" sizes=\"(max-width: 297px) 100vw, 297px\" \/><\/p>\n<h4>Maria das Gra\u00e7as Carneiro<\/h4>\n<p style=\"text-align: justify;\">A Pol\u00edcia Militar (PMAC), foi acionada para atender a uma ocorr\u00eancia de suposto feminic\u00eddio no projeto Envira, por volta das 5h30 da manh\u00e3 deste \u00faltimo domingo (09). Deleon Gomes Carna\u00faba, de 37 anos, \u00e9 suspeito de assassinar a facadas, Maria das Gra\u00e7as Carneiro, a companheira de 57 anos e posteriormente o neto dela de 7 anos.<\/p>\n<p style=\"text-align: justify;\">O delegado da Pol\u00edcia Civil de Feij\u00f3, Adam Ximenez, explica que ap\u00f3s cometer o feminic\u00eddio, o homem capturou o neto da v\u00edtima, uma crian\u00e7a prestes a completar 7 anos no final deste m\u00eas. O agressor, com a crian\u00e7a no colo e uma faca no pesco\u00e7o do menor, tentou fugir em um barco pelo rio.<\/p>\n<p><img decoding=\"async\" class=\"aligncenter wp-image-133826 \" src=\"https:\/\/nk7-testes.com.br\/wp-content\/uploads\/2024\/06\/WhatsApp-Image-2024-06-12-at-16.33.28-jpeg.webp\" alt=\"\" width=\"504\" height=\"502\" srcset=\"https:\/\/nk7-testes.com.br\/agazeta\/wp-content\/uploads\/2024\/06\/WhatsApp-Image-2024-06-12-at-16.33.28-jpeg.webp 600w, https:\/\/nk7-testes.com.br\/agazeta\/wp-content\/uploads\/2024\/06\/WhatsApp-Image-2024-06-12-at-16.33.28-300x300.webp 300w, https:\/\/nk7-testes.com.br\/agazeta\/wp-content\/uploads\/2024\/06\/WhatsApp-Image-2024-06-12-at-16.33.28-150x150.webp 150w, https:\/\/nk7-testes.com.br\/agazeta\/wp-content\/uploads\/2024\/06\/WhatsApp-Image-2024-06-12-at-16.33.28-75x75.webp 75w, https:\/\/nk7-testes.com.br\/agazeta\/wp-content\/uploads\/2024\/06\/WhatsApp-Image-2024-06-12-at-16.33.28-350x350.webp 350w\" sizes=\"(max-width: 504px) 100vw, 504px\" \/><\/p>\n<p style=\"text-align: justify;\">\u201cQuando os policiais militares chegaram, \u00e0s 5h50, verificaram que o indiv\u00edduo de nome Deleon, de 37 anos. tinha assassinado a facadas a senhora Maria, sua companheira, que tinha 57 anos. Ap\u00f3s o assassinato de Maria, Deleon capturou o neto dessa senhora, uma crian\u00e7a que iria completar 7 anos de idade no dia 28 desse m\u00eas.Ao chegarem, verificaram que Deleon estava num barco descendo o rio. Com a crian\u00e7a em seu colo e com uma faca no pesco\u00e7o\u201d, explica.<\/p>\n<p style=\"text-align: justify;\">Segundo o delegado, os policiais militares, ao chegar na cena do crime, tentaram negociar com o homem para que ele n\u00e3o ferisse a crian\u00e7a. No entanto, o agressor come\u00e7ou a desferir facadas na crian\u00e7a, o que levou os policiais a agirem em leg\u00edtima defesa e neutraliz\u00e1-lo com disparos. A crian\u00e7a veio a \u00f3bito durante o confronto.<\/p>\n<p style=\"text-align: justify;\">\u201cOs policiais militares tentaram convencer Deleon de n\u00e3o praticar nenhum mal contra a crian\u00e7a. Entretanto, esse come\u00e7ou a desferir facadas na crian\u00e7a. Foi quando os policiais, agindo em leg\u00edtima defesa, efetivaram alguns disparos no indiv\u00edduo e neutralizaram esse. Infelizmente, a crian\u00e7a veio a \u00f3bito\u201d, conclui.<\/p>\n<h4 class=\"content-head__subtitle\">Ketilly Soares de Souza<\/h4>\n<p style=\"text-align: justify;\">O caso mais recente envolve Ketilly Soares de Souza, de 33 anos, que foi morta a facadas dentro da pr\u00f3pria resid\u00eancia, localizada no bairro Vila Acre, em Rio Branco. O principal suspeito do feminic\u00eddio \u00e9 o noivo Cimei Menezes Costa, que se entregou \u00e0 Pol\u00edcia Civil do Acre (PCAC) nesta quarta-feira (12).<\/p>\n<p style=\"text-align: justify;\">O crime foi descoberto no domingo, quando a v\u00edtima foi encontrada sem vida dentro da resid\u00eancia por uma prima. A PCAC, por meio da Delegacia Especializada de Atendimento \u00e0 Mulher (Deam), iniciou as investiga\u00e7\u00f5es de maneira imediata para esclarecer os fatos e capturar o suspeito.<\/p>\n<p style=\"text-align: justify;\">De acordo com a delegada Juliana De Angelis, a equipe policial esteve no local do crime para os levantamentos iniciais e encaminhou os dados \u00e0 Deam. Desde ent\u00e3o, dilig\u00eancias como oitivas e requisi\u00e7\u00f5es de laudos periciais est\u00e3o em andamento para dar celeridade ao processo investigativo. A falta de medidas protetivas em vigor para a v\u00edtima e a aus\u00eancia de registros de ocorr\u00eancias por viol\u00eancia dom\u00e9stica contra o suspeito chamaram a aten\u00e7\u00e3o das autoridades.<\/p>\n<p style=\"text-align: justify;\">\u201cA Pol\u00edcia Civil est\u00e1 fazendo todas as dilig\u00eancias nesse sentido tamb\u00e9m, de ouvir o suspeito para que conclua logo esse procedimento, que ele seja encaminhado ao Poder Judici\u00e1rio. Ela n\u00e3o tinha nenhum registro de ocorr\u00eancia por viol\u00eancia dom\u00e9stica, n\u00e3o existia tamb\u00e9m medida protetiva em vigor\u201d, conclui.<\/p>\n<p><img decoding=\"async\" class=\"aligncenter\" src=\"https:\/\/s2-g1.glbimg.com\/ni-FJ1YUYMb7ZuBq5GJoxKnbRtI=\/0x0:1080x1274\/984x0\/smart\/filters:strip_icc()\/i.s3.glbimg.com\/v1\/AUTH_59edd422c0c84a879bd37670ae4f538a\/internal_photos\/bs\/2024\/P\/J\/FqOT5RSpCIsUra9NZjiQ\/whatsapp-image-2024-06-10-at-09.50.29.jpeg\" alt=\"Simey Menezes Costa \u00e9 suspeito de matar a mulher a facadas em Rio Branco \u2014 Foto: Reprodu\u00e7\u00e3o\" width=\"507\" height=\"598\" \/><\/p>\n<h4>Empate entre Feij\u00f3 e Rio Branco<\/h4>\n<p style=\"text-align: justify;\">Tendo em vistas esses n\u00fameros, o Acre contabiliza dois em Rio Branco, dois em Feij\u00f3 e o outro registrado no munic\u00edpio de Feij\u00f3. \u00c9 necess\u00e1rio salientar que a capital possui cerca de 364.756 pessoas e Feij\u00f3, empatada com n\u00famero de casos, tem 35.426 habitantes, conforme dados obtidos do Instituto Brasileiro de Geografia e Estat\u00edstica (IBGE). Dessa forma, Rio Branco tem quase dez vezes mais o n\u00famero de habitantes em compara\u00e7\u00e3o a Feij\u00f3.<\/p>\n<p style=\"text-align: justify;\">A advogada e presidente da Associa\u00e7\u00e3o das Mulheres Juristas do Estado do Acre, Tatiana Martins, explica que o motivo pelo qual o feminic\u00eddio \u00e9 expressivo no Acre j\u00e1 foi tema de artigos cient\u00edficos publicados pela Universidade Federal do Acre (Ufac), como o Documentar Para Denunciar, Remomorar Para Enfrentar: Feminic\u00eddos no Territ\u00f3rio Acreano Sob Temporalidades Diversas e Cont\u00ednuas, da mestra em Ci\u00eancias Jur\u00eddicas, Leon\u00edsia Moura Fernandes.<\/p>\n<p style=\"text-align: justify;\">&#8220;No artigo mencionado, observamos que h\u00e1 uma estreita rela\u00e7\u00e3o no tratamento objetificado das mulheres da atualidade com as mulheres do tempo da coloniza\u00e7\u00e3o. As mulheres dos povos origin\u00e1rios foram as primeiras a sofrerem com a objetifica\u00e7\u00e3o de seus corpos e este comportamento de coisifica\u00e7\u00e3o e desprezo pelo corpo feminino se perpetuou e ainda \u00e9 reproduzido nos s\u00e9culos seguintes, estando ainda arraigada em nossa cultura, sociedade, institui\u00e7\u00f5es e, por \u00f3bvio, dentro das aldeias. Motivo pelo qual as cidades mais povoadas pelos povos origin\u00e1rios acabam se revelando como as maiores detentoras de \u00edndices de viol\u00eancia contra o corpo feminino, dada tamb\u00e9m pela dificuldade enfrentada nas a\u00e7\u00f5es governamentais preventivas pela barreira da l\u00edngua e pela pr\u00f3pria cultura que foi brutalmente deturpada pelos ent\u00e3o colonizadores&#8221;, explica Martins.<\/p>\n<p style=\"text-align: justify;\">Al\u00e9m disso, a advogada deixa claro que o estudo sobre o assunto \u00e9 uma das principais medidas que devem ser tomadas para a diminui\u00e7\u00e3o na quantidade de casos no estado. Destaca, ainda, o apoio para a retirada da mulher do ciclo de viol\u00eancia, principalmente o apoio financeiro e psicol\u00f3gico.<\/p>\n<p style=\"text-align: justify;\">&#8220;A educa\u00e7\u00e3o em primeiro lugar, bem como tratativas de retirada da mulher do ciclo da viol\u00eancia. Existem relatos de mulheres, inclusive clientes minhas, que j\u00e1 denunciaram mais de oito vezes sem receberem o apoio devido para se retirar daquele ciclo de viol\u00eancia, apenas o acolhimento em abrigo n\u00e3o \u00e9 suficiente, pois muitas dependem economicamente e no abrigo a mulher fica isolada, n\u00e3o pode sair para trabalhar, ficando ela presa e n\u00e3o ele. H\u00e1 a necessidade de se criar outros mecanismos para retirada daquela mulher, principalmente com apoio psicol\u00f3gico e financeiro. H\u00e1 diversos organismos governamentais e n\u00e3o governamentais que j\u00e1 atuam nesta \u00e1rea, mas que n\u00e3o recebem o apoio financeiro e pol\u00edtico adequado&#8221;, salienta.<\/p>\n<h4>Patrulha Maria da Penha<\/h4>\n<p style=\"text-align: justify;\">No Acre, uma das pe\u00e7as mais importantes no combate \u00e0 viol\u00eancia contra a mulher \u00e9 a Patrulha Maria da Penha (PMP), da Pol\u00edcia Militar do Acre (PM\/AC). A cria\u00e7\u00e3o foi estabelecida pela Lei de n\u00b0 3.473, de 17 de maio de 2019, e representa um avan\u00e7o na prote\u00e7\u00e3o e no atendimento \u00e0s mulheres v\u00edtimas de viol\u00eancia dom\u00e9stica e familiar.<\/p>\n<p style=\"text-align: justify;\">De acordo com a comandante da Patrulha Maria da Penha, Priscila Siqueira, a iniciativa surgiu como resposta \u00e0s demandas para combater e, principalmente, prevenir a viol\u00eancia contra as mulheres do estado, e com atua\u00e7\u00e3o conjunta \u00e0s diretrizes da Lei Federal no 11.340\/2006, conhecida como Lei Maria da Penha.<\/p>\n<p style=\"text-align: justify;\">&#8220;Esta iniciativa surge como resposta \u00e0s demandas urgentes para combater e prevenir a viol\u00eancia contra as mulheres, alinhando-se \u00e0s diretrizes da Lei Federal no 11.340\/2006, conhecida como Lei Maria da Penha. A import\u00e2ncia da Patrulha Maria da Penha \u00e9 multifacetada e abrange diversos aspectos essenciais para promover a seguran\u00e7a e o bem-estar das mulheres em situa\u00e7\u00e3o de vulnerabilidade.<\/p>\n<p style=\"text-align: justify;\">Os principais trabalhos da PMP em Rio Branco e no interior incluem: as visitas domiciliares, com o acompanhamento peri\u00f3dico \u00e0s v\u00edtimas que possuem medidas protetivas; orienta\u00e7\u00e3o e apoio, em busca de fornecer informa\u00e7\u00f5es sobre direitos e servi\u00e7os dispon\u00edveis para as v\u00edtimas; campanhas educativas, com a realiza\u00e7\u00e3o de palestras e eventos para conscientiza\u00e7\u00e3o da popula\u00e7\u00e3o sobre a viol\u00eancia de g\u00eanero.<\/p>\n<p style=\"text-align: justify;\">Al\u00e9m das citadas, parcerias com institui\u00e7\u00f5es, visando a colabora\u00e7\u00e3o com outras entidades governamentais e n\u00e3o-governamentais para fortalecer a rede de apoio \u00e0s v\u00edtimas, e a fiscaliza\u00e7\u00e3o do cumprimento das medidas protetivas de urg\u00eancia determinadas pela Justi\u00e7a tamb\u00e9m est\u00e3o inclusas no trabalho da Patrulha Maria da Penha.<\/p>\n<p style=\"text-align: justify;\">Por conta do cen\u00e1rio em que Feij\u00f3 se encontra, com a mesma quantidade de casos de feminic\u00eddio de Rio Branco, a Patrulha Maria da Penha planeja intensificar as a\u00e7\u00f5es de preven\u00e7\u00e3o e combate \u00e0 viol\u00eancia dom\u00e9stica no munic\u00edpio.<\/p>\n<p style=\"text-align: justify;\">&#8220;A atua\u00e7\u00e3o da Patrulha Maria da Penha (PMP) vai al\u00e9m da capital Rio Branco, abrangendo diversos munic\u00edpios do Estado do Acre, incluindo Feij\u00f3. A PMP j\u00e1 est\u00e1 presente em Feij\u00f3 desde 23 de julho de 2023, demonstrando um compromisso cont\u00ednuo com a prote\u00e7\u00e3o e assist\u00eancia \u00e0s mulheres v\u00edtimas de viol\u00eancia. No munic\u00edpio de Feij\u00f3, a Patrulha Maria da Penha planeja intensificar suas a\u00e7\u00f5es de preven\u00e7\u00e3o e combate \u00e0 viol\u00eancia dom\u00e9stica&#8221;, salienta Siqueira.<\/p>\n<p style=\"text-align: justify;\">A comandante destaca que pessoas pr\u00f3ximas, como familiares e vizinhos, desempenham um papel fundamental na prote\u00e7\u00e3o das v\u00edtimas de viol\u00eancia e que devem realizar outras a\u00e7\u00f5es, como:<\/p>\n<ul>\n<li style=\"text-align: justify;\">Denunciar: reportar casos de viol\u00eancia \u00e0s autoridades competentes, como a pol\u00edcia e o Minist\u00e9rio P\u00fablico.<\/li>\n<li style=\"text-align: justify;\">Apoiar a v\u00edtima: oferecer apoio emocional e pr\u00e1tico \u00e0 v\u00edtima, como abrigar temporariamente ou ajudar no acesso a servi\u00e7os de apoio.<\/li>\n<li style=\"text-align: justify;\">Incentivar a busca por ajuda: orientar a v\u00edtima sobre os recursos dispon\u00edveis e incentiv\u00e1-la a buscar prote\u00e7\u00e3o legal.<\/li>\n<li style=\"text-align: justify;\">Vigil\u00e2ncia ativa: estar atento a sinais de viol\u00eancia e agir rapidamente em situa\u00e7\u00f5es de perigo iminente.<\/li>\n<\/ul>\n<h4>A\u00e7\u00f5es da Semulher<\/h4>\n<p style=\"text-align: justify;\">A Secretaria de Estado da Mulher (Semulher), dentro dos munic\u00edpios do interior, atua atrav\u00e9s do servi\u00e7o itinerante do \u00d4nibus Lil\u00e1s, com a propaga\u00e7\u00e3o de orienta\u00e7\u00f5es e articulando a rede municipal para identificar e acompanhar os casos de viol\u00eancia, em especial nas \u00e1reas rurais e ind\u00edgenas, que, muitas vezes, s\u00e3o locais de dif\u00edcil acesso. Al\u00e9m disso, tamb\u00e9m acompanha os Organismos de Pol\u00edticas para as Mulheres das Prefeituras municipais, para que o munic\u00edpio atue de forma direta na preven\u00e7\u00e3o dos casos.<\/p>\n<p style=\"text-align: justify;\">Em 11 munic\u00edpios acreanos, a Semulher j\u00e1 alcan\u00e7ou mais de 400 mulheres em situa\u00e7\u00e3o de viol\u00eancia dom\u00e9stica com cursos profissionalizantes desenvolvidos pelo Senac, com o programa Impacta Mulher, com o objetivo de gerar renda \u00e0s v\u00edtimas.<\/p>\n<p style=\"text-align: justify;\">&#8220;Os Centros de Atendimento \u00e0s Mulheres possuem equipe multiprofissional, realizando a\u00e7\u00f5es preventivas e educativas sobre o ciclo da viol\u00eancia dom\u00e9stica e a Lei Maria da Penha, identificando casos e encaminhando para a Rede. Temos o programa Minuto Mulher, com conte\u00fados de orienta\u00e7\u00e3o sobre direitos e pol\u00edticas p\u00fablicas. A cada semana \u00e9 trabalhada uma pauta de interesse da popula\u00e7\u00e3o feminina. Com essas a\u00e7\u00f5es, a Semulher chega direta e indiretamente aos 22 munic\u00edpios&#8221;, pontua a pasta.<\/p>\n<p style=\"text-align: justify;\">Em Feij\u00f3, por conta da quantidade de casos, a Secretaria da Mulher atua principalmente em \u00e1reas rurais e ind\u00edgenas. Em 2023, o \u00f3rg\u00e3os ressalta que foi at\u00e9 o munic\u00edpio com o \u00d4nibus Lil\u00e1s e vai retornar no pr\u00f3ximo dia 2 de julho para novos trabalhos na regi\u00e3o.<\/p>\n<p style=\"text-align: justify;\">&#8220;O \u00d4nibus Lil\u00e1s esteve em Feij\u00f3 em 2023, nas comunidades rurais e Aldeias Ind\u00edgenas. Estamos retornando novamente agora no dia 2\/07, faremos as comunidades do Ramal dos Pintos e as Comunidades Ind\u00edgenas nas adjac\u00eancias da Aldeias Morada Nova. Assim como Feij\u00f3 e todo o Estado do Acre, estamos numa corrida contra uma cultura machista viol\u00eancia, nascida na pr\u00f3pria coloniza\u00e7\u00e3o do Acre, onde as mulheres foram e ainda s\u00e3o tratadas pelos homens como propriedades&#8221;.<\/p>\n<p style=\"text-align: justify;\">Em 2022, o Acre registrou nove casos de feminic\u00eddio. J\u00e1 em 2023, foram catalogados 10 casos, o que representa o aumento de um caso. Dessa forma, h\u00e1 um crescimento desse crime e a Semulher espera e trabalha para que os \u00edndices diminuam e torce para 2024 encerre com menos casos registrados do que no ano passado.<\/p>\n<p style=\"text-align: justify;\">&#8220;Temos sempre que acreditar que reduziremos esses \u00edndices, estamos trabalhando para isso. Nossa estrat\u00e9gia \u00e9 fortalecer as mulheres com informa\u00e7\u00f5es, conscientizando-as sobre o ciclo da viol\u00eancia, quanto mais cedo elas conseguirem rompe-lo, mais chances de evitar a viol\u00eancia letal. Estamos investindo na preven\u00e7\u00e3o e nas interven\u00e7\u00f5es educativas porque s\u00f3 as mulheres podem decidir romper a viol\u00eancia e prevenir o feminic\u00eddio&#8221;, afirma a Secretaria.<\/p>\n<h4>Cen\u00e1rio<\/h4>\n<p style=\"text-align: justify;\">A procuradora de Justi\u00e7a do Minist\u00e9rio P\u00fablico do Acre (MPAC), Patr\u00edcia R\u00eago, conta que existe um aumento de casos de feminic\u00eddio significativo nas regi\u00f5es de Tarauac\u00e1 e Feij\u00f3. Al\u00e9m disso, ela destaca que 40% das mulheres que morrem desse crime em Feij\u00f3 eram ind\u00edgenas e, por conta disso, o cen\u00e1rio \u00e9 outro.<\/p>\n<p style=\"text-align: justify;\">&#8220;Eu gostaria muito de poder explicar. H\u00e1 uma tend\u00eancia de aumento terr\u00edvel nessa regi\u00e3o de Tarauac\u00e1 e Feij\u00f3. E Feij\u00f3 tem uma peculiaridade, 40% das mulheres que morreram eram ind\u00edgenas. Quando se fala em mulher ind\u00edgena, o contexto \u00e9 outro. Muitas vezes at\u00e9 a investiga\u00e7\u00e3o \u00e9 complicada. Para entrar na aldeia, tem a barreira da l\u00edngua&#8221;, informa a procuradora.<\/p>\n<p style=\"text-align: justify;\">No ano anterior, at\u00e9 o m\u00eas de junho foram registrados cinco casos de feminic\u00eddio no Acre. Atualmente, j\u00e1 foram catalogados tamb\u00e9m cinco registros, por\u00e9m o m\u00eas n\u00e3o encerrou. Tendo isso em vista, Patr\u00edcia R\u00eago espera que se mantenha est\u00e1vel, mas a tend\u00eancia \u00e9 de aumento se comparar a quantidade de tentativas de feminic\u00eddio no Estado.<\/p>\n<p style=\"text-align: justify;\">&#8220;A gente teve cinco ano passado, at\u00e9 junho, e cinco esse ano. Empatou. Eu acho que o cen\u00e1rio tende a ser igual ou crescer. Se olharmos a escala, a gente sai de 14 feminic\u00eddios em 2018 e chega no menor n\u00famero, em 2022, com nove. Viemos para 10 e, agora, a gente est\u00e1 mantendo. A tend\u00eancia \u00e9 manter ou aumentar. As tentativas de feminic\u00eddio, que \u00e9 outro dado, tivemos ano passado a maior taxa de crescimento em seis anos. Tem que olhar a taxa de feminic\u00eddio e a de tentativa&#8221;, explica R\u00eago.<\/p>\n<h4>Canais de ajuda<\/h4>\n<p style=\"text-align: justify;\">Metade dos brasileiros conhece ao menos uma mulher v\u00edtima de viol\u00eancia dom\u00e9stica, por isso, se voc\u00ea que est\u00e1 lendo essa mat\u00e9ria estiver passando por agress\u00e3o f\u00edsica, viol\u00eancia sexual, psicologica ou patrimonial ou conhece alguma mulher que esteja, entre em contato com as centrais de ajuda:<\/p>\n<p style=\"text-align: justify;\">Centro de Atendimento \u00e0 V\u00edtima (CAV): Rua Marechal Deodoro, 472, Pr\u00e9dio-Sede do Minist\u00e9rio P\u00fablico \u2013 cav@mpac.mp.br \u2013 (68) 99993-4701;<\/p>\n<p style=\"text-align: justify;\">Delegacia Especializada de Atendimento \u00e0 Mulher (Deam): Via Chico Mendes, 803 \u2013 Tri\u00e2ngulo (ao lado do Deracre) \u2013 (68) 3221-4799;<\/p>\n<p style=\"text-align: justify;\">Centros de Refer\u00eancia de Assist\u00eancia Social (Cras);<\/p>\n<p style=\"text-align: justify;\">Sobral: Rua S\u00e3o Salvador, 125 \u2013 (68) 3225-0787;<\/p>\n<p style=\"text-align: justify;\">Calafate: Estrada Calafate, 3937 \u2013 (68) 3225-1062;<\/p>\n<p style=\"text-align: justify;\">Bairro da Paz: Rua Valdomiro Lopes, 1728 \u2013 (68) 3228-7783;<\/p>\n<p style=\"text-align: justify;\">Vit\u00f3ria: Rua Raimundo Nonato, 359 \u2013 (68) 3224-5874;<\/p>\n<p style=\"text-align: justify;\">Tancredo Neves: Rua Ant\u00f4nio Juc\u00e1, 810 \u2013 (68) 3228-1334;<\/p>\n<p style=\"text-align: justify;\">Santa In\u00eas: Rua da Sanacre, 1327 \u2013 (68) 3221-8311;<\/p>\n<p style=\"text-align: justify;\">Tri\u00e2ngulo Velho: Rua Fl\u00e1vio Baptista, 200 \u2013 (68) 3221-0826;<\/p>\n<p style=\"text-align: justify;\">Casa Rosa Mulher: Rua Nova Andir\u00e1, 339 \u2013 Cidade Nova \u2013 (68) 3224-5117;<\/p>\n<p style=\"text-align: justify;\">Servi\u00e7o de Atendimento \u00e0 Viol\u00eancia Sexual: Maternidade B\u00e1rbara Heliodora \u2013 Travessa da Maternidade \u2013 Bosque;<\/p>\n<p style=\"text-align: justify;\">Atendimento \u00e0s Mulheres V\u00edtimas de Viol\u00eancia F\u00edsica: Upas Sobral, Segundo Distrito, Cidade do Povo e Pronto-Socorro;<\/p>\n<p style=\"text-align: justify;\">Minist\u00e9rio P\u00fablico \u2013 Centro de Atendimento \u00e0 V\u00edtima (CAV): sede \u2013 R. Mal. Deodoro, 472 \u2013 Centro \u2013 (68) 3212-2000;<\/p>\n<p style=\"text-align: justify;\">Defensoria P\u00fablica \u2013 N\u00facleo de Atendimento \u00e0s Mulheres em Situa\u00e7\u00e3o de Viol\u00eancia: Av. Ant\u00f4nio da Rocha Viana, 3057 \u2013 (68) 3215-4185;<\/p>\n<p style=\"text-align: justify;\">Den\u00fancias contra viol\u00eancia mulher \u2013 Disque 180.<\/p>\n","protected":false},"excerpt":{"rendered":"<p>Por\u00a0Gisele Almeida e Felipe Souza Em 2023, o Acre registrou 10 casos de feminic\u00eddios e com isso, ocupou a 2\u00b0 posi\u00e7\u00e3o no ranking nacional, com a taxa de 2,4 mortes por 100 mil mulheres. Conforme o F\u00f3rum Brasileiro de Seguran\u00e7a P\u00fablica, esses n\u00fameros representam um crescimento de 11,1% em rela\u00e7\u00e3o ao ano de 2022. At\u00e9 [&hellip;]<\/p>\n","protected":false},"author":4,"featured_media":133873,"comment_status":"open","ping_status":"open","sticky":false,"template":"","format":"standard","meta":{"jnews-multi-image_gallery":[],"jnews_single_post":{"source_name":"","source_url":"","via_name":"","via_url":"","override_template":"0","override":[{"template":"custom","single_blog_custom":"110746","parallax":"1","fullscreen":"1","layout":"right-sidebar","sidebar":"default-sidebar","second_sidebar":"default-sidebar","sticky_sidebar":"1","share_position":"top","share_float_style":"share-monocrhome","show_share_counter":"1","show_view_counter":"1","show_featured":"1","show_post_meta":"1","show_post_author":"1","show_post_author_image":"1","show_post_date":"1","post_date_format":"default","post_date_format_custom":"Y\/m\/d","show_post_category":"1","show_post_reading_time":"0","post_reading_time_wpm":"300","show_zoom_button":"0","zoom_button_out_step":"2","zoom_button_in_step":"3","show_post_tag":"1","show_prev_next_post":"1","show_popup_post":"1","number_popup_post":"1","show_author_box":"0","show_post_related":"1","show_inline_post_related":"0"}],"override_image_size":"0","image_override":[{"single_post_thumbnail_size":"crop-500","single_post_gallery_size":"crop-500"}],"trending_post":"0","trending_post_position":"meta","trending_post_label":"Trending","sponsored_post":"0","sponsored_post_label":"Sponsored by","sponsored_post_name":"","sponsored_post_url":"","sponsored_post_logo_enable":"0","sponsored_post_logo":"","sponsored_post_desc":"","disable_ad":"0"},"jnews_primary_category":{"id":"","hide":""},"jnews_social_meta":{"fb_title":"","fb_description":"","fb_image":"","twitter_title":"","twitter_description":"","twitter_image":""},"jnews_review":[],"enable_review":"0","type":"percentage","name":"","summary":"","brand":"","sku":"","good":[{"good_text":""}],"bad":[{"bad_text":""}],"score_override":"0","override_value":"","rating":[{"rating_text":"","rating_number":"10"}],"price":[{"shop":"","price":"","link":"","icon":""}],"footnotes":""},"categories":[54],"tags":[152],"class_list":["post-133721","post","type-post","status-publish","format-standard","has-post-thumbnail","hentry","category-cotidiano","tag-destaque"],"yoast_head":"<!-- This site is optimized with the Yoast SEO plugin v26.5 - https:\/\/yoast.com\/wordpress\/plugins\/seo\/ -->\n<title>Rio Branco e Feij\u00f3 registram a mesma quantidade de feminic\u00eddios em 2024; capital tem 10 vezes mais habitantes - Agazeta.net<\/title>\n<meta name=\"robots\" content=\"index, follow, max-snippet:-1, max-image-preview:large, max-video-preview:-1\" \/>\n<link rel=\"canonical\" href=\"https:\/\/nk7-testes.com.br\/agazeta\/rio-branco-e-feijo-registram-a-mesma-quantidade-de-feminicidios-em-2024-capital-tem-10-vezes-mais-habitantes\/\" \/>\n<meta property=\"og:locale\" content=\"pt_BR\" \/>\n<meta property=\"og:type\" content=\"article\" \/>\n<meta property=\"og:title\" content=\"Rio Branco e Feij\u00f3 registram a mesma quantidade de feminic\u00eddios em 2024; capital tem 10 vezes mais habitantes\" \/>\n<meta property=\"og:description\" content=\"At\u00e9 o momento, com base neste ano de 2024, o estado do Acre pode ter registrado cinco casos do crime\" \/>\n<meta property=\"og:url\" content=\"https:\/\/nk7-testes.com.br\/agazeta\/rio-branco-e-feijo-registram-a-mesma-quantidade-de-feminicidios-em-2024-capital-tem-10-vezes-mais-habitantes\/\" \/>\n<meta property=\"og:site_name\" content=\"Agazeta.net\" \/>\n<meta property=\"article:published_time\" content=\"2024-06-13T21:02:39+00:00\" \/>\n<meta property=\"article:modified_time\" content=\"2024-06-13T21:22:08+00:00\" \/>\n<meta property=\"og:image\" content=\"https:\/\/nk7-testes.com.br\/agazeta\/wp-content\/uploads\/2024\/06\/WhatsApp-Image-2024-06-13-at-16.01.16-jpeg.webp\" \/>\n\t<meta property=\"og:image:width\" content=\"1600\" \/>\n\t<meta property=\"og:image:height\" content=\"900\" \/>\n\t<meta property=\"og:image:type\" content=\"image\/jpeg\" \/>\n<meta name=\"author\" content=\"Agazeta.Net\" \/>\n<meta name=\"twitter:card\" content=\"summary_large_image\" \/>\n<meta name=\"twitter:title\" content=\"STF mant\u00e9m suspens\u00e3o de leis que pro\u00edbem linguagem neutra nas escolas\" \/>\n<meta name=\"twitter:label1\" content=\"Escrito por\" \/>\n\t<meta name=\"twitter:data1\" content=\"Agazeta.Net\" \/>\n\t<meta name=\"twitter:label2\" content=\"Est. tempo de leitura\" \/>\n\t<meta name=\"twitter:data2\" content=\"16 minutos\" \/>\n<script type=\"application\/ld+json\" class=\"yoast-schema-graph\">{\"@context\":\"https:\/\/schema.org\",\"@graph\":[{\"@type\":\"WebPage\",\"@id\":\"https:\/\/nk7-testes.com.br\/agazeta\/rio-branco-e-feijo-registram-a-mesma-quantidade-de-feminicidios-em-2024-capital-tem-10-vezes-mais-habitantes\/\",\"url\":\"https:\/\/nk7-testes.com.br\/agazeta\/rio-branco-e-feijo-registram-a-mesma-quantidade-de-feminicidios-em-2024-capital-tem-10-vezes-mais-habitantes\/\",\"name\":\"Rio Branco e Feij\u00f3 registram a mesma quantidade de feminic\u00eddios em 2024; capital tem 10 vezes mais habitantes - Agazeta.net\",\"isPartOf\":{\"@id\":\"https:\/\/nk7-testes.com.br\/agazeta\/#website\"},\"primaryImageOfPage\":{\"@id\":\"https:\/\/nk7-testes.com.br\/agazeta\/rio-branco-e-feijo-registram-a-mesma-quantidade-de-feminicidios-em-2024-capital-tem-10-vezes-mais-habitantes\/#primaryimage\"},\"image\":{\"@id\":\"https:\/\/nk7-testes.com.br\/agazeta\/rio-branco-e-feijo-registram-a-mesma-quantidade-de-feminicidios-em-2024-capital-tem-10-vezes-mais-habitantes\/#primaryimage\"},\"thumbnailUrl\":\"https:\/\/nk7-testes.com.br\/agazeta\/wp-content\/uploads\/2024\/06\/WhatsApp-Image-2024-06-13-at-16.01.16-jpeg.webp\",\"datePublished\":\"2024-06-13T21:02:39+00:00\",\"dateModified\":\"2024-06-13T21:22:08+00:00\",\"author\":{\"@id\":\"https:\/\/nk7-testes.com.br\/agazeta\/#\/schema\/person\/6d6e25cb0435eb4a02fd44d30b4e3020\"},\"breadcrumb\":{\"@id\":\"https:\/\/nk7-testes.com.br\/agazeta\/rio-branco-e-feijo-registram-a-mesma-quantidade-de-feminicidios-em-2024-capital-tem-10-vezes-mais-habitantes\/#breadcrumb\"},\"inLanguage\":\"pt-BR\",\"potentialAction\":[{\"@type\":\"ReadAction\",\"target\":[\"https:\/\/nk7-testes.com.br\/agazeta\/rio-branco-e-feijo-registram-a-mesma-quantidade-de-feminicidios-em-2024-capital-tem-10-vezes-mais-habitantes\/\"]}]},{\"@type\":\"ImageObject\",\"inLanguage\":\"pt-BR\",\"@id\":\"https:\/\/nk7-testes.com.br\/agazeta\/rio-branco-e-feijo-registram-a-mesma-quantidade-de-feminicidios-em-2024-capital-tem-10-vezes-mais-habitantes\/#primaryimage\",\"url\":\"https:\/\/nk7-testes.com.br\/agazeta\/wp-content\/uploads\/2024\/06\/WhatsApp-Image-2024-06-13-at-16.01.16-jpeg.webp\",\"contentUrl\":\"https:\/\/nk7-testes.com.br\/agazeta\/wp-content\/uploads\/2024\/06\/WhatsApp-Image-2024-06-13-at-16.01.16-jpeg.webp\",\"width\":1600,\"height\":900},{\"@type\":\"BreadcrumbList\",\"@id\":\"https:\/\/nk7-testes.com.br\/agazeta\/rio-branco-e-feijo-registram-a-mesma-quantidade-de-feminicidios-em-2024-capital-tem-10-vezes-mais-habitantes\/#breadcrumb\",\"itemListElement\":[{\"@type\":\"ListItem\",\"position\":1,\"name\":\"In\u00edcio\",\"item\":\"https:\/\/nk7-testes.com.br\/agazeta\/\"},{\"@type\":\"ListItem\",\"position\":2,\"name\":\"Rio Branco e Feij\u00f3 registram a mesma quantidade de feminic\u00eddios em 2024; capital tem 10 vezes mais habitantes\"}]},{\"@type\":\"WebSite\",\"@id\":\"https:\/\/nk7-testes.com.br\/agazeta\/#website\",\"url\":\"https:\/\/nk7-testes.com.br\/agazeta\/\",\"name\":\"Agazeta.net\",\"description\":\"Agazeta.net - Not\u00edcias de Rio Branco\/AC\",\"potentialAction\":[{\"@type\":\"SearchAction\",\"target\":{\"@type\":\"EntryPoint\",\"urlTemplate\":\"https:\/\/nk7-testes.com.br\/agazeta\/?s={search_term_string}\"},\"query-input\":{\"@type\":\"PropertyValueSpecification\",\"valueRequired\":true,\"valueName\":\"search_term_string\"}}],\"inLanguage\":\"pt-BR\"},{\"@type\":\"Person\",\"@id\":\"https:\/\/nk7-testes.com.br\/agazeta\/#\/schema\/person\/6d6e25cb0435eb4a02fd44d30b4e3020\",\"name\":\"Agazeta.Net\",\"url\":\"https:\/\/nk7-testes.com.br\/agazeta\/author\/agazeta\/\"}]}<\/script>\n<!-- \/ Yoast SEO plugin. -->","yoast_head_json":{"title":"Rio Branco e Feij\u00f3 registram a mesma quantidade de feminic\u00eddios em 2024; capital tem 10 vezes mais habitantes - Agazeta.net","robots":{"index":"index","follow":"follow","max-snippet":"max-snippet:-1","max-image-preview":"max-image-preview:large","max-video-preview":"max-video-preview:-1"},"canonical":"https:\/\/nk7-testes.com.br\/agazeta\/rio-branco-e-feijo-registram-a-mesma-quantidade-de-feminicidios-em-2024-capital-tem-10-vezes-mais-habitantes\/","og_locale":"pt_BR","og_type":"article","og_title":"Rio Branco e Feij\u00f3 registram a mesma quantidade de feminic\u00eddios em 2024; capital tem 10 vezes mais habitantes","og_description":"At\u00e9 o momento, com base neste ano de 2024, o estado do Acre pode ter registrado cinco casos do crime","og_url":"https:\/\/nk7-testes.com.br\/agazeta\/rio-branco-e-feijo-registram-a-mesma-quantidade-de-feminicidios-em-2024-capital-tem-10-vezes-mais-habitantes\/","og_site_name":"Agazeta.net","article_published_time":"2024-06-13T21:02:39+00:00","article_modified_time":"2024-06-13T21:22:08+00:00","og_image":[{"width":1600,"height":900,"url":"https:\/\/nk7-testes.com.br\/agazeta\/wp-content\/uploads\/2024\/06\/WhatsApp-Image-2024-06-13-at-16.01.16-jpeg.webp","type":"image\/jpeg"}],"author":"Agazeta.Net","twitter_card":"summary_large_image","twitter_title":"STF mant\u00e9m suspens\u00e3o de leis que pro\u00edbem linguagem neutra nas escolas","twitter_misc":{"Escrito por":"Agazeta.Net","Est. tempo de leitura":"16 minutos"},"schema":{"@context":"https:\/\/schema.org","@graph":[{"@type":"WebPage","@id":"https:\/\/nk7-testes.com.br\/agazeta\/rio-branco-e-feijo-registram-a-mesma-quantidade-de-feminicidios-em-2024-capital-tem-10-vezes-mais-habitantes\/","url":"https:\/\/nk7-testes.com.br\/agazeta\/rio-branco-e-feijo-registram-a-mesma-quantidade-de-feminicidios-em-2024-capital-tem-10-vezes-mais-habitantes\/","name":"Rio Branco e Feij\u00f3 registram a mesma quantidade de feminic\u00eddios em 2024; capital tem 10 vezes mais habitantes - Agazeta.net","isPartOf":{"@id":"https:\/\/nk7-testes.com.br\/agazeta\/#website"},"primaryImageOfPage":{"@id":"https:\/\/nk7-testes.com.br\/agazeta\/rio-branco-e-feijo-registram-a-mesma-quantidade-de-feminicidios-em-2024-capital-tem-10-vezes-mais-habitantes\/#primaryimage"},"image":{"@id":"https:\/\/nk7-testes.com.br\/agazeta\/rio-branco-e-feijo-registram-a-mesma-quantidade-de-feminicidios-em-2024-capital-tem-10-vezes-mais-habitantes\/#primaryimage"},"thumbnailUrl":"https:\/\/nk7-testes.com.br\/agazeta\/wp-content\/uploads\/2024\/06\/WhatsApp-Image-2024-06-13-at-16.01.16-jpeg.webp","datePublished":"2024-06-13T21:02:39+00:00","dateModified":"2024-06-13T21:22:08+00:00","author":{"@id":"https:\/\/nk7-testes.com.br\/agazeta\/#\/schema\/person\/6d6e25cb0435eb4a02fd44d30b4e3020"},"breadcrumb":{"@id":"https:\/\/nk7-testes.com.br\/agazeta\/rio-branco-e-feijo-registram-a-mesma-quantidade-de-feminicidios-em-2024-capital-tem-10-vezes-mais-habitantes\/#breadcrumb"},"inLanguage":"pt-BR","potentialAction":[{"@type":"ReadAction","target":["https:\/\/nk7-testes.com.br\/agazeta\/rio-branco-e-feijo-registram-a-mesma-quantidade-de-feminicidios-em-2024-capital-tem-10-vezes-mais-habitantes\/"]}]},{"@type":"ImageObject","inLanguage":"pt-BR","@id":"https:\/\/nk7-testes.com.br\/agazeta\/rio-branco-e-feijo-registram-a-mesma-quantidade-de-feminicidios-em-2024-capital-tem-10-vezes-mais-habitantes\/#primaryimage","url":"https:\/\/nk7-testes.com.br\/agazeta\/wp-content\/uploads\/2024\/06\/WhatsApp-Image-2024-06-13-at-16.01.16-jpeg.webp","contentUrl":"https:\/\/nk7-testes.com.br\/agazeta\/wp-content\/uploads\/2024\/06\/WhatsApp-Image-2024-06-13-at-16.01.16-jpeg.webp","width":1600,"height":900},{"@type":"BreadcrumbList","@id":"https:\/\/nk7-testes.com.br\/agazeta\/rio-branco-e-feijo-registram-a-mesma-quantidade-de-feminicidios-em-2024-capital-tem-10-vezes-mais-habitantes\/#breadcrumb","itemListElement":[{"@type":"ListItem","position":1,"name":"In\u00edcio","item":"https:\/\/nk7-testes.com.br\/agazeta\/"},{"@type":"ListItem","position":2,"name":"Rio Branco e Feij\u00f3 registram a mesma quantidade de feminic\u00eddios em 2024; capital tem 10 vezes mais habitantes"}]},{"@type":"WebSite","@id":"https:\/\/nk7-testes.com.br\/agazeta\/#website","url":"https:\/\/nk7-testes.com.br\/agazeta\/","name":"Agazeta.net","description":"Agazeta.net - Not\u00edcias de Rio Branco\/AC","potentialAction":[{"@type":"SearchAction","target":{"@type":"EntryPoint","urlTemplate":"https:\/\/nk7-testes.com.br\/agazeta\/?s={search_term_string}"},"query-input":{"@type":"PropertyValueSpecification","valueRequired":true,"valueName":"search_term_string"}}],"inLanguage":"pt-BR"},{"@type":"Person","@id":"https:\/\/nk7-testes.com.br\/agazeta\/#\/schema\/person\/6d6e25cb0435eb4a02fd44d30b4e3020","name":"Agazeta.Net","url":"https:\/\/nk7-testes.com.br\/agazeta\/author\/agazeta\/"}]}},"_links":{"self":[{"href":"https:\/\/nk7-testes.com.br\/agazeta\/wp-json\/wp\/v2\/posts\/133721","targetHints":{"allow":["GET"]}}],"collection":[{"href":"https:\/\/nk7-testes.com.br\/agazeta\/wp-json\/wp\/v2\/posts"}],"about":[{"href":"https:\/\/nk7-testes.com.br\/agazeta\/wp-json\/wp\/v2\/types\/post"}],"author":[{"embeddable":true,"href":"https:\/\/nk7-testes.com.br\/agazeta\/wp-json\/wp\/v2\/users\/4"}],"replies":[{"embeddable":true,"href":"https:\/\/nk7-testes.com.br\/agazeta\/wp-json\/wp\/v2\/comments?post=133721"}],"version-history":[{"count":0,"href":"https:\/\/nk7-testes.com.br\/agazeta\/wp-json\/wp\/v2\/posts\/133721\/revisions"}],"wp:featuredmedia":[{"embeddable":true,"href":"https:\/\/nk7-testes.com.br\/agazeta\/wp-json\/wp\/v2\/media\/133873"}],"wp:attachment":[{"href":"https:\/\/nk7-testes.com.br\/agazeta\/wp-json\/wp\/v2\/media?parent=133721"}],"wp:term":[{"taxonomy":"category","embeddable":true,"href":"https:\/\/nk7-testes.com.br\/agazeta\/wp-json\/wp\/v2\/categories?post=133721"},{"taxonomy":"post_tag","embeddable":true,"href":"https:\/\/nk7-testes.com.br\/agazeta\/wp-json\/wp\/v2\/tags?post=133721"}],"curies":[{"name":"wp","href":"https:\/\/api.w.org\/{rel}","templated":true}]}}