{"id":133663,"date":"2024-06-10T12:04:40","date_gmt":"2024-06-10T17:04:40","guid":{"rendered":"https:\/\/nk7-testes.com.br\/?p=133663"},"modified":"2024-06-10T12:04:40","modified_gmt":"2024-06-10T17:04:40","slug":"memorial-chico-mendes-e-reinaugurado-apos-quase-tres-anos-de-fechamento-em-rio-branco","status":"publish","type":"post","link":"https:\/\/nk7-testes.com.br\/agazeta\/memorial-chico-mendes-e-reinaugurado-apos-quase-tres-anos-de-fechamento-em-rio-branco\/","title":{"rendered":"Memorial Chico Mendes \u00e9 reinaugurado ap\u00f3s quase tr\u00eas anos de fechamento em Rio Branco"},"content":{"rendered":"<p style=\"text-align: justify;\"><span style=\"font-weight: 400;\">Ap\u00f3s quase tr\u00eas anos de fechamento devido a problemas estruturais, o Memorial Chico Mendes foi reinaugurado em Rio Branco. O espa\u00e7o, que havia sido condenado por oferecer riscos \u00e0 seguran\u00e7a de servidores e visitantes, passou por uma reforma completa, sendo praticamente reconstru\u00eddo do zero.\u00a0<\/span><\/p>\n<p style=\"text-align: justify;\"><span style=\"font-weight: 400;\">O memorial, localizado na entrada principal do Parque Chico Mendes, ocupa uma \u00e1rea de 100 metros quadrados e voltou a receber o p\u00fablico nesta semana.<\/span><\/p>\n<p style=\"text-align: justify;\"><span style=\"font-weight: 400;\">A coordenadora do Parque Chico Mendes, Joseline Guimar\u00e3es, destaca a import\u00e2ncia do espa\u00e7o como um local democr\u00e1tico que preserva a hist\u00f3ria e o legado de Chico Mendes, com oportunidades para eventos culturais, exposi\u00e7\u00f5es art\u00edsticas e uma biblioteca infantil, o &#8220;Chico Ensina&#8221;, com objetivo de proporcionar momentos agrad\u00e1veis para as crian\u00e7as e as fam\u00edlias.<\/span><\/p>\n<p style=\"text-align: justify;\"><span style=\"font-weight: 400;\">\u201cA gente colocou toda a hist\u00f3ria do Chico Mendes, o seu legado, a sua luta e \u00e9 um espa\u00e7o que vai ser democr\u00e1tico. A gente vai ter um espa\u00e7o onde as pessoas da nossa cultura podem fazer um vernissage aqui, apresentar a sua obra. E a gente tem um cantinho especial l\u00e1 que \u00e9 o Chico Ensina, que \u00e9 um local onde tem uma biblioteca infantil para as crian\u00e7as. Quando o pai vier para c\u00e1, colocar a crian\u00e7a para ler e ficar l\u00e1 sentadinho curtindo a natureza\u201d, explica a coordenadora.<\/span><\/p>\n<p style=\"text-align: justify;\"><span style=\"font-weight: 400;\">A obra de reforma do memorial, que custou cerca de 105 mil reais, foi realizada de forma completa, reconstruindo o espa\u00e7o do zero. O secret\u00e1rio de Meio Ambiente de Rio Branco, Carlos Alberto Nasserala, ressalta que o local estava em ru\u00ednas e precisou ser demolido para ser reconstru\u00eddo, com o trabalho de funcion\u00e1rios do Parque Chico Mendes e parcerias para a concretiza\u00e7\u00e3o do projeto.<\/span><\/p>\n<p style=\"text-align: justify;\"><span style=\"font-weight: 400;\">\u201cN\u00f3s chegamos em 2021, esse memorial estava em ru\u00ednas, estava com risco de queda. N\u00f3s tivemos que demolir e reconstruir ele do zero. Isso com o nosso pessoal, com os funcion\u00e1rios do Parque Chico Mendes. N\u00f3s tivemos s\u00f3 o custo, na verdade, da compra do material. O material n\u00f3s compramos, ganhamos, teve parceria com outras secretarias e hoje est\u00e1 a\u00ed o memorial Chico Mendes, a mem\u00f3ria mantida de um grande homem\u201d, comenta o secret\u00e1rio.<\/span><\/p>\n<p style=\"text-align: justify;\"><span style=\"font-weight: 400;\">Com in\u00edcio em dezembro do ano passado, a reforma do Memorial Chico Mendes passou por diversas etapas, e manteve os conceitos originais de abertura, ilumina\u00e7\u00e3o natural e integra\u00e7\u00e3o com a natureza. O prefeito de Rio Branco, Ti\u00e3o Bocalom, destaca a import\u00e2ncia desse espa\u00e7o como refer\u00eancia ao legado de Chico Mendes e como um ponto tur\u00edstico relevante para a cidade.<\/span><\/p>\n<p style=\"text-align: justify;\"><span style=\"font-weight: 400;\">\u201cHoje a gente entrega com o maior orgulho essa casa aqui que faz refer\u00eancia ao Chico Mendes, que foi realmente um grande l\u00edder seringueiro, que faz parte da hist\u00f3ria acreana. E para n\u00f3s \u00e9 importante porque isso aqui \u00e9 um ponto tur\u00edstico de Rio Branco, onde quase 600 mil pessoas passaram por aqui desde 2012, quando a gente assumiu, para agora\u201d, enfatiza o prefeito.<\/span><\/p>\n<p style=\"text-align: justify;\"><span style=\"font-weight: 400;\">O secret\u00e1rio de Turismo de Rio Branco enfatiza o impacto positivo do memorial para o setor tur\u00edstico local. A guia de turismo Vera L\u00facia Santos expressou gratid\u00e3o pela valoriza\u00e7\u00e3o dos espa\u00e7os de mem\u00f3ria da regi\u00e3o, que contribui para a visibilidade do estado do Acre.<\/span><\/p>\n<p style=\"text-align: justify;\"><span style=\"font-weight: 400;\">\u201cA gente fica com o cora\u00e7\u00e3o cheio de gratid\u00e3o, porque o turismo no nosso estado j\u00e1 \u00e9 uma realidade. Ent\u00e3o\u00a0 quanto mais melhorar, ampliar nossos espa\u00e7os de mem\u00f3ria que a gente tem no nosso munic\u00edpio de Rio Branco e no estado do Acre, para a gente, melhora muito o nosso trabalho, dando visibilidade ao nosso estado\u201d, diz a guia.\u00a0<\/span><\/p>\n<p style=\"text-align: justify;\"><span style=\"font-weight: 400;\">Presente na cerim\u00f4nia de reabertura, Elenira Mendes, filha do ambientalista Chico Mendes, ressaltou a import\u00e2ncia de manter viva a mem\u00f3ria e os ideais do pai, com fortalecimento da conscientiza\u00e7\u00e3o sobre a conserva\u00e7\u00e3o ambiental.\u00a0<\/span><\/p>\n<p style=\"text-align: justify;\"><span style=\"font-weight: 400;\">\u201cCada visitante desse parque pode viver agora, relembrar a luta e os ideais deixados por Mendes para que essas pessoas possam absorver a import\u00e2ncia do papel de cada um na conserva\u00e7\u00e3o ambiental\u201d, conclui a filha.<\/span><\/p>\n<p><em>Mat\u00e9ria em v\u00eddeo produzida pela rep\u00f3rter D\u00e9bora Ribeiro para a TV Gazeta<\/em><\/p>\n","protected":false},"excerpt":{"rendered":"<p>Ap\u00f3s quase tr\u00eas anos de fechamento devido a problemas estruturais, o Memorial Chico Mendes foi reinaugurado em Rio Branco. O espa\u00e7o, que havia sido condenado por oferecer riscos \u00e0 seguran\u00e7a de servidores e visitantes, passou por uma reforma completa, sendo praticamente reconstru\u00eddo do zero.\u00a0 O memorial, localizado na entrada principal do Parque Chico Mendes, ocupa [&hellip;]<\/p>\n","protected":false},"author":4,"featured_media":133664,"comment_status":"open","ping_status":"open","sticky":false,"template":"","format":"standard","meta":{"jnews-multi-image_gallery":[],"jnews_single_post":{"source_name":"","source_url":"","via_name":"","via_url":"","override_template":"0","override":[{"template":"custom","single_blog_custom":"110746","parallax":"1","fullscreen":"1","layout":"right-sidebar","sidebar":"default-sidebar","second_sidebar":"default-sidebar","sticky_sidebar":"1","share_position":"top","share_float_style":"share-monocrhome","show_share_counter":"1","show_view_counter":"1","show_featured":"1","show_post_meta":"1","show_post_author":"1","show_post_author_image":"1","show_post_date":"1","post_date_format":"default","post_date_format_custom":"Y\/m\/d","show_post_category":"1","show_post_reading_time":"0","post_reading_time_wpm":"300","show_zoom_button":"0","zoom_button_out_step":"2","zoom_button_in_step":"3","show_post_tag":"1","show_prev_next_post":"1","show_popup_post":"1","number_popup_post":"1","show_author_box":"0","show_post_related":"1","show_inline_post_related":"0"}],"override_image_size":"0","image_override":[{"single_post_thumbnail_size":"crop-500","single_post_gallery_size":"crop-500"}],"trending_post":"0","trending_post_position":"meta","trending_post_label":"Trending","sponsored_post":"0","sponsored_post_label":"Sponsored by","sponsored_post_name":"","sponsored_post_url":"","sponsored_post_logo_enable":"0","sponsored_post_logo":"","sponsored_post_desc":"","disable_ad":"0"},"jnews_primary_category":{"id":"","hide":""},"jnews_social_meta":{"fb_title":"","fb_description":"","fb_image":"","twitter_title":"","twitter_description":"","twitter_image":""},"jnews_review":[],"enable_review":"0","type":"percentage","name":"","summary":"","brand":"","sku":"","good":[{"good_text":""}],"bad":[{"bad_text":""}],"score_override":"0","override_value":"","rating":[{"rating_text":"","rating_number":"10"}],"price":[{"shop":"","price":"","link":"","icon":""}],"footnotes":""},"categories":[54],"tags":[],"class_list":["post-133663","post","type-post","status-publish","format-standard","has-post-thumbnail","hentry","category-cotidiano"],"yoast_head":"<!-- This site is optimized with the Yoast SEO plugin v26.5 - https:\/\/yoast.com\/wordpress\/plugins\/seo\/ -->\n<title>Memorial Chico Mendes \u00e9 reinaugurado ap\u00f3s quase tr\u00eas anos de fechamento em Rio Branco - Agazeta.net<\/title>\n<meta name=\"robots\" content=\"index, follow, max-snippet:-1, max-image-preview:large, max-video-preview:-1\" \/>\n<link rel=\"canonical\" href=\"https:\/\/nk7-testes.com.br\/agazeta\/memorial-chico-mendes-e-reinaugurado-apos-quase-tres-anos-de-fechamento-em-rio-branco\/\" \/>\n<meta property=\"og:locale\" content=\"pt_BR\" \/>\n<meta property=\"og:type\" content=\"article\" \/>\n<meta property=\"og:title\" content=\"Memorial Chico Mendes \u00e9 reinaugurado ap\u00f3s quase tr\u00eas anos de fechamento em Rio Branco\" \/>\n<meta property=\"og:description\" content=\"O espa\u00e7o, que havia sido condenado por oferecer riscos \u00e0 seguran\u00e7a, passou por uma reforma completa\" \/>\n<meta property=\"og:url\" content=\"https:\/\/nk7-testes.com.br\/agazeta\/memorial-chico-mendes-e-reinaugurado-apos-quase-tres-anos-de-fechamento-em-rio-branco\/\" \/>\n<meta property=\"og:site_name\" content=\"Agazeta.net\" \/>\n<meta property=\"article:published_time\" content=\"2024-06-10T17:04:40+00:00\" \/>\n<meta property=\"og:image\" content=\"https:\/\/nk7-testes.com.br\/agazeta\/wp-content\/uploads\/2024\/06\/WhatsApp-Image-2024-06-10-at-12.03.24-jpeg.webp\" \/>\n\t<meta property=\"og:image:width\" content=\"1600\" \/>\n\t<meta property=\"og:image:height\" content=\"898\" \/>\n\t<meta property=\"og:image:type\" content=\"image\/jpeg\" \/>\n<meta name=\"author\" content=\"Agazeta.Net\" \/>\n<meta name=\"twitter:card\" content=\"summary_large_image\" \/>\n<meta name=\"twitter:title\" content=\"Memorial Chico Mendes \u00e9 reinaugurado ap\u00f3s quase tr\u00eas anos de fechamento em Rio Branco\" \/>\n<meta name=\"twitter:description\" content=\"O espa\u00e7o, que havia sido condenado por oferecer riscos \u00e0 seguran\u00e7a, passou por uma reforma completa\" \/>\n<meta name=\"twitter:image\" content=\"https:\/\/nk7-testes.com.br\/agazeta\/wp-content\/uploads\/2024\/06\/WhatsApp-Image-2024-06-10-at-12.03.24-jpeg.webp\" \/>\n<meta name=\"twitter:label1\" content=\"Escrito por\" \/>\n\t<meta name=\"twitter:data1\" content=\"Agazeta.Net\" \/>\n\t<meta name=\"twitter:label2\" content=\"Est. tempo de leitura\" \/>\n\t<meta name=\"twitter:data2\" content=\"4 minutos\" \/>\n<script type=\"application\/ld+json\" class=\"yoast-schema-graph\">{\"@context\":\"https:\/\/schema.org\",\"@graph\":[{\"@type\":\"WebPage\",\"@id\":\"https:\/\/nk7-testes.com.br\/agazeta\/memorial-chico-mendes-e-reinaugurado-apos-quase-tres-anos-de-fechamento-em-rio-branco\/\",\"url\":\"https:\/\/nk7-testes.com.br\/agazeta\/memorial-chico-mendes-e-reinaugurado-apos-quase-tres-anos-de-fechamento-em-rio-branco\/\",\"name\":\"Memorial Chico Mendes \u00e9 reinaugurado ap\u00f3s quase tr\u00eas anos de fechamento em Rio Branco - Agazeta.net\",\"isPartOf\":{\"@id\":\"https:\/\/nk7-testes.com.br\/agazeta\/#website\"},\"primaryImageOfPage\":{\"@id\":\"https:\/\/nk7-testes.com.br\/agazeta\/memorial-chico-mendes-e-reinaugurado-apos-quase-tres-anos-de-fechamento-em-rio-branco\/#primaryimage\"},\"image\":{\"@id\":\"https:\/\/nk7-testes.com.br\/agazeta\/memorial-chico-mendes-e-reinaugurado-apos-quase-tres-anos-de-fechamento-em-rio-branco\/#primaryimage\"},\"thumbnailUrl\":\"https:\/\/nk7-testes.com.br\/agazeta\/wp-content\/uploads\/2024\/06\/WhatsApp-Image-2024-06-10-at-12.03.24-jpeg.webp\",\"datePublished\":\"2024-06-10T17:04:40+00:00\",\"author\":{\"@id\":\"https:\/\/nk7-testes.com.br\/agazeta\/#\/schema\/person\/6d6e25cb0435eb4a02fd44d30b4e3020\"},\"breadcrumb\":{\"@id\":\"https:\/\/nk7-testes.com.br\/agazeta\/memorial-chico-mendes-e-reinaugurado-apos-quase-tres-anos-de-fechamento-em-rio-branco\/#breadcrumb\"},\"inLanguage\":\"pt-BR\",\"potentialAction\":[{\"@type\":\"ReadAction\",\"target\":[\"https:\/\/nk7-testes.com.br\/agazeta\/memorial-chico-mendes-e-reinaugurado-apos-quase-tres-anos-de-fechamento-em-rio-branco\/\"]}]},{\"@type\":\"ImageObject\",\"inLanguage\":\"pt-BR\",\"@id\":\"https:\/\/nk7-testes.com.br\/agazeta\/memorial-chico-mendes-e-reinaugurado-apos-quase-tres-anos-de-fechamento-em-rio-branco\/#primaryimage\",\"url\":\"https:\/\/nk7-testes.com.br\/agazeta\/wp-content\/uploads\/2024\/06\/WhatsApp-Image-2024-06-10-at-12.03.24-jpeg.webp\",\"contentUrl\":\"https:\/\/nk7-testes.com.br\/agazeta\/wp-content\/uploads\/2024\/06\/WhatsApp-Image-2024-06-10-at-12.03.24-jpeg.webp\",\"width\":1600,\"height\":898,\"caption\":\"Foto: Aline Nascimento\/g1\"},{\"@type\":\"BreadcrumbList\",\"@id\":\"https:\/\/nk7-testes.com.br\/agazeta\/memorial-chico-mendes-e-reinaugurado-apos-quase-tres-anos-de-fechamento-em-rio-branco\/#breadcrumb\",\"itemListElement\":[{\"@type\":\"ListItem\",\"position\":1,\"name\":\"In\u00edcio\",\"item\":\"https:\/\/nk7-testes.com.br\/agazeta\/\"},{\"@type\":\"ListItem\",\"position\":2,\"name\":\"Memorial Chico Mendes \u00e9 reinaugurado ap\u00f3s quase tr\u00eas anos de fechamento em Rio Branco\"}]},{\"@type\":\"WebSite\",\"@id\":\"https:\/\/nk7-testes.com.br\/agazeta\/#website\",\"url\":\"https:\/\/nk7-testes.com.br\/agazeta\/\",\"name\":\"Agazeta.net\",\"description\":\"Agazeta.net - Not\u00edcias de Rio Branco\/AC\",\"potentialAction\":[{\"@type\":\"SearchAction\",\"target\":{\"@type\":\"EntryPoint\",\"urlTemplate\":\"https:\/\/nk7-testes.com.br\/agazeta\/?s={search_term_string}\"},\"query-input\":{\"@type\":\"PropertyValueSpecification\",\"valueRequired\":true,\"valueName\":\"search_term_string\"}}],\"inLanguage\":\"pt-BR\"},{\"@type\":\"Person\",\"@id\":\"https:\/\/nk7-testes.com.br\/agazeta\/#\/schema\/person\/6d6e25cb0435eb4a02fd44d30b4e3020\",\"name\":\"Agazeta.Net\",\"url\":\"https:\/\/nk7-testes.com.br\/agazeta\/author\/agazeta\/\"}]}<\/script>\n<!-- \/ Yoast SEO plugin. -->","yoast_head_json":{"title":"Memorial Chico Mendes \u00e9 reinaugurado ap\u00f3s quase tr\u00eas anos de fechamento em Rio Branco - Agazeta.net","robots":{"index":"index","follow":"follow","max-snippet":"max-snippet:-1","max-image-preview":"max-image-preview:large","max-video-preview":"max-video-preview:-1"},"canonical":"https:\/\/nk7-testes.com.br\/agazeta\/memorial-chico-mendes-e-reinaugurado-apos-quase-tres-anos-de-fechamento-em-rio-branco\/","og_locale":"pt_BR","og_type":"article","og_title":"Memorial Chico Mendes \u00e9 reinaugurado ap\u00f3s quase tr\u00eas anos de fechamento em Rio Branco","og_description":"O espa\u00e7o, que havia sido condenado por oferecer riscos \u00e0 seguran\u00e7a, passou por uma reforma completa","og_url":"https:\/\/nk7-testes.com.br\/agazeta\/memorial-chico-mendes-e-reinaugurado-apos-quase-tres-anos-de-fechamento-em-rio-branco\/","og_site_name":"Agazeta.net","article_published_time":"2024-06-10T17:04:40+00:00","og_image":[{"width":1600,"height":898,"url":"https:\/\/nk7-testes.com.br\/agazeta\/wp-content\/uploads\/2024\/06\/WhatsApp-Image-2024-06-10-at-12.03.24-jpeg.webp","type":"image\/jpeg"}],"author":"Agazeta.Net","twitter_card":"summary_large_image","twitter_title":"Memorial Chico Mendes \u00e9 reinaugurado ap\u00f3s quase tr\u00eas anos de fechamento em Rio Branco","twitter_description":"O espa\u00e7o, que havia sido condenado por oferecer riscos \u00e0 seguran\u00e7a, passou por uma reforma completa","twitter_image":"https:\/\/nk7-testes.com.br\/agazeta\/wp-content\/uploads\/2024\/06\/WhatsApp-Image-2024-06-10-at-12.03.24-jpeg.webp","twitter_misc":{"Escrito por":"Agazeta.Net","Est. tempo de leitura":"4 minutos"},"schema":{"@context":"https:\/\/schema.org","@graph":[{"@type":"WebPage","@id":"https:\/\/nk7-testes.com.br\/agazeta\/memorial-chico-mendes-e-reinaugurado-apos-quase-tres-anos-de-fechamento-em-rio-branco\/","url":"https:\/\/nk7-testes.com.br\/agazeta\/memorial-chico-mendes-e-reinaugurado-apos-quase-tres-anos-de-fechamento-em-rio-branco\/","name":"Memorial Chico Mendes \u00e9 reinaugurado ap\u00f3s quase tr\u00eas anos de fechamento em Rio Branco - Agazeta.net","isPartOf":{"@id":"https:\/\/nk7-testes.com.br\/agazeta\/#website"},"primaryImageOfPage":{"@id":"https:\/\/nk7-testes.com.br\/agazeta\/memorial-chico-mendes-e-reinaugurado-apos-quase-tres-anos-de-fechamento-em-rio-branco\/#primaryimage"},"image":{"@id":"https:\/\/nk7-testes.com.br\/agazeta\/memorial-chico-mendes-e-reinaugurado-apos-quase-tres-anos-de-fechamento-em-rio-branco\/#primaryimage"},"thumbnailUrl":"https:\/\/nk7-testes.com.br\/agazeta\/wp-content\/uploads\/2024\/06\/WhatsApp-Image-2024-06-10-at-12.03.24-jpeg.webp","datePublished":"2024-06-10T17:04:40+00:00","author":{"@id":"https:\/\/nk7-testes.com.br\/agazeta\/#\/schema\/person\/6d6e25cb0435eb4a02fd44d30b4e3020"},"breadcrumb":{"@id":"https:\/\/nk7-testes.com.br\/agazeta\/memorial-chico-mendes-e-reinaugurado-apos-quase-tres-anos-de-fechamento-em-rio-branco\/#breadcrumb"},"inLanguage":"pt-BR","potentialAction":[{"@type":"ReadAction","target":["https:\/\/nk7-testes.com.br\/agazeta\/memorial-chico-mendes-e-reinaugurado-apos-quase-tres-anos-de-fechamento-em-rio-branco\/"]}]},{"@type":"ImageObject","inLanguage":"pt-BR","@id":"https:\/\/nk7-testes.com.br\/agazeta\/memorial-chico-mendes-e-reinaugurado-apos-quase-tres-anos-de-fechamento-em-rio-branco\/#primaryimage","url":"https:\/\/nk7-testes.com.br\/agazeta\/wp-content\/uploads\/2024\/06\/WhatsApp-Image-2024-06-10-at-12.03.24-jpeg.webp","contentUrl":"https:\/\/nk7-testes.com.br\/agazeta\/wp-content\/uploads\/2024\/06\/WhatsApp-Image-2024-06-10-at-12.03.24-jpeg.webp","width":1600,"height":898,"caption":"Foto: Aline Nascimento\/g1"},{"@type":"BreadcrumbList","@id":"https:\/\/nk7-testes.com.br\/agazeta\/memorial-chico-mendes-e-reinaugurado-apos-quase-tres-anos-de-fechamento-em-rio-branco\/#breadcrumb","itemListElement":[{"@type":"ListItem","position":1,"name":"In\u00edcio","item":"https:\/\/nk7-testes.com.br\/agazeta\/"},{"@type":"ListItem","position":2,"name":"Memorial Chico Mendes \u00e9 reinaugurado ap\u00f3s quase tr\u00eas anos de fechamento em Rio Branco"}]},{"@type":"WebSite","@id":"https:\/\/nk7-testes.com.br\/agazeta\/#website","url":"https:\/\/nk7-testes.com.br\/agazeta\/","name":"Agazeta.net","description":"Agazeta.net - Not\u00edcias de Rio Branco\/AC","potentialAction":[{"@type":"SearchAction","target":{"@type":"EntryPoint","urlTemplate":"https:\/\/nk7-testes.com.br\/agazeta\/?s={search_term_string}"},"query-input":{"@type":"PropertyValueSpecification","valueRequired":true,"valueName":"search_term_string"}}],"inLanguage":"pt-BR"},{"@type":"Person","@id":"https:\/\/nk7-testes.com.br\/agazeta\/#\/schema\/person\/6d6e25cb0435eb4a02fd44d30b4e3020","name":"Agazeta.Net","url":"https:\/\/nk7-testes.com.br\/agazeta\/author\/agazeta\/"}]}},"_links":{"self":[{"href":"https:\/\/nk7-testes.com.br\/agazeta\/wp-json\/wp\/v2\/posts\/133663","targetHints":{"allow":["GET"]}}],"collection":[{"href":"https:\/\/nk7-testes.com.br\/agazeta\/wp-json\/wp\/v2\/posts"}],"about":[{"href":"https:\/\/nk7-testes.com.br\/agazeta\/wp-json\/wp\/v2\/types\/post"}],"author":[{"embeddable":true,"href":"https:\/\/nk7-testes.com.br\/agazeta\/wp-json\/wp\/v2\/users\/4"}],"replies":[{"embeddable":true,"href":"https:\/\/nk7-testes.com.br\/agazeta\/wp-json\/wp\/v2\/comments?post=133663"}],"version-history":[{"count":0,"href":"https:\/\/nk7-testes.com.br\/agazeta\/wp-json\/wp\/v2\/posts\/133663\/revisions"}],"wp:featuredmedia":[{"embeddable":true,"href":"https:\/\/nk7-testes.com.br\/agazeta\/wp-json\/wp\/v2\/media\/133664"}],"wp:attachment":[{"href":"https:\/\/nk7-testes.com.br\/agazeta\/wp-json\/wp\/v2\/media?parent=133663"}],"wp:term":[{"taxonomy":"category","embeddable":true,"href":"https:\/\/nk7-testes.com.br\/agazeta\/wp-json\/wp\/v2\/categories?post=133663"},{"taxonomy":"post_tag","embeddable":true,"href":"https:\/\/nk7-testes.com.br\/agazeta\/wp-json\/wp\/v2\/tags?post=133663"}],"curies":[{"name":"wp","href":"https:\/\/api.w.org\/{rel}","templated":true}]}}