{"id":133595,"date":"2024-06-08T14:01:45","date_gmt":"2024-06-08T19:01:45","guid":{"rendered":"https:\/\/nk7-testes.com.br\/?p=133595"},"modified":"2024-06-08T14:08:17","modified_gmt":"2024-06-08T19:08:17","slug":"junho-violeta-tribunal-dee-justica-do-acre-destaca-prioridade-em-processos-as-pessoas-idosas","status":"publish","type":"post","link":"https:\/\/nk7-testes.com.br\/agazeta\/junho-violeta-tribunal-dee-justica-do-acre-destaca-prioridade-em-processos-as-pessoas-idosas\/","title":{"rendered":"Junho Violeta: Tribunal de Justi\u00e7a do Acre destaca prioridade em processos \u00e0s pessoas idosas"},"content":{"rendered":"<p style=\"text-align: justify;\"><span style=\"font-weight: 400;\">De acordo com dados da Ouvidoria Nacional dos Direitos Humanos, somente nos tr\u00eas primeiros meses deste ano, foram registradas quase 43 mil den\u00fancias de abuso contra pessoas idosas. Entre os casos mais recorrentes, a neglig\u00eancia lidera com 17,51%, seguida pela exposi\u00e7\u00e3o de risco \u00e0 sa\u00fade com 14,68% e tortura ps\u00edquica com 12,83%.<\/span><\/p>\n<p style=\"text-align: justify;\"><span style=\"font-weight: 400;\">Com o intuito de conscientizar a sociedade sobre a import\u00e2ncia do combate \u00e0s diversas formas de viol\u00eancia cometidas contra as pessoas idosas, foi institu\u00edda em 2006 a campanha Junho Violeta.<\/span><\/p>\n<p style=\"text-align: justify;\"><span style=\"font-weight: 400;\">Durante o m\u00eas de junho, o Tribunal de Justi\u00e7a do Acre (TJAC),destaca as a\u00e7\u00f5es realizadas ao longo do ano em prol da prote\u00e7\u00e3o da pessoa idosa. Uma das iniciativas \u00e9 a utiliza\u00e7\u00e3o da cor lil\u00e1s na ilumina\u00e7\u00e3o noturna do pr\u00e9dio, o que simboliza o apoio \u00e0 causa. O TJAC se destaca pela presen\u00e7a de desembargadores idosos atuantes dentro do Poder Judici\u00e1rio.<\/span><\/p>\n<p style=\"text-align: justify;\"><span style=\"font-weight: 400;\">Segundo o vice-presidente do TJAC, Lu\u00eds Camolez, metade da composi\u00e7\u00e3o do tribunal \u00e9 composta por idosos, com ressalva para import\u00e2ncia da representatividade e do cuidado com essa parcela da popula\u00e7\u00e3o. O tribunal desenvolve a\u00e7\u00f5es voltadas tanto para o p\u00fablico externo quanto interno, com iniciativas como uma academia interna que oferece acompanhamento m\u00e9dico e fisioterap\u00eautico para funcion\u00e1rios, ju\u00edzes e desembargadores.<\/span><\/p>\n<p style=\"text-align: justify;\"><span style=\"font-weight: 400;\">\u201cMetade da composi\u00e7\u00e3o do tribunal s\u00e3o idosos. Eu, inclusive, sou vice-presidente, e idoso. E ressalto tamb\u00e9m que n\u00f3s temos aqui a desembargadora Eva, que \u00e9 a decana, em termos de tribunal, a nossa decana tem 38 anos de segundo grau. \u00c9 a primeira decana do pa\u00eds, ou seja, n\u00e3o tem nenhum desembargador na ativa que tenha o mesmo tempo de servi\u00e7o que a desembargadora Eva\u201d, explica o vice-presidente.<\/span><\/p>\n<p style=\"text-align: justify;\"><span style=\"font-weight: 400;\">Al\u00e9m disso, ele destaca tamb\u00e9m a prioridade dada aos pedidos de idosos na justi\u00e7a, considerando a urg\u00eancia e a import\u00e2ncia da assist\u00eancia m\u00e9dica necess\u00e1ria.\u00a0<\/span><\/p>\n<p style=\"text-align: justify;\"><span style=\"font-weight: 400;\">\u201cO lado externo j\u00e1 \u00e9 para o p\u00fablico que precisa da nossa demanda. Vamos entender assim, o idoso vai at\u00e9 o hospital ele n\u00e3o \u00e9 atendido, ou se \u00e9 atendido, algu\u00e9m marca um medicamento para ele daqui a um m\u00eas. Mas ele n\u00e3o tem esse prazo. Em regra, ele vai at\u00e9 a defensoria, a defensoria vendo isso, ingressa com um pedido aqui no tribunal. E esse pedido do idoso tem a prefer\u00eancia, por duas circunst\u00e2ncias, pela idade e pelo medicamento\u201d, conclui.<\/span><\/p>\n<p><em>Mat\u00e9ria em v\u00eddeo produzida pela rep\u00f3rter D\u00e9bora Ribeiro para o Agazeta.net<\/em><\/p>\n","protected":false},"excerpt":{"rendered":"<p>De acordo com dados da Ouvidoria Nacional dos Direitos Humanos, somente nos tr\u00eas primeiros meses deste ano, foram registradas quase 43 mil den\u00fancias de abuso contra pessoas idosas. Entre os casos mais recorrentes, a neglig\u00eancia lidera com 17,51%, seguida pela exposi\u00e7\u00e3o de risco \u00e0 sa\u00fade com 14,68% e tortura ps\u00edquica com 12,83%. Com o intuito [&hellip;]<\/p>\n","protected":false},"author":4,"featured_media":133596,"comment_status":"open","ping_status":"open","sticky":false,"template":"","format":"standard","meta":{"jnews-multi-image_gallery":[],"jnews_single_post":{"source_name":"","source_url":"","via_name":"","via_url":"","override_template":"0","override":[{"template":"custom","single_blog_custom":"110746","parallax":"1","fullscreen":"1","layout":"right-sidebar","sidebar":"default-sidebar","second_sidebar":"default-sidebar","sticky_sidebar":"1","share_position":"top","share_float_style":"share-monocrhome","show_share_counter":"1","show_view_counter":"1","show_featured":"1","show_post_meta":"1","show_post_author":"1","show_post_author_image":"1","show_post_date":"1","post_date_format":"default","post_date_format_custom":"Y\/m\/d","show_post_category":"1","show_post_reading_time":"0","post_reading_time_wpm":"300","show_zoom_button":"0","zoom_button_out_step":"2","zoom_button_in_step":"3","show_post_tag":"1","show_prev_next_post":"1","show_popup_post":"1","number_popup_post":"1","show_author_box":"0","show_post_related":"1","show_inline_post_related":"0"}],"override_image_size":"0","image_override":[{"single_post_thumbnail_size":"crop-500","single_post_gallery_size":"crop-500"}],"trending_post":"0","trending_post_position":"meta","trending_post_label":"Trending","sponsored_post":"0","sponsored_post_label":"Sponsored by","sponsored_post_name":"","sponsored_post_url":"","sponsored_post_logo_enable":"0","sponsored_post_logo":"","sponsored_post_desc":"","disable_ad":"0"},"jnews_primary_category":{"id":"","hide":""},"jnews_social_meta":{"fb_title":"","fb_description":"","fb_image":"","twitter_title":"","twitter_description":"","twitter_image":""},"jnews_review":[],"enable_review":"0","type":"percentage","name":"","summary":"","brand":"","sku":"","good":[{"good_text":""}],"bad":[{"bad_text":""}],"score_override":"0","override_value":"","rating":[{"rating_text":"","rating_number":"10"}],"price":[{"shop":"","price":"","link":"","icon":""}],"footnotes":""},"categories":[54],"tags":[],"class_list":["post-133595","post","type-post","status-publish","format-standard","has-post-thumbnail","hentry","category-cotidiano"],"yoast_head":"<!-- This site is optimized with the Yoast SEO plugin v26.5 - https:\/\/yoast.com\/wordpress\/plugins\/seo\/ -->\n<title>Junho Violeta: Tribunal de Justi\u00e7a do Acre destaca prioridade em processos \u00e0s pessoas idosas - Agazeta.net<\/title>\n<meta name=\"robots\" content=\"index, follow, max-snippet:-1, max-image-preview:large, max-video-preview:-1\" \/>\n<link rel=\"canonical\" href=\"https:\/\/nk7-testes.com.br\/agazeta\/junho-violeta-tribunal-dee-justica-do-acre-destaca-prioridade-em-processos-as-pessoas-idosas\/\" \/>\n<meta property=\"og:locale\" content=\"pt_BR\" \/>\n<meta property=\"og:type\" content=\"article\" \/>\n<meta property=\"og:title\" content=\"Junho Violeta: Tribunal de Justi\u00e7a do Acre destaca prioridade em processos \u00e0s pessoas Idosas\" \/>\n<meta property=\"og:description\" content=\"Uma das iniciativas \u00e9 a utiliza\u00e7\u00e3o da cor lil\u00e1s na ilumina\u00e7\u00e3o noturna do pr\u00e9dio\" \/>\n<meta property=\"og:url\" content=\"https:\/\/nk7-testes.com.br\/agazeta\/junho-violeta-tribunal-dee-justica-do-acre-destaca-prioridade-em-processos-as-pessoas-idosas\/\" \/>\n<meta property=\"og:site_name\" content=\"Agazeta.net\" \/>\n<meta property=\"article:published_time\" content=\"2024-06-08T19:01:45+00:00\" \/>\n<meta property=\"article:modified_time\" content=\"2024-06-08T19:08:17+00:00\" \/>\n<meta property=\"og:image\" content=\"https:\/\/nk7-testes.com.br\/agazeta\/wp-content\/uploads\/2024\/06\/WhatsApp-Image-2024-06-08-at-13.59.07-scaled.webp\" \/>\n\t<meta property=\"og:image:width\" content=\"2560\" \/>\n\t<meta property=\"og:image:height\" content=\"1440\" \/>\n\t<meta property=\"og:image:type\" content=\"image\/jpeg\" \/>\n<meta name=\"author\" content=\"Agazeta.Net\" \/>\n<meta name=\"twitter:card\" content=\"summary_large_image\" \/>\n<meta name=\"twitter:title\" content=\"Junho Violeta: Tribunal de Justi\u00e7a do Acre destaca prioridade em processos \u00e0s pessoas Idosas\" \/>\n<meta name=\"twitter:description\" content=\"Uma das iniciativas \u00e9 a utiliza\u00e7\u00e3o da cor lil\u00e1s na ilumina\u00e7\u00e3o noturna do pr\u00e9dio\" \/>\n<meta name=\"twitter:image\" content=\"https:\/\/nk7-testes.com.br\/agazeta\/wp-content\/uploads\/2024\/06\/WhatsApp-Image-2024-06-08-at-13.59.07-scaled.webp\" \/>\n<meta name=\"twitter:label1\" content=\"Escrito por\" \/>\n\t<meta name=\"twitter:data1\" content=\"Agazeta.Net\" \/>\n\t<meta name=\"twitter:label2\" content=\"Est. tempo de leitura\" \/>\n\t<meta name=\"twitter:data2\" content=\"2 minutos\" \/>\n<script type=\"application\/ld+json\" class=\"yoast-schema-graph\">{\"@context\":\"https:\/\/schema.org\",\"@graph\":[{\"@type\":\"WebPage\",\"@id\":\"https:\/\/nk7-testes.com.br\/agazeta\/junho-violeta-tribunal-dee-justica-do-acre-destaca-prioridade-em-processos-as-pessoas-idosas\/\",\"url\":\"https:\/\/nk7-testes.com.br\/agazeta\/junho-violeta-tribunal-dee-justica-do-acre-destaca-prioridade-em-processos-as-pessoas-idosas\/\",\"name\":\"Junho Violeta: Tribunal de Justi\u00e7a do Acre destaca prioridade em processos \u00e0s pessoas idosas - Agazeta.net\",\"isPartOf\":{\"@id\":\"https:\/\/nk7-testes.com.br\/agazeta\/#website\"},\"primaryImageOfPage\":{\"@id\":\"https:\/\/nk7-testes.com.br\/agazeta\/junho-violeta-tribunal-dee-justica-do-acre-destaca-prioridade-em-processos-as-pessoas-idosas\/#primaryimage\"},\"image\":{\"@id\":\"https:\/\/nk7-testes.com.br\/agazeta\/junho-violeta-tribunal-dee-justica-do-acre-destaca-prioridade-em-processos-as-pessoas-idosas\/#primaryimage\"},\"thumbnailUrl\":\"https:\/\/nk7-testes.com.br\/agazeta\/wp-content\/uploads\/2024\/06\/WhatsApp-Image-2024-06-08-at-13.59.07-scaled.webp\",\"datePublished\":\"2024-06-08T19:01:45+00:00\",\"dateModified\":\"2024-06-08T19:08:17+00:00\",\"author\":{\"@id\":\"https:\/\/nk7-testes.com.br\/agazeta\/#\/schema\/person\/6d6e25cb0435eb4a02fd44d30b4e3020\"},\"breadcrumb\":{\"@id\":\"https:\/\/nk7-testes.com.br\/agazeta\/junho-violeta-tribunal-dee-justica-do-acre-destaca-prioridade-em-processos-as-pessoas-idosas\/#breadcrumb\"},\"inLanguage\":\"pt-BR\",\"potentialAction\":[{\"@type\":\"ReadAction\",\"target\":[\"https:\/\/nk7-testes.com.br\/agazeta\/junho-violeta-tribunal-dee-justica-do-acre-destaca-prioridade-em-processos-as-pessoas-idosas\/\"]}]},{\"@type\":\"ImageObject\",\"inLanguage\":\"pt-BR\",\"@id\":\"https:\/\/nk7-testes.com.br\/agazeta\/junho-violeta-tribunal-dee-justica-do-acre-destaca-prioridade-em-processos-as-pessoas-idosas\/#primaryimage\",\"url\":\"https:\/\/nk7-testes.com.br\/agazeta\/wp-content\/uploads\/2024\/06\/WhatsApp-Image-2024-06-08-at-13.59.07-scaled.webp\",\"contentUrl\":\"https:\/\/nk7-testes.com.br\/agazeta\/wp-content\/uploads\/2024\/06\/WhatsApp-Image-2024-06-08-at-13.59.07-scaled.webp\",\"width\":2560,\"height\":1440,\"caption\":\"Imagem retirada do site do Tajc\"},{\"@type\":\"BreadcrumbList\",\"@id\":\"https:\/\/nk7-testes.com.br\/agazeta\/junho-violeta-tribunal-dee-justica-do-acre-destaca-prioridade-em-processos-as-pessoas-idosas\/#breadcrumb\",\"itemListElement\":[{\"@type\":\"ListItem\",\"position\":1,\"name\":\"In\u00edcio\",\"item\":\"https:\/\/nk7-testes.com.br\/agazeta\/\"},{\"@type\":\"ListItem\",\"position\":2,\"name\":\"Junho Violeta: Tribunal de Justi\u00e7a do Acre destaca prioridade em processos \u00e0s pessoas idosas\"}]},{\"@type\":\"WebSite\",\"@id\":\"https:\/\/nk7-testes.com.br\/agazeta\/#website\",\"url\":\"https:\/\/nk7-testes.com.br\/agazeta\/\",\"name\":\"Agazeta.net\",\"description\":\"Agazeta.net - Not\u00edcias de Rio Branco\/AC\",\"potentialAction\":[{\"@type\":\"SearchAction\",\"target\":{\"@type\":\"EntryPoint\",\"urlTemplate\":\"https:\/\/nk7-testes.com.br\/agazeta\/?s={search_term_string}\"},\"query-input\":{\"@type\":\"PropertyValueSpecification\",\"valueRequired\":true,\"valueName\":\"search_term_string\"}}],\"inLanguage\":\"pt-BR\"},{\"@type\":\"Person\",\"@id\":\"https:\/\/nk7-testes.com.br\/agazeta\/#\/schema\/person\/6d6e25cb0435eb4a02fd44d30b4e3020\",\"name\":\"Agazeta.Net\",\"url\":\"https:\/\/nk7-testes.com.br\/agazeta\/author\/agazeta\/\"}]}<\/script>\n<!-- \/ Yoast SEO plugin. -->","yoast_head_json":{"title":"Junho Violeta: Tribunal de Justi\u00e7a do Acre destaca prioridade em processos \u00e0s pessoas idosas - Agazeta.net","robots":{"index":"index","follow":"follow","max-snippet":"max-snippet:-1","max-image-preview":"max-image-preview:large","max-video-preview":"max-video-preview:-1"},"canonical":"https:\/\/nk7-testes.com.br\/agazeta\/junho-violeta-tribunal-dee-justica-do-acre-destaca-prioridade-em-processos-as-pessoas-idosas\/","og_locale":"pt_BR","og_type":"article","og_title":"Junho Violeta: Tribunal de Justi\u00e7a do Acre destaca prioridade em processos \u00e0s pessoas Idosas","og_description":"Uma das iniciativas \u00e9 a utiliza\u00e7\u00e3o da cor lil\u00e1s na ilumina\u00e7\u00e3o noturna do pr\u00e9dio","og_url":"https:\/\/nk7-testes.com.br\/agazeta\/junho-violeta-tribunal-dee-justica-do-acre-destaca-prioridade-em-processos-as-pessoas-idosas\/","og_site_name":"Agazeta.net","article_published_time":"2024-06-08T19:01:45+00:00","article_modified_time":"2024-06-08T19:08:17+00:00","og_image":[{"width":2560,"height":1440,"url":"https:\/\/nk7-testes.com.br\/agazeta\/wp-content\/uploads\/2024\/06\/WhatsApp-Image-2024-06-08-at-13.59.07-scaled.webp","type":"image\/jpeg"}],"author":"Agazeta.Net","twitter_card":"summary_large_image","twitter_title":"Junho Violeta: Tribunal de Justi\u00e7a do Acre destaca prioridade em processos \u00e0s pessoas Idosas","twitter_description":"Uma das iniciativas \u00e9 a utiliza\u00e7\u00e3o da cor lil\u00e1s na ilumina\u00e7\u00e3o noturna do pr\u00e9dio","twitter_image":"https:\/\/nk7-testes.com.br\/agazeta\/wp-content\/uploads\/2024\/06\/WhatsApp-Image-2024-06-08-at-13.59.07-scaled.webp","twitter_misc":{"Escrito por":"Agazeta.Net","Est. tempo de leitura":"2 minutos"},"schema":{"@context":"https:\/\/schema.org","@graph":[{"@type":"WebPage","@id":"https:\/\/nk7-testes.com.br\/agazeta\/junho-violeta-tribunal-dee-justica-do-acre-destaca-prioridade-em-processos-as-pessoas-idosas\/","url":"https:\/\/nk7-testes.com.br\/agazeta\/junho-violeta-tribunal-dee-justica-do-acre-destaca-prioridade-em-processos-as-pessoas-idosas\/","name":"Junho Violeta: Tribunal de Justi\u00e7a do Acre destaca prioridade em processos \u00e0s pessoas idosas - Agazeta.net","isPartOf":{"@id":"https:\/\/nk7-testes.com.br\/agazeta\/#website"},"primaryImageOfPage":{"@id":"https:\/\/nk7-testes.com.br\/agazeta\/junho-violeta-tribunal-dee-justica-do-acre-destaca-prioridade-em-processos-as-pessoas-idosas\/#primaryimage"},"image":{"@id":"https:\/\/nk7-testes.com.br\/agazeta\/junho-violeta-tribunal-dee-justica-do-acre-destaca-prioridade-em-processos-as-pessoas-idosas\/#primaryimage"},"thumbnailUrl":"https:\/\/nk7-testes.com.br\/agazeta\/wp-content\/uploads\/2024\/06\/WhatsApp-Image-2024-06-08-at-13.59.07-scaled.webp","datePublished":"2024-06-08T19:01:45+00:00","dateModified":"2024-06-08T19:08:17+00:00","author":{"@id":"https:\/\/nk7-testes.com.br\/agazeta\/#\/schema\/person\/6d6e25cb0435eb4a02fd44d30b4e3020"},"breadcrumb":{"@id":"https:\/\/nk7-testes.com.br\/agazeta\/junho-violeta-tribunal-dee-justica-do-acre-destaca-prioridade-em-processos-as-pessoas-idosas\/#breadcrumb"},"inLanguage":"pt-BR","potentialAction":[{"@type":"ReadAction","target":["https:\/\/nk7-testes.com.br\/agazeta\/junho-violeta-tribunal-dee-justica-do-acre-destaca-prioridade-em-processos-as-pessoas-idosas\/"]}]},{"@type":"ImageObject","inLanguage":"pt-BR","@id":"https:\/\/nk7-testes.com.br\/agazeta\/junho-violeta-tribunal-dee-justica-do-acre-destaca-prioridade-em-processos-as-pessoas-idosas\/#primaryimage","url":"https:\/\/nk7-testes.com.br\/agazeta\/wp-content\/uploads\/2024\/06\/WhatsApp-Image-2024-06-08-at-13.59.07-scaled.webp","contentUrl":"https:\/\/nk7-testes.com.br\/agazeta\/wp-content\/uploads\/2024\/06\/WhatsApp-Image-2024-06-08-at-13.59.07-scaled.webp","width":2560,"height":1440,"caption":"Imagem retirada do site do Tajc"},{"@type":"BreadcrumbList","@id":"https:\/\/nk7-testes.com.br\/agazeta\/junho-violeta-tribunal-dee-justica-do-acre-destaca-prioridade-em-processos-as-pessoas-idosas\/#breadcrumb","itemListElement":[{"@type":"ListItem","position":1,"name":"In\u00edcio","item":"https:\/\/nk7-testes.com.br\/agazeta\/"},{"@type":"ListItem","position":2,"name":"Junho Violeta: Tribunal de Justi\u00e7a do Acre destaca prioridade em processos \u00e0s pessoas idosas"}]},{"@type":"WebSite","@id":"https:\/\/nk7-testes.com.br\/agazeta\/#website","url":"https:\/\/nk7-testes.com.br\/agazeta\/","name":"Agazeta.net","description":"Agazeta.net - Not\u00edcias de Rio Branco\/AC","potentialAction":[{"@type":"SearchAction","target":{"@type":"EntryPoint","urlTemplate":"https:\/\/nk7-testes.com.br\/agazeta\/?s={search_term_string}"},"query-input":{"@type":"PropertyValueSpecification","valueRequired":true,"valueName":"search_term_string"}}],"inLanguage":"pt-BR"},{"@type":"Person","@id":"https:\/\/nk7-testes.com.br\/agazeta\/#\/schema\/person\/6d6e25cb0435eb4a02fd44d30b4e3020","name":"Agazeta.Net","url":"https:\/\/nk7-testes.com.br\/agazeta\/author\/agazeta\/"}]}},"_links":{"self":[{"href":"https:\/\/nk7-testes.com.br\/agazeta\/wp-json\/wp\/v2\/posts\/133595","targetHints":{"allow":["GET"]}}],"collection":[{"href":"https:\/\/nk7-testes.com.br\/agazeta\/wp-json\/wp\/v2\/posts"}],"about":[{"href":"https:\/\/nk7-testes.com.br\/agazeta\/wp-json\/wp\/v2\/types\/post"}],"author":[{"embeddable":true,"href":"https:\/\/nk7-testes.com.br\/agazeta\/wp-json\/wp\/v2\/users\/4"}],"replies":[{"embeddable":true,"href":"https:\/\/nk7-testes.com.br\/agazeta\/wp-json\/wp\/v2\/comments?post=133595"}],"version-history":[{"count":0,"href":"https:\/\/nk7-testes.com.br\/agazeta\/wp-json\/wp\/v2\/posts\/133595\/revisions"}],"wp:featuredmedia":[{"embeddable":true,"href":"https:\/\/nk7-testes.com.br\/agazeta\/wp-json\/wp\/v2\/media\/133596"}],"wp:attachment":[{"href":"https:\/\/nk7-testes.com.br\/agazeta\/wp-json\/wp\/v2\/media?parent=133595"}],"wp:term":[{"taxonomy":"category","embeddable":true,"href":"https:\/\/nk7-testes.com.br\/agazeta\/wp-json\/wp\/v2\/categories?post=133595"},{"taxonomy":"post_tag","embeddable":true,"href":"https:\/\/nk7-testes.com.br\/agazeta\/wp-json\/wp\/v2\/tags?post=133595"}],"curies":[{"name":"wp","href":"https:\/\/api.w.org\/{rel}","templated":true}]}}