{"id":133544,"date":"2024-06-07T15:12:12","date_gmt":"2024-06-07T20:12:12","guid":{"rendered":"https:\/\/nk7-testes.com.br\/?p=133544"},"modified":"2024-06-07T15:12:12","modified_gmt":"2024-06-07T20:12:12","slug":"homem-morre-apos-perder-controle-de-motocicleta-e-colidir-contra-placa-de-sinalizacao-em-rb","status":"publish","type":"post","link":"https:\/\/nk7-testes.com.br\/agazeta\/homem-morre-apos-perder-controle-de-motocicleta-e-colidir-contra-placa-de-sinalizacao-em-rb\/","title":{"rendered":"Homem morre ap\u00f3s perder controle de motocicleta e colidir contra placa de sinaliza\u00e7\u00e3o em RB"},"content":{"rendered":"<p style=\"text-align: justify;\">O motociclista Francisco da Silva Paz, de 39 anos, morreu ap\u00f3s perder o controle da motocicleta e colidir contra uma placa de sinaliza\u00e7\u00e3o, na madrugada desta sexta-feira (7), na rotat\u00f3ria da Corrente, na Rodovia AC-40, no 2\u00b0 Distrito de Rio Branco.<\/p>\n<p style=\"text-align: justify;\">De acordo com informa\u00e7\u00f5es, Francisco trafegava em um motocicleta no sentido bairro-centro, quando perdeu o controle e subiu no canteiro da rotat\u00f3ria da Corrente, e colidiu contra uma placa de sinaliza\u00e7\u00e3o. Policiais destacam que \u00e9 poss\u00edvel que o capacete tenha sa\u00eddo da cabe\u00e7a da v\u00edtima.<\/p>\n<p style=\"text-align: justify;\">Populares que passavam no local acionaram o Policiamento de Tr\u00e2nsito e o Servi\u00e7o de Atendimento M\u00f3vel de Urg\u00eancia (Samu), que esteve no local com duas ambul\u00e2ncias e chegaram em cerca de um minuto. Come\u00e7aram a dar os primeiros atendimentos e tentaram estabilizar o quadro do motociclista por cerca de uma hora, mas ele morreu dentro de uma das ambul\u00e2ncias.<\/p>\n<p style=\"text-align: justify;\">Segundo a m\u00e9dica do Samu, Denise Fontes, a v\u00edtima n\u00e3o tinha sinais de odor alco\u00f3lico e, ap\u00f3s exames, puderam confirmar que n\u00e3o havia ingerido \u00e1lcool antes do acidente.<\/p>\n<p style=\"text-align: justify;\">&#8220;Apesar dos esfor\u00e7os, infelizmente o paciente veio a \u00f3bito no interior da viatura e, depois de quase uma hora de tentativa de estabiliza\u00e7\u00e3o, n\u00f3s tivemos que conduzir o paciente ao IML. N\u00e3o tinha sinais de odor et\u00edlico ou algo que sugerisse consumo de bebia alco\u00f3lica pelo nosso exame&#8221;, afirmou a m\u00e9dica.<\/p>\n<p><em><strong>Com informa\u00e7\u00f5es do rep\u00f3rter Luan Rodrigo para a TV Gazeta<\/strong><\/em><\/p>\n","protected":false},"excerpt":{"rendered":"<p>O motociclista Francisco da Silva Paz, de 39 anos, morreu ap\u00f3s perder o controle da motocicleta e colidir contra uma placa de sinaliza\u00e7\u00e3o, na madrugada desta sexta-feira (7), na rotat\u00f3ria da Corrente, na Rodovia AC-40, no 2\u00b0 Distrito de Rio Branco. De acordo com informa\u00e7\u00f5es, Francisco trafegava em um motocicleta no sentido bairro-centro, quando perdeu [&hellip;]<\/p>\n","protected":false},"author":4,"featured_media":133545,"comment_status":"open","ping_status":"open","sticky":false,"template":"","format":"standard","meta":{"jnews-multi-image_gallery":[],"jnews_single_post":{"source_name":"","source_url":"","via_name":"","via_url":"","override_template":"0","override":[{"template":"custom","single_blog_custom":"110746","parallax":"1","fullscreen":"1","layout":"right-sidebar","sidebar":"default-sidebar","second_sidebar":"default-sidebar","sticky_sidebar":"1","share_position":"top","share_float_style":"share-monocrhome","show_share_counter":"1","show_view_counter":"1","show_featured":"1","show_post_meta":"1","show_post_author":"1","show_post_author_image":"1","show_post_date":"1","post_date_format":"default","post_date_format_custom":"Y\/m\/d","show_post_category":"1","show_post_reading_time":"0","post_reading_time_wpm":"300","show_zoom_button":"0","zoom_button_out_step":"2","zoom_button_in_step":"3","show_post_tag":"1","show_prev_next_post":"1","show_popup_post":"1","number_popup_post":"1","show_author_box":"0","show_post_related":"1","show_inline_post_related":"0"}],"override_image_size":"0","image_override":[{"single_post_thumbnail_size":"crop-500","single_post_gallery_size":"crop-500"}],"trending_post":"0","trending_post_position":"meta","trending_post_label":"Trending","sponsored_post":"0","sponsored_post_label":"Sponsored by","sponsored_post_name":"","sponsored_post_url":"","sponsored_post_logo_enable":"0","sponsored_post_logo":"","sponsored_post_desc":"","disable_ad":"0"},"jnews_primary_category":{"id":"","hide":""},"jnews_social_meta":{"fb_title":"","fb_description":"","fb_image":"","twitter_title":"","twitter_description":"","twitter_image":""},"jnews_review":[],"enable_review":"0","type":"percentage","name":"","summary":"","brand":"","sku":"","good":[{"good_text":""}],"bad":[{"bad_text":""}],"score_override":"0","override_value":"","rating":[{"rating_text":"","rating_number":"10"}],"price":[{"shop":"","price":"","link":"","icon":""}],"footnotes":""},"categories":[54],"tags":[],"class_list":["post-133544","post","type-post","status-publish","format-standard","has-post-thumbnail","hentry","category-cotidiano"],"yoast_head":"<!-- This site is optimized with the Yoast SEO plugin v26.5 - https:\/\/yoast.com\/wordpress\/plugins\/seo\/ -->\n<title>Homem morre ap\u00f3s perder controle de motocicleta e colidir contra placa de sinaliza\u00e7\u00e3o em RB - Agazeta.net<\/title>\n<meta name=\"robots\" content=\"index, follow, max-snippet:-1, max-image-preview:large, max-video-preview:-1\" \/>\n<link rel=\"canonical\" href=\"https:\/\/nk7-testes.com.br\/agazeta\/homem-morre-apos-perder-controle-de-motocicleta-e-colidir-contra-placa-de-sinalizacao-em-rb\/\" \/>\n<meta property=\"og:locale\" content=\"pt_BR\" \/>\n<meta property=\"og:type\" content=\"article\" \/>\n<meta property=\"og:title\" content=\"Homem morre ap\u00f3s perder controle de motocicleta e colidir contra placa de sinaliza\u00e7\u00e3o em RB\" \/>\n<meta property=\"og:description\" content=\"Segundo a m\u00e9dica do Samu, Denise Fontes, a v\u00edtima n\u00e3o tinha sinais de odor alco\u00f3lico\" \/>\n<meta property=\"og:url\" content=\"https:\/\/nk7-testes.com.br\/agazeta\/homem-morre-apos-perder-controle-de-motocicleta-e-colidir-contra-placa-de-sinalizacao-em-rb\/\" \/>\n<meta property=\"og:site_name\" content=\"Agazeta.net\" \/>\n<meta property=\"article:published_time\" content=\"2024-06-07T20:12:12+00:00\" \/>\n<meta property=\"og:image\" content=\"https:\/\/nk7-testes.com.br\/agazeta\/wp-content\/uploads\/2024\/06\/WhatsApp-Image-2024-06-07-at-15.04.52-jpeg.webp\" \/>\n\t<meta property=\"og:image:width\" content=\"800\" \/>\n\t<meta property=\"og:image:height\" content=\"407\" \/>\n\t<meta property=\"og:image:type\" content=\"image\/jpeg\" \/>\n<meta name=\"author\" content=\"Agazeta.Net\" \/>\n<meta name=\"twitter:card\" content=\"summary_large_image\" \/>\n<meta name=\"twitter:label1\" content=\"Escrito por\" \/>\n\t<meta name=\"twitter:data1\" content=\"Agazeta.Net\" \/>\n\t<meta name=\"twitter:label2\" content=\"Est. tempo de leitura\" \/>\n\t<meta name=\"twitter:data2\" content=\"1 minuto\" \/>\n<script type=\"application\/ld+json\" class=\"yoast-schema-graph\">{\"@context\":\"https:\/\/schema.org\",\"@graph\":[{\"@type\":\"WebPage\",\"@id\":\"https:\/\/nk7-testes.com.br\/agazeta\/homem-morre-apos-perder-controle-de-motocicleta-e-colidir-contra-placa-de-sinalizacao-em-rb\/\",\"url\":\"https:\/\/nk7-testes.com.br\/agazeta\/homem-morre-apos-perder-controle-de-motocicleta-e-colidir-contra-placa-de-sinalizacao-em-rb\/\",\"name\":\"Homem morre ap\u00f3s perder controle de motocicleta e colidir contra placa de sinaliza\u00e7\u00e3o em RB - Agazeta.net\",\"isPartOf\":{\"@id\":\"https:\/\/nk7-testes.com.br\/agazeta\/#website\"},\"primaryImageOfPage\":{\"@id\":\"https:\/\/nk7-testes.com.br\/agazeta\/homem-morre-apos-perder-controle-de-motocicleta-e-colidir-contra-placa-de-sinalizacao-em-rb\/#primaryimage\"},\"image\":{\"@id\":\"https:\/\/nk7-testes.com.br\/agazeta\/homem-morre-apos-perder-controle-de-motocicleta-e-colidir-contra-placa-de-sinalizacao-em-rb\/#primaryimage\"},\"thumbnailUrl\":\"https:\/\/nk7-testes.com.br\/agazeta\/wp-content\/uploads\/2024\/06\/WhatsApp-Image-2024-06-07-at-15.04.52-jpeg.webp\",\"datePublished\":\"2024-06-07T20:12:12+00:00\",\"author\":{\"@id\":\"https:\/\/nk7-testes.com.br\/agazeta\/#\/schema\/person\/6d6e25cb0435eb4a02fd44d30b4e3020\"},\"breadcrumb\":{\"@id\":\"https:\/\/nk7-testes.com.br\/agazeta\/homem-morre-apos-perder-controle-de-motocicleta-e-colidir-contra-placa-de-sinalizacao-em-rb\/#breadcrumb\"},\"inLanguage\":\"pt-BR\",\"potentialAction\":[{\"@type\":\"ReadAction\",\"target\":[\"https:\/\/nk7-testes.com.br\/agazeta\/homem-morre-apos-perder-controle-de-motocicleta-e-colidir-contra-placa-de-sinalizacao-em-rb\/\"]}]},{\"@type\":\"ImageObject\",\"inLanguage\":\"pt-BR\",\"@id\":\"https:\/\/nk7-testes.com.br\/agazeta\/homem-morre-apos-perder-controle-de-motocicleta-e-colidir-contra-placa-de-sinalizacao-em-rb\/#primaryimage\",\"url\":\"https:\/\/nk7-testes.com.br\/agazeta\/wp-content\/uploads\/2024\/06\/WhatsApp-Image-2024-06-07-at-15.04.52-jpeg.webp\",\"contentUrl\":\"https:\/\/nk7-testes.com.br\/agazeta\/wp-content\/uploads\/2024\/06\/WhatsApp-Image-2024-06-07-at-15.04.52-jpeg.webp\",\"width\":800,\"height\":407},{\"@type\":\"BreadcrumbList\",\"@id\":\"https:\/\/nk7-testes.com.br\/agazeta\/homem-morre-apos-perder-controle-de-motocicleta-e-colidir-contra-placa-de-sinalizacao-em-rb\/#breadcrumb\",\"itemListElement\":[{\"@type\":\"ListItem\",\"position\":1,\"name\":\"In\u00edcio\",\"item\":\"https:\/\/nk7-testes.com.br\/agazeta\/\"},{\"@type\":\"ListItem\",\"position\":2,\"name\":\"Homem morre ap\u00f3s perder controle de motocicleta e colidir contra placa de sinaliza\u00e7\u00e3o em RB\"}]},{\"@type\":\"WebSite\",\"@id\":\"https:\/\/nk7-testes.com.br\/agazeta\/#website\",\"url\":\"https:\/\/nk7-testes.com.br\/agazeta\/\",\"name\":\"Agazeta.net\",\"description\":\"Agazeta.net - Not\u00edcias de Rio Branco\/AC\",\"potentialAction\":[{\"@type\":\"SearchAction\",\"target\":{\"@type\":\"EntryPoint\",\"urlTemplate\":\"https:\/\/nk7-testes.com.br\/agazeta\/?s={search_term_string}\"},\"query-input\":{\"@type\":\"PropertyValueSpecification\",\"valueRequired\":true,\"valueName\":\"search_term_string\"}}],\"inLanguage\":\"pt-BR\"},{\"@type\":\"Person\",\"@id\":\"https:\/\/nk7-testes.com.br\/agazeta\/#\/schema\/person\/6d6e25cb0435eb4a02fd44d30b4e3020\",\"name\":\"Agazeta.Net\",\"url\":\"https:\/\/nk7-testes.com.br\/agazeta\/author\/agazeta\/\"}]}<\/script>\n<!-- \/ Yoast SEO plugin. -->","yoast_head_json":{"title":"Homem morre ap\u00f3s perder controle de motocicleta e colidir contra placa de sinaliza\u00e7\u00e3o em RB - Agazeta.net","robots":{"index":"index","follow":"follow","max-snippet":"max-snippet:-1","max-image-preview":"max-image-preview:large","max-video-preview":"max-video-preview:-1"},"canonical":"https:\/\/nk7-testes.com.br\/agazeta\/homem-morre-apos-perder-controle-de-motocicleta-e-colidir-contra-placa-de-sinalizacao-em-rb\/","og_locale":"pt_BR","og_type":"article","og_title":"Homem morre ap\u00f3s perder controle de motocicleta e colidir contra placa de sinaliza\u00e7\u00e3o em RB","og_description":"Segundo a m\u00e9dica do Samu, Denise Fontes, a v\u00edtima n\u00e3o tinha sinais de odor alco\u00f3lico","og_url":"https:\/\/nk7-testes.com.br\/agazeta\/homem-morre-apos-perder-controle-de-motocicleta-e-colidir-contra-placa-de-sinalizacao-em-rb\/","og_site_name":"Agazeta.net","article_published_time":"2024-06-07T20:12:12+00:00","og_image":[{"width":800,"height":407,"url":"https:\/\/nk7-testes.com.br\/agazeta\/wp-content\/uploads\/2024\/06\/WhatsApp-Image-2024-06-07-at-15.04.52-jpeg.webp","type":"image\/jpeg"}],"author":"Agazeta.Net","twitter_card":"summary_large_image","twitter_misc":{"Escrito por":"Agazeta.Net","Est. tempo de leitura":"1 minuto"},"schema":{"@context":"https:\/\/schema.org","@graph":[{"@type":"WebPage","@id":"https:\/\/nk7-testes.com.br\/agazeta\/homem-morre-apos-perder-controle-de-motocicleta-e-colidir-contra-placa-de-sinalizacao-em-rb\/","url":"https:\/\/nk7-testes.com.br\/agazeta\/homem-morre-apos-perder-controle-de-motocicleta-e-colidir-contra-placa-de-sinalizacao-em-rb\/","name":"Homem morre ap\u00f3s perder controle de motocicleta e colidir contra placa de sinaliza\u00e7\u00e3o em RB - Agazeta.net","isPartOf":{"@id":"https:\/\/nk7-testes.com.br\/agazeta\/#website"},"primaryImageOfPage":{"@id":"https:\/\/nk7-testes.com.br\/agazeta\/homem-morre-apos-perder-controle-de-motocicleta-e-colidir-contra-placa-de-sinalizacao-em-rb\/#primaryimage"},"image":{"@id":"https:\/\/nk7-testes.com.br\/agazeta\/homem-morre-apos-perder-controle-de-motocicleta-e-colidir-contra-placa-de-sinalizacao-em-rb\/#primaryimage"},"thumbnailUrl":"https:\/\/nk7-testes.com.br\/agazeta\/wp-content\/uploads\/2024\/06\/WhatsApp-Image-2024-06-07-at-15.04.52-jpeg.webp","datePublished":"2024-06-07T20:12:12+00:00","author":{"@id":"https:\/\/nk7-testes.com.br\/agazeta\/#\/schema\/person\/6d6e25cb0435eb4a02fd44d30b4e3020"},"breadcrumb":{"@id":"https:\/\/nk7-testes.com.br\/agazeta\/homem-morre-apos-perder-controle-de-motocicleta-e-colidir-contra-placa-de-sinalizacao-em-rb\/#breadcrumb"},"inLanguage":"pt-BR","potentialAction":[{"@type":"ReadAction","target":["https:\/\/nk7-testes.com.br\/agazeta\/homem-morre-apos-perder-controle-de-motocicleta-e-colidir-contra-placa-de-sinalizacao-em-rb\/"]}]},{"@type":"ImageObject","inLanguage":"pt-BR","@id":"https:\/\/nk7-testes.com.br\/agazeta\/homem-morre-apos-perder-controle-de-motocicleta-e-colidir-contra-placa-de-sinalizacao-em-rb\/#primaryimage","url":"https:\/\/nk7-testes.com.br\/agazeta\/wp-content\/uploads\/2024\/06\/WhatsApp-Image-2024-06-07-at-15.04.52-jpeg.webp","contentUrl":"https:\/\/nk7-testes.com.br\/agazeta\/wp-content\/uploads\/2024\/06\/WhatsApp-Image-2024-06-07-at-15.04.52-jpeg.webp","width":800,"height":407},{"@type":"BreadcrumbList","@id":"https:\/\/nk7-testes.com.br\/agazeta\/homem-morre-apos-perder-controle-de-motocicleta-e-colidir-contra-placa-de-sinalizacao-em-rb\/#breadcrumb","itemListElement":[{"@type":"ListItem","position":1,"name":"In\u00edcio","item":"https:\/\/nk7-testes.com.br\/agazeta\/"},{"@type":"ListItem","position":2,"name":"Homem morre ap\u00f3s perder controle de motocicleta e colidir contra placa de sinaliza\u00e7\u00e3o em RB"}]},{"@type":"WebSite","@id":"https:\/\/nk7-testes.com.br\/agazeta\/#website","url":"https:\/\/nk7-testes.com.br\/agazeta\/","name":"Agazeta.net","description":"Agazeta.net - Not\u00edcias de Rio Branco\/AC","potentialAction":[{"@type":"SearchAction","target":{"@type":"EntryPoint","urlTemplate":"https:\/\/nk7-testes.com.br\/agazeta\/?s={search_term_string}"},"query-input":{"@type":"PropertyValueSpecification","valueRequired":true,"valueName":"search_term_string"}}],"inLanguage":"pt-BR"},{"@type":"Person","@id":"https:\/\/nk7-testes.com.br\/agazeta\/#\/schema\/person\/6d6e25cb0435eb4a02fd44d30b4e3020","name":"Agazeta.Net","url":"https:\/\/nk7-testes.com.br\/agazeta\/author\/agazeta\/"}]}},"_links":{"self":[{"href":"https:\/\/nk7-testes.com.br\/agazeta\/wp-json\/wp\/v2\/posts\/133544","targetHints":{"allow":["GET"]}}],"collection":[{"href":"https:\/\/nk7-testes.com.br\/agazeta\/wp-json\/wp\/v2\/posts"}],"about":[{"href":"https:\/\/nk7-testes.com.br\/agazeta\/wp-json\/wp\/v2\/types\/post"}],"author":[{"embeddable":true,"href":"https:\/\/nk7-testes.com.br\/agazeta\/wp-json\/wp\/v2\/users\/4"}],"replies":[{"embeddable":true,"href":"https:\/\/nk7-testes.com.br\/agazeta\/wp-json\/wp\/v2\/comments?post=133544"}],"version-history":[{"count":0,"href":"https:\/\/nk7-testes.com.br\/agazeta\/wp-json\/wp\/v2\/posts\/133544\/revisions"}],"wp:featuredmedia":[{"embeddable":true,"href":"https:\/\/nk7-testes.com.br\/agazeta\/wp-json\/wp\/v2\/media\/133545"}],"wp:attachment":[{"href":"https:\/\/nk7-testes.com.br\/agazeta\/wp-json\/wp\/v2\/media?parent=133544"}],"wp:term":[{"taxonomy":"category","embeddable":true,"href":"https:\/\/nk7-testes.com.br\/agazeta\/wp-json\/wp\/v2\/categories?post=133544"},{"taxonomy":"post_tag","embeddable":true,"href":"https:\/\/nk7-testes.com.br\/agazeta\/wp-json\/wp\/v2\/tags?post=133544"}],"curies":[{"name":"wp","href":"https:\/\/api.w.org\/{rel}","templated":true}]}}