{"id":133389,"date":"2024-06-05T15:49:08","date_gmt":"2024-06-05T20:49:08","guid":{"rendered":"https:\/\/nk7-testes.com.br\/?p=133389"},"modified":"2024-06-05T15:53:07","modified_gmt":"2024-06-05T20:53:07","slug":"decisao-se-policial-acusado-de-matar-jovem-na-expoacre-vai-a-juri-popular-deve-sair-em-20-dias","status":"publish","type":"post","link":"https:\/\/nk7-testes.com.br\/agazeta\/decisao-se-policial-acusado-de-matar-jovem-na-expoacre-vai-a-juri-popular-deve-sair-em-20-dias\/","title":{"rendered":"Decis\u00e3o se policial acusado de matar jovem na Expoacre vai a J\u00fari Popular deve sair em 20 dias"},"content":{"rendered":"<p style=\"text-align: justify;\">O policial penal Raimundo Nonato, acusado de assassinar o jovem Wesley Santos na \u00faltima noite da Expoacre 2023, passou por uma audi\u00eancia de instru\u00e7\u00e3o e julgamento, nesta quarta-feira, 5, para saber se o autor deve passar pelo J\u00fari Popular.<\/p>\n<p style=\"text-align: justify;\">Al\u00e9m da fam\u00edlia, a defesa e a acusa\u00e7\u00e3o tamb\u00e9m foram ouvidas na audi\u00eancia. Apesar disso, nenhuma decis\u00e3o foi tomada nesta quarta, mas deve decidida daqui cerca de 20 dias. Com blusas estampadas com uma foto do jovem, os familiares foram em busca de Justi\u00e7a.<\/p>\n<p style=\"text-align: justify;\">&#8220;A gente est\u00e1 confiante e ele ir\u00e1, sim, porque ele destruiu uma fam\u00edlia. Estamos carregando esse luto para o resto da vida. Ele ainda tem oportunidades, est\u00e1 s\u00f3 preso, n\u00e9?! N\u00f3s vamos ficar preso para o resto da vida nesse luto. A gente espera que a justi\u00e7a seja feita, porque o que ele fez foi muito grave. Esperamos que ele v\u00e1, sim, \u00e0 j\u00fari popular&#8221;, diz a m\u00e3e de Wesley, Iza Santos.<\/p>\n<p style=\"text-align: justify;\">Na audi\u00eancia, a defesa de Raimundo Nonato solicitou que ele respondesse o processo em liberdade e que utilizasse tornozeleira eletr\u00f4nica. Por\u00e9m, o Minist\u00e9rio P\u00fablico do Acre (MPAC), representado pelo promotor Carlos Pescador, foi contra o pedido e apresentou argumentos para o autor continuar em regime fechado, algo acatado pelo juiz.<\/p>\n<p style=\"text-align: justify;\">&#8220;Vai continuar preso. Deus \u00e9 justo e maravilhoso. O meu filho n\u00e3o vai voltar para casa, por que ele iria voltar tamb\u00e9m? Ele tem que ficar preso. E ele vai \u00e0 J\u00fari Popular, sim, e vai continuar preso at\u00e9 segunda ordem&#8221;, afirma a m\u00e3e da v\u00edtima.<\/p>\n<p><em><strong>Com informa\u00e7\u00f5es do rep\u00f3rter Luan Rodrigo para a TV Gazeta<\/strong><\/em><\/p>\n","protected":false},"excerpt":{"rendered":"<p>O policial penal Raimundo Nonato, acusado de assassinar o jovem Wesley Santos na \u00faltima noite da Expoacre 2023, passou por uma audi\u00eancia de instru\u00e7\u00e3o e julgamento, nesta quarta-feira, 5, para saber se o autor deve passar pelo J\u00fari Popular. Al\u00e9m da fam\u00edlia, a defesa e a acusa\u00e7\u00e3o tamb\u00e9m foram ouvidas na audi\u00eancia. Apesar disso, nenhuma [&hellip;]<\/p>\n","protected":false},"author":4,"featured_media":133394,"comment_status":"open","ping_status":"open","sticky":false,"template":"","format":"standard","meta":{"jnews-multi-image_gallery":[],"jnews_single_post":{"source_name":"","source_url":"","via_name":"","via_url":"","override_template":"0","override":[{"template":"custom","single_blog_custom":"110746","parallax":"1","fullscreen":"1","layout":"right-sidebar","sidebar":"default-sidebar","second_sidebar":"default-sidebar","sticky_sidebar":"1","share_position":"top","share_float_style":"share-monocrhome","show_share_counter":"1","show_view_counter":"1","show_featured":"1","show_post_meta":"1","show_post_author":"1","show_post_author_image":"1","show_post_date":"1","post_date_format":"default","post_date_format_custom":"Y\/m\/d","show_post_category":"1","show_post_reading_time":"0","post_reading_time_wpm":"300","show_zoom_button":"0","zoom_button_out_step":"2","zoom_button_in_step":"3","show_post_tag":"1","show_prev_next_post":"1","show_popup_post":"1","number_popup_post":"1","show_author_box":"0","show_post_related":"1","show_inline_post_related":"0"}],"override_image_size":"0","image_override":[{"single_post_thumbnail_size":"crop-500","single_post_gallery_size":"crop-500"}],"trending_post":"0","trending_post_position":"meta","trending_post_label":"Trending","sponsored_post":"0","sponsored_post_label":"Sponsored by","sponsored_post_name":"","sponsored_post_url":"","sponsored_post_logo_enable":"0","sponsored_post_logo":"","sponsored_post_desc":"","disable_ad":"0"},"jnews_primary_category":{"id":"","hide":""},"jnews_social_meta":{"fb_title":"","fb_description":"","fb_image":"","twitter_title":"","twitter_description":"","twitter_image":""},"jnews_review":[],"enable_review":"0","type":"percentage","name":"","summary":"","brand":"","sku":"","good":[{"good_text":""}],"bad":[{"bad_text":""}],"score_override":"0","override_value":"","rating":[{"rating_text":"","rating_number":"10"}],"price":[{"shop":"","price":"","link":"","icon":""}],"footnotes":""},"categories":[54],"tags":[],"class_list":["post-133389","post","type-post","status-publish","format-standard","has-post-thumbnail","hentry","category-cotidiano"],"yoast_head":"<!-- This site is optimized with the Yoast SEO plugin v26.5 - https:\/\/yoast.com\/wordpress\/plugins\/seo\/ -->\n<title>Decis\u00e3o se policial acusado de matar jovem na Expoacre vai a J\u00fari Popular deve sair em 20 dias - Agazeta.net<\/title>\n<meta name=\"robots\" content=\"index, follow, max-snippet:-1, max-image-preview:large, max-video-preview:-1\" \/>\n<link rel=\"canonical\" href=\"https:\/\/nk7-testes.com.br\/agazeta\/decisao-se-policial-acusado-de-matar-jovem-na-expoacre-vai-a-juri-popular-deve-sair-em-20-dias\/\" \/>\n<meta property=\"og:locale\" content=\"pt_BR\" \/>\n<meta property=\"og:type\" content=\"article\" \/>\n<meta property=\"og:title\" content=\"Decis\u00e3o se policial acusado de matar jovem na Expoacre vai a J\u00fari Popular deve sair em 20 dias\" \/>\n<meta property=\"og:description\" content=\"Nesta quarta-feira, 5, Raimundo Nonato passou por uma audi\u00eancia de instru\u00e7\u00e3o e julgamento\" \/>\n<meta property=\"og:url\" content=\"https:\/\/nk7-testes.com.br\/agazeta\/decisao-se-policial-acusado-de-matar-jovem-na-expoacre-vai-a-juri-popular-deve-sair-em-20-dias\/\" \/>\n<meta property=\"og:site_name\" content=\"Agazeta.net\" \/>\n<meta property=\"article:published_time\" content=\"2024-06-05T20:49:08+00:00\" \/>\n<meta property=\"article:modified_time\" content=\"2024-06-05T20:53:07+00:00\" \/>\n<meta property=\"og:image\" content=\"https:\/\/nk7-testes.com.br\/agazeta\/wp-content\/uploads\/2024\/06\/WhatsApp-Image-2024-06-05-at-15.46.12-jpeg.webp\" \/>\n\t<meta property=\"og:image:width\" content=\"940\" \/>\n\t<meta property=\"og:image:height\" content=\"410\" \/>\n\t<meta property=\"og:image:type\" content=\"image\/jpeg\" \/>\n<meta name=\"author\" content=\"Agazeta.Net\" \/>\n<meta name=\"twitter:card\" content=\"summary_large_image\" \/>\n<meta name=\"twitter:label1\" content=\"Escrito por\" \/>\n\t<meta name=\"twitter:data1\" content=\"Agazeta.Net\" \/>\n\t<meta name=\"twitter:label2\" content=\"Est. tempo de leitura\" \/>\n\t<meta name=\"twitter:data2\" content=\"1 minuto\" \/>\n<script type=\"application\/ld+json\" class=\"yoast-schema-graph\">{\"@context\":\"https:\/\/schema.org\",\"@graph\":[{\"@type\":\"WebPage\",\"@id\":\"https:\/\/nk7-testes.com.br\/agazeta\/decisao-se-policial-acusado-de-matar-jovem-na-expoacre-vai-a-juri-popular-deve-sair-em-20-dias\/\",\"url\":\"https:\/\/nk7-testes.com.br\/agazeta\/decisao-se-policial-acusado-de-matar-jovem-na-expoacre-vai-a-juri-popular-deve-sair-em-20-dias\/\",\"name\":\"Decis\u00e3o se policial acusado de matar jovem na Expoacre vai a J\u00fari Popular deve sair em 20 dias - Agazeta.net\",\"isPartOf\":{\"@id\":\"https:\/\/nk7-testes.com.br\/agazeta\/#website\"},\"primaryImageOfPage\":{\"@id\":\"https:\/\/nk7-testes.com.br\/agazeta\/decisao-se-policial-acusado-de-matar-jovem-na-expoacre-vai-a-juri-popular-deve-sair-em-20-dias\/#primaryimage\"},\"image\":{\"@id\":\"https:\/\/nk7-testes.com.br\/agazeta\/decisao-se-policial-acusado-de-matar-jovem-na-expoacre-vai-a-juri-popular-deve-sair-em-20-dias\/#primaryimage\"},\"thumbnailUrl\":\"https:\/\/nk7-testes.com.br\/agazeta\/wp-content\/uploads\/2024\/06\/WhatsApp-Image-2024-06-05-at-15.46.12-jpeg.webp\",\"datePublished\":\"2024-06-05T20:49:08+00:00\",\"dateModified\":\"2024-06-05T20:53:07+00:00\",\"author\":{\"@id\":\"https:\/\/nk7-testes.com.br\/agazeta\/#\/schema\/person\/6d6e25cb0435eb4a02fd44d30b4e3020\"},\"breadcrumb\":{\"@id\":\"https:\/\/nk7-testes.com.br\/agazeta\/decisao-se-policial-acusado-de-matar-jovem-na-expoacre-vai-a-juri-popular-deve-sair-em-20-dias\/#breadcrumb\"},\"inLanguage\":\"pt-BR\",\"potentialAction\":[{\"@type\":\"ReadAction\",\"target\":[\"https:\/\/nk7-testes.com.br\/agazeta\/decisao-se-policial-acusado-de-matar-jovem-na-expoacre-vai-a-juri-popular-deve-sair-em-20-dias\/\"]}]},{\"@type\":\"ImageObject\",\"inLanguage\":\"pt-BR\",\"@id\":\"https:\/\/nk7-testes.com.br\/agazeta\/decisao-se-policial-acusado-de-matar-jovem-na-expoacre-vai-a-juri-popular-deve-sair-em-20-dias\/#primaryimage\",\"url\":\"https:\/\/nk7-testes.com.br\/agazeta\/wp-content\/uploads\/2024\/06\/WhatsApp-Image-2024-06-05-at-15.46.12-jpeg.webp\",\"contentUrl\":\"https:\/\/nk7-testes.com.br\/agazeta\/wp-content\/uploads\/2024\/06\/WhatsApp-Image-2024-06-05-at-15.46.12-jpeg.webp\",\"width\":940,\"height\":410},{\"@type\":\"BreadcrumbList\",\"@id\":\"https:\/\/nk7-testes.com.br\/agazeta\/decisao-se-policial-acusado-de-matar-jovem-na-expoacre-vai-a-juri-popular-deve-sair-em-20-dias\/#breadcrumb\",\"itemListElement\":[{\"@type\":\"ListItem\",\"position\":1,\"name\":\"In\u00edcio\",\"item\":\"https:\/\/nk7-testes.com.br\/agazeta\/\"},{\"@type\":\"ListItem\",\"position\":2,\"name\":\"Decis\u00e3o se policial acusado de matar jovem na Expoacre vai a J\u00fari Popular deve sair em 20 dias\"}]},{\"@type\":\"WebSite\",\"@id\":\"https:\/\/nk7-testes.com.br\/agazeta\/#website\",\"url\":\"https:\/\/nk7-testes.com.br\/agazeta\/\",\"name\":\"Agazeta.net\",\"description\":\"Agazeta.net - Not\u00edcias de Rio Branco\/AC\",\"potentialAction\":[{\"@type\":\"SearchAction\",\"target\":{\"@type\":\"EntryPoint\",\"urlTemplate\":\"https:\/\/nk7-testes.com.br\/agazeta\/?s={search_term_string}\"},\"query-input\":{\"@type\":\"PropertyValueSpecification\",\"valueRequired\":true,\"valueName\":\"search_term_string\"}}],\"inLanguage\":\"pt-BR\"},{\"@type\":\"Person\",\"@id\":\"https:\/\/nk7-testes.com.br\/agazeta\/#\/schema\/person\/6d6e25cb0435eb4a02fd44d30b4e3020\",\"name\":\"Agazeta.Net\",\"url\":\"https:\/\/nk7-testes.com.br\/agazeta\/author\/agazeta\/\"}]}<\/script>\n<!-- \/ Yoast SEO plugin. -->","yoast_head_json":{"title":"Decis\u00e3o se policial acusado de matar jovem na Expoacre vai a J\u00fari Popular deve sair em 20 dias - Agazeta.net","robots":{"index":"index","follow":"follow","max-snippet":"max-snippet:-1","max-image-preview":"max-image-preview:large","max-video-preview":"max-video-preview:-1"},"canonical":"https:\/\/nk7-testes.com.br\/agazeta\/decisao-se-policial-acusado-de-matar-jovem-na-expoacre-vai-a-juri-popular-deve-sair-em-20-dias\/","og_locale":"pt_BR","og_type":"article","og_title":"Decis\u00e3o se policial acusado de matar jovem na Expoacre vai a J\u00fari Popular deve sair em 20 dias","og_description":"Nesta quarta-feira, 5, Raimundo Nonato passou por uma audi\u00eancia de instru\u00e7\u00e3o e julgamento","og_url":"https:\/\/nk7-testes.com.br\/agazeta\/decisao-se-policial-acusado-de-matar-jovem-na-expoacre-vai-a-juri-popular-deve-sair-em-20-dias\/","og_site_name":"Agazeta.net","article_published_time":"2024-06-05T20:49:08+00:00","article_modified_time":"2024-06-05T20:53:07+00:00","og_image":[{"width":940,"height":410,"url":"https:\/\/nk7-testes.com.br\/agazeta\/wp-content\/uploads\/2024\/06\/WhatsApp-Image-2024-06-05-at-15.46.12-jpeg.webp","type":"image\/jpeg"}],"author":"Agazeta.Net","twitter_card":"summary_large_image","twitter_misc":{"Escrito por":"Agazeta.Net","Est. tempo de leitura":"1 minuto"},"schema":{"@context":"https:\/\/schema.org","@graph":[{"@type":"WebPage","@id":"https:\/\/nk7-testes.com.br\/agazeta\/decisao-se-policial-acusado-de-matar-jovem-na-expoacre-vai-a-juri-popular-deve-sair-em-20-dias\/","url":"https:\/\/nk7-testes.com.br\/agazeta\/decisao-se-policial-acusado-de-matar-jovem-na-expoacre-vai-a-juri-popular-deve-sair-em-20-dias\/","name":"Decis\u00e3o se policial acusado de matar jovem na Expoacre vai a J\u00fari Popular deve sair em 20 dias - Agazeta.net","isPartOf":{"@id":"https:\/\/nk7-testes.com.br\/agazeta\/#website"},"primaryImageOfPage":{"@id":"https:\/\/nk7-testes.com.br\/agazeta\/decisao-se-policial-acusado-de-matar-jovem-na-expoacre-vai-a-juri-popular-deve-sair-em-20-dias\/#primaryimage"},"image":{"@id":"https:\/\/nk7-testes.com.br\/agazeta\/decisao-se-policial-acusado-de-matar-jovem-na-expoacre-vai-a-juri-popular-deve-sair-em-20-dias\/#primaryimage"},"thumbnailUrl":"https:\/\/nk7-testes.com.br\/agazeta\/wp-content\/uploads\/2024\/06\/WhatsApp-Image-2024-06-05-at-15.46.12-jpeg.webp","datePublished":"2024-06-05T20:49:08+00:00","dateModified":"2024-06-05T20:53:07+00:00","author":{"@id":"https:\/\/nk7-testes.com.br\/agazeta\/#\/schema\/person\/6d6e25cb0435eb4a02fd44d30b4e3020"},"breadcrumb":{"@id":"https:\/\/nk7-testes.com.br\/agazeta\/decisao-se-policial-acusado-de-matar-jovem-na-expoacre-vai-a-juri-popular-deve-sair-em-20-dias\/#breadcrumb"},"inLanguage":"pt-BR","potentialAction":[{"@type":"ReadAction","target":["https:\/\/nk7-testes.com.br\/agazeta\/decisao-se-policial-acusado-de-matar-jovem-na-expoacre-vai-a-juri-popular-deve-sair-em-20-dias\/"]}]},{"@type":"ImageObject","inLanguage":"pt-BR","@id":"https:\/\/nk7-testes.com.br\/agazeta\/decisao-se-policial-acusado-de-matar-jovem-na-expoacre-vai-a-juri-popular-deve-sair-em-20-dias\/#primaryimage","url":"https:\/\/nk7-testes.com.br\/agazeta\/wp-content\/uploads\/2024\/06\/WhatsApp-Image-2024-06-05-at-15.46.12-jpeg.webp","contentUrl":"https:\/\/nk7-testes.com.br\/agazeta\/wp-content\/uploads\/2024\/06\/WhatsApp-Image-2024-06-05-at-15.46.12-jpeg.webp","width":940,"height":410},{"@type":"BreadcrumbList","@id":"https:\/\/nk7-testes.com.br\/agazeta\/decisao-se-policial-acusado-de-matar-jovem-na-expoacre-vai-a-juri-popular-deve-sair-em-20-dias\/#breadcrumb","itemListElement":[{"@type":"ListItem","position":1,"name":"In\u00edcio","item":"https:\/\/nk7-testes.com.br\/agazeta\/"},{"@type":"ListItem","position":2,"name":"Decis\u00e3o se policial acusado de matar jovem na Expoacre vai a J\u00fari Popular deve sair em 20 dias"}]},{"@type":"WebSite","@id":"https:\/\/nk7-testes.com.br\/agazeta\/#website","url":"https:\/\/nk7-testes.com.br\/agazeta\/","name":"Agazeta.net","description":"Agazeta.net - Not\u00edcias de Rio Branco\/AC","potentialAction":[{"@type":"SearchAction","target":{"@type":"EntryPoint","urlTemplate":"https:\/\/nk7-testes.com.br\/agazeta\/?s={search_term_string}"},"query-input":{"@type":"PropertyValueSpecification","valueRequired":true,"valueName":"search_term_string"}}],"inLanguage":"pt-BR"},{"@type":"Person","@id":"https:\/\/nk7-testes.com.br\/agazeta\/#\/schema\/person\/6d6e25cb0435eb4a02fd44d30b4e3020","name":"Agazeta.Net","url":"https:\/\/nk7-testes.com.br\/agazeta\/author\/agazeta\/"}]}},"_links":{"self":[{"href":"https:\/\/nk7-testes.com.br\/agazeta\/wp-json\/wp\/v2\/posts\/133389","targetHints":{"allow":["GET"]}}],"collection":[{"href":"https:\/\/nk7-testes.com.br\/agazeta\/wp-json\/wp\/v2\/posts"}],"about":[{"href":"https:\/\/nk7-testes.com.br\/agazeta\/wp-json\/wp\/v2\/types\/post"}],"author":[{"embeddable":true,"href":"https:\/\/nk7-testes.com.br\/agazeta\/wp-json\/wp\/v2\/users\/4"}],"replies":[{"embeddable":true,"href":"https:\/\/nk7-testes.com.br\/agazeta\/wp-json\/wp\/v2\/comments?post=133389"}],"version-history":[{"count":0,"href":"https:\/\/nk7-testes.com.br\/agazeta\/wp-json\/wp\/v2\/posts\/133389\/revisions"}],"wp:featuredmedia":[{"embeddable":true,"href":"https:\/\/nk7-testes.com.br\/agazeta\/wp-json\/wp\/v2\/media\/133394"}],"wp:attachment":[{"href":"https:\/\/nk7-testes.com.br\/agazeta\/wp-json\/wp\/v2\/media?parent=133389"}],"wp:term":[{"taxonomy":"category","embeddable":true,"href":"https:\/\/nk7-testes.com.br\/agazeta\/wp-json\/wp\/v2\/categories?post=133389"},{"taxonomy":"post_tag","embeddable":true,"href":"https:\/\/nk7-testes.com.br\/agazeta\/wp-json\/wp\/v2\/tags?post=133389"}],"curies":[{"name":"wp","href":"https:\/\/api.w.org\/{rel}","templated":true}]}}