{"id":133312,"date":"2024-06-04T13:34:43","date_gmt":"2024-06-04T18:34:43","guid":{"rendered":"https:\/\/nk7-testes.com.br\/?p=133312"},"modified":"2024-06-04T13:34:43","modified_gmt":"2024-06-04T18:34:43","slug":"armas-artesanais-sao-apreendidas-durante-varredura-em-celas-de-presidios-de-rio-branco","status":"publish","type":"post","link":"https:\/\/nk7-testes.com.br\/agazeta\/armas-artesanais-sao-apreendidas-durante-varredura-em-celas-de-presidios-de-rio-branco\/","title":{"rendered":"Armas artesanais s\u00e3o apreendidas durante varredura em celas de pres\u00eddios de Rio Branco"},"content":{"rendered":"<p style=\"text-align: justify;\">Uma opera\u00e7\u00e3o policial foi realizada no Complexo Penitenci\u00e1rio de Rio Branco, nesta ter\u00e7a-feira, 4, com foco na busca, e poss\u00edvel retirada, de il\u00edcitos de dentro das celas dos pres\u00eddios. Foram encontrados armas artesanais, feitas a partir de ferros e vergalh\u00f5es, celular e carregador.<\/p>\n<p style=\"text-align: justify;\">Al\u00e9m da Pol\u00edcia Penal e as For\u00e7as Especializadas, a opera\u00e7\u00e3o contou, ainda, com a presen\u00e7a da Ag\u00eancia Brasileira de Intelig\u00eancia (Abin), For\u00e7a Integrada de Combate ao Crime Organizado (Ficco), Pol\u00edcia Federal (PF), Batalh\u00e3o de Opera\u00e7\u00f5es Especiais (Bope), Grupo Especial de Fronteiras (Gefron), Pol\u00edcia Civil (PCAC), Militar (PMAC) e For\u00e7a Nacional.<\/p>\n<figure id=\"attachment_133314\" aria-describedby=\"caption-attachment-133314\" style=\"width: 584px\" class=\"wp-caption aligncenter\"><img decoding=\"async\" class=\"wp-image-133314 \" src=\"https:\/\/nk7-testes.com.br\/wp-content\/uploads\/2024\/06\/WhatsApp-Image-2024-06-04-at-10.28.25.jpeg\" alt=\"\" width=\"584\" height=\"389\" srcset=\"https:\/\/nk7-testes.com.br\/agazeta\/wp-content\/uploads\/2024\/06\/WhatsApp-Image-2024-06-04-at-10.28.25.jpeg 848w, https:\/\/nk7-testes.com.br\/agazeta\/wp-content\/uploads\/2024\/06\/WhatsApp-Image-2024-06-04-at-10.28.25-300x200.webp 300w, https:\/\/nk7-testes.com.br\/agazeta\/wp-content\/uploads\/2024\/06\/WhatsApp-Image-2024-06-04-at-10.28.25-768x512.webp 768w, https:\/\/nk7-testes.com.br\/agazeta\/wp-content\/uploads\/2024\/06\/WhatsApp-Image-2024-06-04-at-10.28.25-750x500.webp 750w\" sizes=\"(max-width: 584px) 100vw, 584px\" \/><figcaption id=\"caption-attachment-133314\" class=\"wp-caption-text\">Imagem: Ascom\/Iapen<\/figcaption><\/figure>\n<p style=\"text-align: justify;\">&#8220;Damos continuidade as a\u00e7\u00f5es que v\u00eam sendo desencadeadas por meio da Pol\u00edcia Penal, juntamente com a integra\u00e7\u00e3o ou coopera\u00e7\u00e3o das demais for\u00e7as. Com isso, n\u00f3s visamos a apreens\u00e3o de objetos que s\u00e3o potencial risco para a conviv\u00eancia dos apenados e, nesse sentido, dar uma maior sensa\u00e7\u00e3o de seguran\u00e7a \u00e0 institui\u00e7\u00e3o&#8221;, conta o presidente interino do Instituto de Administra\u00e7\u00e3o Penitenci\u00e1ria (Iapeb), Frank Costa.<\/p>\n<figure id=\"attachment_133313\" aria-describedby=\"caption-attachment-133313\" style=\"width: 570px\" class=\"wp-caption aligncenter\"><img decoding=\"async\" class=\"wp-image-133313 \" src=\"https:\/\/nk7-testes.com.br\/wp-content\/uploads\/2024\/06\/WhatsApp-Image-2024-06-04-at-10.28.20-jpeg.webp\" alt=\"\" width=\"570\" height=\"380\" srcset=\"https:\/\/nk7-testes.com.br\/agazeta\/wp-content\/uploads\/2024\/06\/WhatsApp-Image-2024-06-04-at-10.28.20-jpeg.webp 1599w, https:\/\/nk7-testes.com.br\/agazeta\/wp-content\/uploads\/2024\/06\/WhatsApp-Image-2024-06-04-at-10.28.20-300x200.webp 300w, https:\/\/nk7-testes.com.br\/agazeta\/wp-content\/uploads\/2024\/06\/WhatsApp-Image-2024-06-04-at-10.28.20-1024x683.webp 1024w, https:\/\/nk7-testes.com.br\/agazeta\/wp-content\/uploads\/2024\/06\/WhatsApp-Image-2024-06-04-at-10.28.20-768x512.webp 768w, https:\/\/nk7-testes.com.br\/agazeta\/wp-content\/uploads\/2024\/06\/WhatsApp-Image-2024-06-04-at-10.28.20-1536x1024.webp 1536w, https:\/\/nk7-testes.com.br\/agazeta\/wp-content\/uploads\/2024\/06\/WhatsApp-Image-2024-06-04-at-10.28.20-750x500.webp 750w, https:\/\/nk7-testes.com.br\/agazeta\/wp-content\/uploads\/2024\/06\/WhatsApp-Image-2024-06-04-at-10.28.20-1140x760.webp 1140w\" sizes=\"(max-width: 570px) 100vw, 570px\" \/><figcaption id=\"caption-attachment-133313\" class=\"wp-caption-text\">Imagem: Ascom\/Iapen<\/figcaption><\/figure>\n","protected":false},"excerpt":{"rendered":"<p>Uma opera\u00e7\u00e3o policial foi realizada no Complexo Penitenci\u00e1rio de Rio Branco, nesta ter\u00e7a-feira, 4, com foco na busca, e poss\u00edvel retirada, de il\u00edcitos de dentro das celas dos pres\u00eddios. Foram encontrados armas artesanais, feitas a partir de ferros e vergalh\u00f5es, celular e carregador. Al\u00e9m da Pol\u00edcia Penal e as For\u00e7as Especializadas, a opera\u00e7\u00e3o contou, ainda, [&hellip;]<\/p>\n","protected":false},"author":4,"featured_media":133315,"comment_status":"open","ping_status":"open","sticky":false,"template":"","format":"standard","meta":{"jnews-multi-image_gallery":[],"jnews_single_post":{"source_name":"","source_url":"","via_name":"","via_url":"","override_template":"0","override":[{"template":"custom","single_blog_custom":"110746","parallax":"1","fullscreen":"1","layout":"right-sidebar","sidebar":"default-sidebar","second_sidebar":"default-sidebar","sticky_sidebar":"1","share_position":"top","share_float_style":"share-monocrhome","show_share_counter":"1","show_view_counter":"1","show_featured":"1","show_post_meta":"1","show_post_author":"1","show_post_author_image":"1","show_post_date":"1","post_date_format":"default","post_date_format_custom":"Y\/m\/d","show_post_category":"1","show_post_reading_time":"0","post_reading_time_wpm":"300","show_zoom_button":"0","zoom_button_out_step":"2","zoom_button_in_step":"3","show_post_tag":"1","show_prev_next_post":"1","show_popup_post":"1","number_popup_post":"1","show_author_box":"0","show_post_related":"1","show_inline_post_related":"0"}],"override_image_size":"0","image_override":[{"single_post_thumbnail_size":"crop-500","single_post_gallery_size":"crop-500"}],"trending_post":"0","trending_post_position":"meta","trending_post_label":"Trending","sponsored_post":"0","sponsored_post_label":"Sponsored by","sponsored_post_name":"","sponsored_post_url":"","sponsored_post_logo_enable":"0","sponsored_post_logo":"","sponsored_post_desc":"","disable_ad":"0"},"jnews_primary_category":{"id":"","hide":""},"jnews_social_meta":{"fb_title":"","fb_description":"","fb_image":"","twitter_title":"","twitter_description":"","twitter_image":""},"jnews_review":[],"enable_review":"0","type":"percentage","name":"","summary":"","brand":"","sku":"","good":[{"good_text":""}],"bad":[{"bad_text":""}],"score_override":"0","override_value":"","rating":[{"rating_text":"","rating_number":"10"}],"price":[{"shop":"","price":"","link":"","icon":""}],"footnotes":""},"categories":[54],"tags":[152],"class_list":["post-133312","post","type-post","status-publish","format-standard","has-post-thumbnail","hentry","category-cotidiano","tag-destaque"],"yoast_head":"<!-- This site is optimized with the Yoast SEO plugin v26.5 - https:\/\/yoast.com\/wordpress\/plugins\/seo\/ -->\n<title>Armas artesanais s\u00e3o apreendidas durante varredura em celas de pres\u00eddios de Rio Branco - Agazeta.net<\/title>\n<meta name=\"robots\" content=\"index, follow, max-snippet:-1, max-image-preview:large, max-video-preview:-1\" \/>\n<link rel=\"canonical\" href=\"https:\/\/nk7-testes.com.br\/agazeta\/armas-artesanais-sao-apreendidas-durante-varredura-em-celas-de-presidios-de-rio-branco\/\" \/>\n<meta property=\"og:locale\" content=\"pt_BR\" \/>\n<meta property=\"og:type\" content=\"article\" \/>\n<meta property=\"og:title\" content=\"Armas artesanais s\u00e3o apreendidas durante varredura em celas de pres\u00eddios de Rio Branco\" \/>\n<meta property=\"og:description\" content=\"Opera\u00e7\u00e3o policial aconteceu nesta ter\u00e7a-feira, 1, no Complexo Penitenci\u00e1rio da capital\" \/>\n<meta property=\"og:url\" content=\"https:\/\/nk7-testes.com.br\/agazeta\/armas-artesanais-sao-apreendidas-durante-varredura-em-celas-de-presidios-de-rio-branco\/\" \/>\n<meta property=\"og:site_name\" content=\"Agazeta.net\" \/>\n<meta property=\"article:published_time\" content=\"2024-06-04T18:34:43+00:00\" \/>\n<meta property=\"og:image\" content=\"https:\/\/nk7-testes.com.br\/agazeta\/wp-content\/uploads\/2024\/06\/WhatsApp-Image-2024-06-04-at-12.07.48-jpeg.webp\" \/>\n\t<meta property=\"og:image:width\" content=\"800\" \/>\n\t<meta property=\"og:image:height\" content=\"400\" \/>\n\t<meta property=\"og:image:type\" content=\"image\/jpeg\" \/>\n<meta name=\"author\" content=\"Agazeta.Net\" \/>\n<meta name=\"twitter:card\" content=\"summary_large_image\" \/>\n<meta name=\"twitter:label1\" content=\"Escrito por\" \/>\n\t<meta name=\"twitter:data1\" content=\"Agazeta.Net\" \/>\n\t<meta name=\"twitter:label2\" content=\"Est. tempo de leitura\" \/>\n\t<meta name=\"twitter:data2\" content=\"1 minuto\" \/>\n<script type=\"application\/ld+json\" class=\"yoast-schema-graph\">{\"@context\":\"https:\/\/schema.org\",\"@graph\":[{\"@type\":\"WebPage\",\"@id\":\"https:\/\/nk7-testes.com.br\/agazeta\/armas-artesanais-sao-apreendidas-durante-varredura-em-celas-de-presidios-de-rio-branco\/\",\"url\":\"https:\/\/nk7-testes.com.br\/agazeta\/armas-artesanais-sao-apreendidas-durante-varredura-em-celas-de-presidios-de-rio-branco\/\",\"name\":\"Armas artesanais s\u00e3o apreendidas durante varredura em celas de pres\u00eddios de Rio Branco - Agazeta.net\",\"isPartOf\":{\"@id\":\"https:\/\/nk7-testes.com.br\/agazeta\/#website\"},\"primaryImageOfPage\":{\"@id\":\"https:\/\/nk7-testes.com.br\/agazeta\/armas-artesanais-sao-apreendidas-durante-varredura-em-celas-de-presidios-de-rio-branco\/#primaryimage\"},\"image\":{\"@id\":\"https:\/\/nk7-testes.com.br\/agazeta\/armas-artesanais-sao-apreendidas-durante-varredura-em-celas-de-presidios-de-rio-branco\/#primaryimage\"},\"thumbnailUrl\":\"https:\/\/nk7-testes.com.br\/agazeta\/wp-content\/uploads\/2024\/06\/WhatsApp-Image-2024-06-04-at-12.07.48-jpeg.webp\",\"datePublished\":\"2024-06-04T18:34:43+00:00\",\"author\":{\"@id\":\"https:\/\/nk7-testes.com.br\/agazeta\/#\/schema\/person\/6d6e25cb0435eb4a02fd44d30b4e3020\"},\"breadcrumb\":{\"@id\":\"https:\/\/nk7-testes.com.br\/agazeta\/armas-artesanais-sao-apreendidas-durante-varredura-em-celas-de-presidios-de-rio-branco\/#breadcrumb\"},\"inLanguage\":\"pt-BR\",\"potentialAction\":[{\"@type\":\"ReadAction\",\"target\":[\"https:\/\/nk7-testes.com.br\/agazeta\/armas-artesanais-sao-apreendidas-durante-varredura-em-celas-de-presidios-de-rio-branco\/\"]}]},{\"@type\":\"ImageObject\",\"inLanguage\":\"pt-BR\",\"@id\":\"https:\/\/nk7-testes.com.br\/agazeta\/armas-artesanais-sao-apreendidas-durante-varredura-em-celas-de-presidios-de-rio-branco\/#primaryimage\",\"url\":\"https:\/\/nk7-testes.com.br\/agazeta\/wp-content\/uploads\/2024\/06\/WhatsApp-Image-2024-06-04-at-12.07.48-jpeg.webp\",\"contentUrl\":\"https:\/\/nk7-testes.com.br\/agazeta\/wp-content\/uploads\/2024\/06\/WhatsApp-Image-2024-06-04-at-12.07.48-jpeg.webp\",\"width\":800,\"height\":400,\"caption\":\"Imagem: Ascom\/Iapen\"},{\"@type\":\"BreadcrumbList\",\"@id\":\"https:\/\/nk7-testes.com.br\/agazeta\/armas-artesanais-sao-apreendidas-durante-varredura-em-celas-de-presidios-de-rio-branco\/#breadcrumb\",\"itemListElement\":[{\"@type\":\"ListItem\",\"position\":1,\"name\":\"In\u00edcio\",\"item\":\"https:\/\/nk7-testes.com.br\/agazeta\/\"},{\"@type\":\"ListItem\",\"position\":2,\"name\":\"Armas artesanais s\u00e3o apreendidas durante varredura em celas de pres\u00eddios de Rio Branco\"}]},{\"@type\":\"WebSite\",\"@id\":\"https:\/\/nk7-testes.com.br\/agazeta\/#website\",\"url\":\"https:\/\/nk7-testes.com.br\/agazeta\/\",\"name\":\"Agazeta.net\",\"description\":\"Agazeta.net - Not\u00edcias de Rio Branco\/AC\",\"potentialAction\":[{\"@type\":\"SearchAction\",\"target\":{\"@type\":\"EntryPoint\",\"urlTemplate\":\"https:\/\/nk7-testes.com.br\/agazeta\/?s={search_term_string}\"},\"query-input\":{\"@type\":\"PropertyValueSpecification\",\"valueRequired\":true,\"valueName\":\"search_term_string\"}}],\"inLanguage\":\"pt-BR\"},{\"@type\":\"Person\",\"@id\":\"https:\/\/nk7-testes.com.br\/agazeta\/#\/schema\/person\/6d6e25cb0435eb4a02fd44d30b4e3020\",\"name\":\"Agazeta.Net\",\"url\":\"https:\/\/nk7-testes.com.br\/agazeta\/author\/agazeta\/\"}]}<\/script>\n<!-- \/ Yoast SEO plugin. -->","yoast_head_json":{"title":"Armas artesanais s\u00e3o apreendidas durante varredura em celas de pres\u00eddios de Rio Branco - Agazeta.net","robots":{"index":"index","follow":"follow","max-snippet":"max-snippet:-1","max-image-preview":"max-image-preview:large","max-video-preview":"max-video-preview:-1"},"canonical":"https:\/\/nk7-testes.com.br\/agazeta\/armas-artesanais-sao-apreendidas-durante-varredura-em-celas-de-presidios-de-rio-branco\/","og_locale":"pt_BR","og_type":"article","og_title":"Armas artesanais s\u00e3o apreendidas durante varredura em celas de pres\u00eddios de Rio Branco","og_description":"Opera\u00e7\u00e3o policial aconteceu nesta ter\u00e7a-feira, 1, no Complexo Penitenci\u00e1rio da capital","og_url":"https:\/\/nk7-testes.com.br\/agazeta\/armas-artesanais-sao-apreendidas-durante-varredura-em-celas-de-presidios-de-rio-branco\/","og_site_name":"Agazeta.net","article_published_time":"2024-06-04T18:34:43+00:00","og_image":[{"width":800,"height":400,"url":"https:\/\/nk7-testes.com.br\/agazeta\/wp-content\/uploads\/2024\/06\/WhatsApp-Image-2024-06-04-at-12.07.48-jpeg.webp","type":"image\/jpeg"}],"author":"Agazeta.Net","twitter_card":"summary_large_image","twitter_misc":{"Escrito por":"Agazeta.Net","Est. tempo de leitura":"1 minuto"},"schema":{"@context":"https:\/\/schema.org","@graph":[{"@type":"WebPage","@id":"https:\/\/nk7-testes.com.br\/agazeta\/armas-artesanais-sao-apreendidas-durante-varredura-em-celas-de-presidios-de-rio-branco\/","url":"https:\/\/nk7-testes.com.br\/agazeta\/armas-artesanais-sao-apreendidas-durante-varredura-em-celas-de-presidios-de-rio-branco\/","name":"Armas artesanais s\u00e3o apreendidas durante varredura em celas de pres\u00eddios de Rio Branco - Agazeta.net","isPartOf":{"@id":"https:\/\/nk7-testes.com.br\/agazeta\/#website"},"primaryImageOfPage":{"@id":"https:\/\/nk7-testes.com.br\/agazeta\/armas-artesanais-sao-apreendidas-durante-varredura-em-celas-de-presidios-de-rio-branco\/#primaryimage"},"image":{"@id":"https:\/\/nk7-testes.com.br\/agazeta\/armas-artesanais-sao-apreendidas-durante-varredura-em-celas-de-presidios-de-rio-branco\/#primaryimage"},"thumbnailUrl":"https:\/\/nk7-testes.com.br\/agazeta\/wp-content\/uploads\/2024\/06\/WhatsApp-Image-2024-06-04-at-12.07.48-jpeg.webp","datePublished":"2024-06-04T18:34:43+00:00","author":{"@id":"https:\/\/nk7-testes.com.br\/agazeta\/#\/schema\/person\/6d6e25cb0435eb4a02fd44d30b4e3020"},"breadcrumb":{"@id":"https:\/\/nk7-testes.com.br\/agazeta\/armas-artesanais-sao-apreendidas-durante-varredura-em-celas-de-presidios-de-rio-branco\/#breadcrumb"},"inLanguage":"pt-BR","potentialAction":[{"@type":"ReadAction","target":["https:\/\/nk7-testes.com.br\/agazeta\/armas-artesanais-sao-apreendidas-durante-varredura-em-celas-de-presidios-de-rio-branco\/"]}]},{"@type":"ImageObject","inLanguage":"pt-BR","@id":"https:\/\/nk7-testes.com.br\/agazeta\/armas-artesanais-sao-apreendidas-durante-varredura-em-celas-de-presidios-de-rio-branco\/#primaryimage","url":"https:\/\/nk7-testes.com.br\/agazeta\/wp-content\/uploads\/2024\/06\/WhatsApp-Image-2024-06-04-at-12.07.48-jpeg.webp","contentUrl":"https:\/\/nk7-testes.com.br\/agazeta\/wp-content\/uploads\/2024\/06\/WhatsApp-Image-2024-06-04-at-12.07.48-jpeg.webp","width":800,"height":400,"caption":"Imagem: Ascom\/Iapen"},{"@type":"BreadcrumbList","@id":"https:\/\/nk7-testes.com.br\/agazeta\/armas-artesanais-sao-apreendidas-durante-varredura-em-celas-de-presidios-de-rio-branco\/#breadcrumb","itemListElement":[{"@type":"ListItem","position":1,"name":"In\u00edcio","item":"https:\/\/nk7-testes.com.br\/agazeta\/"},{"@type":"ListItem","position":2,"name":"Armas artesanais s\u00e3o apreendidas durante varredura em celas de pres\u00eddios de Rio Branco"}]},{"@type":"WebSite","@id":"https:\/\/nk7-testes.com.br\/agazeta\/#website","url":"https:\/\/nk7-testes.com.br\/agazeta\/","name":"Agazeta.net","description":"Agazeta.net - Not\u00edcias de Rio Branco\/AC","potentialAction":[{"@type":"SearchAction","target":{"@type":"EntryPoint","urlTemplate":"https:\/\/nk7-testes.com.br\/agazeta\/?s={search_term_string}"},"query-input":{"@type":"PropertyValueSpecification","valueRequired":true,"valueName":"search_term_string"}}],"inLanguage":"pt-BR"},{"@type":"Person","@id":"https:\/\/nk7-testes.com.br\/agazeta\/#\/schema\/person\/6d6e25cb0435eb4a02fd44d30b4e3020","name":"Agazeta.Net","url":"https:\/\/nk7-testes.com.br\/agazeta\/author\/agazeta\/"}]}},"_links":{"self":[{"href":"https:\/\/nk7-testes.com.br\/agazeta\/wp-json\/wp\/v2\/posts\/133312","targetHints":{"allow":["GET"]}}],"collection":[{"href":"https:\/\/nk7-testes.com.br\/agazeta\/wp-json\/wp\/v2\/posts"}],"about":[{"href":"https:\/\/nk7-testes.com.br\/agazeta\/wp-json\/wp\/v2\/types\/post"}],"author":[{"embeddable":true,"href":"https:\/\/nk7-testes.com.br\/agazeta\/wp-json\/wp\/v2\/users\/4"}],"replies":[{"embeddable":true,"href":"https:\/\/nk7-testes.com.br\/agazeta\/wp-json\/wp\/v2\/comments?post=133312"}],"version-history":[{"count":0,"href":"https:\/\/nk7-testes.com.br\/agazeta\/wp-json\/wp\/v2\/posts\/133312\/revisions"}],"wp:featuredmedia":[{"embeddable":true,"href":"https:\/\/nk7-testes.com.br\/agazeta\/wp-json\/wp\/v2\/media\/133315"}],"wp:attachment":[{"href":"https:\/\/nk7-testes.com.br\/agazeta\/wp-json\/wp\/v2\/media?parent=133312"}],"wp:term":[{"taxonomy":"category","embeddable":true,"href":"https:\/\/nk7-testes.com.br\/agazeta\/wp-json\/wp\/v2\/categories?post=133312"},{"taxonomy":"post_tag","embeddable":true,"href":"https:\/\/nk7-testes.com.br\/agazeta\/wp-json\/wp\/v2\/tags?post=133312"}],"curies":[{"name":"wp","href":"https:\/\/api.w.org\/{rel}","templated":true}]}}