{"id":133285,"date":"2024-06-04T10:47:48","date_gmt":"2024-06-04T15:47:48","guid":{"rendered":"https:\/\/nk7-testes.com.br\/?p=133285"},"modified":"2024-06-04T10:47:48","modified_gmt":"2024-06-04T15:47:48","slug":"rio-branco-registra-aumento-de-24-no-numero-de-acidentes-de-transito-em-comparacao-a-2023","status":"publish","type":"post","link":"https:\/\/nk7-testes.com.br\/agazeta\/rio-branco-registra-aumento-de-24-no-numero-de-acidentes-de-transito-em-comparacao-a-2023\/","title":{"rendered":"Rio Branco registra aumento de 24% no n\u00famero de acidentes de tr\u00e2nsito em compara\u00e7\u00e3o a 2023"},"content":{"rendered":"<p style=\"text-align: justify;\"><span style=\"font-weight: 400;\">O aumento da frota de ve\u00edculos e, sobretudo, a imprud\u00eancia dos condutores t\u00eam sido fatores determinantes para o crescimento do n\u00famero de acidentes de tr\u00e2nsito no Acre. Segundo o comando do Batalh\u00e3o de Policiamento de Tr\u00e2nsito (BPTrans), em apenas cinco meses, mais de mil opera\u00e7\u00f5es de fiscaliza\u00e7\u00e3o e educa\u00e7\u00e3o de tr\u00e2nsito foram realizadas, o que totaliza mais de 30 mil abordagens com o intuito de conscientizar os condutores sobre a import\u00e2ncia da preven\u00e7\u00e3o de acidentes.<\/span><\/p>\n<p style=\"text-align: justify;\"><span style=\"font-weight: 400;\">A comandante do BPTrans, Eliana Maia, destacou que houve um aumento de aproximadamente 24% no n\u00famero de acidentes em rela\u00e7\u00e3o ao mesmo per\u00edodo do ano passado. Mesmo com o refor\u00e7o nas a\u00e7\u00f5es de fiscaliza\u00e7\u00e3o e educa\u00e7\u00e3o de tr\u00e2nsito, a conscientiza\u00e7\u00e3o e a corresponsabilidade dos condutores, pedestres, ciclistas e motociclistas s\u00e3o fundamentais para tornar o tr\u00e2nsito um ambiente seguro.<\/span><\/p>\n<p style=\"text-align: justify;\"><span style=\"font-weight: 400;\">\u201cInfelizmente n\u00f3s tivemos sim um aumento em rela\u00e7\u00e3o ao mesmo per\u00edodo do ano passado, mais ou menos 24% de aumento. Embora o BPtrans esteja fortalecendo as a\u00e7\u00f5es de fiscaliza\u00e7\u00e3o e de educa\u00e7\u00e3o de tr\u00e2nsito, \u00e9 muito importante tamb\u00e9m que os condutores, pedestres, ciclistas e motociclistas, tenham consci\u00eancia tamb\u00e9m dessa responsabilidade\u201d, explica a comandante.<\/span><\/p>\n<p style=\"text-align: justify;\"><span style=\"font-weight: 400;\">As principais causas de acidentes, de acordo com a comandante, est\u00e3o ligadas \u00e0 imprud\u00eancia dos condutores. Avan\u00e7o de sem\u00e1foro, embriaguez ao volante, desrespeito \u00e0s normas de circula\u00e7\u00e3o e conduta previstas no C\u00f3digo de Tr\u00e2nsito Brasileiro, uso de celular ao dirigir, entre outras condutas irrespons\u00e1veis, t\u00eam contribu\u00eddo significativamente para o aumento dos \u00edndices de acidentes.<\/span><\/p>\n<p style=\"text-align: justify;\"><span style=\"font-weight: 400;\">\u201cAvan\u00e7o de sem\u00e1foro, embriaguez no volante, n\u00e3o observar as normas de circula\u00e7\u00e3o e conduta prevista no C\u00f3digo de Tr\u00e2nsito Brasileiro, como dirigir usando o celular enquanto dirige, entre outros que tamb\u00e9m contribuem para o \u00edndice de sinistro ter aumentado\u2019, comenta.<\/span><\/p>\n<p style=\"text-align: justify;\"><span style=\"font-weight: 400;\">Os dados do Detran Acre revelam que, de mar\u00e7o de 2023 a mar\u00e7o de 2024, 111 pessoas perderam a vida em acidentes de tr\u00e2nsito no estado. Al\u00e9m disso, foram registrados 4.374 acidentes sem v\u00edtimas fatais nesse mesmo per\u00edodo, o que refor\u00e7a a gravidade da situa\u00e7\u00e3o e a necessidade de conscientiza\u00e7\u00e3o dos condutores.<\/span><\/p>\n<p style=\"text-align: justify;\"><span style=\"font-weight: 400;\">A comandante Maia ressaltou a import\u00e2ncia da corresponsabilidade e responsabilidade dos condutores no tr\u00e2nsito, com destaque para a necessidade de conduzir com cuidado, aten\u00e7\u00e3o e respeito \u00e0s normas de circula\u00e7\u00e3o e conduta. As a\u00e7\u00f5es de fiscaliza\u00e7\u00e3o e educa\u00e7\u00e3o de tr\u00e2nsito s\u00e3o essenciais, mas a participa\u00e7\u00e3o ativa dos condutores \u00e9 fundamental para garantir a seguran\u00e7a vi\u00e1ria e reduzir o n\u00famero de acidentes no Acre.<\/span><\/p>\n<p style=\"text-align: justify;\"><span style=\"font-weight: 400;\">\u201cMuito importante que o condutor tenha essa corresponsabilidade e assuma\u00a0 responsabilidade nesse processo. Temos feito as a\u00e7\u00f5es de fiscaliza\u00e7\u00e3o e de educa\u00e7\u00e3o de tr\u00e2nsito, mas n\u00f3s precisamos muito da participa\u00e7\u00e3o dos condutores nesse processo, dirigindo com cuidado, com aten\u00e7\u00e3o, todo cuidado \u00e9 pouco no tr\u00e2nsito, e obedecer principalmente as normas de circula\u00e7\u00e3o e conduta\u2019, conclui.<\/span><\/p>\n<p><em>Mat\u00e9ria em v\u00eddeo produzida pela rep\u00f3rter Wanessa Souza para a TV Gazeta<\/em><\/p>\n","protected":false},"excerpt":{"rendered":"<p>O aumento da frota de ve\u00edculos e, sobretudo, a imprud\u00eancia dos condutores t\u00eam sido fatores determinantes para o crescimento do n\u00famero de acidentes de tr\u00e2nsito no Acre. Segundo o comando do Batalh\u00e3o de Policiamento de Tr\u00e2nsito (BPTrans), em apenas cinco meses, mais de mil opera\u00e7\u00f5es de fiscaliza\u00e7\u00e3o e educa\u00e7\u00e3o de tr\u00e2nsito foram realizadas, o que [&hellip;]<\/p>\n","protected":false},"author":4,"featured_media":133286,"comment_status":"open","ping_status":"open","sticky":false,"template":"","format":"standard","meta":{"jnews-multi-image_gallery":[],"jnews_single_post":{"source_name":"","source_url":"","via_name":"","via_url":"","override_template":"0","override":[{"template":"custom","single_blog_custom":"110746","parallax":"1","fullscreen":"1","layout":"right-sidebar","sidebar":"default-sidebar","second_sidebar":"default-sidebar","sticky_sidebar":"1","share_position":"top","share_float_style":"share-monocrhome","show_share_counter":"1","show_view_counter":"1","show_featured":"1","show_post_meta":"1","show_post_author":"1","show_post_author_image":"1","show_post_date":"1","post_date_format":"default","post_date_format_custom":"Y\/m\/d","show_post_category":"1","show_post_reading_time":"0","post_reading_time_wpm":"300","show_zoom_button":"0","zoom_button_out_step":"2","zoom_button_in_step":"3","show_post_tag":"1","show_prev_next_post":"1","show_popup_post":"1","number_popup_post":"1","show_author_box":"0","show_post_related":"1","show_inline_post_related":"0"}],"override_image_size":"0","image_override":[{"single_post_thumbnail_size":"crop-500","single_post_gallery_size":"crop-500"}],"trending_post":"0","trending_post_position":"meta","trending_post_label":"Trending","sponsored_post":"0","sponsored_post_label":"Sponsored by","sponsored_post_name":"","sponsored_post_url":"","sponsored_post_logo_enable":"0","sponsored_post_logo":"","sponsored_post_desc":"","disable_ad":"0"},"jnews_primary_category":{"id":"","hide":""},"jnews_social_meta":{"fb_title":"","fb_description":"","fb_image":"","twitter_title":"","twitter_description":"","twitter_image":""},"jnews_review":[],"enable_review":"0","type":"percentage","name":"","summary":"","brand":"","sku":"","good":[{"good_text":""}],"bad":[{"bad_text":""}],"score_override":"0","override_value":"","rating":[{"rating_text":"","rating_number":"10"}],"price":[{"shop":"","price":"","link":"","icon":""}],"footnotes":""},"categories":[54],"tags":[],"class_list":["post-133285","post","type-post","status-publish","format-standard","has-post-thumbnail","hentry","category-cotidiano"],"yoast_head":"<!-- This site is optimized with the Yoast SEO plugin v26.5 - https:\/\/yoast.com\/wordpress\/plugins\/seo\/ -->\n<title>Rio Branco registra aumento de 24% no n\u00famero de acidentes de tr\u00e2nsito em compara\u00e7\u00e3o a 2023 - Agazeta.net<\/title>\n<meta name=\"robots\" content=\"index, follow, max-snippet:-1, max-image-preview:large, max-video-preview:-1\" \/>\n<link rel=\"canonical\" href=\"https:\/\/nk7-testes.com.br\/agazeta\/rio-branco-registra-aumento-de-24-no-numero-de-acidentes-de-transito-em-comparacao-a-2023\/\" \/>\n<meta property=\"og:locale\" content=\"pt_BR\" \/>\n<meta property=\"og:type\" content=\"article\" \/>\n<meta property=\"og:title\" content=\"Rio Branco registra aumento de 24% no n\u00famero de acidentes de tr\u00e2nsito em compara\u00e7\u00e3o a 2023\" \/>\n<meta property=\"og:description\" content=\"Em apenas cinco meses, mais de mil opera\u00e7\u00f5es de fiscaliza\u00e7\u00e3o e educa\u00e7\u00e3o de tr\u00e2nsito foram realizadas\" \/>\n<meta property=\"og:url\" content=\"https:\/\/nk7-testes.com.br\/agazeta\/rio-branco-registra-aumento-de-24-no-numero-de-acidentes-de-transito-em-comparacao-a-2023\/\" \/>\n<meta property=\"og:site_name\" content=\"Agazeta.net\" \/>\n<meta property=\"article:published_time\" content=\"2024-06-04T15:47:48+00:00\" \/>\n<meta property=\"og:image\" content=\"https:\/\/nk7-testes.com.br\/agazeta\/wp-content\/uploads\/2024\/06\/WhatsApp-Image-2024-06-04-at-10.43.54-jpeg.webp\" \/>\n\t<meta property=\"og:image:width\" content=\"1200\" \/>\n\t<meta property=\"og:image:height\" content=\"674\" \/>\n\t<meta property=\"og:image:type\" content=\"image\/jpeg\" \/>\n<meta name=\"author\" content=\"Agazeta.Net\" \/>\n<meta name=\"twitter:card\" content=\"summary_large_image\" \/>\n<meta name=\"twitter:title\" content=\"Rio Branco registra aumento de 24% no n\u00famero de acidentes de tr\u00e2nsito em compara\u00e7\u00e3o a 2023\" \/>\n<meta name=\"twitter:description\" content=\"Em apenas cinco meses, mais de mil opera\u00e7\u00f5es de fiscaliza\u00e7\u00e3o e educa\u00e7\u00e3o de tr\u00e2nsito foram realizadas\" \/>\n<meta name=\"twitter:image\" content=\"https:\/\/nk7-testes.com.br\/agazeta\/wp-content\/uploads\/2024\/06\/WhatsApp-Image-2024-06-04-at-10.43.54-jpeg.webp\" \/>\n<meta name=\"twitter:label1\" content=\"Escrito por\" \/>\n\t<meta name=\"twitter:data1\" content=\"Agazeta.Net\" \/>\n\t<meta name=\"twitter:label2\" content=\"Est. tempo de leitura\" \/>\n\t<meta name=\"twitter:data2\" content=\"3 minutos\" \/>\n<script type=\"application\/ld+json\" class=\"yoast-schema-graph\">{\"@context\":\"https:\/\/schema.org\",\"@graph\":[{\"@type\":\"WebPage\",\"@id\":\"https:\/\/nk7-testes.com.br\/agazeta\/rio-branco-registra-aumento-de-24-no-numero-de-acidentes-de-transito-em-comparacao-a-2023\/\",\"url\":\"https:\/\/nk7-testes.com.br\/agazeta\/rio-branco-registra-aumento-de-24-no-numero-de-acidentes-de-transito-em-comparacao-a-2023\/\",\"name\":\"Rio Branco registra aumento de 24% no n\u00famero de acidentes de tr\u00e2nsito em compara\u00e7\u00e3o a 2023 - Agazeta.net\",\"isPartOf\":{\"@id\":\"https:\/\/nk7-testes.com.br\/agazeta\/#website\"},\"primaryImageOfPage\":{\"@id\":\"https:\/\/nk7-testes.com.br\/agazeta\/rio-branco-registra-aumento-de-24-no-numero-de-acidentes-de-transito-em-comparacao-a-2023\/#primaryimage\"},\"image\":{\"@id\":\"https:\/\/nk7-testes.com.br\/agazeta\/rio-branco-registra-aumento-de-24-no-numero-de-acidentes-de-transito-em-comparacao-a-2023\/#primaryimage\"},\"thumbnailUrl\":\"https:\/\/nk7-testes.com.br\/agazeta\/wp-content\/uploads\/2024\/06\/WhatsApp-Image-2024-06-04-at-10.43.54-jpeg.webp\",\"datePublished\":\"2024-06-04T15:47:48+00:00\",\"author\":{\"@id\":\"https:\/\/nk7-testes.com.br\/agazeta\/#\/schema\/person\/6d6e25cb0435eb4a02fd44d30b4e3020\"},\"breadcrumb\":{\"@id\":\"https:\/\/nk7-testes.com.br\/agazeta\/rio-branco-registra-aumento-de-24-no-numero-de-acidentes-de-transito-em-comparacao-a-2023\/#breadcrumb\"},\"inLanguage\":\"pt-BR\",\"potentialAction\":[{\"@type\":\"ReadAction\",\"target\":[\"https:\/\/nk7-testes.com.br\/agazeta\/rio-branco-registra-aumento-de-24-no-numero-de-acidentes-de-transito-em-comparacao-a-2023\/\"]}]},{\"@type\":\"ImageObject\",\"inLanguage\":\"pt-BR\",\"@id\":\"https:\/\/nk7-testes.com.br\/agazeta\/rio-branco-registra-aumento-de-24-no-numero-de-acidentes-de-transito-em-comparacao-a-2023\/#primaryimage\",\"url\":\"https:\/\/nk7-testes.com.br\/agazeta\/wp-content\/uploads\/2024\/06\/WhatsApp-Image-2024-06-04-at-10.43.54-jpeg.webp\",\"contentUrl\":\"https:\/\/nk7-testes.com.br\/agazeta\/wp-content\/uploads\/2024\/06\/WhatsApp-Image-2024-06-04-at-10.43.54-jpeg.webp\",\"width\":1200,\"height\":674,\"caption\":\"Foto: Weslley Oliveira\/Cedida\"},{\"@type\":\"BreadcrumbList\",\"@id\":\"https:\/\/nk7-testes.com.br\/agazeta\/rio-branco-registra-aumento-de-24-no-numero-de-acidentes-de-transito-em-comparacao-a-2023\/#breadcrumb\",\"itemListElement\":[{\"@type\":\"ListItem\",\"position\":1,\"name\":\"In\u00edcio\",\"item\":\"https:\/\/nk7-testes.com.br\/agazeta\/\"},{\"@type\":\"ListItem\",\"position\":2,\"name\":\"Rio Branco registra aumento de 24% no n\u00famero de acidentes de tr\u00e2nsito em compara\u00e7\u00e3o a 2023\"}]},{\"@type\":\"WebSite\",\"@id\":\"https:\/\/nk7-testes.com.br\/agazeta\/#website\",\"url\":\"https:\/\/nk7-testes.com.br\/agazeta\/\",\"name\":\"Agazeta.net\",\"description\":\"Agazeta.net - Not\u00edcias de Rio Branco\/AC\",\"potentialAction\":[{\"@type\":\"SearchAction\",\"target\":{\"@type\":\"EntryPoint\",\"urlTemplate\":\"https:\/\/nk7-testes.com.br\/agazeta\/?s={search_term_string}\"},\"query-input\":{\"@type\":\"PropertyValueSpecification\",\"valueRequired\":true,\"valueName\":\"search_term_string\"}}],\"inLanguage\":\"pt-BR\"},{\"@type\":\"Person\",\"@id\":\"https:\/\/nk7-testes.com.br\/agazeta\/#\/schema\/person\/6d6e25cb0435eb4a02fd44d30b4e3020\",\"name\":\"Agazeta.Net\",\"url\":\"https:\/\/nk7-testes.com.br\/agazeta\/author\/agazeta\/\"}]}<\/script>\n<!-- \/ Yoast SEO plugin. -->","yoast_head_json":{"title":"Rio Branco registra aumento de 24% no n\u00famero de acidentes de tr\u00e2nsito em compara\u00e7\u00e3o a 2023 - Agazeta.net","robots":{"index":"index","follow":"follow","max-snippet":"max-snippet:-1","max-image-preview":"max-image-preview:large","max-video-preview":"max-video-preview:-1"},"canonical":"https:\/\/nk7-testes.com.br\/agazeta\/rio-branco-registra-aumento-de-24-no-numero-de-acidentes-de-transito-em-comparacao-a-2023\/","og_locale":"pt_BR","og_type":"article","og_title":"Rio Branco registra aumento de 24% no n\u00famero de acidentes de tr\u00e2nsito em compara\u00e7\u00e3o a 2023","og_description":"Em apenas cinco meses, mais de mil opera\u00e7\u00f5es de fiscaliza\u00e7\u00e3o e educa\u00e7\u00e3o de tr\u00e2nsito foram realizadas","og_url":"https:\/\/nk7-testes.com.br\/agazeta\/rio-branco-registra-aumento-de-24-no-numero-de-acidentes-de-transito-em-comparacao-a-2023\/","og_site_name":"Agazeta.net","article_published_time":"2024-06-04T15:47:48+00:00","og_image":[{"width":1200,"height":674,"url":"https:\/\/nk7-testes.com.br\/agazeta\/wp-content\/uploads\/2024\/06\/WhatsApp-Image-2024-06-04-at-10.43.54-jpeg.webp","type":"image\/jpeg"}],"author":"Agazeta.Net","twitter_card":"summary_large_image","twitter_title":"Rio Branco registra aumento de 24% no n\u00famero de acidentes de tr\u00e2nsito em compara\u00e7\u00e3o a 2023","twitter_description":"Em apenas cinco meses, mais de mil opera\u00e7\u00f5es de fiscaliza\u00e7\u00e3o e educa\u00e7\u00e3o de tr\u00e2nsito foram realizadas","twitter_image":"https:\/\/nk7-testes.com.br\/agazeta\/wp-content\/uploads\/2024\/06\/WhatsApp-Image-2024-06-04-at-10.43.54-jpeg.webp","twitter_misc":{"Escrito por":"Agazeta.Net","Est. tempo de leitura":"3 minutos"},"schema":{"@context":"https:\/\/schema.org","@graph":[{"@type":"WebPage","@id":"https:\/\/nk7-testes.com.br\/agazeta\/rio-branco-registra-aumento-de-24-no-numero-de-acidentes-de-transito-em-comparacao-a-2023\/","url":"https:\/\/nk7-testes.com.br\/agazeta\/rio-branco-registra-aumento-de-24-no-numero-de-acidentes-de-transito-em-comparacao-a-2023\/","name":"Rio Branco registra aumento de 24% no n\u00famero de acidentes de tr\u00e2nsito em compara\u00e7\u00e3o a 2023 - Agazeta.net","isPartOf":{"@id":"https:\/\/nk7-testes.com.br\/agazeta\/#website"},"primaryImageOfPage":{"@id":"https:\/\/nk7-testes.com.br\/agazeta\/rio-branco-registra-aumento-de-24-no-numero-de-acidentes-de-transito-em-comparacao-a-2023\/#primaryimage"},"image":{"@id":"https:\/\/nk7-testes.com.br\/agazeta\/rio-branco-registra-aumento-de-24-no-numero-de-acidentes-de-transito-em-comparacao-a-2023\/#primaryimage"},"thumbnailUrl":"https:\/\/nk7-testes.com.br\/agazeta\/wp-content\/uploads\/2024\/06\/WhatsApp-Image-2024-06-04-at-10.43.54-jpeg.webp","datePublished":"2024-06-04T15:47:48+00:00","author":{"@id":"https:\/\/nk7-testes.com.br\/agazeta\/#\/schema\/person\/6d6e25cb0435eb4a02fd44d30b4e3020"},"breadcrumb":{"@id":"https:\/\/nk7-testes.com.br\/agazeta\/rio-branco-registra-aumento-de-24-no-numero-de-acidentes-de-transito-em-comparacao-a-2023\/#breadcrumb"},"inLanguage":"pt-BR","potentialAction":[{"@type":"ReadAction","target":["https:\/\/nk7-testes.com.br\/agazeta\/rio-branco-registra-aumento-de-24-no-numero-de-acidentes-de-transito-em-comparacao-a-2023\/"]}]},{"@type":"ImageObject","inLanguage":"pt-BR","@id":"https:\/\/nk7-testes.com.br\/agazeta\/rio-branco-registra-aumento-de-24-no-numero-de-acidentes-de-transito-em-comparacao-a-2023\/#primaryimage","url":"https:\/\/nk7-testes.com.br\/agazeta\/wp-content\/uploads\/2024\/06\/WhatsApp-Image-2024-06-04-at-10.43.54-jpeg.webp","contentUrl":"https:\/\/nk7-testes.com.br\/agazeta\/wp-content\/uploads\/2024\/06\/WhatsApp-Image-2024-06-04-at-10.43.54-jpeg.webp","width":1200,"height":674,"caption":"Foto: Weslley Oliveira\/Cedida"},{"@type":"BreadcrumbList","@id":"https:\/\/nk7-testes.com.br\/agazeta\/rio-branco-registra-aumento-de-24-no-numero-de-acidentes-de-transito-em-comparacao-a-2023\/#breadcrumb","itemListElement":[{"@type":"ListItem","position":1,"name":"In\u00edcio","item":"https:\/\/nk7-testes.com.br\/agazeta\/"},{"@type":"ListItem","position":2,"name":"Rio Branco registra aumento de 24% no n\u00famero de acidentes de tr\u00e2nsito em compara\u00e7\u00e3o a 2023"}]},{"@type":"WebSite","@id":"https:\/\/nk7-testes.com.br\/agazeta\/#website","url":"https:\/\/nk7-testes.com.br\/agazeta\/","name":"Agazeta.net","description":"Agazeta.net - Not\u00edcias de Rio Branco\/AC","potentialAction":[{"@type":"SearchAction","target":{"@type":"EntryPoint","urlTemplate":"https:\/\/nk7-testes.com.br\/agazeta\/?s={search_term_string}"},"query-input":{"@type":"PropertyValueSpecification","valueRequired":true,"valueName":"search_term_string"}}],"inLanguage":"pt-BR"},{"@type":"Person","@id":"https:\/\/nk7-testes.com.br\/agazeta\/#\/schema\/person\/6d6e25cb0435eb4a02fd44d30b4e3020","name":"Agazeta.Net","url":"https:\/\/nk7-testes.com.br\/agazeta\/author\/agazeta\/"}]}},"_links":{"self":[{"href":"https:\/\/nk7-testes.com.br\/agazeta\/wp-json\/wp\/v2\/posts\/133285","targetHints":{"allow":["GET"]}}],"collection":[{"href":"https:\/\/nk7-testes.com.br\/agazeta\/wp-json\/wp\/v2\/posts"}],"about":[{"href":"https:\/\/nk7-testes.com.br\/agazeta\/wp-json\/wp\/v2\/types\/post"}],"author":[{"embeddable":true,"href":"https:\/\/nk7-testes.com.br\/agazeta\/wp-json\/wp\/v2\/users\/4"}],"replies":[{"embeddable":true,"href":"https:\/\/nk7-testes.com.br\/agazeta\/wp-json\/wp\/v2\/comments?post=133285"}],"version-history":[{"count":0,"href":"https:\/\/nk7-testes.com.br\/agazeta\/wp-json\/wp\/v2\/posts\/133285\/revisions"}],"wp:featuredmedia":[{"embeddable":true,"href":"https:\/\/nk7-testes.com.br\/agazeta\/wp-json\/wp\/v2\/media\/133286"}],"wp:attachment":[{"href":"https:\/\/nk7-testes.com.br\/agazeta\/wp-json\/wp\/v2\/media?parent=133285"}],"wp:term":[{"taxonomy":"category","embeddable":true,"href":"https:\/\/nk7-testes.com.br\/agazeta\/wp-json\/wp\/v2\/categories?post=133285"},{"taxonomy":"post_tag","embeddable":true,"href":"https:\/\/nk7-testes.com.br\/agazeta\/wp-json\/wp\/v2\/tags?post=133285"}],"curies":[{"name":"wp","href":"https:\/\/api.w.org\/{rel}","templated":true}]}}