{"id":133258,"date":"2024-06-03T15:39:28","date_gmt":"2024-06-03T20:39:28","guid":{"rendered":"https:\/\/nk7-testes.com.br\/?p=133258"},"modified":"2024-06-03T15:39:28","modified_gmt":"2024-06-03T20:39:28","slug":"juh-vellegas-se-pronuncia-seis-dias-apos-acidente-de-carro-nao-lembro-de-nada","status":"publish","type":"post","link":"https:\/\/nk7-testes.com.br\/agazeta\/juh-vellegas-se-pronuncia-seis-dias-apos-acidente-de-carro-nao-lembro-de-nada\/","title":{"rendered":"Juh Vellegas se pronuncia seis dias ap\u00f3s acidente de carro: &#8220;N\u00e3o lembro de nada&#8221;"},"content":{"rendered":"<p style=\"text-align: justify;\">A influenciadora digital Juliana Vellegas, mais conhecida como Juh, quebrou o sil\u00eancio e voltou \u00e0s redes sociais seis dias ap\u00f3s sofrer um acidente de tr\u00e2nsito na manh\u00e3 da \u00faltima ter\u00e7a-feira, dia 28 de maio, na rua Santa Maria, regi\u00e3o do bairro Calafate, em Rio Branco.<\/p>\n<p style=\"text-align: justify;\">Em uma s\u00e9rie de <em>stories<\/em> no Instagram, a influenciadora narra os momentos vividos nos dias que sucederam o acidente, pois esteve fora de todas as redes sociais desde ent\u00e3o. Ela conta que n\u00e3o lembra dos minutos antes da colis\u00e3o entre os ve\u00edculos.<\/p>\n<p style=\"text-align: justify;\">&#8220;Eu s\u00f3 lembro da minha m\u00e3e me entregando a chave do carro. O que mais me deixou angustiada nesses \u00faltimos dias foi essa falta da mem\u00f3ria. N\u00e3o lembro eu entrando dentro do carro, n\u00e3o lembro eu fazendo a volta no carro. N\u00e3o lembro de nada&#8221;, afirma a influenciadora.<\/p>\n<blockquote>\n<p style=\"text-align: justify;\">&#8220;O acidente foi na ter\u00e7a. Na ter\u00e7a, quarta e quinta eu s\u00f3 dormi. Eu s\u00f3 acordava para comer. Muito sono. Tirei os rem\u00e9dios e continuei sonolenta. A gente n\u00e3o sabe se meu corpo chegou a uma exaust\u00e3o, de excessos, de eu ficar me cobrando.&#8221;<\/p>\n<\/blockquote>\n<p style=\"text-align: justify;\">Nos v\u00eddeos, ela mostra que ficou com machucados em partes do bra\u00e7o e m\u00e3o esquerda. Por\u00e9m, segundo a <em>influencer<\/em>, n\u00e3o quebrou ou rompeu nada, apenas sofreu hematomas e que, agora, sente apenas dores musculares, pela for\u00e7a da batida.<\/p>\n<p style=\"text-align: justify;\">Ao final da s\u00e9rie de v\u00eddeos, Juh Vellegas agradece pelo carinho e mensagens de preocupa\u00e7\u00e3o que recebeu dos seguidores nos \u00faltimos dias. Al\u00e9m disso, ressalta a saudade que estava das mais de 235 mil pessoas que a acompanham diariamente.<\/p>\n<p style=\"text-align: justify;\">&#8220;Eu amo voc\u00eas. Obrigada pelo carinho, todas as mensagens, por voc\u00eas n\u00e3o terem esquecido de mim. Voc\u00eas pensam que eu sou importante na vida de voc\u00eas, mas voc\u00eas que s\u00e3o importantes na minha vida. Me sinto especial. Vou ficar bem, preciso me cuidar um pouquinho. Vamos voltar \u00e0 nossa vida, que eu estava com saudade de voc\u00eas&#8221;, finaliza.<\/p>\n","protected":false},"excerpt":{"rendered":"<p>A influenciadora digital Juliana Vellegas, mais conhecida como Juh, quebrou o sil\u00eancio e voltou \u00e0s redes sociais seis dias ap\u00f3s sofrer um acidente de tr\u00e2nsito na manh\u00e3 da \u00faltima ter\u00e7a-feira, dia 28 de maio, na rua Santa Maria, regi\u00e3o do bairro Calafate, em Rio Branco. Em uma s\u00e9rie de stories no Instagram, a influenciadora narra [&hellip;]<\/p>\n","protected":false},"author":4,"featured_media":133259,"comment_status":"open","ping_status":"open","sticky":false,"template":"","format":"standard","meta":{"jnews-multi-image_gallery":[],"jnews_single_post":{"source_name":"","source_url":"","via_name":"","via_url":"","override_template":"0","override":[{"template":"custom","single_blog_custom":"110746","parallax":"1","fullscreen":"1","layout":"right-sidebar","sidebar":"default-sidebar","second_sidebar":"default-sidebar","sticky_sidebar":"1","share_position":"top","share_float_style":"share-monocrhome","show_share_counter":"1","show_view_counter":"1","show_featured":"1","show_post_meta":"1","show_post_author":"1","show_post_author_image":"1","show_post_date":"1","post_date_format":"default","post_date_format_custom":"Y\/m\/d","show_post_category":"1","show_post_reading_time":"0","post_reading_time_wpm":"300","show_zoom_button":"0","zoom_button_out_step":"2","zoom_button_in_step":"3","show_post_tag":"1","show_prev_next_post":"1","show_popup_post":"1","number_popup_post":"1","show_author_box":"0","show_post_related":"1","show_inline_post_related":"0"}],"override_image_size":"0","image_override":[{"single_post_thumbnail_size":"crop-500","single_post_gallery_size":"crop-500"}],"trending_post":"0","trending_post_position":"meta","trending_post_label":"Trending","sponsored_post":"0","sponsored_post_label":"Sponsored by","sponsored_post_name":"","sponsored_post_url":"","sponsored_post_logo_enable":"0","sponsored_post_logo":"","sponsored_post_desc":"","disable_ad":"0"},"jnews_primary_category":{"id":"","hide":""},"jnews_social_meta":{"fb_title":"","fb_description":"","fb_image":"","twitter_title":"","twitter_description":"","twitter_image":""},"jnews_review":[],"enable_review":"0","type":"percentage","name":"","summary":"","brand":"","sku":"","good":[{"good_text":""}],"bad":[{"bad_text":""}],"score_override":"0","override_value":"","rating":[{"rating_text":"","rating_number":"10"}],"price":[{"shop":"","price":"","link":"","icon":""}],"footnotes":""},"categories":[54],"tags":[],"class_list":["post-133258","post","type-post","status-publish","format-standard","has-post-thumbnail","hentry","category-cotidiano"],"yoast_head":"<!-- This site is optimized with the Yoast SEO plugin v26.5 - https:\/\/yoast.com\/wordpress\/plugins\/seo\/ -->\n<title>Juh Vellegas se pronuncia seis dias ap\u00f3s acidente de carro: &quot;N\u00e3o lembro de nada&quot; - Agazeta.net<\/title>\n<meta name=\"robots\" content=\"index, follow, max-snippet:-1, max-image-preview:large, max-video-preview:-1\" \/>\n<link rel=\"canonical\" href=\"https:\/\/nk7-testes.com.br\/agazeta\/juh-vellegas-se-pronuncia-seis-dias-apos-acidente-de-carro-nao-lembro-de-nada\/\" \/>\n<meta property=\"og:locale\" content=\"pt_BR\" \/>\n<meta property=\"og:type\" content=\"article\" \/>\n<meta property=\"og:title\" content=\"Juh Vellegas se pronuncia seis dias ap\u00f3s acidente de carro: &quot;N\u00e3o lembro de nada&quot;\" \/>\n<meta property=\"og:description\" content=\"Em uma s\u00e9rie de stories no Instagram, a influenciadora narra os momentos vividos nos dias que sucederam o acidente\" \/>\n<meta property=\"og:url\" content=\"https:\/\/nk7-testes.com.br\/agazeta\/juh-vellegas-se-pronuncia-seis-dias-apos-acidente-de-carro-nao-lembro-de-nada\/\" \/>\n<meta property=\"og:site_name\" content=\"Agazeta.net\" \/>\n<meta property=\"article:published_time\" content=\"2024-06-03T20:39:28+00:00\" \/>\n<meta property=\"og:image\" content=\"https:\/\/nk7-testes.com.br\/agazeta\/wp-content\/uploads\/2024\/06\/WhatsApp-Image-2024-06-03-at-15.36.39-jpeg.webp\" \/>\n\t<meta property=\"og:image:width\" content=\"800\" \/>\n\t<meta property=\"og:image:height\" content=\"410\" \/>\n\t<meta property=\"og:image:type\" content=\"image\/jpeg\" \/>\n<meta name=\"author\" content=\"Agazeta.Net\" \/>\n<meta name=\"twitter:card\" content=\"summary_large_image\" \/>\n<meta name=\"twitter:label1\" content=\"Escrito por\" \/>\n\t<meta name=\"twitter:data1\" content=\"Agazeta.Net\" \/>\n\t<meta name=\"twitter:label2\" content=\"Est. tempo de leitura\" \/>\n\t<meta name=\"twitter:data2\" content=\"2 minutos\" \/>\n<script type=\"application\/ld+json\" class=\"yoast-schema-graph\">{\"@context\":\"https:\/\/schema.org\",\"@graph\":[{\"@type\":\"WebPage\",\"@id\":\"https:\/\/nk7-testes.com.br\/agazeta\/juh-vellegas-se-pronuncia-seis-dias-apos-acidente-de-carro-nao-lembro-de-nada\/\",\"url\":\"https:\/\/nk7-testes.com.br\/agazeta\/juh-vellegas-se-pronuncia-seis-dias-apos-acidente-de-carro-nao-lembro-de-nada\/\",\"name\":\"Juh Vellegas se pronuncia seis dias ap\u00f3s acidente de carro: \\\"N\u00e3o lembro de nada\\\" - Agazeta.net\",\"isPartOf\":{\"@id\":\"https:\/\/nk7-testes.com.br\/agazeta\/#website\"},\"primaryImageOfPage\":{\"@id\":\"https:\/\/nk7-testes.com.br\/agazeta\/juh-vellegas-se-pronuncia-seis-dias-apos-acidente-de-carro-nao-lembro-de-nada\/#primaryimage\"},\"image\":{\"@id\":\"https:\/\/nk7-testes.com.br\/agazeta\/juh-vellegas-se-pronuncia-seis-dias-apos-acidente-de-carro-nao-lembro-de-nada\/#primaryimage\"},\"thumbnailUrl\":\"https:\/\/nk7-testes.com.br\/agazeta\/wp-content\/uploads\/2024\/06\/WhatsApp-Image-2024-06-03-at-15.36.39-jpeg.webp\",\"datePublished\":\"2024-06-03T20:39:28+00:00\",\"author\":{\"@id\":\"https:\/\/nk7-testes.com.br\/agazeta\/#\/schema\/person\/6d6e25cb0435eb4a02fd44d30b4e3020\"},\"breadcrumb\":{\"@id\":\"https:\/\/nk7-testes.com.br\/agazeta\/juh-vellegas-se-pronuncia-seis-dias-apos-acidente-de-carro-nao-lembro-de-nada\/#breadcrumb\"},\"inLanguage\":\"pt-BR\",\"potentialAction\":[{\"@type\":\"ReadAction\",\"target\":[\"https:\/\/nk7-testes.com.br\/agazeta\/juh-vellegas-se-pronuncia-seis-dias-apos-acidente-de-carro-nao-lembro-de-nada\/\"]}]},{\"@type\":\"ImageObject\",\"inLanguage\":\"pt-BR\",\"@id\":\"https:\/\/nk7-testes.com.br\/agazeta\/juh-vellegas-se-pronuncia-seis-dias-apos-acidente-de-carro-nao-lembro-de-nada\/#primaryimage\",\"url\":\"https:\/\/nk7-testes.com.br\/agazeta\/wp-content\/uploads\/2024\/06\/WhatsApp-Image-2024-06-03-at-15.36.39-jpeg.webp\",\"contentUrl\":\"https:\/\/nk7-testes.com.br\/agazeta\/wp-content\/uploads\/2024\/06\/WhatsApp-Image-2024-06-03-at-15.36.39-jpeg.webp\",\"width\":800,\"height\":410,\"caption\":\"Imagem: Reprodu\u00e7\u00e3o\/Instagram\"},{\"@type\":\"BreadcrumbList\",\"@id\":\"https:\/\/nk7-testes.com.br\/agazeta\/juh-vellegas-se-pronuncia-seis-dias-apos-acidente-de-carro-nao-lembro-de-nada\/#breadcrumb\",\"itemListElement\":[{\"@type\":\"ListItem\",\"position\":1,\"name\":\"In\u00edcio\",\"item\":\"https:\/\/nk7-testes.com.br\/agazeta\/\"},{\"@type\":\"ListItem\",\"position\":2,\"name\":\"Juh Vellegas se pronuncia seis dias ap\u00f3s acidente de carro: &#8220;N\u00e3o lembro de nada&#8221;\"}]},{\"@type\":\"WebSite\",\"@id\":\"https:\/\/nk7-testes.com.br\/agazeta\/#website\",\"url\":\"https:\/\/nk7-testes.com.br\/agazeta\/\",\"name\":\"Agazeta.net\",\"description\":\"Agazeta.net - Not\u00edcias de Rio Branco\/AC\",\"potentialAction\":[{\"@type\":\"SearchAction\",\"target\":{\"@type\":\"EntryPoint\",\"urlTemplate\":\"https:\/\/nk7-testes.com.br\/agazeta\/?s={search_term_string}\"},\"query-input\":{\"@type\":\"PropertyValueSpecification\",\"valueRequired\":true,\"valueName\":\"search_term_string\"}}],\"inLanguage\":\"pt-BR\"},{\"@type\":\"Person\",\"@id\":\"https:\/\/nk7-testes.com.br\/agazeta\/#\/schema\/person\/6d6e25cb0435eb4a02fd44d30b4e3020\",\"name\":\"Agazeta.Net\",\"url\":\"https:\/\/nk7-testes.com.br\/agazeta\/author\/agazeta\/\"}]}<\/script>\n<!-- \/ Yoast SEO plugin. -->","yoast_head_json":{"title":"Juh Vellegas se pronuncia seis dias ap\u00f3s acidente de carro: \"N\u00e3o lembro de nada\" - Agazeta.net","robots":{"index":"index","follow":"follow","max-snippet":"max-snippet:-1","max-image-preview":"max-image-preview:large","max-video-preview":"max-video-preview:-1"},"canonical":"https:\/\/nk7-testes.com.br\/agazeta\/juh-vellegas-se-pronuncia-seis-dias-apos-acidente-de-carro-nao-lembro-de-nada\/","og_locale":"pt_BR","og_type":"article","og_title":"Juh Vellegas se pronuncia seis dias ap\u00f3s acidente de carro: \"N\u00e3o lembro de nada\"","og_description":"Em uma s\u00e9rie de stories no Instagram, a influenciadora narra os momentos vividos nos dias que sucederam o acidente","og_url":"https:\/\/nk7-testes.com.br\/agazeta\/juh-vellegas-se-pronuncia-seis-dias-apos-acidente-de-carro-nao-lembro-de-nada\/","og_site_name":"Agazeta.net","article_published_time":"2024-06-03T20:39:28+00:00","og_image":[{"width":800,"height":410,"url":"https:\/\/nk7-testes.com.br\/agazeta\/wp-content\/uploads\/2024\/06\/WhatsApp-Image-2024-06-03-at-15.36.39-jpeg.webp","type":"image\/jpeg"}],"author":"Agazeta.Net","twitter_card":"summary_large_image","twitter_misc":{"Escrito por":"Agazeta.Net","Est. tempo de leitura":"2 minutos"},"schema":{"@context":"https:\/\/schema.org","@graph":[{"@type":"WebPage","@id":"https:\/\/nk7-testes.com.br\/agazeta\/juh-vellegas-se-pronuncia-seis-dias-apos-acidente-de-carro-nao-lembro-de-nada\/","url":"https:\/\/nk7-testes.com.br\/agazeta\/juh-vellegas-se-pronuncia-seis-dias-apos-acidente-de-carro-nao-lembro-de-nada\/","name":"Juh Vellegas se pronuncia seis dias ap\u00f3s acidente de carro: \"N\u00e3o lembro de nada\" - Agazeta.net","isPartOf":{"@id":"https:\/\/nk7-testes.com.br\/agazeta\/#website"},"primaryImageOfPage":{"@id":"https:\/\/nk7-testes.com.br\/agazeta\/juh-vellegas-se-pronuncia-seis-dias-apos-acidente-de-carro-nao-lembro-de-nada\/#primaryimage"},"image":{"@id":"https:\/\/nk7-testes.com.br\/agazeta\/juh-vellegas-se-pronuncia-seis-dias-apos-acidente-de-carro-nao-lembro-de-nada\/#primaryimage"},"thumbnailUrl":"https:\/\/nk7-testes.com.br\/agazeta\/wp-content\/uploads\/2024\/06\/WhatsApp-Image-2024-06-03-at-15.36.39-jpeg.webp","datePublished":"2024-06-03T20:39:28+00:00","author":{"@id":"https:\/\/nk7-testes.com.br\/agazeta\/#\/schema\/person\/6d6e25cb0435eb4a02fd44d30b4e3020"},"breadcrumb":{"@id":"https:\/\/nk7-testes.com.br\/agazeta\/juh-vellegas-se-pronuncia-seis-dias-apos-acidente-de-carro-nao-lembro-de-nada\/#breadcrumb"},"inLanguage":"pt-BR","potentialAction":[{"@type":"ReadAction","target":["https:\/\/nk7-testes.com.br\/agazeta\/juh-vellegas-se-pronuncia-seis-dias-apos-acidente-de-carro-nao-lembro-de-nada\/"]}]},{"@type":"ImageObject","inLanguage":"pt-BR","@id":"https:\/\/nk7-testes.com.br\/agazeta\/juh-vellegas-se-pronuncia-seis-dias-apos-acidente-de-carro-nao-lembro-de-nada\/#primaryimage","url":"https:\/\/nk7-testes.com.br\/agazeta\/wp-content\/uploads\/2024\/06\/WhatsApp-Image-2024-06-03-at-15.36.39-jpeg.webp","contentUrl":"https:\/\/nk7-testes.com.br\/agazeta\/wp-content\/uploads\/2024\/06\/WhatsApp-Image-2024-06-03-at-15.36.39-jpeg.webp","width":800,"height":410,"caption":"Imagem: Reprodu\u00e7\u00e3o\/Instagram"},{"@type":"BreadcrumbList","@id":"https:\/\/nk7-testes.com.br\/agazeta\/juh-vellegas-se-pronuncia-seis-dias-apos-acidente-de-carro-nao-lembro-de-nada\/#breadcrumb","itemListElement":[{"@type":"ListItem","position":1,"name":"In\u00edcio","item":"https:\/\/nk7-testes.com.br\/agazeta\/"},{"@type":"ListItem","position":2,"name":"Juh Vellegas se pronuncia seis dias ap\u00f3s acidente de carro: &#8220;N\u00e3o lembro de nada&#8221;"}]},{"@type":"WebSite","@id":"https:\/\/nk7-testes.com.br\/agazeta\/#website","url":"https:\/\/nk7-testes.com.br\/agazeta\/","name":"Agazeta.net","description":"Agazeta.net - Not\u00edcias de Rio Branco\/AC","potentialAction":[{"@type":"SearchAction","target":{"@type":"EntryPoint","urlTemplate":"https:\/\/nk7-testes.com.br\/agazeta\/?s={search_term_string}"},"query-input":{"@type":"PropertyValueSpecification","valueRequired":true,"valueName":"search_term_string"}}],"inLanguage":"pt-BR"},{"@type":"Person","@id":"https:\/\/nk7-testes.com.br\/agazeta\/#\/schema\/person\/6d6e25cb0435eb4a02fd44d30b4e3020","name":"Agazeta.Net","url":"https:\/\/nk7-testes.com.br\/agazeta\/author\/agazeta\/"}]}},"_links":{"self":[{"href":"https:\/\/nk7-testes.com.br\/agazeta\/wp-json\/wp\/v2\/posts\/133258","targetHints":{"allow":["GET"]}}],"collection":[{"href":"https:\/\/nk7-testes.com.br\/agazeta\/wp-json\/wp\/v2\/posts"}],"about":[{"href":"https:\/\/nk7-testes.com.br\/agazeta\/wp-json\/wp\/v2\/types\/post"}],"author":[{"embeddable":true,"href":"https:\/\/nk7-testes.com.br\/agazeta\/wp-json\/wp\/v2\/users\/4"}],"replies":[{"embeddable":true,"href":"https:\/\/nk7-testes.com.br\/agazeta\/wp-json\/wp\/v2\/comments?post=133258"}],"version-history":[{"count":0,"href":"https:\/\/nk7-testes.com.br\/agazeta\/wp-json\/wp\/v2\/posts\/133258\/revisions"}],"wp:featuredmedia":[{"embeddable":true,"href":"https:\/\/nk7-testes.com.br\/agazeta\/wp-json\/wp\/v2\/media\/133259"}],"wp:attachment":[{"href":"https:\/\/nk7-testes.com.br\/agazeta\/wp-json\/wp\/v2\/media?parent=133258"}],"wp:term":[{"taxonomy":"category","embeddable":true,"href":"https:\/\/nk7-testes.com.br\/agazeta\/wp-json\/wp\/v2\/categories?post=133258"},{"taxonomy":"post_tag","embeddable":true,"href":"https:\/\/nk7-testes.com.br\/agazeta\/wp-json\/wp\/v2\/tags?post=133258"}],"curies":[{"name":"wp","href":"https:\/\/api.w.org\/{rel}","templated":true}]}}