{"id":133252,"date":"2024-06-03T14:47:30","date_gmt":"2024-06-03T19:47:30","guid":{"rendered":"https:\/\/nk7-testes.com.br\/?p=133252"},"modified":"2024-06-03T14:47:30","modified_gmt":"2024-06-03T19:47:30","slug":"sequestrado-quando-crianca-acreano-reencontra-mae-biologica-34-anos-em-rio-branco","status":"publish","type":"post","link":"https:\/\/nk7-testes.com.br\/agazeta\/sequestrado-quando-crianca-acreano-reencontra-mae-biologica-34-anos-em-rio-branco\/","title":{"rendered":"Sequestrado quando crian\u00e7a, acreano reencontra m\u00e3e biol\u00f3gica 34 anos em Rio Branco"},"content":{"rendered":"<p style=\"text-align: justify;\">Uma fotografia era uma das poucas lembran\u00e7as que Iraci Feitosa da Silva tinha do filho desaparecido em 1987. O vigia Josenildo Marreira, na \u00e9poca tinha 10 anos, e costumava ajudar a fam\u00edlia com a venda de salgados no bairro. Por\u00e9m, um certo dia, saiu de casa e n\u00e3o voltou. Desde esse momento, foram 34 anos sem nenhuma not\u00edcia sobre o paradeiro dele.<\/p>\n<figure id=\"attachment_133254\" aria-describedby=\"caption-attachment-133254\" style=\"width: 457px\" class=\"wp-caption aligncenter\"><img decoding=\"async\" class=\"wp-image-133254 \" src=\"https:\/\/nk7-testes.com.br\/wp-content\/uploads\/2024\/06\/WhatsApp-Image-2024-06-03-at-14.43.06-jpeg.webp\" alt=\"\" width=\"457\" height=\"549\" srcset=\"https:\/\/nk7-testes.com.br\/agazeta\/wp-content\/uploads\/2024\/06\/WhatsApp-Image-2024-06-03-at-14.43.06-jpeg.webp 973w, https:\/\/nk7-testes.com.br\/agazeta\/wp-content\/uploads\/2024\/06\/WhatsApp-Image-2024-06-03-at-14.43.06-249x300.webp 249w, https:\/\/nk7-testes.com.br\/agazeta\/wp-content\/uploads\/2024\/06\/WhatsApp-Image-2024-06-03-at-14.43.06-852x1024.webp 852w, https:\/\/nk7-testes.com.br\/agazeta\/wp-content\/uploads\/2024\/06\/WhatsApp-Image-2024-06-03-at-14.43.06-768x923.webp 768w, https:\/\/nk7-testes.com.br\/agazeta\/wp-content\/uploads\/2024\/06\/WhatsApp-Image-2024-06-03-at-14.43.06-750x902.webp 750w\" sizes=\"(max-width: 457px) 100vw, 457px\" \/><figcaption id=\"caption-attachment-133254\" class=\"wp-caption-text\">Josenildo quando crian\u00e7a\/Imagem: Cedida<\/figcaption><\/figure>\n<p style=\"text-align: justify;\">&#8220;Era muito dolorido, mas eu nunca perdi a esperan\u00e7a. Sempre confiava e pedi a Deus que, onde ele estivesse, cuidasse, guardasse e colocasse algu\u00e9m aben\u00e7oado que pudesse cuidar dele por mim. Eu n\u00e3o sabia onde ele estava, mas a certeza que ele estava vivo eu sabia&#8221;, conta a m\u00e3e e dona de casa, Iraci Feitosa.<\/p>\n<p style=\"text-align: justify;\">Enquanto a fam\u00edlia nem sabia por onde procurar, Josenildo seguia com uma mulher para Santa Catarina. Ela havia dito \u00e0 crian\u00e7a que sabia aonde estavam os homens que teriam matado o pai dele. Mas quando chegou ao Sul, foi abandonado.<\/p>\n<p style=\"text-align: justify;\">Em entrevista \u00e0 TV Gazeta, ele, agora um homem adulto, conta que precisou se virar sozinho. Na lembran\u00e7a, Josenildo tinha apenas o nome Acre. A partir disso, o objetivo dele se tornou voltar para esse lugar.<\/p>\n<p style=\"text-align: justify;\">&#8220;Foi Deus quem me tirou dela. Eu creio que ela ia me pegar para fazer alguma maldade ou vender para algu\u00e9m, n\u00e3o sei o que realmente ela ia fazer. Mas Deus falou que eu iria seguir outro caminho. S\u00f3 que eu queria era chegar em Porto Velho e Acre. N\u00e3o entendia o que eu tinha que fazer em Acre, mas minha persist\u00eancia era chegar em Acre&#8221;, explica o vigia.<\/p>\n<p style=\"text-align: justify;\">Alguns anos passaram e ele, j\u00e1 no Acre, morou com tr\u00eas fam\u00edlias adotivas. As duas primeiras n\u00e3o o tratavam muito bem, at\u00e9 que Zinha Ara\u00fajo se tornou m\u00e3e adotiva de Josenildo Marreira. Ele lembra que ela insistia, por repetidas vezes, for\u00e7ar a mem\u00f3ria dele, na inten\u00e7\u00e3o de localizar a fam\u00edlia biol\u00f3gica.<\/p>\n<p style=\"text-align: justify;\">Anos depois, m\u00e3e adotiva de Josenildo morreu por causa de um c\u00e2ncer. Nessa \u00e9poca, ele j\u00e1 estava casado e com filhos e seguia sem nenhuma pista de quem seria a m\u00e3e biol\u00f3gica, at\u00e9 o dia que a m\u00e3e adotiva apareceu em um sonho para ele.<\/p>\n<figure id=\"attachment_133255\" aria-describedby=\"caption-attachment-133255\" style=\"width: 504px\" class=\"wp-caption aligncenter\"><img decoding=\"async\" class=\"wp-image-133255 \" src=\"https:\/\/nk7-testes.com.br\/wp-content\/uploads\/2024\/06\/WhatsApp-Image-2024-06-03-at-14.44.45-jpeg.webp\" alt=\"\" width=\"504\" height=\"323\" srcset=\"https:\/\/nk7-testes.com.br\/agazeta\/wp-content\/uploads\/2024\/06\/WhatsApp-Image-2024-06-03-at-14.44.45-jpeg.webp 1401w, https:\/\/nk7-testes.com.br\/agazeta\/wp-content\/uploads\/2024\/06\/WhatsApp-Image-2024-06-03-at-14.44.45-300x192.webp 300w, https:\/\/nk7-testes.com.br\/agazeta\/wp-content\/uploads\/2024\/06\/WhatsApp-Image-2024-06-03-at-14.44.45-1024x656.webp 1024w, https:\/\/nk7-testes.com.br\/agazeta\/wp-content\/uploads\/2024\/06\/WhatsApp-Image-2024-06-03-at-14.44.45-768x492.webp 768w, https:\/\/nk7-testes.com.br\/agazeta\/wp-content\/uploads\/2024\/06\/WhatsApp-Image-2024-06-03-at-14.44.45-750x481.webp 750w, https:\/\/nk7-testes.com.br\/agazeta\/wp-content\/uploads\/2024\/06\/WhatsApp-Image-2024-06-03-at-14.44.45-1140x731.webp 1140w\" sizes=\"(max-width: 504px) 100vw, 504px\" \/><figcaption id=\"caption-attachment-133255\" class=\"wp-caption-text\">Zinha Ara\u00fajo\/Imagem: Cedida<\/figcaption><\/figure>\n<p style=\"text-align: justify;\">&#8220;Ela sempre procurou e tentou que eu lembrasse, fazia de tudo, porque eu n\u00e3o gostava de comentar. O sonho dela era que eu encontrasse a minha m\u00e3e biol\u00f3gica. Um belo dia, eu acordei atordoado, porque eu vi ela em sonho. Ela falou &#8216;Meu filho, est\u00e1 na hora de eu me libertar e voc\u00ea tem que despertar&#8217;. Ela falou o nome da minha m\u00e3e, Iraci Feitosa da Silva. Ent\u00e3o, me veio um clar\u00e3o da casa da minha tia, onde ela mora at\u00e9 hoje&#8221;, lembra Josenildo Marreira.<\/p>\n<p style=\"text-align: justify;\">A partir disso, a hist\u00f3ria do sumi\u00e7o do menino de dez anos de idade come\u00e7ou a mudar. Josenildo lembra da fachada de uma casa. At\u00e9 que um dia, passa na frente do endere\u00e7o. Ao reconhecer o local, parou e foi perguntar para os moradores se conheciam uma mulher chamada Iraci.<\/p>\n<p style=\"text-align: justify;\">&#8220;Falei &#8216;A senhora conhece algu\u00e9m por nome de Iraci Feitosa da Silva?&#8217;. Quando eu falei isso, ela falou &#8216;Meu nome&#8217;. Quando ela falou isso, j\u00e1 me veio aquela tristeza e ela desconfiou que era eu&#8221;, lembra o vigia.<\/p>\n<p style=\"text-align: justify;\">Foram 34 anos de separa\u00e7\u00e3o, d\u00favidas, medos e perguntas sem respostas. O exame de DNA confirmou o que o cora\u00e7\u00e3o dos dois j\u00e1 tinha certeza. Josenildo o filho sequestrado de Iraci Feitosa. Atualmente juntos, m\u00e3e e filho n\u00e3o pretendem se separar nunca mais.<\/p>\n<p style=\"text-align: justify;\">&#8220;Pedi desculpa, porque n\u00e3o foi pelo meu querer ela ter sofrido tanto assim. Eu sa\u00ed no intuito de encontrar a pessoa que a mulher falou para mim. Eu n\u00e3o fugi de casa&#8221;, afirma Josenildo Marreira.<\/p>\n<p style=\"text-align: justify;\">&#8220;Deus e Nossa Senhora trouxeram voc\u00ea de volta para mim. \u00c9 tudo que eu tenho na vida, voc\u00eas, meus filhos. Eu n\u00e3o queria ningu\u00e9m sem voc\u00eas. Eu amo voc\u00eas. N\u00e3o tem nada de desculpa. A mam\u00e3e te ama muito&#8221;, diz Iraci, emocionada.<\/p>\n<p style=\"text-align: justify;\"><em><strong>Mat\u00e9ria produzida em v\u00eddeo pela rep\u00f3rter D\u00e9bora Ribeiro para a TV Gazeta<\/strong><\/em><\/p>\n","protected":false},"excerpt":{"rendered":"<p>Uma fotografia era uma das poucas lembran\u00e7as que Iraci Feitosa da Silva tinha do filho desaparecido em 1987. O vigia Josenildo Marreira, na \u00e9poca tinha 10 anos, e costumava ajudar a fam\u00edlia com a venda de salgados no bairro. Por\u00e9m, um certo dia, saiu de casa e n\u00e3o voltou. Desde esse momento, foram 34 anos [&hellip;]<\/p>\n","protected":false},"author":4,"featured_media":133253,"comment_status":"open","ping_status":"open","sticky":false,"template":"","format":"standard","meta":{"jnews-multi-image_gallery":[],"jnews_single_post":{"source_name":"","source_url":"","via_name":"","via_url":"","override_template":"0","override":[{"template":"custom","single_blog_custom":"110746","parallax":"1","fullscreen":"1","layout":"right-sidebar","sidebar":"default-sidebar","second_sidebar":"default-sidebar","sticky_sidebar":"1","share_position":"top","share_float_style":"share-monocrhome","show_share_counter":"1","show_view_counter":"1","show_featured":"1","show_post_meta":"1","show_post_author":"1","show_post_author_image":"1","show_post_date":"1","post_date_format":"default","post_date_format_custom":"Y\/m\/d","show_post_category":"1","show_post_reading_time":"0","post_reading_time_wpm":"300","show_zoom_button":"0","zoom_button_out_step":"2","zoom_button_in_step":"3","show_post_tag":"1","show_prev_next_post":"1","show_popup_post":"1","number_popup_post":"1","show_author_box":"0","show_post_related":"1","show_inline_post_related":"0"}],"override_image_size":"0","image_override":[{"single_post_thumbnail_size":"crop-500","single_post_gallery_size":"crop-500"}],"trending_post":"0","trending_post_position":"meta","trending_post_label":"Trending","sponsored_post":"0","sponsored_post_label":"Sponsored by","sponsored_post_name":"","sponsored_post_url":"","sponsored_post_logo_enable":"0","sponsored_post_logo":"","sponsored_post_desc":"","disable_ad":"0"},"jnews_primary_category":{"id":"","hide":""},"jnews_social_meta":{"fb_title":"","fb_description":"","fb_image":"","twitter_title":"","twitter_description":"","twitter_image":""},"jnews_review":[],"enable_review":"0","type":"percentage","name":"","summary":"","brand":"","sku":"","good":[{"good_text":""}],"bad":[{"bad_text":""}],"score_override":"0","override_value":"","rating":[{"rating_text":"","rating_number":"10"}],"price":[{"shop":"","price":"","link":"","icon":""}],"footnotes":""},"categories":[54],"tags":[152],"class_list":["post-133252","post","type-post","status-publish","format-standard","has-post-thumbnail","hentry","category-cotidiano","tag-destaque"],"yoast_head":"<!-- This site is optimized with the Yoast SEO plugin v26.5 - https:\/\/yoast.com\/wordpress\/plugins\/seo\/ -->\n<title>Sequestrado quando crian\u00e7a, acreano reencontra m\u00e3e biol\u00f3gica 34 anos em Rio Branco - Agazeta.net<\/title>\n<meta name=\"robots\" content=\"index, follow, max-snippet:-1, max-image-preview:large, max-video-preview:-1\" \/>\n<link rel=\"canonical\" href=\"https:\/\/nk7-testes.com.br\/agazeta\/sequestrado-quando-crianca-acreano-reencontra-mae-biologica-34-anos-em-rio-branco\/\" \/>\n<meta property=\"og:locale\" content=\"pt_BR\" \/>\n<meta property=\"og:type\" content=\"article\" \/>\n<meta property=\"og:title\" content=\"Sequestrado quando crian\u00e7a, acreano reencontra m\u00e3e biol\u00f3gica 34 anos em Rio Branco\" \/>\n<meta property=\"og:description\" content=\"Josenildo Marreira foi para Santa Catarina com uma mulher que dizia saber a localiza\u00e7\u00e3o dos homens que teriam matado o pai dele\" \/>\n<meta property=\"og:url\" content=\"https:\/\/nk7-testes.com.br\/agazeta\/sequestrado-quando-crianca-acreano-reencontra-mae-biologica-34-anos-em-rio-branco\/\" \/>\n<meta property=\"og:site_name\" content=\"Agazeta.net\" \/>\n<meta property=\"article:published_time\" content=\"2024-06-03T19:47:30+00:00\" \/>\n<meta property=\"og:image\" content=\"https:\/\/nk7-testes.com.br\/agazeta\/wp-content\/uploads\/2024\/06\/WhatsApp-Image-2024-06-03-at-14.39.55-jpeg.webp\" \/>\n\t<meta property=\"og:image:width\" content=\"800\" \/>\n\t<meta property=\"og:image:height\" content=\"400\" \/>\n\t<meta property=\"og:image:type\" content=\"image\/jpeg\" \/>\n<meta name=\"author\" content=\"Agazeta.Net\" \/>\n<meta name=\"twitter:card\" content=\"summary_large_image\" \/>\n<meta name=\"twitter:label1\" content=\"Escrito por\" \/>\n\t<meta name=\"twitter:data1\" content=\"Agazeta.Net\" \/>\n\t<meta name=\"twitter:label2\" content=\"Est. tempo de leitura\" \/>\n\t<meta name=\"twitter:data2\" content=\"4 minutos\" \/>\n<script type=\"application\/ld+json\" class=\"yoast-schema-graph\">{\"@context\":\"https:\/\/schema.org\",\"@graph\":[{\"@type\":\"WebPage\",\"@id\":\"https:\/\/nk7-testes.com.br\/agazeta\/sequestrado-quando-crianca-acreano-reencontra-mae-biologica-34-anos-em-rio-branco\/\",\"url\":\"https:\/\/nk7-testes.com.br\/agazeta\/sequestrado-quando-crianca-acreano-reencontra-mae-biologica-34-anos-em-rio-branco\/\",\"name\":\"Sequestrado quando crian\u00e7a, acreano reencontra m\u00e3e biol\u00f3gica 34 anos em Rio Branco - Agazeta.net\",\"isPartOf\":{\"@id\":\"https:\/\/nk7-testes.com.br\/agazeta\/#website\"},\"primaryImageOfPage\":{\"@id\":\"https:\/\/nk7-testes.com.br\/agazeta\/sequestrado-quando-crianca-acreano-reencontra-mae-biologica-34-anos-em-rio-branco\/#primaryimage\"},\"image\":{\"@id\":\"https:\/\/nk7-testes.com.br\/agazeta\/sequestrado-quando-crianca-acreano-reencontra-mae-biologica-34-anos-em-rio-branco\/#primaryimage\"},\"thumbnailUrl\":\"https:\/\/nk7-testes.com.br\/agazeta\/wp-content\/uploads\/2024\/06\/WhatsApp-Image-2024-06-03-at-14.39.55-jpeg.webp\",\"datePublished\":\"2024-06-03T19:47:30+00:00\",\"author\":{\"@id\":\"https:\/\/nk7-testes.com.br\/agazeta\/#\/schema\/person\/6d6e25cb0435eb4a02fd44d30b4e3020\"},\"breadcrumb\":{\"@id\":\"https:\/\/nk7-testes.com.br\/agazeta\/sequestrado-quando-crianca-acreano-reencontra-mae-biologica-34-anos-em-rio-branco\/#breadcrumb\"},\"inLanguage\":\"pt-BR\",\"potentialAction\":[{\"@type\":\"ReadAction\",\"target\":[\"https:\/\/nk7-testes.com.br\/agazeta\/sequestrado-quando-crianca-acreano-reencontra-mae-biologica-34-anos-em-rio-branco\/\"]}]},{\"@type\":\"ImageObject\",\"inLanguage\":\"pt-BR\",\"@id\":\"https:\/\/nk7-testes.com.br\/agazeta\/sequestrado-quando-crianca-acreano-reencontra-mae-biologica-34-anos-em-rio-branco\/#primaryimage\",\"url\":\"https:\/\/nk7-testes.com.br\/agazeta\/wp-content\/uploads\/2024\/06\/WhatsApp-Image-2024-06-03-at-14.39.55-jpeg.webp\",\"contentUrl\":\"https:\/\/nk7-testes.com.br\/agazeta\/wp-content\/uploads\/2024\/06\/WhatsApp-Image-2024-06-03-at-14.39.55-jpeg.webp\",\"width\":800,\"height\":400,\"caption\":\"Imagem: TV Gazeta\"},{\"@type\":\"BreadcrumbList\",\"@id\":\"https:\/\/nk7-testes.com.br\/agazeta\/sequestrado-quando-crianca-acreano-reencontra-mae-biologica-34-anos-em-rio-branco\/#breadcrumb\",\"itemListElement\":[{\"@type\":\"ListItem\",\"position\":1,\"name\":\"In\u00edcio\",\"item\":\"https:\/\/nk7-testes.com.br\/agazeta\/\"},{\"@type\":\"ListItem\",\"position\":2,\"name\":\"Sequestrado quando crian\u00e7a, acreano reencontra m\u00e3e biol\u00f3gica 34 anos em Rio Branco\"}]},{\"@type\":\"WebSite\",\"@id\":\"https:\/\/nk7-testes.com.br\/agazeta\/#website\",\"url\":\"https:\/\/nk7-testes.com.br\/agazeta\/\",\"name\":\"Agazeta.net\",\"description\":\"Agazeta.net - Not\u00edcias de Rio Branco\/AC\",\"potentialAction\":[{\"@type\":\"SearchAction\",\"target\":{\"@type\":\"EntryPoint\",\"urlTemplate\":\"https:\/\/nk7-testes.com.br\/agazeta\/?s={search_term_string}\"},\"query-input\":{\"@type\":\"PropertyValueSpecification\",\"valueRequired\":true,\"valueName\":\"search_term_string\"}}],\"inLanguage\":\"pt-BR\"},{\"@type\":\"Person\",\"@id\":\"https:\/\/nk7-testes.com.br\/agazeta\/#\/schema\/person\/6d6e25cb0435eb4a02fd44d30b4e3020\",\"name\":\"Agazeta.Net\",\"url\":\"https:\/\/nk7-testes.com.br\/agazeta\/author\/agazeta\/\"}]}<\/script>\n<!-- \/ Yoast SEO plugin. -->","yoast_head_json":{"title":"Sequestrado quando crian\u00e7a, acreano reencontra m\u00e3e biol\u00f3gica 34 anos em Rio Branco - Agazeta.net","robots":{"index":"index","follow":"follow","max-snippet":"max-snippet:-1","max-image-preview":"max-image-preview:large","max-video-preview":"max-video-preview:-1"},"canonical":"https:\/\/nk7-testes.com.br\/agazeta\/sequestrado-quando-crianca-acreano-reencontra-mae-biologica-34-anos-em-rio-branco\/","og_locale":"pt_BR","og_type":"article","og_title":"Sequestrado quando crian\u00e7a, acreano reencontra m\u00e3e biol\u00f3gica 34 anos em Rio Branco","og_description":"Josenildo Marreira foi para Santa Catarina com uma mulher que dizia saber a localiza\u00e7\u00e3o dos homens que teriam matado o pai dele","og_url":"https:\/\/nk7-testes.com.br\/agazeta\/sequestrado-quando-crianca-acreano-reencontra-mae-biologica-34-anos-em-rio-branco\/","og_site_name":"Agazeta.net","article_published_time":"2024-06-03T19:47:30+00:00","og_image":[{"width":800,"height":400,"url":"https:\/\/nk7-testes.com.br\/agazeta\/wp-content\/uploads\/2024\/06\/WhatsApp-Image-2024-06-03-at-14.39.55-jpeg.webp","type":"image\/jpeg"}],"author":"Agazeta.Net","twitter_card":"summary_large_image","twitter_misc":{"Escrito por":"Agazeta.Net","Est. tempo de leitura":"4 minutos"},"schema":{"@context":"https:\/\/schema.org","@graph":[{"@type":"WebPage","@id":"https:\/\/nk7-testes.com.br\/agazeta\/sequestrado-quando-crianca-acreano-reencontra-mae-biologica-34-anos-em-rio-branco\/","url":"https:\/\/nk7-testes.com.br\/agazeta\/sequestrado-quando-crianca-acreano-reencontra-mae-biologica-34-anos-em-rio-branco\/","name":"Sequestrado quando crian\u00e7a, acreano reencontra m\u00e3e biol\u00f3gica 34 anos em Rio Branco - Agazeta.net","isPartOf":{"@id":"https:\/\/nk7-testes.com.br\/agazeta\/#website"},"primaryImageOfPage":{"@id":"https:\/\/nk7-testes.com.br\/agazeta\/sequestrado-quando-crianca-acreano-reencontra-mae-biologica-34-anos-em-rio-branco\/#primaryimage"},"image":{"@id":"https:\/\/nk7-testes.com.br\/agazeta\/sequestrado-quando-crianca-acreano-reencontra-mae-biologica-34-anos-em-rio-branco\/#primaryimage"},"thumbnailUrl":"https:\/\/nk7-testes.com.br\/agazeta\/wp-content\/uploads\/2024\/06\/WhatsApp-Image-2024-06-03-at-14.39.55-jpeg.webp","datePublished":"2024-06-03T19:47:30+00:00","author":{"@id":"https:\/\/nk7-testes.com.br\/agazeta\/#\/schema\/person\/6d6e25cb0435eb4a02fd44d30b4e3020"},"breadcrumb":{"@id":"https:\/\/nk7-testes.com.br\/agazeta\/sequestrado-quando-crianca-acreano-reencontra-mae-biologica-34-anos-em-rio-branco\/#breadcrumb"},"inLanguage":"pt-BR","potentialAction":[{"@type":"ReadAction","target":["https:\/\/nk7-testes.com.br\/agazeta\/sequestrado-quando-crianca-acreano-reencontra-mae-biologica-34-anos-em-rio-branco\/"]}]},{"@type":"ImageObject","inLanguage":"pt-BR","@id":"https:\/\/nk7-testes.com.br\/agazeta\/sequestrado-quando-crianca-acreano-reencontra-mae-biologica-34-anos-em-rio-branco\/#primaryimage","url":"https:\/\/nk7-testes.com.br\/agazeta\/wp-content\/uploads\/2024\/06\/WhatsApp-Image-2024-06-03-at-14.39.55-jpeg.webp","contentUrl":"https:\/\/nk7-testes.com.br\/agazeta\/wp-content\/uploads\/2024\/06\/WhatsApp-Image-2024-06-03-at-14.39.55-jpeg.webp","width":800,"height":400,"caption":"Imagem: TV Gazeta"},{"@type":"BreadcrumbList","@id":"https:\/\/nk7-testes.com.br\/agazeta\/sequestrado-quando-crianca-acreano-reencontra-mae-biologica-34-anos-em-rio-branco\/#breadcrumb","itemListElement":[{"@type":"ListItem","position":1,"name":"In\u00edcio","item":"https:\/\/nk7-testes.com.br\/agazeta\/"},{"@type":"ListItem","position":2,"name":"Sequestrado quando crian\u00e7a, acreano reencontra m\u00e3e biol\u00f3gica 34 anos em Rio Branco"}]},{"@type":"WebSite","@id":"https:\/\/nk7-testes.com.br\/agazeta\/#website","url":"https:\/\/nk7-testes.com.br\/agazeta\/","name":"Agazeta.net","description":"Agazeta.net - Not\u00edcias de Rio Branco\/AC","potentialAction":[{"@type":"SearchAction","target":{"@type":"EntryPoint","urlTemplate":"https:\/\/nk7-testes.com.br\/agazeta\/?s={search_term_string}"},"query-input":{"@type":"PropertyValueSpecification","valueRequired":true,"valueName":"search_term_string"}}],"inLanguage":"pt-BR"},{"@type":"Person","@id":"https:\/\/nk7-testes.com.br\/agazeta\/#\/schema\/person\/6d6e25cb0435eb4a02fd44d30b4e3020","name":"Agazeta.Net","url":"https:\/\/nk7-testes.com.br\/agazeta\/author\/agazeta\/"}]}},"_links":{"self":[{"href":"https:\/\/nk7-testes.com.br\/agazeta\/wp-json\/wp\/v2\/posts\/133252","targetHints":{"allow":["GET"]}}],"collection":[{"href":"https:\/\/nk7-testes.com.br\/agazeta\/wp-json\/wp\/v2\/posts"}],"about":[{"href":"https:\/\/nk7-testes.com.br\/agazeta\/wp-json\/wp\/v2\/types\/post"}],"author":[{"embeddable":true,"href":"https:\/\/nk7-testes.com.br\/agazeta\/wp-json\/wp\/v2\/users\/4"}],"replies":[{"embeddable":true,"href":"https:\/\/nk7-testes.com.br\/agazeta\/wp-json\/wp\/v2\/comments?post=133252"}],"version-history":[{"count":0,"href":"https:\/\/nk7-testes.com.br\/agazeta\/wp-json\/wp\/v2\/posts\/133252\/revisions"}],"wp:featuredmedia":[{"embeddable":true,"href":"https:\/\/nk7-testes.com.br\/agazeta\/wp-json\/wp\/v2\/media\/133253"}],"wp:attachment":[{"href":"https:\/\/nk7-testes.com.br\/agazeta\/wp-json\/wp\/v2\/media?parent=133252"}],"wp:term":[{"taxonomy":"category","embeddable":true,"href":"https:\/\/nk7-testes.com.br\/agazeta\/wp-json\/wp\/v2\/categories?post=133252"},{"taxonomy":"post_tag","embeddable":true,"href":"https:\/\/nk7-testes.com.br\/agazeta\/wp-json\/wp\/v2\/tags?post=133252"}],"curies":[{"name":"wp","href":"https:\/\/api.w.org\/{rel}","templated":true}]}}