{"id":133145,"date":"2024-05-31T16:23:03","date_gmt":"2024-05-31T21:23:03","guid":{"rendered":"https:\/\/nk7-testes.com.br\/?p=133145"},"modified":"2024-05-31T16:23:55","modified_gmt":"2024-05-31T21:23:55","slug":"morhan-cobra-explicacoes-da-sesacre-sobre-exoneracao-de-gerente-da-oficina-ortopedica-retrocesso","status":"publish","type":"post","link":"https:\/\/nk7-testes.com.br\/agazeta\/morhan-cobra-explicacoes-da-sesacre-sobre-exoneracao-de-gerente-da-oficina-ortopedica-retrocesso\/","title":{"rendered":"Morhan cobra explica\u00e7\u00f5es da Sesacre sobre exonera\u00e7\u00e3o de gerente da Oficina Ortop\u00e9dica: &#8220;Retrocesso&#8221;"},"content":{"rendered":"<p style=\"text-align: justify;\">Durante participa\u00e7\u00e3o no programa Gazeta Entrevista, nesta sexta-feira, 31, o coordenador estadual do Movimento de Reintegra\u00e7\u00e3o das Pessoas Atingidas pela Hansen\u00edase (Morhan), Elson Dias, tratou a indigna\u00e7\u00e3o da institui\u00e7\u00e3o ap\u00f3s a exonera\u00e7\u00e3o da gerente-geral da Oficina Ortop\u00e9dica do Acre, Wanderleia Barbosa.<\/p>\n<p style=\"text-align: justify;\">De acordo com Dias, o Morhan e a Oficina Ortop\u00e9dica viviam um momento de boa aproxima\u00e7\u00e3o na gest\u00e3o de Wanderleia Barbosa, pois a ex-gerente-geral resolvia todas os problemas e ajudava, com a viabiliza\u00e7\u00e3o das pr\u00f3teses, o p\u00fablico com hansen\u00edase.<\/p>\n<p style=\"text-align: justify;\">&#8220;Teve uma aproxima\u00e7\u00e3o importante com o movimento. Se chegava alguma demanda l\u00e1 para o p\u00fablico do Morhan, ela entrava em contato com a gente e era resolvido. N\u00e3o havia mais reclama\u00e7\u00e3o por parte do p\u00fablico da hansen\u00edase&#8221;, conta Dias.<\/p>\n<figure id=\"attachment_133148\" aria-describedby=\"caption-attachment-133148\" style=\"width: 433px\" class=\"wp-caption aligncenter\"><img decoding=\"async\" class=\"wp-image-133148 \" src=\"https:\/\/nk7-testes.com.br\/wp-content\/uploads\/2024\/05\/WhatsApp-Image-2024-05-31-at-15.57.26-jpeg.webp\" alt=\"\" width=\"433\" height=\"443\" srcset=\"https:\/\/nk7-testes.com.br\/agazeta\/wp-content\/uploads\/2024\/05\/WhatsApp-Image-2024-05-31-at-15.57.26-jpeg.webp 1047w, https:\/\/nk7-testes.com.br\/agazeta\/wp-content\/uploads\/2024\/05\/WhatsApp-Image-2024-05-31-at-15.57.26-293x300.webp 293w, https:\/\/nk7-testes.com.br\/agazeta\/wp-content\/uploads\/2024\/05\/WhatsApp-Image-2024-05-31-at-15.57.26-1000x1024.webp 1000w, https:\/\/nk7-testes.com.br\/agazeta\/wp-content\/uploads\/2024\/05\/WhatsApp-Image-2024-05-31-at-15.57.26-768x786.webp 768w, https:\/\/nk7-testes.com.br\/agazeta\/wp-content\/uploads\/2024\/05\/WhatsApp-Image-2024-05-31-at-15.57.26-750x768.webp 750w\" sizes=\"(max-width: 433px) 100vw, 433px\" \/><figcaption id=\"caption-attachment-133148\" class=\"wp-caption-text\">Imagem: Cedida\/Morhan<\/figcaption><\/figure>\n<p style=\"text-align: justify;\">Segundo o coordenador do Morhan, na quarta-feira, dia 29, souberam, atrav\u00e9s do Di\u00e1rio Oficial do Estado (DOE), sobre a exonera\u00e7\u00e3o, sem aviso pr\u00e9vio, de Wanderleia Barbosa. Al\u00e9m disso, afirma que entram em contato com a dire\u00e7\u00e3o atual da Oficina Ortop\u00e9dica para entender os motivos, mas n\u00e3o obtiveram resposta.<\/p>\n<p style=\"text-align: justify;\">&#8220;Essa semana a gente soube a not\u00edcia, pelo Di\u00e1rio Oficial, que ela tinha sido exonerada. Sem uma comunica\u00e7\u00e3o, simplesmente exoneraram. A gente ligou para a dire\u00e7\u00e3o atual, n\u00e3o nos atenderam e nem responderam as mensagens. A gente queria uma explica\u00e7\u00e3o do porqu\u00ea de tirar ela e n\u00e3o ter comunicado para as institui\u00e7\u00f5es. Somos parceiros&#8221;, ressalta.<\/p>\n<p style=\"text-align: justify;\">Conta, tamb\u00e9m, que o Morhan e a Cl\u00ednica Ortop\u00e9dica, sob a dire\u00e7\u00e3o de Wanderleia Barbosa, realizavam um levantamento do p\u00fablico com hansen\u00edase que precisa trocar as pr\u00f3teses que est\u00e3o velhas. De acordo com ele, a mudan\u00e7a vai ser um retrocesso.<\/p>\n<p style=\"text-align: justify;\">&#8220;Vai ser um retrocesso de todo um trabalho que a gente estava fazendo. Inclusive, est\u00e1vamos fazendo um levantamento de todo um p\u00fablico do Morhan que estava precisando trocar as pr\u00f3teses que j\u00e1 s\u00e3o antigas. Tem gente que tem pr\u00f3tese de mais de 40 anos. A gente ficou muito triste com isso e queremos uma resposta da dire\u00e7\u00e3o da Fundhacre&#8221;, informa Dias.<\/p>\n<figure id=\"attachment_133147\" aria-describedby=\"caption-attachment-133147\" style=\"width: 419px\" class=\"wp-caption aligncenter\"><img decoding=\"async\" class=\"wp-image-133147 \" src=\"https:\/\/nk7-testes.com.br\/wp-content\/uploads\/2024\/05\/WhatsApp-Image-2024-05-31-at-15.57.22-jpeg.webp\" alt=\"\" width=\"419\" height=\"463\" srcset=\"https:\/\/nk7-testes.com.br\/agazeta\/wp-content\/uploads\/2024\/05\/WhatsApp-Image-2024-05-31-at-15.57.22-jpeg.webp 719w, https:\/\/nk7-testes.com.br\/agazeta\/wp-content\/uploads\/2024\/05\/WhatsApp-Image-2024-05-31-at-15.57.22-271x300.webp 271w\" sizes=\"(max-width: 419px) 100vw, 419px\" \/><figcaption id=\"caption-attachment-133147\" class=\"wp-caption-text\">Imagem: Cedida\/Morhan<\/figcaption><\/figure>\n<h4>Sesacre<\/h4>\n<p style=\"text-align: justify;\">O site <strong>Agazeta.net<\/strong> entrou em contato com a Secretaria de Estado de Sa\u00fade (Sesacre) para tentar entender o motivo da exonera\u00e7\u00e3o e a falta de comunica\u00e7\u00e3o com o Morhan, mas n\u00e3o obteve resposta at\u00e9 o fechamento dessa mat\u00e9ria. O espa\u00e7o segue aberto para quaisquer esclarecimento.<\/p>\n","protected":false},"excerpt":{"rendered":"<p>Durante participa\u00e7\u00e3o no programa Gazeta Entrevista, nesta sexta-feira, 31, o coordenador estadual do Movimento de Reintegra\u00e7\u00e3o das Pessoas Atingidas pela Hansen\u00edase (Morhan), Elson Dias, tratou a indigna\u00e7\u00e3o da institui\u00e7\u00e3o ap\u00f3s a exonera\u00e7\u00e3o da gerente-geral da Oficina Ortop\u00e9dica do Acre, Wanderleia Barbosa. De acordo com Dias, o Morhan e a Oficina Ortop\u00e9dica viviam um momento de [&hellip;]<\/p>\n","protected":false},"author":4,"featured_media":133149,"comment_status":"open","ping_status":"open","sticky":false,"template":"","format":"standard","meta":{"jnews-multi-image_gallery":[],"jnews_single_post":{"source_name":"","source_url":"","via_name":"","via_url":"","override_template":"0","override":[{"template":"custom","single_blog_custom":"110746","parallax":"1","fullscreen":"1","layout":"right-sidebar","sidebar":"default-sidebar","second_sidebar":"default-sidebar","sticky_sidebar":"1","share_position":"top","share_float_style":"share-monocrhome","show_share_counter":"1","show_view_counter":"1","show_featured":"1","show_post_meta":"1","show_post_author":"1","show_post_author_image":"1","show_post_date":"1","post_date_format":"default","post_date_format_custom":"Y\/m\/d","show_post_category":"1","show_post_reading_time":"0","post_reading_time_wpm":"300","show_zoom_button":"0","zoom_button_out_step":"2","zoom_button_in_step":"3","show_post_tag":"1","show_prev_next_post":"1","show_popup_post":"1","number_popup_post":"1","show_author_box":"0","show_post_related":"1","show_inline_post_related":"0"}],"override_image_size":"0","image_override":[{"single_post_thumbnail_size":"crop-500","single_post_gallery_size":"crop-500"}],"trending_post":"0","trending_post_position":"meta","trending_post_label":"Trending","sponsored_post":"0","sponsored_post_label":"Sponsored by","sponsored_post_name":"","sponsored_post_url":"","sponsored_post_logo_enable":"0","sponsored_post_logo":"","sponsored_post_desc":"","disable_ad":"0"},"jnews_primary_category":{"id":"","hide":""},"jnews_social_meta":{"fb_title":"","fb_description":"","fb_image":"","twitter_title":"","twitter_description":"","twitter_image":""},"jnews_review":[],"enable_review":"0","type":"percentage","name":"","summary":"","brand":"","sku":"","good":[{"good_text":""}],"bad":[{"bad_text":""}],"score_override":"0","override_value":"","rating":[{"rating_text":"","rating_number":"10"}],"price":[{"shop":"","price":"","link":"","icon":""}],"footnotes":""},"categories":[54],"tags":[152],"class_list":["post-133145","post","type-post","status-publish","format-standard","has-post-thumbnail","hentry","category-cotidiano","tag-destaque"],"yoast_head":"<!-- This site is optimized with the Yoast SEO plugin v26.5 - https:\/\/yoast.com\/wordpress\/plugins\/seo\/ -->\n<title>Morhan cobra explica\u00e7\u00f5es da Sesacre sobre exonera\u00e7\u00e3o de gerente da Oficina Ortop\u00e9dica: &quot;Retrocesso&quot; - Agazeta.net<\/title>\n<meta name=\"robots\" content=\"index, follow, max-snippet:-1, max-image-preview:large, max-video-preview:-1\" \/>\n<link rel=\"canonical\" href=\"https:\/\/nk7-testes.com.br\/agazeta\/morhan-cobra-explicacoes-da-sesacre-sobre-exoneracao-de-gerente-da-oficina-ortopedica-retrocesso\/\" \/>\n<meta property=\"og:locale\" content=\"pt_BR\" \/>\n<meta property=\"og:type\" content=\"article\" \/>\n<meta property=\"og:title\" content=\"Morhan cobra explica\u00e7\u00f5es da Sesacre sobre exonera\u00e7\u00e3o de gerente da Oficina Ortop\u00e9dica: &quot;Retrocesso&quot;\" \/>\n<meta property=\"og:description\" content=\"Coordenador do Morhan afirma que a institui\u00e7\u00e3o n\u00e3o teve aviso pr\u00e9vio e s\u00f3 soube da exonera\u00e7\u00e3o atrav\u00e9s do Di\u00e1rio Oficial\" \/>\n<meta property=\"og:url\" content=\"https:\/\/nk7-testes.com.br\/agazeta\/morhan-cobra-explicacoes-da-sesacre-sobre-exoneracao-de-gerente-da-oficina-ortopedica-retrocesso\/\" \/>\n<meta property=\"og:site_name\" content=\"Agazeta.net\" \/>\n<meta property=\"article:published_time\" content=\"2024-05-31T21:23:03+00:00\" \/>\n<meta property=\"article:modified_time\" content=\"2024-05-31T21:23:55+00:00\" \/>\n<meta property=\"og:image\" content=\"https:\/\/nk7-testes.com.br\/agazeta\/wp-content\/uploads\/2024\/05\/WhatsApp-Image-2024-05-31-at-16.13.18-jpeg.webp\" \/>\n\t<meta property=\"og:image:width\" content=\"800\" \/>\n\t<meta property=\"og:image:height\" content=\"406\" \/>\n\t<meta property=\"og:image:type\" content=\"image\/jpeg\" \/>\n<meta name=\"author\" content=\"Agazeta.Net\" \/>\n<meta name=\"twitter:card\" content=\"summary_large_image\" \/>\n<meta name=\"twitter:label1\" content=\"Escrito por\" \/>\n\t<meta name=\"twitter:data1\" content=\"Agazeta.Net\" \/>\n\t<meta name=\"twitter:label2\" content=\"Est. tempo de leitura\" \/>\n\t<meta name=\"twitter:data2\" content=\"2 minutos\" \/>\n<script type=\"application\/ld+json\" class=\"yoast-schema-graph\">{\"@context\":\"https:\/\/schema.org\",\"@graph\":[{\"@type\":\"WebPage\",\"@id\":\"https:\/\/nk7-testes.com.br\/agazeta\/morhan-cobra-explicacoes-da-sesacre-sobre-exoneracao-de-gerente-da-oficina-ortopedica-retrocesso\/\",\"url\":\"https:\/\/nk7-testes.com.br\/agazeta\/morhan-cobra-explicacoes-da-sesacre-sobre-exoneracao-de-gerente-da-oficina-ortopedica-retrocesso\/\",\"name\":\"Morhan cobra explica\u00e7\u00f5es da Sesacre sobre exonera\u00e7\u00e3o de gerente da Oficina Ortop\u00e9dica: \\\"Retrocesso\\\" - Agazeta.net\",\"isPartOf\":{\"@id\":\"https:\/\/nk7-testes.com.br\/agazeta\/#website\"},\"primaryImageOfPage\":{\"@id\":\"https:\/\/nk7-testes.com.br\/agazeta\/morhan-cobra-explicacoes-da-sesacre-sobre-exoneracao-de-gerente-da-oficina-ortopedica-retrocesso\/#primaryimage\"},\"image\":{\"@id\":\"https:\/\/nk7-testes.com.br\/agazeta\/morhan-cobra-explicacoes-da-sesacre-sobre-exoneracao-de-gerente-da-oficina-ortopedica-retrocesso\/#primaryimage\"},\"thumbnailUrl\":\"https:\/\/nk7-testes.com.br\/agazeta\/wp-content\/uploads\/2024\/05\/WhatsApp-Image-2024-05-31-at-16.13.18-jpeg.webp\",\"datePublished\":\"2024-05-31T21:23:03+00:00\",\"dateModified\":\"2024-05-31T21:23:55+00:00\",\"author\":{\"@id\":\"https:\/\/nk7-testes.com.br\/agazeta\/#\/schema\/person\/6d6e25cb0435eb4a02fd44d30b4e3020\"},\"breadcrumb\":{\"@id\":\"https:\/\/nk7-testes.com.br\/agazeta\/morhan-cobra-explicacoes-da-sesacre-sobre-exoneracao-de-gerente-da-oficina-ortopedica-retrocesso\/#breadcrumb\"},\"inLanguage\":\"pt-BR\",\"potentialAction\":[{\"@type\":\"ReadAction\",\"target\":[\"https:\/\/nk7-testes.com.br\/agazeta\/morhan-cobra-explicacoes-da-sesacre-sobre-exoneracao-de-gerente-da-oficina-ortopedica-retrocesso\/\"]}]},{\"@type\":\"ImageObject\",\"inLanguage\":\"pt-BR\",\"@id\":\"https:\/\/nk7-testes.com.br\/agazeta\/morhan-cobra-explicacoes-da-sesacre-sobre-exoneracao-de-gerente-da-oficina-ortopedica-retrocesso\/#primaryimage\",\"url\":\"https:\/\/nk7-testes.com.br\/agazeta\/wp-content\/uploads\/2024\/05\/WhatsApp-Image-2024-05-31-at-16.13.18-jpeg.webp\",\"contentUrl\":\"https:\/\/nk7-testes.com.br\/agazeta\/wp-content\/uploads\/2024\/05\/WhatsApp-Image-2024-05-31-at-16.13.18-jpeg.webp\",\"width\":800,\"height\":406},{\"@type\":\"BreadcrumbList\",\"@id\":\"https:\/\/nk7-testes.com.br\/agazeta\/morhan-cobra-explicacoes-da-sesacre-sobre-exoneracao-de-gerente-da-oficina-ortopedica-retrocesso\/#breadcrumb\",\"itemListElement\":[{\"@type\":\"ListItem\",\"position\":1,\"name\":\"In\u00edcio\",\"item\":\"https:\/\/nk7-testes.com.br\/agazeta\/\"},{\"@type\":\"ListItem\",\"position\":2,\"name\":\"Morhan cobra explica\u00e7\u00f5es da Sesacre sobre exonera\u00e7\u00e3o de gerente da Oficina Ortop\u00e9dica: &#8220;Retrocesso&#8221;\"}]},{\"@type\":\"WebSite\",\"@id\":\"https:\/\/nk7-testes.com.br\/agazeta\/#website\",\"url\":\"https:\/\/nk7-testes.com.br\/agazeta\/\",\"name\":\"Agazeta.net\",\"description\":\"Agazeta.net - Not\u00edcias de Rio Branco\/AC\",\"potentialAction\":[{\"@type\":\"SearchAction\",\"target\":{\"@type\":\"EntryPoint\",\"urlTemplate\":\"https:\/\/nk7-testes.com.br\/agazeta\/?s={search_term_string}\"},\"query-input\":{\"@type\":\"PropertyValueSpecification\",\"valueRequired\":true,\"valueName\":\"search_term_string\"}}],\"inLanguage\":\"pt-BR\"},{\"@type\":\"Person\",\"@id\":\"https:\/\/nk7-testes.com.br\/agazeta\/#\/schema\/person\/6d6e25cb0435eb4a02fd44d30b4e3020\",\"name\":\"Agazeta.Net\",\"url\":\"https:\/\/nk7-testes.com.br\/agazeta\/author\/agazeta\/\"}]}<\/script>\n<!-- \/ Yoast SEO plugin. -->","yoast_head_json":{"title":"Morhan cobra explica\u00e7\u00f5es da Sesacre sobre exonera\u00e7\u00e3o de gerente da Oficina Ortop\u00e9dica: \"Retrocesso\" - Agazeta.net","robots":{"index":"index","follow":"follow","max-snippet":"max-snippet:-1","max-image-preview":"max-image-preview:large","max-video-preview":"max-video-preview:-1"},"canonical":"https:\/\/nk7-testes.com.br\/agazeta\/morhan-cobra-explicacoes-da-sesacre-sobre-exoneracao-de-gerente-da-oficina-ortopedica-retrocesso\/","og_locale":"pt_BR","og_type":"article","og_title":"Morhan cobra explica\u00e7\u00f5es da Sesacre sobre exonera\u00e7\u00e3o de gerente da Oficina Ortop\u00e9dica: \"Retrocesso\"","og_description":"Coordenador do Morhan afirma que a institui\u00e7\u00e3o n\u00e3o teve aviso pr\u00e9vio e s\u00f3 soube da exonera\u00e7\u00e3o atrav\u00e9s do Di\u00e1rio Oficial","og_url":"https:\/\/nk7-testes.com.br\/agazeta\/morhan-cobra-explicacoes-da-sesacre-sobre-exoneracao-de-gerente-da-oficina-ortopedica-retrocesso\/","og_site_name":"Agazeta.net","article_published_time":"2024-05-31T21:23:03+00:00","article_modified_time":"2024-05-31T21:23:55+00:00","og_image":[{"width":800,"height":406,"url":"https:\/\/nk7-testes.com.br\/agazeta\/wp-content\/uploads\/2024\/05\/WhatsApp-Image-2024-05-31-at-16.13.18-jpeg.webp","type":"image\/jpeg"}],"author":"Agazeta.Net","twitter_card":"summary_large_image","twitter_misc":{"Escrito por":"Agazeta.Net","Est. tempo de leitura":"2 minutos"},"schema":{"@context":"https:\/\/schema.org","@graph":[{"@type":"WebPage","@id":"https:\/\/nk7-testes.com.br\/agazeta\/morhan-cobra-explicacoes-da-sesacre-sobre-exoneracao-de-gerente-da-oficina-ortopedica-retrocesso\/","url":"https:\/\/nk7-testes.com.br\/agazeta\/morhan-cobra-explicacoes-da-sesacre-sobre-exoneracao-de-gerente-da-oficina-ortopedica-retrocesso\/","name":"Morhan cobra explica\u00e7\u00f5es da Sesacre sobre exonera\u00e7\u00e3o de gerente da Oficina Ortop\u00e9dica: \"Retrocesso\" - Agazeta.net","isPartOf":{"@id":"https:\/\/nk7-testes.com.br\/agazeta\/#website"},"primaryImageOfPage":{"@id":"https:\/\/nk7-testes.com.br\/agazeta\/morhan-cobra-explicacoes-da-sesacre-sobre-exoneracao-de-gerente-da-oficina-ortopedica-retrocesso\/#primaryimage"},"image":{"@id":"https:\/\/nk7-testes.com.br\/agazeta\/morhan-cobra-explicacoes-da-sesacre-sobre-exoneracao-de-gerente-da-oficina-ortopedica-retrocesso\/#primaryimage"},"thumbnailUrl":"https:\/\/nk7-testes.com.br\/agazeta\/wp-content\/uploads\/2024\/05\/WhatsApp-Image-2024-05-31-at-16.13.18-jpeg.webp","datePublished":"2024-05-31T21:23:03+00:00","dateModified":"2024-05-31T21:23:55+00:00","author":{"@id":"https:\/\/nk7-testes.com.br\/agazeta\/#\/schema\/person\/6d6e25cb0435eb4a02fd44d30b4e3020"},"breadcrumb":{"@id":"https:\/\/nk7-testes.com.br\/agazeta\/morhan-cobra-explicacoes-da-sesacre-sobre-exoneracao-de-gerente-da-oficina-ortopedica-retrocesso\/#breadcrumb"},"inLanguage":"pt-BR","potentialAction":[{"@type":"ReadAction","target":["https:\/\/nk7-testes.com.br\/agazeta\/morhan-cobra-explicacoes-da-sesacre-sobre-exoneracao-de-gerente-da-oficina-ortopedica-retrocesso\/"]}]},{"@type":"ImageObject","inLanguage":"pt-BR","@id":"https:\/\/nk7-testes.com.br\/agazeta\/morhan-cobra-explicacoes-da-sesacre-sobre-exoneracao-de-gerente-da-oficina-ortopedica-retrocesso\/#primaryimage","url":"https:\/\/nk7-testes.com.br\/agazeta\/wp-content\/uploads\/2024\/05\/WhatsApp-Image-2024-05-31-at-16.13.18-jpeg.webp","contentUrl":"https:\/\/nk7-testes.com.br\/agazeta\/wp-content\/uploads\/2024\/05\/WhatsApp-Image-2024-05-31-at-16.13.18-jpeg.webp","width":800,"height":406},{"@type":"BreadcrumbList","@id":"https:\/\/nk7-testes.com.br\/agazeta\/morhan-cobra-explicacoes-da-sesacre-sobre-exoneracao-de-gerente-da-oficina-ortopedica-retrocesso\/#breadcrumb","itemListElement":[{"@type":"ListItem","position":1,"name":"In\u00edcio","item":"https:\/\/nk7-testes.com.br\/agazeta\/"},{"@type":"ListItem","position":2,"name":"Morhan cobra explica\u00e7\u00f5es da Sesacre sobre exonera\u00e7\u00e3o de gerente da Oficina Ortop\u00e9dica: &#8220;Retrocesso&#8221;"}]},{"@type":"WebSite","@id":"https:\/\/nk7-testes.com.br\/agazeta\/#website","url":"https:\/\/nk7-testes.com.br\/agazeta\/","name":"Agazeta.net","description":"Agazeta.net - Not\u00edcias de Rio Branco\/AC","potentialAction":[{"@type":"SearchAction","target":{"@type":"EntryPoint","urlTemplate":"https:\/\/nk7-testes.com.br\/agazeta\/?s={search_term_string}"},"query-input":{"@type":"PropertyValueSpecification","valueRequired":true,"valueName":"search_term_string"}}],"inLanguage":"pt-BR"},{"@type":"Person","@id":"https:\/\/nk7-testes.com.br\/agazeta\/#\/schema\/person\/6d6e25cb0435eb4a02fd44d30b4e3020","name":"Agazeta.Net","url":"https:\/\/nk7-testes.com.br\/agazeta\/author\/agazeta\/"}]}},"_links":{"self":[{"href":"https:\/\/nk7-testes.com.br\/agazeta\/wp-json\/wp\/v2\/posts\/133145","targetHints":{"allow":["GET"]}}],"collection":[{"href":"https:\/\/nk7-testes.com.br\/agazeta\/wp-json\/wp\/v2\/posts"}],"about":[{"href":"https:\/\/nk7-testes.com.br\/agazeta\/wp-json\/wp\/v2\/types\/post"}],"author":[{"embeddable":true,"href":"https:\/\/nk7-testes.com.br\/agazeta\/wp-json\/wp\/v2\/users\/4"}],"replies":[{"embeddable":true,"href":"https:\/\/nk7-testes.com.br\/agazeta\/wp-json\/wp\/v2\/comments?post=133145"}],"version-history":[{"count":0,"href":"https:\/\/nk7-testes.com.br\/agazeta\/wp-json\/wp\/v2\/posts\/133145\/revisions"}],"wp:featuredmedia":[{"embeddable":true,"href":"https:\/\/nk7-testes.com.br\/agazeta\/wp-json\/wp\/v2\/media\/133149"}],"wp:attachment":[{"href":"https:\/\/nk7-testes.com.br\/agazeta\/wp-json\/wp\/v2\/media?parent=133145"}],"wp:term":[{"taxonomy":"category","embeddable":true,"href":"https:\/\/nk7-testes.com.br\/agazeta\/wp-json\/wp\/v2\/categories?post=133145"},{"taxonomy":"post_tag","embeddable":true,"href":"https:\/\/nk7-testes.com.br\/agazeta\/wp-json\/wp\/v2\/tags?post=133145"}],"curies":[{"name":"wp","href":"https:\/\/api.w.org\/{rel}","templated":true}]}}