{"id":133135,"date":"2024-05-31T14:00:40","date_gmt":"2024-05-31T19:00:40","guid":{"rendered":"https:\/\/nk7-testes.com.br\/?p=133135"},"modified":"2024-05-31T14:00:40","modified_gmt":"2024-05-31T19:00:40","slug":"taxas-em-compras-internacionais-especialista-acreano-explica-do-ponto-de-vista-economico","status":"publish","type":"post","link":"https:\/\/nk7-testes.com.br\/agazeta\/taxas-em-compras-internacionais-especialista-acreano-explica-do-ponto-de-vista-economico\/","title":{"rendered":"Taxas em compras internacionais: especialista acreano explica do ponto de vista econ\u00f4mico"},"content":{"rendered":"<p style=\"text-align: justify;\">N\u00e3o s\u00e3o poucos os produtos que o consumidor brasileiro consegue comprar em sites internacionais sem precisar parar imposto por isso. A isen\u00e7\u00e3o de compras dessa natureza, feitas pela internet e com valor de at\u00e9 U$ 50, come\u00e7ou a ser adotada em agosto do ano passado. A medida tem validade para as empresas que aderiram ao programa Remessa Conforme, da Receita Federal.<\/p>\n<p style=\"text-align: justify;\">Na pr\u00e1tica, compras com valor acima de US$ 50 t\u00eam uma taxa de imposto de importa\u00e7\u00e3o de 60%. J\u00e1 as com valores abaixo de US$ 50, n\u00e3o s\u00e3o taxadas. Essa n\u00e3o cobran\u00e7a do imposto, para o consumidor, resulta em produtos mais baratos Mas com o passar dos meses, para a economia do pa\u00eds, a isen\u00e7\u00e3o come\u00e7ou a pesar e a comprometer uma perda potencial na arrecada\u00e7\u00e3o da Uni\u00e3o.<\/p>\n<p style=\"text-align: justify;\">Agora, existe o risco de compras de at\u00e9 US$ 50 feitas por meio de plataformas internacionais tamb\u00e9m sejam taxadas. A medida j\u00e1 foi aprovada na C\u00e2mara dos Deputados, e agora segue para avalia\u00e7\u00e3o e aprova\u00e7\u00e3o, ou n\u00e3o, no Senado.<\/p>\n<p style=\"text-align: justify;\">A not\u00edcia n\u00e3o agradou o consumidor adepto \u00e0 compra internacional. Pre\u00e7o, qualidade e variedade s\u00e3o os principais atrativos na hora de realizar uma compra de um pa\u00eds estrangeiro. Mas se a medida que retoma a cobran\u00e7a do imposto for aprovada, esse consumidor vai precisar repensar alguns h\u00e1bitos na hora da compra.<\/p>\n<p style=\"text-align: justify;\">&#8220;Eu acho errado n\u00f3s termos que fazer uma compra e pagar imposto&#8221;, disse uma popular, em entrevista \u00e0 TV Gazeta.<\/p>\n<p style=\"text-align: justify;\">A not\u00edcia pode at\u00e9 ter surpreendido o consumidor, mas j\u00e1 era esperada pelos especialistas. Do ponto de vista econ\u00f4mico, a conta n\u00e3o fecha, porque o governo gasta uma valor maior do que arrecada.<\/p>\n<p style=\"text-align: justify;\">&#8220;O principal aspecto \u00e9 fiscal, o governo tem um d\u00e9ficit muito alto e el est\u00e1 buscando medidas para aumentar a arrecada\u00e7\u00e3o. O principal objetivo do governo \u00e9 ter um instrumento, pois \u00e9 um volume muito grande de compras internacionais. Com isso, o governo aumenta a arrecada\u00e7\u00e3o&#8221;, explica o economista acreano Carlos Franco.<\/p>\n<p style=\"text-align: justify;\">Outro ponto considerado \u00e9 que, com a isen\u00e7\u00e3o, alguns setores do mercado interno ficaram em segundo plano para o consumidor. E \u00e9 com o retorno da taxa\u00e7\u00e3o, que o governo federal pretende reequilibrar essa balan\u00e7a.<\/p>\n<p style=\"text-align: justify;\">&#8220;Esse tipo de medida pode ajudar a ind\u00fastria e o com\u00e9rcio do pa\u00eds, uma vez que os produtos importados podem ficar mais caros do que os produtos produzidos no Brasil e incentivar a industrializa\u00e7\u00e3o e o com\u00e9rcio desses produtos internamente&#8221;, ressalta Franco.<\/p>\n<p><em><strong>Mat\u00e9ria produzida em v\u00eddeo pela rep\u00f3rter D\u00e9bora Ribeiro para a TV Gazeta<\/strong><\/em><\/p>\n","protected":false},"excerpt":{"rendered":"<p>N\u00e3o s\u00e3o poucos os produtos que o consumidor brasileiro consegue comprar em sites internacionais sem precisar parar imposto por isso. A isen\u00e7\u00e3o de compras dessa natureza, feitas pela internet e com valor de at\u00e9 U$ 50, come\u00e7ou a ser adotada em agosto do ano passado. A medida tem validade para as empresas que aderiram ao [&hellip;]<\/p>\n","protected":false},"author":4,"featured_media":133136,"comment_status":"open","ping_status":"open","sticky":false,"template":"","format":"standard","meta":{"jnews-multi-image_gallery":[],"jnews_single_post":{"source_name":"","source_url":"","via_name":"","via_url":"","override_template":"0","override":[{"template":"custom","single_blog_custom":"110746","parallax":"1","fullscreen":"1","layout":"right-sidebar","sidebar":"default-sidebar","second_sidebar":"default-sidebar","sticky_sidebar":"1","share_position":"top","share_float_style":"share-monocrhome","show_share_counter":"1","show_view_counter":"1","show_featured":"1","show_post_meta":"1","show_post_author":"1","show_post_author_image":"1","show_post_date":"1","post_date_format":"default","post_date_format_custom":"Y\/m\/d","show_post_category":"1","show_post_reading_time":"0","post_reading_time_wpm":"300","show_zoom_button":"0","zoom_button_out_step":"2","zoom_button_in_step":"3","show_post_tag":"1","show_prev_next_post":"1","show_popup_post":"1","number_popup_post":"1","show_author_box":"0","show_post_related":"1","show_inline_post_related":"0"}],"override_image_size":"0","image_override":[{"single_post_thumbnail_size":"crop-500","single_post_gallery_size":"crop-500"}],"trending_post":"0","trending_post_position":"meta","trending_post_label":"Trending","sponsored_post":"0","sponsored_post_label":"Sponsored by","sponsored_post_name":"","sponsored_post_url":"","sponsored_post_logo_enable":"0","sponsored_post_logo":"","sponsored_post_desc":"","disable_ad":"0"},"jnews_primary_category":{"id":"","hide":""},"jnews_social_meta":{"fb_title":"","fb_description":"","fb_image":"","twitter_title":"","twitter_description":"","twitter_image":""},"jnews_review":[],"enable_review":"0","type":"percentage","name":"","summary":"","brand":"","sku":"","good":[{"good_text":""}],"bad":[{"bad_text":""}],"score_override":"0","override_value":"","rating":[{"rating_text":"","rating_number":"10"}],"price":[{"shop":"","price":"","link":"","icon":""}],"footnotes":""},"categories":[54],"tags":[],"class_list":["post-133135","post","type-post","status-publish","format-standard","has-post-thumbnail","hentry","category-cotidiano"],"yoast_head":"<!-- This site is optimized with the Yoast SEO plugin v26.5 - https:\/\/yoast.com\/wordpress\/plugins\/seo\/ -->\n<title>Taxas em compras internacionais: especialista acreano explica do ponto de vista econ\u00f4mico - Agazeta.net<\/title>\n<meta name=\"robots\" content=\"index, follow, max-snippet:-1, max-image-preview:large, max-video-preview:-1\" \/>\n<link rel=\"canonical\" href=\"https:\/\/nk7-testes.com.br\/agazeta\/taxas-em-compras-internacionais-especialista-acreano-explica-do-ponto-de-vista-economico\/\" \/>\n<meta property=\"og:locale\" content=\"pt_BR\" \/>\n<meta property=\"og:type\" content=\"article\" \/>\n<meta property=\"og:title\" content=\"Taxas em compras internacionais: especialista acreano explica do ponto de vista econ\u00f4mico\" \/>\n<meta property=\"og:description\" content=\"A C\u00e2mara dos Deputados aprovou a cobran\u00e7a de 20% sobre as compras internacionais no valor de at\u00e9 US$ 50\" \/>\n<meta property=\"og:url\" content=\"https:\/\/nk7-testes.com.br\/agazeta\/taxas-em-compras-internacionais-especialista-acreano-explica-do-ponto-de-vista-economico\/\" \/>\n<meta property=\"og:site_name\" content=\"Agazeta.net\" \/>\n<meta property=\"article:published_time\" content=\"2024-05-31T19:00:40+00:00\" \/>\n<meta property=\"og:image\" content=\"https:\/\/nk7-testes.com.br\/agazeta\/wp-content\/uploads\/2024\/05\/o-que-e-shopee-jpg.webp\" \/>\n\t<meta property=\"og:image:width\" content=\"800\" \/>\n\t<meta property=\"og:image:height\" content=\"407\" \/>\n\t<meta property=\"og:image:type\" content=\"image\/jpeg\" \/>\n<meta name=\"author\" content=\"Agazeta.Net\" \/>\n<meta name=\"twitter:card\" content=\"summary_large_image\" \/>\n<meta name=\"twitter:label1\" content=\"Escrito por\" \/>\n\t<meta name=\"twitter:data1\" content=\"Agazeta.Net\" \/>\n\t<meta name=\"twitter:label2\" content=\"Est. tempo de leitura\" \/>\n\t<meta name=\"twitter:data2\" content=\"2 minutos\" \/>\n<script type=\"application\/ld+json\" class=\"yoast-schema-graph\">{\"@context\":\"https:\/\/schema.org\",\"@graph\":[{\"@type\":\"WebPage\",\"@id\":\"https:\/\/nk7-testes.com.br\/agazeta\/taxas-em-compras-internacionais-especialista-acreano-explica-do-ponto-de-vista-economico\/\",\"url\":\"https:\/\/nk7-testes.com.br\/agazeta\/taxas-em-compras-internacionais-especialista-acreano-explica-do-ponto-de-vista-economico\/\",\"name\":\"Taxas em compras internacionais: especialista acreano explica do ponto de vista econ\u00f4mico - Agazeta.net\",\"isPartOf\":{\"@id\":\"https:\/\/nk7-testes.com.br\/agazeta\/#website\"},\"primaryImageOfPage\":{\"@id\":\"https:\/\/nk7-testes.com.br\/agazeta\/taxas-em-compras-internacionais-especialista-acreano-explica-do-ponto-de-vista-economico\/#primaryimage\"},\"image\":{\"@id\":\"https:\/\/nk7-testes.com.br\/agazeta\/taxas-em-compras-internacionais-especialista-acreano-explica-do-ponto-de-vista-economico\/#primaryimage\"},\"thumbnailUrl\":\"https:\/\/nk7-testes.com.br\/agazeta\/wp-content\/uploads\/2024\/05\/o-que-e-shopee-jpg.webp\",\"datePublished\":\"2024-05-31T19:00:40+00:00\",\"author\":{\"@id\":\"https:\/\/nk7-testes.com.br\/agazeta\/#\/schema\/person\/6d6e25cb0435eb4a02fd44d30b4e3020\"},\"breadcrumb\":{\"@id\":\"https:\/\/nk7-testes.com.br\/agazeta\/taxas-em-compras-internacionais-especialista-acreano-explica-do-ponto-de-vista-economico\/#breadcrumb\"},\"inLanguage\":\"pt-BR\",\"potentialAction\":[{\"@type\":\"ReadAction\",\"target\":[\"https:\/\/nk7-testes.com.br\/agazeta\/taxas-em-compras-internacionais-especialista-acreano-explica-do-ponto-de-vista-economico\/\"]}]},{\"@type\":\"ImageObject\",\"inLanguage\":\"pt-BR\",\"@id\":\"https:\/\/nk7-testes.com.br\/agazeta\/taxas-em-compras-internacionais-especialista-acreano-explica-do-ponto-de-vista-economico\/#primaryimage\",\"url\":\"https:\/\/nk7-testes.com.br\/agazeta\/wp-content\/uploads\/2024\/05\/o-que-e-shopee-jpg.webp\",\"contentUrl\":\"https:\/\/nk7-testes.com.br\/agazeta\/wp-content\/uploads\/2024\/05\/o-que-e-shopee-jpg.webp\",\"width\":800,\"height\":407},{\"@type\":\"BreadcrumbList\",\"@id\":\"https:\/\/nk7-testes.com.br\/agazeta\/taxas-em-compras-internacionais-especialista-acreano-explica-do-ponto-de-vista-economico\/#breadcrumb\",\"itemListElement\":[{\"@type\":\"ListItem\",\"position\":1,\"name\":\"In\u00edcio\",\"item\":\"https:\/\/nk7-testes.com.br\/agazeta\/\"},{\"@type\":\"ListItem\",\"position\":2,\"name\":\"Taxas em compras internacionais: especialista acreano explica do ponto de vista econ\u00f4mico\"}]},{\"@type\":\"WebSite\",\"@id\":\"https:\/\/nk7-testes.com.br\/agazeta\/#website\",\"url\":\"https:\/\/nk7-testes.com.br\/agazeta\/\",\"name\":\"Agazeta.net\",\"description\":\"Agazeta.net - Not\u00edcias de Rio Branco\/AC\",\"potentialAction\":[{\"@type\":\"SearchAction\",\"target\":{\"@type\":\"EntryPoint\",\"urlTemplate\":\"https:\/\/nk7-testes.com.br\/agazeta\/?s={search_term_string}\"},\"query-input\":{\"@type\":\"PropertyValueSpecification\",\"valueRequired\":true,\"valueName\":\"search_term_string\"}}],\"inLanguage\":\"pt-BR\"},{\"@type\":\"Person\",\"@id\":\"https:\/\/nk7-testes.com.br\/agazeta\/#\/schema\/person\/6d6e25cb0435eb4a02fd44d30b4e3020\",\"name\":\"Agazeta.Net\",\"url\":\"https:\/\/nk7-testes.com.br\/agazeta\/author\/agazeta\/\"}]}<\/script>\n<!-- \/ Yoast SEO plugin. -->","yoast_head_json":{"title":"Taxas em compras internacionais: especialista acreano explica do ponto de vista econ\u00f4mico - Agazeta.net","robots":{"index":"index","follow":"follow","max-snippet":"max-snippet:-1","max-image-preview":"max-image-preview:large","max-video-preview":"max-video-preview:-1"},"canonical":"https:\/\/nk7-testes.com.br\/agazeta\/taxas-em-compras-internacionais-especialista-acreano-explica-do-ponto-de-vista-economico\/","og_locale":"pt_BR","og_type":"article","og_title":"Taxas em compras internacionais: especialista acreano explica do ponto de vista econ\u00f4mico","og_description":"A C\u00e2mara dos Deputados aprovou a cobran\u00e7a de 20% sobre as compras internacionais no valor de at\u00e9 US$ 50","og_url":"https:\/\/nk7-testes.com.br\/agazeta\/taxas-em-compras-internacionais-especialista-acreano-explica-do-ponto-de-vista-economico\/","og_site_name":"Agazeta.net","article_published_time":"2024-05-31T19:00:40+00:00","og_image":[{"width":800,"height":407,"url":"https:\/\/nk7-testes.com.br\/agazeta\/wp-content\/uploads\/2024\/05\/o-que-e-shopee-jpg.webp","type":"image\/jpeg"}],"author":"Agazeta.Net","twitter_card":"summary_large_image","twitter_misc":{"Escrito por":"Agazeta.Net","Est. tempo de leitura":"2 minutos"},"schema":{"@context":"https:\/\/schema.org","@graph":[{"@type":"WebPage","@id":"https:\/\/nk7-testes.com.br\/agazeta\/taxas-em-compras-internacionais-especialista-acreano-explica-do-ponto-de-vista-economico\/","url":"https:\/\/nk7-testes.com.br\/agazeta\/taxas-em-compras-internacionais-especialista-acreano-explica-do-ponto-de-vista-economico\/","name":"Taxas em compras internacionais: especialista acreano explica do ponto de vista econ\u00f4mico - Agazeta.net","isPartOf":{"@id":"https:\/\/nk7-testes.com.br\/agazeta\/#website"},"primaryImageOfPage":{"@id":"https:\/\/nk7-testes.com.br\/agazeta\/taxas-em-compras-internacionais-especialista-acreano-explica-do-ponto-de-vista-economico\/#primaryimage"},"image":{"@id":"https:\/\/nk7-testes.com.br\/agazeta\/taxas-em-compras-internacionais-especialista-acreano-explica-do-ponto-de-vista-economico\/#primaryimage"},"thumbnailUrl":"https:\/\/nk7-testes.com.br\/agazeta\/wp-content\/uploads\/2024\/05\/o-que-e-shopee-jpg.webp","datePublished":"2024-05-31T19:00:40+00:00","author":{"@id":"https:\/\/nk7-testes.com.br\/agazeta\/#\/schema\/person\/6d6e25cb0435eb4a02fd44d30b4e3020"},"breadcrumb":{"@id":"https:\/\/nk7-testes.com.br\/agazeta\/taxas-em-compras-internacionais-especialista-acreano-explica-do-ponto-de-vista-economico\/#breadcrumb"},"inLanguage":"pt-BR","potentialAction":[{"@type":"ReadAction","target":["https:\/\/nk7-testes.com.br\/agazeta\/taxas-em-compras-internacionais-especialista-acreano-explica-do-ponto-de-vista-economico\/"]}]},{"@type":"ImageObject","inLanguage":"pt-BR","@id":"https:\/\/nk7-testes.com.br\/agazeta\/taxas-em-compras-internacionais-especialista-acreano-explica-do-ponto-de-vista-economico\/#primaryimage","url":"https:\/\/nk7-testes.com.br\/agazeta\/wp-content\/uploads\/2024\/05\/o-que-e-shopee-jpg.webp","contentUrl":"https:\/\/nk7-testes.com.br\/agazeta\/wp-content\/uploads\/2024\/05\/o-que-e-shopee-jpg.webp","width":800,"height":407},{"@type":"BreadcrumbList","@id":"https:\/\/nk7-testes.com.br\/agazeta\/taxas-em-compras-internacionais-especialista-acreano-explica-do-ponto-de-vista-economico\/#breadcrumb","itemListElement":[{"@type":"ListItem","position":1,"name":"In\u00edcio","item":"https:\/\/nk7-testes.com.br\/agazeta\/"},{"@type":"ListItem","position":2,"name":"Taxas em compras internacionais: especialista acreano explica do ponto de vista econ\u00f4mico"}]},{"@type":"WebSite","@id":"https:\/\/nk7-testes.com.br\/agazeta\/#website","url":"https:\/\/nk7-testes.com.br\/agazeta\/","name":"Agazeta.net","description":"Agazeta.net - Not\u00edcias de Rio Branco\/AC","potentialAction":[{"@type":"SearchAction","target":{"@type":"EntryPoint","urlTemplate":"https:\/\/nk7-testes.com.br\/agazeta\/?s={search_term_string}"},"query-input":{"@type":"PropertyValueSpecification","valueRequired":true,"valueName":"search_term_string"}}],"inLanguage":"pt-BR"},{"@type":"Person","@id":"https:\/\/nk7-testes.com.br\/agazeta\/#\/schema\/person\/6d6e25cb0435eb4a02fd44d30b4e3020","name":"Agazeta.Net","url":"https:\/\/nk7-testes.com.br\/agazeta\/author\/agazeta\/"}]}},"_links":{"self":[{"href":"https:\/\/nk7-testes.com.br\/agazeta\/wp-json\/wp\/v2\/posts\/133135","targetHints":{"allow":["GET"]}}],"collection":[{"href":"https:\/\/nk7-testes.com.br\/agazeta\/wp-json\/wp\/v2\/posts"}],"about":[{"href":"https:\/\/nk7-testes.com.br\/agazeta\/wp-json\/wp\/v2\/types\/post"}],"author":[{"embeddable":true,"href":"https:\/\/nk7-testes.com.br\/agazeta\/wp-json\/wp\/v2\/users\/4"}],"replies":[{"embeddable":true,"href":"https:\/\/nk7-testes.com.br\/agazeta\/wp-json\/wp\/v2\/comments?post=133135"}],"version-history":[{"count":0,"href":"https:\/\/nk7-testes.com.br\/agazeta\/wp-json\/wp\/v2\/posts\/133135\/revisions"}],"wp:featuredmedia":[{"embeddable":true,"href":"https:\/\/nk7-testes.com.br\/agazeta\/wp-json\/wp\/v2\/media\/133136"}],"wp:attachment":[{"href":"https:\/\/nk7-testes.com.br\/agazeta\/wp-json\/wp\/v2\/media?parent=133135"}],"wp:term":[{"taxonomy":"category","embeddable":true,"href":"https:\/\/nk7-testes.com.br\/agazeta\/wp-json\/wp\/v2\/categories?post=133135"},{"taxonomy":"post_tag","embeddable":true,"href":"https:\/\/nk7-testes.com.br\/agazeta\/wp-json\/wp\/v2\/tags?post=133135"}],"curies":[{"name":"wp","href":"https:\/\/api.w.org\/{rel}","templated":true}]}}