{"id":133087,"date":"2024-05-30T16:33:08","date_gmt":"2024-05-30T21:33:08","guid":{"rendered":"https:\/\/nk7-testes.com.br\/?p=133087"},"modified":"2024-05-30T16:33:08","modified_gmt":"2024-05-30T21:33:08","slug":"desabamento-na-eta-ii-pode-comprometer-abastecimento-de-agua-em-varios-bairros-de-rio-branco","status":"publish","type":"post","link":"https:\/\/nk7-testes.com.br\/agazeta\/desabamento-na-eta-ii-pode-comprometer-abastecimento-de-agua-em-varios-bairros-de-rio-branco\/","title":{"rendered":"Desabamento na ETA II pode comprometer abastecimento de \u00e1gua em v\u00e1rios bairros de Rio Branco"},"content":{"rendered":"<p style=\"text-align: justify;\">Um desabamento ocorrido na estrutura da Esta\u00e7\u00e3o de Tratamento de \u00c1gua II (ETA II), nesta semana, pode comprometer a distribui\u00e7\u00e3o de \u00e1gua pot\u00e1vel em v\u00e1rios bairros de Rio Branco. Esta\u00e7\u00e3o \u00e9 respons\u00e1vel por abastecer todo o 2\u00b0 Distrito.<\/p>\n<p style=\"text-align: justify;\">Devido as movimenta\u00e7\u00f5es no solo, a estrutura da ETA II foi afetada e situa\u00e7\u00e3o pode comprometer o abastecimento de \u00e1gua no 2\u00b0 Distrito da capital, al\u00e9m de outros bairros do 1\u00b0 Distrito. Apesar do problema, a ETA ainda continua a funcionar pela quantidade de bairros que abastece.<\/p>\n<p style=\"text-align: justify;\">&#8220;\u00c9 uma situa\u00e7\u00e3o grave e n\u00e3o \u00e9 de hoje. Nesses \u00faltimos tr\u00eas anos agravou mais. Nessa alaga\u00e7\u00e3o de 2024 agravou mais ainda. O rio subiu e desceu muito r\u00e1pido, com isso, encharcou o solo e puxou para\u00a0 rio. Temos a estrutura toda quebrada e a gente est\u00e1 quase em pr\u00e9-fase de colapsar&#8221;, conta o diretor-presidente do Sistema de \u00c1gua de Esgoto de Rio Branco (Saerb), Enoque Pereira.<\/p>\n<figure id=\"attachment_133089\" aria-describedby=\"caption-attachment-133089\" style=\"width: 562px\" class=\"wp-caption aligncenter\"><img decoding=\"async\" class=\"wp-image-133089 \" src=\"https:\/\/nk7-testes.com.br\/wp-content\/uploads\/2024\/05\/WhatsApp-Image-2024-05-30-at-16.30.48-jpeg.webp\" alt=\"\" width=\"562\" height=\"320\" srcset=\"https:\/\/nk7-testes.com.br\/agazeta\/wp-content\/uploads\/2024\/05\/WhatsApp-Image-2024-05-30-at-16.30.48-jpeg.webp 1596w, https:\/\/nk7-testes.com.br\/agazeta\/wp-content\/uploads\/2024\/05\/WhatsApp-Image-2024-05-30-at-16.30.48-300x171.webp 300w, https:\/\/nk7-testes.com.br\/agazeta\/wp-content\/uploads\/2024\/05\/WhatsApp-Image-2024-05-30-at-16.30.48-1024x583.webp 1024w, https:\/\/nk7-testes.com.br\/agazeta\/wp-content\/uploads\/2024\/05\/WhatsApp-Image-2024-05-30-at-16.30.48-768x437.webp 768w, https:\/\/nk7-testes.com.br\/agazeta\/wp-content\/uploads\/2024\/05\/WhatsApp-Image-2024-05-30-at-16.30.48-1536x874.webp 1536w, https:\/\/nk7-testes.com.br\/agazeta\/wp-content\/uploads\/2024\/05\/WhatsApp-Image-2024-05-30-at-16.30.48-750x427.webp 750w, https:\/\/nk7-testes.com.br\/agazeta\/wp-content\/uploads\/2024\/05\/WhatsApp-Image-2024-05-30-at-16.30.48-1140x649.webp 1140w\" sizes=\"(max-width: 562px) 100vw, 562px\" \/><figcaption id=\"caption-attachment-133089\" class=\"wp-caption-text\">Imagem: TV Gazeta<\/figcaption><\/figure>\n<p style=\"text-align: justify;\">De acordo com o diretor da pasta, a \u00e1gua que \u00e9 captada no lado onde est\u00e1 localizada a Esta\u00e7\u00e3o de Tratamento vai ser transferida para o outro lado, pois a estrutura pode entrar em colapso a qualquer momento.<\/p>\n<p style=\"text-align: justify;\">&#8220;Daqui umas duas semanas, no m\u00e1ximo, tirando daqui a parte de \u00e1gua que \u00e9 captada do rio e jogando para o outro lado, porque a estrutura n\u00e3o est\u00e1 nos garantindo ficar aqui mais um ou dois meses, pode colapsar daqui uma semana&#8221;, destaca Pereira.<\/p>\n<p style=\"text-align: justify;\">Em entrevista, o prefeito Ti\u00e3o Bocalom (PL) ressalta que h\u00e1 cerca de 20 anos j\u00e1 falavam que a ETA II iria dar problemas e que, agora, ela pode explodir.<\/p>\n<p style=\"text-align: justify;\">&#8220;Isso aqui \u00e9 coisa de 20 anos quem mexe com essa \u00e1rea vinha dizendo &#8216;Isso aqui vai dar problema&#8217;. Infelizmente, a bomba est\u00e1 explodindo na nossa m\u00e3o. Tenho certeza que essa equipe guerreira do Saerb e todo nosso empenho n\u00e3o v\u00e3o ter essa bomba explodindo&#8221;, diz Bocalom<\/p>\n<p style=\"text-align: justify;\">Segundo o prefeito, a Defesa Civil Nacional j\u00e1 reconheceu a situa\u00e7\u00e3o de emerg\u00eancia da capital acreana e que t\u00e9cnicos da Defesa Civil de Rio Branco e do Saerb foram a Bras\u00edlia preparar um projeto. Agora, aguardam a aprova\u00e7\u00e3o.<\/p>\n<p style=\"text-align: justify;\">&#8220;A Defesa Civil Nacional j\u00e1 reconheceu nosso decreto de emerg\u00eancia e mandamos os nossos t\u00e9cnicos da Defesa Civil Municipal, juntamente com os t\u00e9cnicos do Saerb, preparar um projeto em Bras\u00edlia. Est\u00e3o agora aguardando a aprova\u00e7\u00e3o do projeto, no valor de mais de R$ 17 milh\u00f5es para a gente resolver, pelo menos, por algum tempo&#8221;, informa o prefeito.<\/p>\n<p><strong><em>Com informa\u00e7\u00f5es do rep\u00f3rter Luan Rodrigo para a TV Gazeta<\/em><\/strong><\/p>\n","protected":false},"excerpt":{"rendered":"<p>Um desabamento ocorrido na estrutura da Esta\u00e7\u00e3o de Tratamento de \u00c1gua II (ETA II), nesta semana, pode comprometer a distribui\u00e7\u00e3o de \u00e1gua pot\u00e1vel em v\u00e1rios bairros de Rio Branco. Esta\u00e7\u00e3o \u00e9 respons\u00e1vel por abastecer todo o 2\u00b0 Distrito. Devido as movimenta\u00e7\u00f5es no solo, a estrutura da ETA II foi afetada e situa\u00e7\u00e3o pode comprometer o [&hellip;]<\/p>\n","protected":false},"author":4,"featured_media":133088,"comment_status":"open","ping_status":"open","sticky":false,"template":"","format":"standard","meta":{"jnews-multi-image_gallery":[],"jnews_single_post":{"source_name":"","source_url":"","via_name":"","via_url":"","override_template":"0","override":[{"template":"custom","single_blog_custom":"110746","parallax":"1","fullscreen":"1","layout":"right-sidebar","sidebar":"default-sidebar","second_sidebar":"default-sidebar","sticky_sidebar":"1","share_position":"top","share_float_style":"share-monocrhome","show_share_counter":"1","show_view_counter":"1","show_featured":"1","show_post_meta":"1","show_post_author":"1","show_post_author_image":"1","show_post_date":"1","post_date_format":"default","post_date_format_custom":"Y\/m\/d","show_post_category":"1","show_post_reading_time":"0","post_reading_time_wpm":"300","show_zoom_button":"0","zoom_button_out_step":"2","zoom_button_in_step":"3","show_post_tag":"1","show_prev_next_post":"1","show_popup_post":"1","number_popup_post":"1","show_author_box":"0","show_post_related":"1","show_inline_post_related":"0"}],"override_image_size":"0","image_override":[{"single_post_thumbnail_size":"crop-500","single_post_gallery_size":"crop-500"}],"trending_post":"0","trending_post_position":"meta","trending_post_label":"Trending","sponsored_post":"0","sponsored_post_label":"Sponsored by","sponsored_post_name":"","sponsored_post_url":"","sponsored_post_logo_enable":"0","sponsored_post_logo":"","sponsored_post_desc":"","disable_ad":"0"},"jnews_primary_category":{"id":"","hide":""},"jnews_social_meta":{"fb_title":"","fb_description":"","fb_image":"","twitter_title":"","twitter_description":"","twitter_image":""},"jnews_review":[],"enable_review":"0","type":"percentage","name":"","summary":"","brand":"","sku":"","good":[{"good_text":""}],"bad":[{"bad_text":""}],"score_override":"0","override_value":"","rating":[{"rating_text":"","rating_number":"10"}],"price":[{"shop":"","price":"","link":"","icon":""}],"footnotes":""},"categories":[54],"tags":[152],"class_list":["post-133087","post","type-post","status-publish","format-standard","has-post-thumbnail","hentry","category-cotidiano","tag-destaque"],"yoast_head":"<!-- This site is optimized with the Yoast SEO plugin v26.5 - https:\/\/yoast.com\/wordpress\/plugins\/seo\/ -->\n<title>Desabamento na ETA II pode comprometer abastecimento de \u00e1gua em v\u00e1rios bairros de Rio Branco - Agazeta.net<\/title>\n<meta name=\"robots\" content=\"index, follow, max-snippet:-1, max-image-preview:large, max-video-preview:-1\" \/>\n<link rel=\"canonical\" href=\"https:\/\/nk7-testes.com.br\/agazeta\/desabamento-na-eta-ii-pode-comprometer-abastecimento-de-agua-em-varios-bairros-de-rio-branco\/\" \/>\n<meta property=\"og:locale\" content=\"pt_BR\" \/>\n<meta property=\"og:type\" content=\"article\" \/>\n<meta property=\"og:title\" content=\"Desabamento na ETA II pode comprometer abastecimento de \u00e1gua em v\u00e1rios bairros de Rio Branco\" \/>\n<meta property=\"og:description\" content=\"Segundo o diretor do Saerb, situa\u00e7\u00e3o na Esta\u00e7\u00e3o de Tratamento est\u00e1 em fase de pr\u00e9-colapso\" \/>\n<meta property=\"og:url\" content=\"https:\/\/nk7-testes.com.br\/agazeta\/desabamento-na-eta-ii-pode-comprometer-abastecimento-de-agua-em-varios-bairros-de-rio-branco\/\" \/>\n<meta property=\"og:site_name\" content=\"Agazeta.net\" \/>\n<meta property=\"article:published_time\" content=\"2024-05-30T21:33:08+00:00\" \/>\n<meta property=\"og:image\" content=\"https:\/\/nk7-testes.com.br\/agazeta\/wp-content\/uploads\/2024\/05\/WhatsApp-Image-2024-05-30-at-16.30.51-jpeg.webp\" \/>\n\t<meta property=\"og:image:width\" content=\"800\" \/>\n\t<meta property=\"og:image:height\" content=\"400\" \/>\n\t<meta property=\"og:image:type\" content=\"image\/jpeg\" \/>\n<meta name=\"author\" content=\"Agazeta.Net\" \/>\n<meta name=\"twitter:card\" content=\"summary_large_image\" \/>\n<meta name=\"twitter:label1\" content=\"Escrito por\" \/>\n\t<meta name=\"twitter:data1\" content=\"Agazeta.Net\" \/>\n\t<meta name=\"twitter:label2\" content=\"Est. tempo de leitura\" \/>\n\t<meta name=\"twitter:data2\" content=\"2 minutos\" \/>\n<script type=\"application\/ld+json\" class=\"yoast-schema-graph\">{\"@context\":\"https:\/\/schema.org\",\"@graph\":[{\"@type\":\"WebPage\",\"@id\":\"https:\/\/nk7-testes.com.br\/agazeta\/desabamento-na-eta-ii-pode-comprometer-abastecimento-de-agua-em-varios-bairros-de-rio-branco\/\",\"url\":\"https:\/\/nk7-testes.com.br\/agazeta\/desabamento-na-eta-ii-pode-comprometer-abastecimento-de-agua-em-varios-bairros-de-rio-branco\/\",\"name\":\"Desabamento na ETA II pode comprometer abastecimento de \u00e1gua em v\u00e1rios bairros de Rio Branco - Agazeta.net\",\"isPartOf\":{\"@id\":\"https:\/\/nk7-testes.com.br\/agazeta\/#website\"},\"primaryImageOfPage\":{\"@id\":\"https:\/\/nk7-testes.com.br\/agazeta\/desabamento-na-eta-ii-pode-comprometer-abastecimento-de-agua-em-varios-bairros-de-rio-branco\/#primaryimage\"},\"image\":{\"@id\":\"https:\/\/nk7-testes.com.br\/agazeta\/desabamento-na-eta-ii-pode-comprometer-abastecimento-de-agua-em-varios-bairros-de-rio-branco\/#primaryimage\"},\"thumbnailUrl\":\"https:\/\/nk7-testes.com.br\/agazeta\/wp-content\/uploads\/2024\/05\/WhatsApp-Image-2024-05-30-at-16.30.51-jpeg.webp\",\"datePublished\":\"2024-05-30T21:33:08+00:00\",\"author\":{\"@id\":\"https:\/\/nk7-testes.com.br\/agazeta\/#\/schema\/person\/6d6e25cb0435eb4a02fd44d30b4e3020\"},\"breadcrumb\":{\"@id\":\"https:\/\/nk7-testes.com.br\/agazeta\/desabamento-na-eta-ii-pode-comprometer-abastecimento-de-agua-em-varios-bairros-de-rio-branco\/#breadcrumb\"},\"inLanguage\":\"pt-BR\",\"potentialAction\":[{\"@type\":\"ReadAction\",\"target\":[\"https:\/\/nk7-testes.com.br\/agazeta\/desabamento-na-eta-ii-pode-comprometer-abastecimento-de-agua-em-varios-bairros-de-rio-branco\/\"]}]},{\"@type\":\"ImageObject\",\"inLanguage\":\"pt-BR\",\"@id\":\"https:\/\/nk7-testes.com.br\/agazeta\/desabamento-na-eta-ii-pode-comprometer-abastecimento-de-agua-em-varios-bairros-de-rio-branco\/#primaryimage\",\"url\":\"https:\/\/nk7-testes.com.br\/agazeta\/wp-content\/uploads\/2024\/05\/WhatsApp-Image-2024-05-30-at-16.30.51-jpeg.webp\",\"contentUrl\":\"https:\/\/nk7-testes.com.br\/agazeta\/wp-content\/uploads\/2024\/05\/WhatsApp-Image-2024-05-30-at-16.30.51-jpeg.webp\",\"width\":800,\"height\":400,\"caption\":\"Imagem: TV Gazeta\"},{\"@type\":\"BreadcrumbList\",\"@id\":\"https:\/\/nk7-testes.com.br\/agazeta\/desabamento-na-eta-ii-pode-comprometer-abastecimento-de-agua-em-varios-bairros-de-rio-branco\/#breadcrumb\",\"itemListElement\":[{\"@type\":\"ListItem\",\"position\":1,\"name\":\"In\u00edcio\",\"item\":\"https:\/\/nk7-testes.com.br\/agazeta\/\"},{\"@type\":\"ListItem\",\"position\":2,\"name\":\"Desabamento na ETA II pode comprometer abastecimento de \u00e1gua em v\u00e1rios bairros de Rio Branco\"}]},{\"@type\":\"WebSite\",\"@id\":\"https:\/\/nk7-testes.com.br\/agazeta\/#website\",\"url\":\"https:\/\/nk7-testes.com.br\/agazeta\/\",\"name\":\"Agazeta.net\",\"description\":\"Agazeta.net - Not\u00edcias de Rio Branco\/AC\",\"potentialAction\":[{\"@type\":\"SearchAction\",\"target\":{\"@type\":\"EntryPoint\",\"urlTemplate\":\"https:\/\/nk7-testes.com.br\/agazeta\/?s={search_term_string}\"},\"query-input\":{\"@type\":\"PropertyValueSpecification\",\"valueRequired\":true,\"valueName\":\"search_term_string\"}}],\"inLanguage\":\"pt-BR\"},{\"@type\":\"Person\",\"@id\":\"https:\/\/nk7-testes.com.br\/agazeta\/#\/schema\/person\/6d6e25cb0435eb4a02fd44d30b4e3020\",\"name\":\"Agazeta.Net\",\"url\":\"https:\/\/nk7-testes.com.br\/agazeta\/author\/agazeta\/\"}]}<\/script>\n<!-- \/ Yoast SEO plugin. -->","yoast_head_json":{"title":"Desabamento na ETA II pode comprometer abastecimento de \u00e1gua em v\u00e1rios bairros de Rio Branco - Agazeta.net","robots":{"index":"index","follow":"follow","max-snippet":"max-snippet:-1","max-image-preview":"max-image-preview:large","max-video-preview":"max-video-preview:-1"},"canonical":"https:\/\/nk7-testes.com.br\/agazeta\/desabamento-na-eta-ii-pode-comprometer-abastecimento-de-agua-em-varios-bairros-de-rio-branco\/","og_locale":"pt_BR","og_type":"article","og_title":"Desabamento na ETA II pode comprometer abastecimento de \u00e1gua em v\u00e1rios bairros de Rio Branco","og_description":"Segundo o diretor do Saerb, situa\u00e7\u00e3o na Esta\u00e7\u00e3o de Tratamento est\u00e1 em fase de pr\u00e9-colapso","og_url":"https:\/\/nk7-testes.com.br\/agazeta\/desabamento-na-eta-ii-pode-comprometer-abastecimento-de-agua-em-varios-bairros-de-rio-branco\/","og_site_name":"Agazeta.net","article_published_time":"2024-05-30T21:33:08+00:00","og_image":[{"width":800,"height":400,"url":"https:\/\/nk7-testes.com.br\/agazeta\/wp-content\/uploads\/2024\/05\/WhatsApp-Image-2024-05-30-at-16.30.51-jpeg.webp","type":"image\/jpeg"}],"author":"Agazeta.Net","twitter_card":"summary_large_image","twitter_misc":{"Escrito por":"Agazeta.Net","Est. tempo de leitura":"2 minutos"},"schema":{"@context":"https:\/\/schema.org","@graph":[{"@type":"WebPage","@id":"https:\/\/nk7-testes.com.br\/agazeta\/desabamento-na-eta-ii-pode-comprometer-abastecimento-de-agua-em-varios-bairros-de-rio-branco\/","url":"https:\/\/nk7-testes.com.br\/agazeta\/desabamento-na-eta-ii-pode-comprometer-abastecimento-de-agua-em-varios-bairros-de-rio-branco\/","name":"Desabamento na ETA II pode comprometer abastecimento de \u00e1gua em v\u00e1rios bairros de Rio Branco - Agazeta.net","isPartOf":{"@id":"https:\/\/nk7-testes.com.br\/agazeta\/#website"},"primaryImageOfPage":{"@id":"https:\/\/nk7-testes.com.br\/agazeta\/desabamento-na-eta-ii-pode-comprometer-abastecimento-de-agua-em-varios-bairros-de-rio-branco\/#primaryimage"},"image":{"@id":"https:\/\/nk7-testes.com.br\/agazeta\/desabamento-na-eta-ii-pode-comprometer-abastecimento-de-agua-em-varios-bairros-de-rio-branco\/#primaryimage"},"thumbnailUrl":"https:\/\/nk7-testes.com.br\/agazeta\/wp-content\/uploads\/2024\/05\/WhatsApp-Image-2024-05-30-at-16.30.51-jpeg.webp","datePublished":"2024-05-30T21:33:08+00:00","author":{"@id":"https:\/\/nk7-testes.com.br\/agazeta\/#\/schema\/person\/6d6e25cb0435eb4a02fd44d30b4e3020"},"breadcrumb":{"@id":"https:\/\/nk7-testes.com.br\/agazeta\/desabamento-na-eta-ii-pode-comprometer-abastecimento-de-agua-em-varios-bairros-de-rio-branco\/#breadcrumb"},"inLanguage":"pt-BR","potentialAction":[{"@type":"ReadAction","target":["https:\/\/nk7-testes.com.br\/agazeta\/desabamento-na-eta-ii-pode-comprometer-abastecimento-de-agua-em-varios-bairros-de-rio-branco\/"]}]},{"@type":"ImageObject","inLanguage":"pt-BR","@id":"https:\/\/nk7-testes.com.br\/agazeta\/desabamento-na-eta-ii-pode-comprometer-abastecimento-de-agua-em-varios-bairros-de-rio-branco\/#primaryimage","url":"https:\/\/nk7-testes.com.br\/agazeta\/wp-content\/uploads\/2024\/05\/WhatsApp-Image-2024-05-30-at-16.30.51-jpeg.webp","contentUrl":"https:\/\/nk7-testes.com.br\/agazeta\/wp-content\/uploads\/2024\/05\/WhatsApp-Image-2024-05-30-at-16.30.51-jpeg.webp","width":800,"height":400,"caption":"Imagem: TV Gazeta"},{"@type":"BreadcrumbList","@id":"https:\/\/nk7-testes.com.br\/agazeta\/desabamento-na-eta-ii-pode-comprometer-abastecimento-de-agua-em-varios-bairros-de-rio-branco\/#breadcrumb","itemListElement":[{"@type":"ListItem","position":1,"name":"In\u00edcio","item":"https:\/\/nk7-testes.com.br\/agazeta\/"},{"@type":"ListItem","position":2,"name":"Desabamento na ETA II pode comprometer abastecimento de \u00e1gua em v\u00e1rios bairros de Rio Branco"}]},{"@type":"WebSite","@id":"https:\/\/nk7-testes.com.br\/agazeta\/#website","url":"https:\/\/nk7-testes.com.br\/agazeta\/","name":"Agazeta.net","description":"Agazeta.net - Not\u00edcias de Rio Branco\/AC","potentialAction":[{"@type":"SearchAction","target":{"@type":"EntryPoint","urlTemplate":"https:\/\/nk7-testes.com.br\/agazeta\/?s={search_term_string}"},"query-input":{"@type":"PropertyValueSpecification","valueRequired":true,"valueName":"search_term_string"}}],"inLanguage":"pt-BR"},{"@type":"Person","@id":"https:\/\/nk7-testes.com.br\/agazeta\/#\/schema\/person\/6d6e25cb0435eb4a02fd44d30b4e3020","name":"Agazeta.Net","url":"https:\/\/nk7-testes.com.br\/agazeta\/author\/agazeta\/"}]}},"_links":{"self":[{"href":"https:\/\/nk7-testes.com.br\/agazeta\/wp-json\/wp\/v2\/posts\/133087","targetHints":{"allow":["GET"]}}],"collection":[{"href":"https:\/\/nk7-testes.com.br\/agazeta\/wp-json\/wp\/v2\/posts"}],"about":[{"href":"https:\/\/nk7-testes.com.br\/agazeta\/wp-json\/wp\/v2\/types\/post"}],"author":[{"embeddable":true,"href":"https:\/\/nk7-testes.com.br\/agazeta\/wp-json\/wp\/v2\/users\/4"}],"replies":[{"embeddable":true,"href":"https:\/\/nk7-testes.com.br\/agazeta\/wp-json\/wp\/v2\/comments?post=133087"}],"version-history":[{"count":0,"href":"https:\/\/nk7-testes.com.br\/agazeta\/wp-json\/wp\/v2\/posts\/133087\/revisions"}],"wp:featuredmedia":[{"embeddable":true,"href":"https:\/\/nk7-testes.com.br\/agazeta\/wp-json\/wp\/v2\/media\/133088"}],"wp:attachment":[{"href":"https:\/\/nk7-testes.com.br\/agazeta\/wp-json\/wp\/v2\/media?parent=133087"}],"wp:term":[{"taxonomy":"category","embeddable":true,"href":"https:\/\/nk7-testes.com.br\/agazeta\/wp-json\/wp\/v2\/categories?post=133087"},{"taxonomy":"post_tag","embeddable":true,"href":"https:\/\/nk7-testes.com.br\/agazeta\/wp-json\/wp\/v2\/tags?post=133087"}],"curies":[{"name":"wp","href":"https:\/\/api.w.org\/{rel}","templated":true}]}}