{"id":133078,"date":"2024-05-30T14:13:33","date_gmt":"2024-05-30T19:13:33","guid":{"rendered":"https:\/\/nk7-testes.com.br\/?p=133078"},"modified":"2024-05-30T14:14:54","modified_gmt":"2024-05-30T19:14:54","slug":"nao-e-pedido-de-aumento-e-de-recomposicao-diz-presidente-do-sinpol-em-ato-na-aleac","status":"publish","type":"post","link":"https:\/\/nk7-testes.com.br\/agazeta\/nao-e-pedido-de-aumento-e-de-recomposicao-diz-presidente-do-sinpol-em-ato-na-aleac\/","title":{"rendered":"&#8220;N\u00e3o \u00e9 pedido de aumento, \u00e9 de recomposi\u00e7\u00e3o&#8221;, diz presidente do Sinpol em ato na Aleac"},"content":{"rendered":"<p style=\"text-align: justify;\">Uma manifesta\u00e7\u00e3o pac\u00edfica reuniu policiais civis no hall de entrada da Assembleia Legislativa do Acre (Aleac), nesta quinta-feira (29), em busca de uma maior valoriza\u00e7\u00e3o e a continuidade das negocia\u00e7\u00f5es com o governo do Estado.<\/p>\n<p style=\"text-align: justify;\">O ato p\u00fablico realizado pela categoria visa reivindicar a aten\u00e7\u00e3o necess\u00e1ria para quest\u00f5es como a recomposi\u00e7\u00e3o inflacion\u00e1ria dos sal\u00e1rios, valoriza\u00e7\u00e3o da produtividade, melhores condi\u00e7\u00f5es de trabalho e equidade nas gratifica\u00e7\u00f5es.<\/p>\n<p style=\"text-align: justify;\">Segundo o presidente do Sindicato dos Policiais Civis do Acre (Sinpol), Rafael Diniz, as demandas da categoria est\u00e3o sendo apresentadas desde 2019, por\u00e9m, n\u00e3o houve respostas pr\u00e1ticas por parte do governo. A necessidade de manter a valoriza\u00e7\u00e3o da categoria, bem como a resolu\u00e7\u00e3o de quest\u00f5es administrativas e estruturais, tem sido o foco das reivindica\u00e7\u00f5es dos policiais civis.<\/p>\n<p style=\"text-align: justify;\">&#8220;N\u00f3s temos dois eixos, a quest\u00e3o da valoriza\u00e7\u00e3o salarial, que \u00e9 parte do governo, na verdade n\u00e3o \u00e9 um pedido de aumento salarial, que fique bem claro, a gente sempre fala isso, \u00e9 recomposi\u00e7\u00e3o inflacion\u00e1ria. A infla\u00e7\u00e3o vem corroendo o poder de compra dos policiais civis desde 2019, n\u00e3o tem essa recomposi\u00e7\u00e3o. Outras pautas tamb\u00e9m, como a valoriza\u00e7\u00e3o de produtividade, ent\u00e3o s\u00e3o pautas espec\u00edficas do governador. Pautas administrativas e quest\u00e3o das estruturas b\u00e1sicas de trabalho&#8221;, explica o presidente do sindicato.<\/p>\n<p style=\"text-align: justify;\">Durante uma sess\u00e3o na Aleac, os policiais civis ocuparam a galeria em busca de apoio dos parlamentares. O deputado Emerson Jarude, do Partido Novo, destacou a import\u00e2ncia da valoriza\u00e7\u00e3o da Pol\u00edcia Civil (PCAC) e criticou a prioriza\u00e7\u00e3o de gastos com cargos comissionados em detrimento das necessidades b\u00e1sicas da institui\u00e7\u00e3o.<\/p>\n<p style=\"text-align: justify;\">&#8220;O que a gente percebe \u00e9 que a op\u00e7\u00e3o do governo do stado do Acre tem sido em aumentar cargos comissionados, criar secretarias para distribuir entre os pol\u00edticos, enquanto isso quest\u00f5es b\u00e1sicas dentro da Pol\u00edcia Civil e do Iapen n\u00e3o s\u00e3o resolvidas. Ent\u00e3o, mais uma vez, n\u00f3s subimos na tribuna para mostrar os gastos com cargos comissionados e o gasto com a PCAC. Ent\u00e3o, hoje se gasta dez vezes mais com cargos comissionados do que com a pol\u00edcia, que \u00e9 uma institui\u00e7\u00e3o t\u00e3o importante para a nossa sociedade&#8221;, comenta o deputado.<\/p>\n<p style=\"text-align: justify;\">Al\u00e9m das reivindica\u00e7\u00f5es dos policiais civis, outro tema relacionado \u00e0 seguran\u00e7a p\u00fablica foi abordado na sess\u00e3o. O deputado Arlenilson Cunha, do PL, apresentou um anteprojeto de lei que visa desonerar o banco de horas para todas as categorias de policiais, incluindo policiais penais. A proposta busca isentar o imposto de renda sobre as horas complementares, visando garantir uma remunera\u00e7\u00e3o mais justa aos servidores da seguran\u00e7a p\u00fablica.<\/p>\n<p style=\"text-align: justify;\">O deputado Cunha ressaltou a import\u00e2ncia da proposta para os policiais, com destaque para \u00e0 necessidade de reconhecimento e valoriza\u00e7\u00e3o da seguran\u00e7a p\u00fablica como um todo. Os policiais presentes na sess\u00e3o demonstraram apoio \u00e0 iniciativa e refor\u00e7aram a import\u00e2ncia de serem ouvidos e atendidos pelo governo e pelos parlamentares em rela\u00e7\u00e3o \u00e0s quest\u00f5es fundamentais para a categoria.<\/p>\n<p style=\"text-align: justify;\">&#8220;Estamos aqui hoje para acompanhar o anteprojeto a respeito do BH, porque hoje um banco de hora de 250 reais l\u00edquido fica para o servidor s\u00f3 188. Ent\u00e3o, n\u00e3o diferente das demais for\u00e7as, estamos aqui com o pires na m\u00e3o, avocando o seu governador e os deputados que ou\u00e7am e vejam a nossa seguran\u00e7a p\u00fablica como um todo, seja Pol\u00edcia Penal, seja Pol\u00edcia Civil e os demais&#8221;, conclui o deputado.<\/p>\n<p><em><strong>Mat\u00e9ria produzida em v\u00eddeo pela rep\u00f3rter D\u00e9bora Ribeiro para a TV Gazeta<\/strong><\/em><\/p>\n","protected":false},"excerpt":{"rendered":"<p>Uma manifesta\u00e7\u00e3o pac\u00edfica reuniu policiais civis no hall de entrada da Assembleia Legislativa do Acre (Aleac), nesta quinta-feira (29), em busca de uma maior valoriza\u00e7\u00e3o e a continuidade das negocia\u00e7\u00f5es com o governo do Estado. O ato p\u00fablico realizado pela categoria visa reivindicar a aten\u00e7\u00e3o necess\u00e1ria para quest\u00f5es como a recomposi\u00e7\u00e3o inflacion\u00e1ria dos sal\u00e1rios, valoriza\u00e7\u00e3o [&hellip;]<\/p>\n","protected":false},"author":4,"featured_media":133079,"comment_status":"open","ping_status":"open","sticky":false,"template":"","format":"standard","meta":{"jnews-multi-image_gallery":[],"jnews_single_post":{"source_name":"","source_url":"","via_name":"","via_url":"","override_template":"0","override":[{"template":"custom","single_blog_custom":"110746","parallax":"1","fullscreen":"1","layout":"right-sidebar","sidebar":"default-sidebar","second_sidebar":"default-sidebar","sticky_sidebar":"1","share_position":"top","share_float_style":"share-monocrhome","show_share_counter":"1","show_view_counter":"1","show_featured":"1","show_post_meta":"1","show_post_author":"1","show_post_author_image":"1","show_post_date":"1","post_date_format":"default","post_date_format_custom":"Y\/m\/d","show_post_category":"1","show_post_reading_time":"0","post_reading_time_wpm":"300","show_zoom_button":"0","zoom_button_out_step":"2","zoom_button_in_step":"3","show_post_tag":"1","show_prev_next_post":"1","show_popup_post":"1","number_popup_post":"1","show_author_box":"0","show_post_related":"1","show_inline_post_related":"0"}],"override_image_size":"0","image_override":[{"single_post_thumbnail_size":"crop-500","single_post_gallery_size":"crop-500"}],"trending_post":"0","trending_post_position":"meta","trending_post_label":"Trending","sponsored_post":"0","sponsored_post_label":"Sponsored by","sponsored_post_name":"","sponsored_post_url":"","sponsored_post_logo_enable":"0","sponsored_post_logo":"","sponsored_post_desc":"","disable_ad":"0"},"jnews_primary_category":{"id":"","hide":""},"jnews_social_meta":{"fb_title":"","fb_description":"","fb_image":"","twitter_title":"","twitter_description":"","twitter_image":""},"jnews_review":[],"enable_review":"0","type":"percentage","name":"","summary":"","brand":"","sku":"","good":[{"good_text":""}],"bad":[{"bad_text":""}],"score_override":"0","override_value":"","rating":[{"rating_text":"","rating_number":"10"}],"price":[{"shop":"","price":"","link":"","icon":""}],"footnotes":""},"categories":[54],"tags":[],"class_list":["post-133078","post","type-post","status-publish","format-standard","has-post-thumbnail","hentry","category-cotidiano"],"yoast_head":"<!-- This site is optimized with the Yoast SEO plugin v26.5 - https:\/\/yoast.com\/wordpress\/plugins\/seo\/ -->\n<title>&quot;N\u00e3o \u00e9 pedido de aumento, \u00e9 de recomposi\u00e7\u00e3o&quot;, diz presidente do Sinpol em ato na Aleac - Agazeta.net<\/title>\n<meta name=\"robots\" content=\"index, follow, max-snippet:-1, max-image-preview:large, max-video-preview:-1\" \/>\n<link rel=\"canonical\" href=\"https:\/\/nk7-testes.com.br\/agazeta\/nao-e-pedido-de-aumento-e-de-recomposicao-diz-presidente-do-sinpol-em-ato-na-aleac\/\" \/>\n<meta property=\"og:locale\" content=\"pt_BR\" \/>\n<meta property=\"og:type\" content=\"article\" \/>\n<meta property=\"og:title\" content=\"&quot;N\u00e3o \u00e9 pedido de aumento, \u00e9 de recomposi\u00e7\u00e3o&quot;, diz presidente do Sinpol em ato na Aleac\" \/>\n<meta property=\"og:description\" content=\"Manifesta\u00e7\u00e3o reuniu policiais civis no hall de entrada da Assembleia Legislativa do Acre nesta quinta-feira (29)\" \/>\n<meta property=\"og:url\" content=\"https:\/\/nk7-testes.com.br\/agazeta\/nao-e-pedido-de-aumento-e-de-recomposicao-diz-presidente-do-sinpol-em-ato-na-aleac\/\" \/>\n<meta property=\"og:site_name\" content=\"Agazeta.net\" \/>\n<meta property=\"article:published_time\" content=\"2024-05-30T19:13:33+00:00\" \/>\n<meta property=\"article:modified_time\" content=\"2024-05-30T19:14:54+00:00\" \/>\n<meta property=\"og:image\" content=\"https:\/\/nk7-testes.com.br\/agazeta\/wp-content\/uploads\/2024\/05\/IMG-20240529-WA0027-jpg.webp\" \/>\n\t<meta property=\"og:image:width\" content=\"800\" \/>\n\t<meta property=\"og:image:height\" content=\"402\" \/>\n\t<meta property=\"og:image:type\" content=\"image\/jpeg\" \/>\n<meta name=\"author\" content=\"Agazeta.Net\" \/>\n<meta name=\"twitter:card\" content=\"summary_large_image\" \/>\n<meta name=\"twitter:label1\" content=\"Escrito por\" \/>\n\t<meta name=\"twitter:data1\" content=\"Agazeta.Net\" \/>\n\t<meta name=\"twitter:label2\" content=\"Est. tempo de leitura\" \/>\n\t<meta name=\"twitter:data2\" content=\"3 minutos\" \/>\n<script type=\"application\/ld+json\" class=\"yoast-schema-graph\">{\"@context\":\"https:\/\/schema.org\",\"@graph\":[{\"@type\":\"WebPage\",\"@id\":\"https:\/\/nk7-testes.com.br\/agazeta\/nao-e-pedido-de-aumento-e-de-recomposicao-diz-presidente-do-sinpol-em-ato-na-aleac\/\",\"url\":\"https:\/\/nk7-testes.com.br\/agazeta\/nao-e-pedido-de-aumento-e-de-recomposicao-diz-presidente-do-sinpol-em-ato-na-aleac\/\",\"name\":\"\\\"N\u00e3o \u00e9 pedido de aumento, \u00e9 de recomposi\u00e7\u00e3o\\\", diz presidente do Sinpol em ato na Aleac - Agazeta.net\",\"isPartOf\":{\"@id\":\"https:\/\/nk7-testes.com.br\/agazeta\/#website\"},\"primaryImageOfPage\":{\"@id\":\"https:\/\/nk7-testes.com.br\/agazeta\/nao-e-pedido-de-aumento-e-de-recomposicao-diz-presidente-do-sinpol-em-ato-na-aleac\/#primaryimage\"},\"image\":{\"@id\":\"https:\/\/nk7-testes.com.br\/agazeta\/nao-e-pedido-de-aumento-e-de-recomposicao-diz-presidente-do-sinpol-em-ato-na-aleac\/#primaryimage\"},\"thumbnailUrl\":\"https:\/\/nk7-testes.com.br\/agazeta\/wp-content\/uploads\/2024\/05\/IMG-20240529-WA0027-jpg.webp\",\"datePublished\":\"2024-05-30T19:13:33+00:00\",\"dateModified\":\"2024-05-30T19:14:54+00:00\",\"author\":{\"@id\":\"https:\/\/nk7-testes.com.br\/agazeta\/#\/schema\/person\/6d6e25cb0435eb4a02fd44d30b4e3020\"},\"breadcrumb\":{\"@id\":\"https:\/\/nk7-testes.com.br\/agazeta\/nao-e-pedido-de-aumento-e-de-recomposicao-diz-presidente-do-sinpol-em-ato-na-aleac\/#breadcrumb\"},\"inLanguage\":\"pt-BR\",\"potentialAction\":[{\"@type\":\"ReadAction\",\"target\":[\"https:\/\/nk7-testes.com.br\/agazeta\/nao-e-pedido-de-aumento-e-de-recomposicao-diz-presidente-do-sinpol-em-ato-na-aleac\/\"]}]},{\"@type\":\"ImageObject\",\"inLanguage\":\"pt-BR\",\"@id\":\"https:\/\/nk7-testes.com.br\/agazeta\/nao-e-pedido-de-aumento-e-de-recomposicao-diz-presidente-do-sinpol-em-ato-na-aleac\/#primaryimage\",\"url\":\"https:\/\/nk7-testes.com.br\/agazeta\/wp-content\/uploads\/2024\/05\/IMG-20240529-WA0027-jpg.webp\",\"contentUrl\":\"https:\/\/nk7-testes.com.br\/agazeta\/wp-content\/uploads\/2024\/05\/IMG-20240529-WA0027-jpg.webp\",\"width\":800,\"height\":402,\"caption\":\"Imagem: S\u00e9rgio Vale\"},{\"@type\":\"BreadcrumbList\",\"@id\":\"https:\/\/nk7-testes.com.br\/agazeta\/nao-e-pedido-de-aumento-e-de-recomposicao-diz-presidente-do-sinpol-em-ato-na-aleac\/#breadcrumb\",\"itemListElement\":[{\"@type\":\"ListItem\",\"position\":1,\"name\":\"In\u00edcio\",\"item\":\"https:\/\/nk7-testes.com.br\/agazeta\/\"},{\"@type\":\"ListItem\",\"position\":2,\"name\":\"&#8220;N\u00e3o \u00e9 pedido de aumento, \u00e9 de recomposi\u00e7\u00e3o&#8221;, diz presidente do Sinpol em ato na Aleac\"}]},{\"@type\":\"WebSite\",\"@id\":\"https:\/\/nk7-testes.com.br\/agazeta\/#website\",\"url\":\"https:\/\/nk7-testes.com.br\/agazeta\/\",\"name\":\"Agazeta.net\",\"description\":\"Agazeta.net - Not\u00edcias de Rio Branco\/AC\",\"potentialAction\":[{\"@type\":\"SearchAction\",\"target\":{\"@type\":\"EntryPoint\",\"urlTemplate\":\"https:\/\/nk7-testes.com.br\/agazeta\/?s={search_term_string}\"},\"query-input\":{\"@type\":\"PropertyValueSpecification\",\"valueRequired\":true,\"valueName\":\"search_term_string\"}}],\"inLanguage\":\"pt-BR\"},{\"@type\":\"Person\",\"@id\":\"https:\/\/nk7-testes.com.br\/agazeta\/#\/schema\/person\/6d6e25cb0435eb4a02fd44d30b4e3020\",\"name\":\"Agazeta.Net\",\"url\":\"https:\/\/nk7-testes.com.br\/agazeta\/author\/agazeta\/\"}]}<\/script>\n<!-- \/ Yoast SEO plugin. -->","yoast_head_json":{"title":"\"N\u00e3o \u00e9 pedido de aumento, \u00e9 de recomposi\u00e7\u00e3o\", diz presidente do Sinpol em ato na Aleac - Agazeta.net","robots":{"index":"index","follow":"follow","max-snippet":"max-snippet:-1","max-image-preview":"max-image-preview:large","max-video-preview":"max-video-preview:-1"},"canonical":"https:\/\/nk7-testes.com.br\/agazeta\/nao-e-pedido-de-aumento-e-de-recomposicao-diz-presidente-do-sinpol-em-ato-na-aleac\/","og_locale":"pt_BR","og_type":"article","og_title":"\"N\u00e3o \u00e9 pedido de aumento, \u00e9 de recomposi\u00e7\u00e3o\", diz presidente do Sinpol em ato na Aleac","og_description":"Manifesta\u00e7\u00e3o reuniu policiais civis no hall de entrada da Assembleia Legislativa do Acre nesta quinta-feira (29)","og_url":"https:\/\/nk7-testes.com.br\/agazeta\/nao-e-pedido-de-aumento-e-de-recomposicao-diz-presidente-do-sinpol-em-ato-na-aleac\/","og_site_name":"Agazeta.net","article_published_time":"2024-05-30T19:13:33+00:00","article_modified_time":"2024-05-30T19:14:54+00:00","og_image":[{"width":800,"height":402,"url":"https:\/\/nk7-testes.com.br\/agazeta\/wp-content\/uploads\/2024\/05\/IMG-20240529-WA0027-jpg.webp","type":"image\/jpeg"}],"author":"Agazeta.Net","twitter_card":"summary_large_image","twitter_misc":{"Escrito por":"Agazeta.Net","Est. tempo de leitura":"3 minutos"},"schema":{"@context":"https:\/\/schema.org","@graph":[{"@type":"WebPage","@id":"https:\/\/nk7-testes.com.br\/agazeta\/nao-e-pedido-de-aumento-e-de-recomposicao-diz-presidente-do-sinpol-em-ato-na-aleac\/","url":"https:\/\/nk7-testes.com.br\/agazeta\/nao-e-pedido-de-aumento-e-de-recomposicao-diz-presidente-do-sinpol-em-ato-na-aleac\/","name":"\"N\u00e3o \u00e9 pedido de aumento, \u00e9 de recomposi\u00e7\u00e3o\", diz presidente do Sinpol em ato na Aleac - Agazeta.net","isPartOf":{"@id":"https:\/\/nk7-testes.com.br\/agazeta\/#website"},"primaryImageOfPage":{"@id":"https:\/\/nk7-testes.com.br\/agazeta\/nao-e-pedido-de-aumento-e-de-recomposicao-diz-presidente-do-sinpol-em-ato-na-aleac\/#primaryimage"},"image":{"@id":"https:\/\/nk7-testes.com.br\/agazeta\/nao-e-pedido-de-aumento-e-de-recomposicao-diz-presidente-do-sinpol-em-ato-na-aleac\/#primaryimage"},"thumbnailUrl":"https:\/\/nk7-testes.com.br\/agazeta\/wp-content\/uploads\/2024\/05\/IMG-20240529-WA0027-jpg.webp","datePublished":"2024-05-30T19:13:33+00:00","dateModified":"2024-05-30T19:14:54+00:00","author":{"@id":"https:\/\/nk7-testes.com.br\/agazeta\/#\/schema\/person\/6d6e25cb0435eb4a02fd44d30b4e3020"},"breadcrumb":{"@id":"https:\/\/nk7-testes.com.br\/agazeta\/nao-e-pedido-de-aumento-e-de-recomposicao-diz-presidente-do-sinpol-em-ato-na-aleac\/#breadcrumb"},"inLanguage":"pt-BR","potentialAction":[{"@type":"ReadAction","target":["https:\/\/nk7-testes.com.br\/agazeta\/nao-e-pedido-de-aumento-e-de-recomposicao-diz-presidente-do-sinpol-em-ato-na-aleac\/"]}]},{"@type":"ImageObject","inLanguage":"pt-BR","@id":"https:\/\/nk7-testes.com.br\/agazeta\/nao-e-pedido-de-aumento-e-de-recomposicao-diz-presidente-do-sinpol-em-ato-na-aleac\/#primaryimage","url":"https:\/\/nk7-testes.com.br\/agazeta\/wp-content\/uploads\/2024\/05\/IMG-20240529-WA0027-jpg.webp","contentUrl":"https:\/\/nk7-testes.com.br\/agazeta\/wp-content\/uploads\/2024\/05\/IMG-20240529-WA0027-jpg.webp","width":800,"height":402,"caption":"Imagem: S\u00e9rgio Vale"},{"@type":"BreadcrumbList","@id":"https:\/\/nk7-testes.com.br\/agazeta\/nao-e-pedido-de-aumento-e-de-recomposicao-diz-presidente-do-sinpol-em-ato-na-aleac\/#breadcrumb","itemListElement":[{"@type":"ListItem","position":1,"name":"In\u00edcio","item":"https:\/\/nk7-testes.com.br\/agazeta\/"},{"@type":"ListItem","position":2,"name":"&#8220;N\u00e3o \u00e9 pedido de aumento, \u00e9 de recomposi\u00e7\u00e3o&#8221;, diz presidente do Sinpol em ato na Aleac"}]},{"@type":"WebSite","@id":"https:\/\/nk7-testes.com.br\/agazeta\/#website","url":"https:\/\/nk7-testes.com.br\/agazeta\/","name":"Agazeta.net","description":"Agazeta.net - Not\u00edcias de Rio Branco\/AC","potentialAction":[{"@type":"SearchAction","target":{"@type":"EntryPoint","urlTemplate":"https:\/\/nk7-testes.com.br\/agazeta\/?s={search_term_string}"},"query-input":{"@type":"PropertyValueSpecification","valueRequired":true,"valueName":"search_term_string"}}],"inLanguage":"pt-BR"},{"@type":"Person","@id":"https:\/\/nk7-testes.com.br\/agazeta\/#\/schema\/person\/6d6e25cb0435eb4a02fd44d30b4e3020","name":"Agazeta.Net","url":"https:\/\/nk7-testes.com.br\/agazeta\/author\/agazeta\/"}]}},"_links":{"self":[{"href":"https:\/\/nk7-testes.com.br\/agazeta\/wp-json\/wp\/v2\/posts\/133078","targetHints":{"allow":["GET"]}}],"collection":[{"href":"https:\/\/nk7-testes.com.br\/agazeta\/wp-json\/wp\/v2\/posts"}],"about":[{"href":"https:\/\/nk7-testes.com.br\/agazeta\/wp-json\/wp\/v2\/types\/post"}],"author":[{"embeddable":true,"href":"https:\/\/nk7-testes.com.br\/agazeta\/wp-json\/wp\/v2\/users\/4"}],"replies":[{"embeddable":true,"href":"https:\/\/nk7-testes.com.br\/agazeta\/wp-json\/wp\/v2\/comments?post=133078"}],"version-history":[{"count":0,"href":"https:\/\/nk7-testes.com.br\/agazeta\/wp-json\/wp\/v2\/posts\/133078\/revisions"}],"wp:featuredmedia":[{"embeddable":true,"href":"https:\/\/nk7-testes.com.br\/agazeta\/wp-json\/wp\/v2\/media\/133079"}],"wp:attachment":[{"href":"https:\/\/nk7-testes.com.br\/agazeta\/wp-json\/wp\/v2\/media?parent=133078"}],"wp:term":[{"taxonomy":"category","embeddable":true,"href":"https:\/\/nk7-testes.com.br\/agazeta\/wp-json\/wp\/v2\/categories?post=133078"},{"taxonomy":"post_tag","embeddable":true,"href":"https:\/\/nk7-testes.com.br\/agazeta\/wp-json\/wp\/v2\/tags?post=133078"}],"curies":[{"name":"wp","href":"https:\/\/api.w.org\/{rel}","templated":true}]}}