{"id":133030,"date":"2024-05-29T16:01:14","date_gmt":"2024-05-29T21:01:14","guid":{"rendered":"https:\/\/nk7-testes.com.br\/?p=133030"},"modified":"2024-05-29T16:01:14","modified_gmt":"2024-05-29T21:01:14","slug":"nao-tem-valentia-suficiente-diz-deputada-apos-presidente-do-iapen-nao-comparecer-a-aleac","status":"publish","type":"post","link":"https:\/\/nk7-testes.com.br\/agazeta\/nao-tem-valentia-suficiente-diz-deputada-apos-presidente-do-iapen-nao-comparecer-a-aleac\/","title":{"rendered":"&#8220;N\u00e3o tem valentia suficiente&#8221;, diz deputada ap\u00f3s presidente do Iapen n\u00e3o comparecer \u00e0 Aleac"},"content":{"rendered":"<p style=\"text-align: justify;\">Em sess\u00e3o na manh\u00e3 desta quarta-feira, 29, a deputada Michelle Melo (PDT) afirmou que presidente do Instituto de Administra\u00e7\u00e3o Penitenci\u00e1ria (Iapen), Alexandre Nascimento, n\u00e3o tem valentia suficiente para comparecer \u00e0 Assembleia Legislativa do Acre (Aleac).<\/p>\n<p style=\"text-align: justify;\">Na \u00faltima semana, a deputada realizou um convite para que o diretor do Iapen fosse \u00e0 Assembleia Legislativa se pronunciar sobre as den\u00fancias de ass\u00e9dio moral que recebeu de um grupo de policiais penais femininas. Por\u00e9m, Nascimento n\u00e3o compareceu.<\/p>\n<p style=\"text-align: justify;\">&#8220;N\u00f3s tivemos um convite para o presidente do Iapen para que ele viesse esclarecer o que tenha acontecido dentro da institui\u00e7\u00e3o. Infelizmente, ele desapareceu. N\u00f3s imagin\u00e1vamos que isso ia acontecer. Geralmente, os que s\u00e3o muito valent\u00f5es dentro de uma sala com mulheres, n\u00e3o t\u00eam valentia suficiente para comparecer perante as autoridades&#8221;, disse Melo.<\/p>\n<p style=\"text-align: justify;\">Na sess\u00e3o do dia 21 de maio, a deputada protocolou um requerimento para a presen\u00e7a de Alexandre Nascimento na Aleac, mas foi rejeitado pelo restante dos parlamentares presentes. Nesta quarta-feira, Michelle Melo voltou a protocolar um novo requerimento.<\/p>\n<p style=\"text-align: justify;\">&#8220;N\u00f3s estaremos colocando nessa Casa novamente o requerimento de convoca\u00e7\u00e3o, para que ele venha obrigado a comparecer perante esse Poder. N\u00e3o deixaremos passar tamanho desrespeito de um gestor p\u00fablico para com essas policiais penais, que at\u00e9 hoje se sentem indignadas e humilhadas&#8221;, ressalta.<\/p>\n","protected":false},"excerpt":{"rendered":"<p>Em sess\u00e3o na manh\u00e3 desta quarta-feira, 29, a deputada Michelle Melo (PDT) afirmou que presidente do Instituto de Administra\u00e7\u00e3o Penitenci\u00e1ria (Iapen), Alexandre Nascimento, n\u00e3o tem valentia suficiente para comparecer \u00e0 Assembleia Legislativa do Acre (Aleac). Na \u00faltima semana, a deputada realizou um convite para que o diretor do Iapen fosse \u00e0 Assembleia Legislativa se pronunciar [&hellip;]<\/p>\n","protected":false},"author":4,"featured_media":133033,"comment_status":"open","ping_status":"open","sticky":false,"template":"","format":"standard","meta":{"jnews-multi-image_gallery":[],"jnews_single_post":{"source_name":"","source_url":"","via_name":"","via_url":"","override_template":"0","override":[{"template":"custom","single_blog_custom":"110746","parallax":"1","fullscreen":"1","layout":"right-sidebar","sidebar":"default-sidebar","second_sidebar":"default-sidebar","sticky_sidebar":"1","share_position":"top","share_float_style":"share-monocrhome","show_share_counter":"1","show_view_counter":"1","show_featured":"1","show_post_meta":"1","show_post_author":"1","show_post_author_image":"1","show_post_date":"1","post_date_format":"default","post_date_format_custom":"Y\/m\/d","show_post_category":"1","show_post_reading_time":"0","post_reading_time_wpm":"300","show_zoom_button":"0","zoom_button_out_step":"2","zoom_button_in_step":"3","show_post_tag":"1","show_prev_next_post":"1","show_popup_post":"1","number_popup_post":"1","show_author_box":"0","show_post_related":"1","show_inline_post_related":"0"}],"override_image_size":"0","image_override":[{"single_post_thumbnail_size":"crop-500","single_post_gallery_size":"crop-500"}],"trending_post":"0","trending_post_position":"meta","trending_post_label":"Trending","sponsored_post":"0","sponsored_post_label":"Sponsored by","sponsored_post_name":"","sponsored_post_url":"","sponsored_post_logo_enable":"0","sponsored_post_logo":"","sponsored_post_desc":"","disable_ad":"0"},"jnews_primary_category":{"id":"","hide":""},"jnews_social_meta":{"fb_title":"","fb_description":"","fb_image":"","twitter_title":"","twitter_description":"","twitter_image":""},"jnews_review":[],"enable_review":"0","type":"percentage","name":"","summary":"","brand":"","sku":"","good":[{"good_text":""}],"bad":[{"bad_text":""}],"score_override":"0","override_value":"","rating":[{"rating_text":"","rating_number":"10"}],"price":[{"shop":"","price":"","link":"","icon":""}],"footnotes":""},"categories":[54],"tags":[152],"class_list":["post-133030","post","type-post","status-publish","format-standard","has-post-thumbnail","hentry","category-cotidiano","tag-destaque"],"yoast_head":"<!-- This site is optimized with the Yoast SEO plugin v26.5 - https:\/\/yoast.com\/wordpress\/plugins\/seo\/ -->\n<title>&quot;N\u00e3o tem valentia suficiente&quot;, diz deputada ap\u00f3s presidente do Iapen n\u00e3o comparecer \u00e0 Aleac - Agazeta.net<\/title>\n<meta name=\"robots\" content=\"index, follow, max-snippet:-1, max-image-preview:large, max-video-preview:-1\" \/>\n<link rel=\"canonical\" href=\"https:\/\/nk7-testes.com.br\/agazeta\/nao-tem-valentia-suficiente-diz-deputada-apos-presidente-do-iapen-nao-comparecer-a-aleac\/\" \/>\n<meta property=\"og:locale\" content=\"pt_BR\" \/>\n<meta property=\"og:type\" content=\"article\" \/>\n<meta property=\"og:title\" content=\"&quot;N\u00e3o tem valentia suficiente&quot;, diz deputada ap\u00f3s presidente do Iapen n\u00e3o comparecer \u00e0 Aleac\" \/>\n<meta property=\"og:description\" content=\"Michelle Melo protocolou um novo requerimento para que Alexandre Nascimento v\u00e1 \u00e0 Assembleia Legislativa\" \/>\n<meta property=\"og:url\" content=\"https:\/\/nk7-testes.com.br\/agazeta\/nao-tem-valentia-suficiente-diz-deputada-apos-presidente-do-iapen-nao-comparecer-a-aleac\/\" \/>\n<meta property=\"og:site_name\" content=\"Agazeta.net\" \/>\n<meta property=\"article:published_time\" content=\"2024-05-29T21:01:14+00:00\" \/>\n<meta property=\"og:image\" content=\"https:\/\/nk7-testes.com.br\/agazeta\/wp-content\/uploads\/2024\/05\/IMG-20240529-WA0021-1536x1024-1-jpg.webp\" \/>\n\t<meta property=\"og:image:width\" content=\"800\" \/>\n\t<meta property=\"og:image:height\" content=\"402\" \/>\n\t<meta property=\"og:image:type\" content=\"image\/jpeg\" \/>\n<meta name=\"author\" content=\"Agazeta.Net\" \/>\n<meta name=\"twitter:card\" content=\"summary_large_image\" \/>\n<meta name=\"twitter:label1\" content=\"Escrito por\" \/>\n\t<meta name=\"twitter:data1\" content=\"Agazeta.Net\" \/>\n\t<meta name=\"twitter:label2\" content=\"Est. tempo de leitura\" \/>\n\t<meta name=\"twitter:data2\" content=\"1 minuto\" \/>\n<script type=\"application\/ld+json\" class=\"yoast-schema-graph\">{\"@context\":\"https:\/\/schema.org\",\"@graph\":[{\"@type\":\"WebPage\",\"@id\":\"https:\/\/nk7-testes.com.br\/agazeta\/nao-tem-valentia-suficiente-diz-deputada-apos-presidente-do-iapen-nao-comparecer-a-aleac\/\",\"url\":\"https:\/\/nk7-testes.com.br\/agazeta\/nao-tem-valentia-suficiente-diz-deputada-apos-presidente-do-iapen-nao-comparecer-a-aleac\/\",\"name\":\"\\\"N\u00e3o tem valentia suficiente\\\", diz deputada ap\u00f3s presidente do Iapen n\u00e3o comparecer \u00e0 Aleac - Agazeta.net\",\"isPartOf\":{\"@id\":\"https:\/\/nk7-testes.com.br\/agazeta\/#website\"},\"primaryImageOfPage\":{\"@id\":\"https:\/\/nk7-testes.com.br\/agazeta\/nao-tem-valentia-suficiente-diz-deputada-apos-presidente-do-iapen-nao-comparecer-a-aleac\/#primaryimage\"},\"image\":{\"@id\":\"https:\/\/nk7-testes.com.br\/agazeta\/nao-tem-valentia-suficiente-diz-deputada-apos-presidente-do-iapen-nao-comparecer-a-aleac\/#primaryimage\"},\"thumbnailUrl\":\"https:\/\/nk7-testes.com.br\/agazeta\/wp-content\/uploads\/2024\/05\/IMG-20240529-WA0021-1536x1024-1-jpg.webp\",\"datePublished\":\"2024-05-29T21:01:14+00:00\",\"author\":{\"@id\":\"https:\/\/nk7-testes.com.br\/agazeta\/#\/schema\/person\/6d6e25cb0435eb4a02fd44d30b4e3020\"},\"breadcrumb\":{\"@id\":\"https:\/\/nk7-testes.com.br\/agazeta\/nao-tem-valentia-suficiente-diz-deputada-apos-presidente-do-iapen-nao-comparecer-a-aleac\/#breadcrumb\"},\"inLanguage\":\"pt-BR\",\"potentialAction\":[{\"@type\":\"ReadAction\",\"target\":[\"https:\/\/nk7-testes.com.br\/agazeta\/nao-tem-valentia-suficiente-diz-deputada-apos-presidente-do-iapen-nao-comparecer-a-aleac\/\"]}]},{\"@type\":\"ImageObject\",\"inLanguage\":\"pt-BR\",\"@id\":\"https:\/\/nk7-testes.com.br\/agazeta\/nao-tem-valentia-suficiente-diz-deputada-apos-presidente-do-iapen-nao-comparecer-a-aleac\/#primaryimage\",\"url\":\"https:\/\/nk7-testes.com.br\/agazeta\/wp-content\/uploads\/2024\/05\/IMG-20240529-WA0021-1536x1024-1-jpg.webp\",\"contentUrl\":\"https:\/\/nk7-testes.com.br\/agazeta\/wp-content\/uploads\/2024\/05\/IMG-20240529-WA0021-1536x1024-1-jpg.webp\",\"width\":800,\"height\":402,\"caption\":\"Imagem: S\u00e9rgio Vale\"},{\"@type\":\"BreadcrumbList\",\"@id\":\"https:\/\/nk7-testes.com.br\/agazeta\/nao-tem-valentia-suficiente-diz-deputada-apos-presidente-do-iapen-nao-comparecer-a-aleac\/#breadcrumb\",\"itemListElement\":[{\"@type\":\"ListItem\",\"position\":1,\"name\":\"In\u00edcio\",\"item\":\"https:\/\/nk7-testes.com.br\/agazeta\/\"},{\"@type\":\"ListItem\",\"position\":2,\"name\":\"&#8220;N\u00e3o tem valentia suficiente&#8221;, diz deputada ap\u00f3s presidente do Iapen n\u00e3o comparecer \u00e0 Aleac\"}]},{\"@type\":\"WebSite\",\"@id\":\"https:\/\/nk7-testes.com.br\/agazeta\/#website\",\"url\":\"https:\/\/nk7-testes.com.br\/agazeta\/\",\"name\":\"Agazeta.net\",\"description\":\"Agazeta.net - Not\u00edcias de Rio Branco\/AC\",\"potentialAction\":[{\"@type\":\"SearchAction\",\"target\":{\"@type\":\"EntryPoint\",\"urlTemplate\":\"https:\/\/nk7-testes.com.br\/agazeta\/?s={search_term_string}\"},\"query-input\":{\"@type\":\"PropertyValueSpecification\",\"valueRequired\":true,\"valueName\":\"search_term_string\"}}],\"inLanguage\":\"pt-BR\"},{\"@type\":\"Person\",\"@id\":\"https:\/\/nk7-testes.com.br\/agazeta\/#\/schema\/person\/6d6e25cb0435eb4a02fd44d30b4e3020\",\"name\":\"Agazeta.Net\",\"url\":\"https:\/\/nk7-testes.com.br\/agazeta\/author\/agazeta\/\"}]}<\/script>\n<!-- \/ Yoast SEO plugin. -->","yoast_head_json":{"title":"\"N\u00e3o tem valentia suficiente\", diz deputada ap\u00f3s presidente do Iapen n\u00e3o comparecer \u00e0 Aleac - Agazeta.net","robots":{"index":"index","follow":"follow","max-snippet":"max-snippet:-1","max-image-preview":"max-image-preview:large","max-video-preview":"max-video-preview:-1"},"canonical":"https:\/\/nk7-testes.com.br\/agazeta\/nao-tem-valentia-suficiente-diz-deputada-apos-presidente-do-iapen-nao-comparecer-a-aleac\/","og_locale":"pt_BR","og_type":"article","og_title":"\"N\u00e3o tem valentia suficiente\", diz deputada ap\u00f3s presidente do Iapen n\u00e3o comparecer \u00e0 Aleac","og_description":"Michelle Melo protocolou um novo requerimento para que Alexandre Nascimento v\u00e1 \u00e0 Assembleia Legislativa","og_url":"https:\/\/nk7-testes.com.br\/agazeta\/nao-tem-valentia-suficiente-diz-deputada-apos-presidente-do-iapen-nao-comparecer-a-aleac\/","og_site_name":"Agazeta.net","article_published_time":"2024-05-29T21:01:14+00:00","og_image":[{"width":800,"height":402,"url":"https:\/\/nk7-testes.com.br\/agazeta\/wp-content\/uploads\/2024\/05\/IMG-20240529-WA0021-1536x1024-1-jpg.webp","type":"image\/jpeg"}],"author":"Agazeta.Net","twitter_card":"summary_large_image","twitter_misc":{"Escrito por":"Agazeta.Net","Est. tempo de leitura":"1 minuto"},"schema":{"@context":"https:\/\/schema.org","@graph":[{"@type":"WebPage","@id":"https:\/\/nk7-testes.com.br\/agazeta\/nao-tem-valentia-suficiente-diz-deputada-apos-presidente-do-iapen-nao-comparecer-a-aleac\/","url":"https:\/\/nk7-testes.com.br\/agazeta\/nao-tem-valentia-suficiente-diz-deputada-apos-presidente-do-iapen-nao-comparecer-a-aleac\/","name":"\"N\u00e3o tem valentia suficiente\", diz deputada ap\u00f3s presidente do Iapen n\u00e3o comparecer \u00e0 Aleac - Agazeta.net","isPartOf":{"@id":"https:\/\/nk7-testes.com.br\/agazeta\/#website"},"primaryImageOfPage":{"@id":"https:\/\/nk7-testes.com.br\/agazeta\/nao-tem-valentia-suficiente-diz-deputada-apos-presidente-do-iapen-nao-comparecer-a-aleac\/#primaryimage"},"image":{"@id":"https:\/\/nk7-testes.com.br\/agazeta\/nao-tem-valentia-suficiente-diz-deputada-apos-presidente-do-iapen-nao-comparecer-a-aleac\/#primaryimage"},"thumbnailUrl":"https:\/\/nk7-testes.com.br\/agazeta\/wp-content\/uploads\/2024\/05\/IMG-20240529-WA0021-1536x1024-1-jpg.webp","datePublished":"2024-05-29T21:01:14+00:00","author":{"@id":"https:\/\/nk7-testes.com.br\/agazeta\/#\/schema\/person\/6d6e25cb0435eb4a02fd44d30b4e3020"},"breadcrumb":{"@id":"https:\/\/nk7-testes.com.br\/agazeta\/nao-tem-valentia-suficiente-diz-deputada-apos-presidente-do-iapen-nao-comparecer-a-aleac\/#breadcrumb"},"inLanguage":"pt-BR","potentialAction":[{"@type":"ReadAction","target":["https:\/\/nk7-testes.com.br\/agazeta\/nao-tem-valentia-suficiente-diz-deputada-apos-presidente-do-iapen-nao-comparecer-a-aleac\/"]}]},{"@type":"ImageObject","inLanguage":"pt-BR","@id":"https:\/\/nk7-testes.com.br\/agazeta\/nao-tem-valentia-suficiente-diz-deputada-apos-presidente-do-iapen-nao-comparecer-a-aleac\/#primaryimage","url":"https:\/\/nk7-testes.com.br\/agazeta\/wp-content\/uploads\/2024\/05\/IMG-20240529-WA0021-1536x1024-1-jpg.webp","contentUrl":"https:\/\/nk7-testes.com.br\/agazeta\/wp-content\/uploads\/2024\/05\/IMG-20240529-WA0021-1536x1024-1-jpg.webp","width":800,"height":402,"caption":"Imagem: S\u00e9rgio Vale"},{"@type":"BreadcrumbList","@id":"https:\/\/nk7-testes.com.br\/agazeta\/nao-tem-valentia-suficiente-diz-deputada-apos-presidente-do-iapen-nao-comparecer-a-aleac\/#breadcrumb","itemListElement":[{"@type":"ListItem","position":1,"name":"In\u00edcio","item":"https:\/\/nk7-testes.com.br\/agazeta\/"},{"@type":"ListItem","position":2,"name":"&#8220;N\u00e3o tem valentia suficiente&#8221;, diz deputada ap\u00f3s presidente do Iapen n\u00e3o comparecer \u00e0 Aleac"}]},{"@type":"WebSite","@id":"https:\/\/nk7-testes.com.br\/agazeta\/#website","url":"https:\/\/nk7-testes.com.br\/agazeta\/","name":"Agazeta.net","description":"Agazeta.net - Not\u00edcias de Rio Branco\/AC","potentialAction":[{"@type":"SearchAction","target":{"@type":"EntryPoint","urlTemplate":"https:\/\/nk7-testes.com.br\/agazeta\/?s={search_term_string}"},"query-input":{"@type":"PropertyValueSpecification","valueRequired":true,"valueName":"search_term_string"}}],"inLanguage":"pt-BR"},{"@type":"Person","@id":"https:\/\/nk7-testes.com.br\/agazeta\/#\/schema\/person\/6d6e25cb0435eb4a02fd44d30b4e3020","name":"Agazeta.Net","url":"https:\/\/nk7-testes.com.br\/agazeta\/author\/agazeta\/"}]}},"_links":{"self":[{"href":"https:\/\/nk7-testes.com.br\/agazeta\/wp-json\/wp\/v2\/posts\/133030","targetHints":{"allow":["GET"]}}],"collection":[{"href":"https:\/\/nk7-testes.com.br\/agazeta\/wp-json\/wp\/v2\/posts"}],"about":[{"href":"https:\/\/nk7-testes.com.br\/agazeta\/wp-json\/wp\/v2\/types\/post"}],"author":[{"embeddable":true,"href":"https:\/\/nk7-testes.com.br\/agazeta\/wp-json\/wp\/v2\/users\/4"}],"replies":[{"embeddable":true,"href":"https:\/\/nk7-testes.com.br\/agazeta\/wp-json\/wp\/v2\/comments?post=133030"}],"version-history":[{"count":0,"href":"https:\/\/nk7-testes.com.br\/agazeta\/wp-json\/wp\/v2\/posts\/133030\/revisions"}],"wp:featuredmedia":[{"embeddable":true,"href":"https:\/\/nk7-testes.com.br\/agazeta\/wp-json\/wp\/v2\/media\/133033"}],"wp:attachment":[{"href":"https:\/\/nk7-testes.com.br\/agazeta\/wp-json\/wp\/v2\/media?parent=133030"}],"wp:term":[{"taxonomy":"category","embeddable":true,"href":"https:\/\/nk7-testes.com.br\/agazeta\/wp-json\/wp\/v2\/categories?post=133030"},{"taxonomy":"post_tag","embeddable":true,"href":"https:\/\/nk7-testes.com.br\/agazeta\/wp-json\/wp\/v2\/tags?post=133030"}],"curies":[{"name":"wp","href":"https:\/\/api.w.org\/{rel}","templated":true}]}}