{"id":132960,"date":"2024-05-28T16:50:56","date_gmt":"2024-05-28T21:50:56","guid":{"rendered":"https:\/\/nk7-testes.com.br\/?p=132960"},"modified":"2024-05-29T12:39:58","modified_gmt":"2024-05-29T17:39:58","slug":"corpus-christi-saiba-o-que-abre-e-fecha-no-acre-neste-feriado-prolongado","status":"publish","type":"post","link":"https:\/\/nk7-testes.com.br\/agazeta\/corpus-christi-saiba-o-que-abre-e-fecha-no-acre-neste-feriado-prolongado\/","title":{"rendered":"Corpus Christi: saiba o que abre e fecha no Acre neste feriado prolongado"},"content":{"rendered":"<p style=\"text-align: justify;\">Muitos acreanos usam a data de Corpus Christi, celebrada nesta quinta-feira, 30, como um dia para viajar ou descansar. Al\u00e9m da data ser considerada feriado no Acre, o governador Gladson Cameli decretou ponto facultativo no Estado nesta sexta-feira (31).<\/p>\n<p style=\"text-align: justify;\">Por conta disso, muitos \u00f3rg\u00e3os e servi\u00e7os de atendimento p\u00fablico param as atividades e aderem ao feriado. No Acre, n\u00e3o poderia ser diferente. Dessa forma, surge a d\u00favida: o que abre e o que fecha neste feriad\u00e3o em terras acreanas?<\/p>\n<h4 style=\"text-align: justify;\">Servi\u00e7os essenciais<\/h4>\n<p style=\"text-align: justify;\">De acordo com o Governo do Acre, as unidades de atendimento em sa\u00fade de urg\u00eancia e emerg\u00eancia, como o Pronto-Socorro e Unidades de Pronto Atendimento (UPAs), e de atendimento especializado (Hospital das Cl\u00ednicas, Servi\u00e7o de Apoio e Diagn\u00f3stico, Setores de Interna\u00e7\u00e3o, Centro Cir\u00fargico e Tratamento Intensivo) permanecem com funcionamento normal durante o Corpus Christi.<\/p>\n<p style=\"text-align: justify;\">Al\u00e9m disso, na Seguran\u00e7a, as delegacias especializadas (Flagrantes, Delegacia Especializada em Investiga\u00e7\u00f5es Criminais e Delegacia da Mulher) tamb\u00e9m permanecem abertas.<\/p>\n<h4>OCA<\/h4>\n<p style=\"text-align: justify;\">De acordo com a Ag\u00eancia de Not\u00edcias do Acre, Secretarias estaduais e as unidades da Organiza\u00e7\u00e3o em Centros de Atendimento (OCA) estar\u00e3o fechadas nos dias 30 e 31, com retomada das atividades normais na segunda-feira, 3.<\/p>\n<p style=\"text-align: justify;\">Na OCA, o agendamento para fazer a Carteira de Identidade vai continua a funcionar\u00a0 de maneira normal, atrav\u00e9s do site, a partir das 8h, na sexta-feira (31).<\/p>\n<h4>Bancos<\/h4>\n<p class=\"selectable-text copyable-text x15bjb6t x1n2onr6\" dir=\"ltr\" style=\"text-align: justify;\"><span class=\"selectable-text copyable-text\">As ag\u00eancias banc\u00e1rias n\u00e3o v\u00e3o estar abertas para atendimento presencial ao p\u00fablico no dia 30 de maio, quinta-feira, devido ao feriado de Corpus Christi. <\/span><span class=\"selectable-text copyable-text\">Neste dia, as compensa\u00e7\u00f5es banc\u00e1rias, incluindo a TED, tamb\u00e9m n\u00e3o ser\u00e3o efetivadas. <\/span><\/p>\n<p class=\"selectable-text copyable-text x15bjb6t x1n2onr6\" dir=\"ltr\" style=\"text-align: justify;\"><span class=\"selectable-text copyable-text\">O PIX, que funciona 24 horas todos os dias, incluindo feriados, pode ser feito normalmente. J\u00e1 na<\/span><span class=\"selectable-text copyable-text\">\u00a0sexta-feira, 31 de maio, o atendimento ao p\u00fablico nas ag\u00eancias ocorre normalmente.<\/span><\/p>\n<h4 dir=\"ltr\">Correios<\/h4>\n<div style=\"text-align: justify;\">Os Correios tamb\u00e9m n\u00e3o v\u00e3o funcionar nesta quinta-feira, ou seja, n\u00e3o haver\u00e1 funcionamento nas ag\u00eancias. As atividades retornam no dia \u00fatil seguinte, sexta-feira (31).<\/div>\n<div style=\"text-align: justify;\"><\/div>\n<div style=\"text-align: justify;\">Durante o feriado, a Central de Atendimento vai estar dispon\u00edvel apenas por meio dos canais automatizados:<\/div>\n<ul style=\"text-align: justify;\">\n<li>\n<div>\u00a0 \u00a0 Chat com a atendente virtual dos Correios (Carol) \u2013\u00a0<a id=\"m_-8516096551086626290OWAb264d195-d5cb-126d-0ce4-4ded8948bbfe\" href=\"https:\/\/www.correios.com.br\/\" target=\"_blank\" rel=\"noopener\" data-saferedirecturl=\"https:\/\/www.google.com\/url?q=https:\/\/www.correios.com.br\/&amp;source=gmail&amp;ust=1714598537774000&amp;usg=AOvVaw2PPmXs6SZ5IA3psUJoocEV\">https:\/\/www.correios.com.br\/<\/a>;<\/div>\n<\/li>\n<li>\n<div>\u00a0 \u00a0 Fale Conosco \u2013\u00a0<a id=\"m_-8516096551086626290OWAea8089f4-b132-5aa7-6eaf-5001cdd64be5\" href=\"https:\/\/faleconosco.correios.com.br\/faleconosco\/app\/index.php\" target=\"_blank\" rel=\"noopener\" data-saferedirecturl=\"https:\/\/www.google.com\/url?q=https:\/\/faleconosco.correios.com.br\/faleconosco\/app\/index.php&amp;source=gmail&amp;ust=1714598537774000&amp;usg=AOvVaw2lzEDWvSc0jFP4xj9H1A-j\">https:\/\/faleconosco.correios.<wbr \/>com.br\/faleconosco\/app\/index.<wbr \/>php<\/a>;<\/div>\n<\/li>\n<li>\n<div>\u00a0 \u00a0 Autoatendimento \u2013 0800-725-7282, 0800-725-0100 e 3003-0100.<\/div>\n<\/li>\n<\/ul>\n<div style=\"text-align: justify;\">Segundo a empresa, os canais funcionam 24 horas por dia, sete dias por semana. O atendimento com os operadores ser\u00e1 retomado j\u00e1 na sexta-feira, a partir das 8h.<\/div>\n<h4>TJAC<\/h4>\n<p style=\"text-align: justify;\">Na sexta-feira, 31, o Tribunal de Justi\u00e7a do Acre (TJAC) vai funcionar em regime de plant\u00e3o. De acordo com o Tribunal, os prazos processuais que tenham in\u00edcio ou t\u00e9rmino nesta sexta, v\u00e3o ser prorrogados, de maneira autom\u00e1tica, para o pr\u00f3ximo dia \u00fatil (segunda-feira, 3).<\/p>\n<h4>Ageac<\/h4>\n<p style=\"text-align: justify;\">A Ag\u00eancia Reguladora dos Servi\u00e7os P\u00fablicos do Estado do Acre (Ageac), informa que, tamb\u00e9m em virtude do feriado somado ao ponto facultativo, n\u00e3o haver\u00e1 atendimento ao p\u00fablico nos dias 30 e 31. Retornar\u00e3o \u00e0s atividades normais na segunda, dia 3.<\/p>\n<h3>Corpus Christi<\/h3>\n<p style=\"text-align: justify;\">O\u00a0Corpus\u00a0Christi\u00a0\u00e9 uma comemora\u00e7\u00e3o religiosa\u00a0celebrada sempre numa quinta-feira e \u00e9 ponto facultativo.\u00a0Em 2024, o governo estabeleceu que a sexta-feira, dia seguinte ao dia de\u00a0Corpus\u00a0Christi, tamb\u00e9m \u00e9 ponto facultativo.<\/p>\n<p style=\"text-align: justify;\">Esta data \u00e9 celebrada anualmente\u00a060 dias depois da P\u00e1scoa, sempre na segunda quinta-feira\u00a0depois do\u00a0Domingo de Pentecostes.<\/p>\n","protected":false},"excerpt":{"rendered":"<p>Muitos acreanos usam a data de Corpus Christi, celebrada nesta quinta-feira, 30, como um dia para viajar ou descansar. Al\u00e9m da data ser considerada feriado no Acre, o governador Gladson Cameli decretou ponto facultativo no Estado nesta sexta-feira (31). Por conta disso, muitos \u00f3rg\u00e3os e servi\u00e7os de atendimento p\u00fablico param as atividades e aderem ao [&hellip;]<\/p>\n","protected":false},"author":4,"featured_media":132963,"comment_status":"open","ping_status":"open","sticky":false,"template":"","format":"standard","meta":{"jnews-multi-image_gallery":[],"jnews_single_post":{"source_name":"","source_url":"","via_name":"","via_url":"","override_template":"0","override":[{"template":"custom","single_blog_custom":"110746","parallax":"1","fullscreen":"1","layout":"right-sidebar","sidebar":"default-sidebar","second_sidebar":"default-sidebar","sticky_sidebar":"1","share_position":"top","share_float_style":"share-monocrhome","show_share_counter":"1","show_view_counter":"1","show_featured":"1","show_post_meta":"1","show_post_author":"1","show_post_author_image":"1","show_post_date":"1","post_date_format":"default","post_date_format_custom":"Y\/m\/d","show_post_category":"1","show_post_reading_time":"0","post_reading_time_wpm":"300","show_zoom_button":"0","zoom_button_out_step":"2","zoom_button_in_step":"3","show_post_tag":"1","show_prev_next_post":"1","show_popup_post":"1","number_popup_post":"1","show_author_box":"0","show_post_related":"1","show_inline_post_related":"0"}],"override_image_size":"0","image_override":[{"single_post_thumbnail_size":"crop-500","single_post_gallery_size":"crop-500"}],"trending_post":"0","trending_post_position":"meta","trending_post_label":"Trending","sponsored_post":"0","sponsored_post_label":"Sponsored by","sponsored_post_name":"","sponsored_post_url":"","sponsored_post_logo_enable":"0","sponsored_post_logo":"","sponsored_post_desc":"","disable_ad":"0"},"jnews_primary_category":{"id":"","hide":""},"jnews_social_meta":{"fb_title":"","fb_description":"","fb_image":"","twitter_title":"","twitter_description":"","twitter_image":""},"jnews_review":[],"enable_review":"0","type":"percentage","name":"","summary":"","brand":"","sku":"","good":[{"good_text":""}],"bad":[{"bad_text":""}],"score_override":"0","override_value":"","rating":[{"rating_text":"","rating_number":"10"}],"price":[{"shop":"","price":"","link":"","icon":""}],"footnotes":""},"categories":[54],"tags":[152],"class_list":["post-132960","post","type-post","status-publish","format-standard","has-post-thumbnail","hentry","category-cotidiano","tag-destaque"],"yoast_head":"<!-- This site is optimized with the Yoast SEO plugin v26.5 - https:\/\/yoast.com\/wordpress\/plugins\/seo\/ -->\n<title>Corpus Christi: saiba o que abre e fecha no Acre neste feriado prolongado - Agazeta.net<\/title>\n<meta name=\"robots\" content=\"index, follow, max-snippet:-1, max-image-preview:large, max-video-preview:-1\" \/>\n<link rel=\"canonical\" href=\"https:\/\/nk7-testes.com.br\/agazeta\/corpus-christi-saiba-o-que-abre-e-fecha-no-acre-neste-feriado-prolongado\/\" \/>\n<meta property=\"og:locale\" content=\"pt_BR\" \/>\n<meta property=\"og:type\" content=\"article\" \/>\n<meta property=\"og:title\" content=\"Corpus Christi: saiba o que abre e fecha no Acre neste feriado prolongado\" \/>\n<meta property=\"og:description\" content=\"De acordo com o Governo, servi\u00e7os essenciais, como sa\u00fade e seguran\u00e7a, permanecem em funcionamento\" \/>\n<meta property=\"og:url\" content=\"https:\/\/nk7-testes.com.br\/agazeta\/corpus-christi-saiba-o-que-abre-e-fecha-no-acre-neste-feriado-prolongado\/\" \/>\n<meta property=\"og:site_name\" content=\"Agazeta.net\" \/>\n<meta property=\"article:published_time\" content=\"2024-05-28T21:50:56+00:00\" \/>\n<meta property=\"article:modified_time\" content=\"2024-05-29T17:39:58+00:00\" \/>\n<meta property=\"og:image\" content=\"https:\/\/nk7-testes.com.br\/agazeta\/wp-content\/uploads\/2024\/05\/Palacio-1-jpg.webp\" \/>\n\t<meta property=\"og:image:width\" content=\"800\" \/>\n\t<meta property=\"og:image:height\" content=\"406\" \/>\n\t<meta property=\"og:image:type\" content=\"image\/jpeg\" \/>\n<meta name=\"author\" content=\"Agazeta.Net\" \/>\n<meta name=\"twitter:card\" content=\"summary_large_image\" \/>\n<meta name=\"twitter:label1\" content=\"Escrito por\" \/>\n\t<meta name=\"twitter:data1\" content=\"Agazeta.Net\" \/>\n\t<meta name=\"twitter:label2\" content=\"Est. tempo de leitura\" \/>\n\t<meta name=\"twitter:data2\" content=\"3 minutos\" \/>\n<script type=\"application\/ld+json\" class=\"yoast-schema-graph\">{\"@context\":\"https:\/\/schema.org\",\"@graph\":[{\"@type\":\"WebPage\",\"@id\":\"https:\/\/nk7-testes.com.br\/agazeta\/corpus-christi-saiba-o-que-abre-e-fecha-no-acre-neste-feriado-prolongado\/\",\"url\":\"https:\/\/nk7-testes.com.br\/agazeta\/corpus-christi-saiba-o-que-abre-e-fecha-no-acre-neste-feriado-prolongado\/\",\"name\":\"Corpus Christi: saiba o que abre e fecha no Acre neste feriado prolongado - Agazeta.net\",\"isPartOf\":{\"@id\":\"https:\/\/nk7-testes.com.br\/agazeta\/#website\"},\"primaryImageOfPage\":{\"@id\":\"https:\/\/nk7-testes.com.br\/agazeta\/corpus-christi-saiba-o-que-abre-e-fecha-no-acre-neste-feriado-prolongado\/#primaryimage\"},\"image\":{\"@id\":\"https:\/\/nk7-testes.com.br\/agazeta\/corpus-christi-saiba-o-que-abre-e-fecha-no-acre-neste-feriado-prolongado\/#primaryimage\"},\"thumbnailUrl\":\"https:\/\/nk7-testes.com.br\/agazeta\/wp-content\/uploads\/2024\/05\/Palacio-1-jpg.webp\",\"datePublished\":\"2024-05-28T21:50:56+00:00\",\"dateModified\":\"2024-05-29T17:39:58+00:00\",\"author\":{\"@id\":\"https:\/\/nk7-testes.com.br\/agazeta\/#\/schema\/person\/6d6e25cb0435eb4a02fd44d30b4e3020\"},\"breadcrumb\":{\"@id\":\"https:\/\/nk7-testes.com.br\/agazeta\/corpus-christi-saiba-o-que-abre-e-fecha-no-acre-neste-feriado-prolongado\/#breadcrumb\"},\"inLanguage\":\"pt-BR\",\"potentialAction\":[{\"@type\":\"ReadAction\",\"target\":[\"https:\/\/nk7-testes.com.br\/agazeta\/corpus-christi-saiba-o-que-abre-e-fecha-no-acre-neste-feriado-prolongado\/\"]}]},{\"@type\":\"ImageObject\",\"inLanguage\":\"pt-BR\",\"@id\":\"https:\/\/nk7-testes.com.br\/agazeta\/corpus-christi-saiba-o-que-abre-e-fecha-no-acre-neste-feriado-prolongado\/#primaryimage\",\"url\":\"https:\/\/nk7-testes.com.br\/agazeta\/wp-content\/uploads\/2024\/05\/Palacio-1-jpg.webp\",\"contentUrl\":\"https:\/\/nk7-testes.com.br\/agazeta\/wp-content\/uploads\/2024\/05\/Palacio-1-jpg.webp\",\"width\":800,\"height\":406,\"caption\":\"Imagem: Secom\"},{\"@type\":\"BreadcrumbList\",\"@id\":\"https:\/\/nk7-testes.com.br\/agazeta\/corpus-christi-saiba-o-que-abre-e-fecha-no-acre-neste-feriado-prolongado\/#breadcrumb\",\"itemListElement\":[{\"@type\":\"ListItem\",\"position\":1,\"name\":\"In\u00edcio\",\"item\":\"https:\/\/nk7-testes.com.br\/agazeta\/\"},{\"@type\":\"ListItem\",\"position\":2,\"name\":\"Corpus Christi: saiba o que abre e fecha no Acre neste feriado prolongado\"}]},{\"@type\":\"WebSite\",\"@id\":\"https:\/\/nk7-testes.com.br\/agazeta\/#website\",\"url\":\"https:\/\/nk7-testes.com.br\/agazeta\/\",\"name\":\"Agazeta.net\",\"description\":\"Agazeta.net - Not\u00edcias de Rio Branco\/AC\",\"potentialAction\":[{\"@type\":\"SearchAction\",\"target\":{\"@type\":\"EntryPoint\",\"urlTemplate\":\"https:\/\/nk7-testes.com.br\/agazeta\/?s={search_term_string}\"},\"query-input\":{\"@type\":\"PropertyValueSpecification\",\"valueRequired\":true,\"valueName\":\"search_term_string\"}}],\"inLanguage\":\"pt-BR\"},{\"@type\":\"Person\",\"@id\":\"https:\/\/nk7-testes.com.br\/agazeta\/#\/schema\/person\/6d6e25cb0435eb4a02fd44d30b4e3020\",\"name\":\"Agazeta.Net\",\"url\":\"https:\/\/nk7-testes.com.br\/agazeta\/author\/agazeta\/\"}]}<\/script>\n<!-- \/ Yoast SEO plugin. -->","yoast_head_json":{"title":"Corpus Christi: saiba o que abre e fecha no Acre neste feriado prolongado - Agazeta.net","robots":{"index":"index","follow":"follow","max-snippet":"max-snippet:-1","max-image-preview":"max-image-preview:large","max-video-preview":"max-video-preview:-1"},"canonical":"https:\/\/nk7-testes.com.br\/agazeta\/corpus-christi-saiba-o-que-abre-e-fecha-no-acre-neste-feriado-prolongado\/","og_locale":"pt_BR","og_type":"article","og_title":"Corpus Christi: saiba o que abre e fecha no Acre neste feriado prolongado","og_description":"De acordo com o Governo, servi\u00e7os essenciais, como sa\u00fade e seguran\u00e7a, permanecem em funcionamento","og_url":"https:\/\/nk7-testes.com.br\/agazeta\/corpus-christi-saiba-o-que-abre-e-fecha-no-acre-neste-feriado-prolongado\/","og_site_name":"Agazeta.net","article_published_time":"2024-05-28T21:50:56+00:00","article_modified_time":"2024-05-29T17:39:58+00:00","og_image":[{"width":800,"height":406,"url":"https:\/\/nk7-testes.com.br\/agazeta\/wp-content\/uploads\/2024\/05\/Palacio-1-jpg.webp","type":"image\/jpeg"}],"author":"Agazeta.Net","twitter_card":"summary_large_image","twitter_misc":{"Escrito por":"Agazeta.Net","Est. tempo de leitura":"3 minutos"},"schema":{"@context":"https:\/\/schema.org","@graph":[{"@type":"WebPage","@id":"https:\/\/nk7-testes.com.br\/agazeta\/corpus-christi-saiba-o-que-abre-e-fecha-no-acre-neste-feriado-prolongado\/","url":"https:\/\/nk7-testes.com.br\/agazeta\/corpus-christi-saiba-o-que-abre-e-fecha-no-acre-neste-feriado-prolongado\/","name":"Corpus Christi: saiba o que abre e fecha no Acre neste feriado prolongado - Agazeta.net","isPartOf":{"@id":"https:\/\/nk7-testes.com.br\/agazeta\/#website"},"primaryImageOfPage":{"@id":"https:\/\/nk7-testes.com.br\/agazeta\/corpus-christi-saiba-o-que-abre-e-fecha-no-acre-neste-feriado-prolongado\/#primaryimage"},"image":{"@id":"https:\/\/nk7-testes.com.br\/agazeta\/corpus-christi-saiba-o-que-abre-e-fecha-no-acre-neste-feriado-prolongado\/#primaryimage"},"thumbnailUrl":"https:\/\/nk7-testes.com.br\/agazeta\/wp-content\/uploads\/2024\/05\/Palacio-1-jpg.webp","datePublished":"2024-05-28T21:50:56+00:00","dateModified":"2024-05-29T17:39:58+00:00","author":{"@id":"https:\/\/nk7-testes.com.br\/agazeta\/#\/schema\/person\/6d6e25cb0435eb4a02fd44d30b4e3020"},"breadcrumb":{"@id":"https:\/\/nk7-testes.com.br\/agazeta\/corpus-christi-saiba-o-que-abre-e-fecha-no-acre-neste-feriado-prolongado\/#breadcrumb"},"inLanguage":"pt-BR","potentialAction":[{"@type":"ReadAction","target":["https:\/\/nk7-testes.com.br\/agazeta\/corpus-christi-saiba-o-que-abre-e-fecha-no-acre-neste-feriado-prolongado\/"]}]},{"@type":"ImageObject","inLanguage":"pt-BR","@id":"https:\/\/nk7-testes.com.br\/agazeta\/corpus-christi-saiba-o-que-abre-e-fecha-no-acre-neste-feriado-prolongado\/#primaryimage","url":"https:\/\/nk7-testes.com.br\/agazeta\/wp-content\/uploads\/2024\/05\/Palacio-1-jpg.webp","contentUrl":"https:\/\/nk7-testes.com.br\/agazeta\/wp-content\/uploads\/2024\/05\/Palacio-1-jpg.webp","width":800,"height":406,"caption":"Imagem: Secom"},{"@type":"BreadcrumbList","@id":"https:\/\/nk7-testes.com.br\/agazeta\/corpus-christi-saiba-o-que-abre-e-fecha-no-acre-neste-feriado-prolongado\/#breadcrumb","itemListElement":[{"@type":"ListItem","position":1,"name":"In\u00edcio","item":"https:\/\/nk7-testes.com.br\/agazeta\/"},{"@type":"ListItem","position":2,"name":"Corpus Christi: saiba o que abre e fecha no Acre neste feriado prolongado"}]},{"@type":"WebSite","@id":"https:\/\/nk7-testes.com.br\/agazeta\/#website","url":"https:\/\/nk7-testes.com.br\/agazeta\/","name":"Agazeta.net","description":"Agazeta.net - Not\u00edcias de Rio Branco\/AC","potentialAction":[{"@type":"SearchAction","target":{"@type":"EntryPoint","urlTemplate":"https:\/\/nk7-testes.com.br\/agazeta\/?s={search_term_string}"},"query-input":{"@type":"PropertyValueSpecification","valueRequired":true,"valueName":"search_term_string"}}],"inLanguage":"pt-BR"},{"@type":"Person","@id":"https:\/\/nk7-testes.com.br\/agazeta\/#\/schema\/person\/6d6e25cb0435eb4a02fd44d30b4e3020","name":"Agazeta.Net","url":"https:\/\/nk7-testes.com.br\/agazeta\/author\/agazeta\/"}]}},"_links":{"self":[{"href":"https:\/\/nk7-testes.com.br\/agazeta\/wp-json\/wp\/v2\/posts\/132960","targetHints":{"allow":["GET"]}}],"collection":[{"href":"https:\/\/nk7-testes.com.br\/agazeta\/wp-json\/wp\/v2\/posts"}],"about":[{"href":"https:\/\/nk7-testes.com.br\/agazeta\/wp-json\/wp\/v2\/types\/post"}],"author":[{"embeddable":true,"href":"https:\/\/nk7-testes.com.br\/agazeta\/wp-json\/wp\/v2\/users\/4"}],"replies":[{"embeddable":true,"href":"https:\/\/nk7-testes.com.br\/agazeta\/wp-json\/wp\/v2\/comments?post=132960"}],"version-history":[{"count":0,"href":"https:\/\/nk7-testes.com.br\/agazeta\/wp-json\/wp\/v2\/posts\/132960\/revisions"}],"wp:featuredmedia":[{"embeddable":true,"href":"https:\/\/nk7-testes.com.br\/agazeta\/wp-json\/wp\/v2\/media\/132963"}],"wp:attachment":[{"href":"https:\/\/nk7-testes.com.br\/agazeta\/wp-json\/wp\/v2\/media?parent=132960"}],"wp:term":[{"taxonomy":"category","embeddable":true,"href":"https:\/\/nk7-testes.com.br\/agazeta\/wp-json\/wp\/v2\/categories?post=132960"},{"taxonomy":"post_tag","embeddable":true,"href":"https:\/\/nk7-testes.com.br\/agazeta\/wp-json\/wp\/v2\/tags?post=132960"}],"curies":[{"name":"wp","href":"https:\/\/api.w.org\/{rel}","templated":true}]}}