{"id":132948,"date":"2024-05-28T14:27:28","date_gmt":"2024-05-28T19:27:28","guid":{"rendered":"https:\/\/nk7-testes.com.br\/?p=132948"},"modified":"2024-05-28T14:27:28","modified_gmt":"2024-05-28T19:27:28","slug":"operacao-ptolomeu-gabinete-fantasma-teria-sido-criado-na-aleac-para-realocar-envolvidos","status":"publish","type":"post","link":"https:\/\/nk7-testes.com.br\/agazeta\/operacao-ptolomeu-gabinete-fantasma-teria-sido-criado-na-aleac-para-realocar-envolvidos\/","title":{"rendered":"Opera\u00e7\u00e3o Ptolomeu: gabinete fantasma teria sido criado na Aleac para realocar envolvidos"},"content":{"rendered":"<p style=\"text-align: justify;\">Durante a terceira fase da Opera\u00e7\u00e3o Ptolomeu, por decis\u00e3o judicial, servidores e at\u00e9 secret\u00e1rios de Estado foram afastados dos cargos, proibidos at\u00e9 de frequentar os locais onde trabalhavam. Poucos meses ap\u00f3s a Opera\u00e7\u00e3o, foi encontrada uma forma de realocar esses indiv\u00edduos.<\/p>\n<p style=\"text-align: justify;\">A Pol\u00edcia Federal (PF) identificou que seis deles foram contratados para cargos na Assembleia Legislativa do Acre (Aleac), tr\u00eas na C\u00e2mara de Vereadores de Rio Branco e, at\u00e9 mesmo, em cargos no Tribunal de Contas do Estado (TCE).<\/p>\n<p style=\"text-align: justify;\">Apesar disso, as contrata\u00e7\u00f5es n\u00e3o foi o que mais chamou a aten\u00e7\u00e3o dos investigadores, mas sim a cria\u00e7\u00e3o de um gabinete fantasma para essas nomea\u00e7\u00f5es. No caso, o nome usado foi do m\u00e9dico e ex-deputado Eduardo Farias, que deixou o mandato h\u00e1 mais de 10 anos.<\/p>\n<p style=\"text-align: justify;\">Farias foi deputado entre os anos de 2011 e 2014. Em seguida, se elegeu vereador de Rio Branco e ficou no mandato at\u00e9 2020. Ap\u00f3s esse per\u00edodo, n\u00e3o exerceu mais nenhuma atividade politica e trabalhou apenas como m\u00e9dico.<\/p>\n<p style=\"text-align: justify;\">Ele afirma ter ficado surpreso e at\u00e9 preocupado quando descobriu que aparecia em um investiga\u00e7\u00e3o como deputado e, ainda por cima, nomeando pessoas envolvidas em investiga\u00e7\u00e3o da Pol\u00edcia Federal por desvio de recursos p\u00fablicos.<\/p>\n<p style=\"text-align: justify;\">&#8220;Recebi muito surpreso com a ousadia dessas pessoas que usarem meu nome, uma vez que estou afastado da Assembleia pelo fim do meu mandato j\u00e1 h\u00e1 quase 10 anos. Sou surpreendido por um documento da Pol\u00edcia Federal, dentro do inqu\u00e9rito mais falado do Acre, porque envolve crimes tipificados de muita gravidade. Fiquei revoltado com esse envolvimento do meu nome&#8221;, afirma o m\u00e9dico.<\/p>\n<p style=\"text-align: justify;\">No inqu\u00e9rito, a PF n\u00e3o descarta a participa\u00e7\u00e3o direta do deputado Nicolau J\u00fanior (PP) nas nomea\u00e7\u00f5es. Ele presidiu a Aleac at\u00e9 2022. Entre os contratos, est\u00e1 o ex-secret\u00e1rio de Industria, Anderson Abreu de Lima, um dos alvos da Opera\u00e7\u00e3o Ptolomeu, acusado de corrup\u00e7\u00e3o e lavagem de dinheiro. Na Assembleia, Lima tem o sal\u00e1rio de R$ 23 mil.<\/p>\n<p style=\"text-align: justify;\">Rosangela Gama Pereira Pequeno tamb\u00e9m foi presa e era chefe de gabinete do governador Gladson Cameli. Tamb\u00e9m no gabinete fantasma est\u00e1 o ex-ajudante de Ordem do governador, o oficial da Pol\u00edcia Militar do Acre (PM\/AC), Carlos Augusto Negreiros. Nessa lista, ainda entram Glayton Pinheiro Rego, Jeferson Luiz Pereira de Oliveira, Lo\u00e3o Lima de Souza e Arlinod Garcia de Souza.<\/p>\n<p style=\"text-align: justify;\">Eduardo Farias, em entrevista \u00e0 TV Gazeta, disse que vai procurar a mesa diretora da Aleac em busca de explica\u00e7\u00f5es. Ao mesmo tempo, vai \u00e0 Pol\u00edcia Federal explicar que ele tamb\u00e9m foi pego de surpresa com a cria\u00e7\u00e3o desse gabinete e promete acionar \u00e0 Justi\u00e7a a atual mesa diretora.<\/p>\n<p style=\"text-align: justify;\">&#8220;Estou tomando todas as provid\u00eancias cab\u00edveis para que eu proteja aquilo que \u00e9 meu patrim\u00f4nio, que \u00e9 o meu nome. Vou pedir esclarecimentos \u00e0 Assembleia Legislativa acerca desse assunto e vou tomar todas as medias legais, para que isso n\u00e3o se repita&#8221;, ressalta o ex-deputado.<\/p>\n<p style=\"text-align: justify;\">Outros assessores de Gladson Cameli foram locados na C\u00e2mara de Rio Branco. Francisco Jurandir era motorista, agora ganha R$ 10 mil por m\u00eas como assessor parlamentar. Jader Maia, que movimentou mais de R$ 1 milh\u00e3o em contas banc\u00e1rias, tamb\u00e9m est\u00e1 na C\u00e2mara, assim como o major da PM Luiz Miguel de Oliveira Aguiar. E desconsiderando a decis\u00e3o do Superior Tribunal de Justi\u00e7a (STJ), uma das envolvidas na opera\u00e7\u00e3o, Fernanda de Souza Lima, ainda trabalha no governo em um cargo em comiss\u00e3o.<\/p>\n<h4>Nota da Aleac<\/h4>\n<p style=\"text-align: justify;\">A mesa diretora da Assembleia Legislativa do Acre divulgou uma nota p\u00fablica para esclarecer as nomea\u00e7\u00f5es. Al\u00e9m disso, no texto a casa presta solidariedades ao ex-deputado Eduardo Farias.<\/p>\n<p style=\"text-align: justify;\">Leia a nota na \u00edntegra:<\/p>\n<p style=\"text-align: justify;\"><em>A Assembleia Legislativa do Estado do Acre vem a p\u00fablico esclarecer o equ\u00edvoco noticiado por alguns ve\u00edculos de comunica\u00e7\u00e3o acerca de nomea\u00e7\u00f5es em unidade administrativa inexistente na atual legislatura, denominada erroneamente: &#8220;Gabinete do Ex-deputado Eduardo Farias&#8221;.<\/em><\/p>\n<p style=\"text-align: justify;\"><em>Em face ao exposto, \u00e9 importante esclarecer que todas as nomea\u00e7\u00f5es ocorridas a partir de fevereiro de 2023 na Assembleia Legislativa do Estado do Acre, se deram em unidades administrativas e em gabinetes parlamentares que comp\u00f5em a atual legislatura e devidamente cadastradas no sistema de gest\u00e3o de pessoas desta Casa de leis e devidamente informadas \u00e0 Receita Federal e ao eSocial.<\/em><\/p>\n<p style=\"text-align: justify;\"><em>Todavia, no que concerne ao cadastramento das informa\u00e7\u00f5es no Sistema de Controle de Atos de Pessoal \u2013 SICAP do Tribunal de Contas do Estado do Acre \u2013 TCE\/AC, foi identificada uma falha na comunica\u00e7\u00e3o entre o sistema de gest\u00e3o de pessoas desta Casa Legislativa e o Sistema do Tribunal de Contas do Estado do Acre, fazendo com que todas as informa\u00e7\u00f5es enviadas pela ALEAC ao serem recepcionadas pelo SICAP, fossem enquadradas em unidade de lota\u00e7\u00e3o diversa da constante no sistema de gest\u00e3o de pessoas deste Poder, criando uma diverg\u00eancia de dados entre os dois sistemas.<\/em><\/p>\n<p style=\"text-align: justify;\"><em>Em reuni\u00e3o na manh\u00e3 desta segunda-feira (27\/05\/2024) entre as equipes t\u00e9cnicas da ALEAC e do TCE\/AC, j\u00e1 foram identificadas as falhas e suas causas, bem como as medidas administrativas e t\u00e9cnicas para a solu\u00e7\u00e3o do problema , medidas estas que j\u00e1 est\u00e3o sendo adotadas.<\/em><\/p>\n<p style=\"text-align: justify;\"><em>Ao mesmo tempo a ALEAC se solidariza com ex-deputado Eduardo Farias, que teve o nome citado n\u00e3o por esta Casa de Leis, mas institui\u00e7\u00e3o que elaborou o relat\u00f3rio. A mesa diretora manifesta total apoio ao ex-parlamentar que desempenhou um brilhante mandato quando esteve no parlamento estadual.<\/em><\/p>\n<p style=\"text-align: justify;\"><em>A Assembleia Legislativa do Estado do Acre atua com transpar\u00eancia e autonomia, honrando sua hist\u00f3rica voca\u00e7\u00e3o de concretizar a Democracia.<\/em><\/p>\n<p style=\"text-align: justify;\"><em>Raz\u00e3o pela qual, como Casa do Povo, coloca-se \u00e0 disposi\u00e7\u00e3o da sociedade e dos \u00f3rg\u00e3os legalmente constitu\u00eddos para qualquer esclarecimento necess\u00e1rio.<\/em><\/p>\n<p><em><strong>Mat\u00e9ria produzida em v\u00eddeo pelo rep\u00f3rter Adailson Oliveira para a TV Gazeta<\/strong><\/em><\/p>\n","protected":false},"excerpt":{"rendered":"<p>Durante a terceira fase da Opera\u00e7\u00e3o Ptolomeu, por decis\u00e3o judicial, servidores e at\u00e9 secret\u00e1rios de Estado foram afastados dos cargos, proibidos at\u00e9 de frequentar os locais onde trabalhavam. Poucos meses ap\u00f3s a Opera\u00e7\u00e3o, foi encontrada uma forma de realocar esses indiv\u00edduos. A Pol\u00edcia Federal (PF) identificou que seis deles foram contratados para cargos na Assembleia [&hellip;]<\/p>\n","protected":false},"author":4,"featured_media":132949,"comment_status":"open","ping_status":"open","sticky":false,"template":"","format":"standard","meta":{"jnews-multi-image_gallery":[],"jnews_single_post":{"source_name":"","source_url":"","via_name":"","via_url":"","override_template":"0","override":[{"template":"custom","single_blog_custom":"110746","parallax":"1","fullscreen":"1","layout":"right-sidebar","sidebar":"default-sidebar","second_sidebar":"default-sidebar","sticky_sidebar":"1","share_position":"top","share_float_style":"share-monocrhome","show_share_counter":"1","show_view_counter":"1","show_featured":"1","show_post_meta":"1","show_post_author":"1","show_post_author_image":"1","show_post_date":"1","post_date_format":"default","post_date_format_custom":"Y\/m\/d","show_post_category":"1","show_post_reading_time":"0","post_reading_time_wpm":"300","show_zoom_button":"0","zoom_button_out_step":"2","zoom_button_in_step":"3","show_post_tag":"1","show_prev_next_post":"1","show_popup_post":"1","number_popup_post":"1","show_author_box":"0","show_post_related":"1","show_inline_post_related":"0"}],"override_image_size":"0","image_override":[{"single_post_thumbnail_size":"crop-500","single_post_gallery_size":"crop-500"}],"trending_post":"0","trending_post_position":"meta","trending_post_label":"Trending","sponsored_post":"0","sponsored_post_label":"Sponsored by","sponsored_post_name":"","sponsored_post_url":"","sponsored_post_logo_enable":"0","sponsored_post_logo":"","sponsored_post_desc":"","disable_ad":"0"},"jnews_primary_category":{"id":"","hide":""},"jnews_social_meta":{"fb_title":"","fb_description":"","fb_image":"","twitter_title":"","twitter_description":"","twitter_image":""},"jnews_review":[],"enable_review":"0","type":"percentage","name":"","summary":"","brand":"","sku":"","good":[{"good_text":""}],"bad":[{"bad_text":""}],"score_override":"0","override_value":"","rating":[{"rating_text":"","rating_number":"10"}],"price":[{"shop":"","price":"","link":"","icon":""}],"footnotes":""},"categories":[54],"tags":[152],"class_list":["post-132948","post","type-post","status-publish","format-standard","has-post-thumbnail","hentry","category-cotidiano","tag-destaque"],"yoast_head":"<!-- This site is optimized with the Yoast SEO plugin v26.5 - https:\/\/yoast.com\/wordpress\/plugins\/seo\/ -->\n<title>Opera\u00e7\u00e3o Ptolomeu: gabinete fantasma teria sido criado na Aleac para realocar envolvidos - Agazeta.net<\/title>\n<meta name=\"robots\" content=\"index, follow, max-snippet:-1, max-image-preview:large, max-video-preview:-1\" \/>\n<link rel=\"canonical\" href=\"https:\/\/nk7-testes.com.br\/agazeta\/operacao-ptolomeu-gabinete-fantasma-teria-sido-criado-na-aleac-para-realocar-envolvidos\/\" \/>\n<meta property=\"og:locale\" content=\"pt_BR\" \/>\n<meta property=\"og:type\" content=\"article\" \/>\n<meta property=\"og:title\" content=\"Opera\u00e7\u00e3o Ptolomeu: gabinete fantasma teria sido criado na Aleac para realocar envolvidos\" \/>\n<meta property=\"og:description\" content=\"Investiga\u00e7\u00f5es apontam que o nome do ex-deputado Eduardo Farias foi usado para a cria\u00e7\u00e3o do gabinete\" \/>\n<meta property=\"og:url\" content=\"https:\/\/nk7-testes.com.br\/agazeta\/operacao-ptolomeu-gabinete-fantasma-teria-sido-criado-na-aleac-para-realocar-envolvidos\/\" \/>\n<meta property=\"og:site_name\" content=\"Agazeta.net\" \/>\n<meta property=\"article:published_time\" content=\"2024-05-28T19:27:28+00:00\" \/>\n<meta property=\"og:image\" content=\"https:\/\/nk7-testes.com.br\/agazeta\/wp-content\/uploads\/2024\/05\/ALEAC-01-1-jpeg.webp\" \/>\n\t<meta property=\"og:image:width\" content=\"800\" \/>\n\t<meta property=\"og:image:height\" content=\"400\" \/>\n\t<meta property=\"og:image:type\" content=\"image\/jpeg\" \/>\n<meta name=\"author\" content=\"Agazeta.Net\" \/>\n<meta name=\"twitter:card\" content=\"summary_large_image\" \/>\n<meta name=\"twitter:label1\" content=\"Escrito por\" \/>\n\t<meta name=\"twitter:data1\" content=\"Agazeta.Net\" \/>\n\t<meta name=\"twitter:label2\" content=\"Est. tempo de leitura\" \/>\n\t<meta name=\"twitter:data2\" content=\"5 minutos\" \/>\n<script type=\"application\/ld+json\" class=\"yoast-schema-graph\">{\"@context\":\"https:\/\/schema.org\",\"@graph\":[{\"@type\":\"WebPage\",\"@id\":\"https:\/\/nk7-testes.com.br\/agazeta\/operacao-ptolomeu-gabinete-fantasma-teria-sido-criado-na-aleac-para-realocar-envolvidos\/\",\"url\":\"https:\/\/nk7-testes.com.br\/agazeta\/operacao-ptolomeu-gabinete-fantasma-teria-sido-criado-na-aleac-para-realocar-envolvidos\/\",\"name\":\"Opera\u00e7\u00e3o Ptolomeu: gabinete fantasma teria sido criado na Aleac para realocar envolvidos - Agazeta.net\",\"isPartOf\":{\"@id\":\"https:\/\/nk7-testes.com.br\/agazeta\/#website\"},\"primaryImageOfPage\":{\"@id\":\"https:\/\/nk7-testes.com.br\/agazeta\/operacao-ptolomeu-gabinete-fantasma-teria-sido-criado-na-aleac-para-realocar-envolvidos\/#primaryimage\"},\"image\":{\"@id\":\"https:\/\/nk7-testes.com.br\/agazeta\/operacao-ptolomeu-gabinete-fantasma-teria-sido-criado-na-aleac-para-realocar-envolvidos\/#primaryimage\"},\"thumbnailUrl\":\"https:\/\/nk7-testes.com.br\/agazeta\/wp-content\/uploads\/2024\/05\/ALEAC-01-1-jpeg.webp\",\"datePublished\":\"2024-05-28T19:27:28+00:00\",\"author\":{\"@id\":\"https:\/\/nk7-testes.com.br\/agazeta\/#\/schema\/person\/6d6e25cb0435eb4a02fd44d30b4e3020\"},\"breadcrumb\":{\"@id\":\"https:\/\/nk7-testes.com.br\/agazeta\/operacao-ptolomeu-gabinete-fantasma-teria-sido-criado-na-aleac-para-realocar-envolvidos\/#breadcrumb\"},\"inLanguage\":\"pt-BR\",\"potentialAction\":[{\"@type\":\"ReadAction\",\"target\":[\"https:\/\/nk7-testes.com.br\/agazeta\/operacao-ptolomeu-gabinete-fantasma-teria-sido-criado-na-aleac-para-realocar-envolvidos\/\"]}]},{\"@type\":\"ImageObject\",\"inLanguage\":\"pt-BR\",\"@id\":\"https:\/\/nk7-testes.com.br\/agazeta\/operacao-ptolomeu-gabinete-fantasma-teria-sido-criado-na-aleac-para-realocar-envolvidos\/#primaryimage\",\"url\":\"https:\/\/nk7-testes.com.br\/agazeta\/wp-content\/uploads\/2024\/05\/ALEAC-01-1-jpeg.webp\",\"contentUrl\":\"https:\/\/nk7-testes.com.br\/agazeta\/wp-content\/uploads\/2024\/05\/ALEAC-01-1-jpeg.webp\",\"width\":800,\"height\":400},{\"@type\":\"BreadcrumbList\",\"@id\":\"https:\/\/nk7-testes.com.br\/agazeta\/operacao-ptolomeu-gabinete-fantasma-teria-sido-criado-na-aleac-para-realocar-envolvidos\/#breadcrumb\",\"itemListElement\":[{\"@type\":\"ListItem\",\"position\":1,\"name\":\"In\u00edcio\",\"item\":\"https:\/\/nk7-testes.com.br\/agazeta\/\"},{\"@type\":\"ListItem\",\"position\":2,\"name\":\"Opera\u00e7\u00e3o Ptolomeu: gabinete fantasma teria sido criado na Aleac para realocar envolvidos\"}]},{\"@type\":\"WebSite\",\"@id\":\"https:\/\/nk7-testes.com.br\/agazeta\/#website\",\"url\":\"https:\/\/nk7-testes.com.br\/agazeta\/\",\"name\":\"Agazeta.net\",\"description\":\"Agazeta.net - Not\u00edcias de Rio Branco\/AC\",\"potentialAction\":[{\"@type\":\"SearchAction\",\"target\":{\"@type\":\"EntryPoint\",\"urlTemplate\":\"https:\/\/nk7-testes.com.br\/agazeta\/?s={search_term_string}\"},\"query-input\":{\"@type\":\"PropertyValueSpecification\",\"valueRequired\":true,\"valueName\":\"search_term_string\"}}],\"inLanguage\":\"pt-BR\"},{\"@type\":\"Person\",\"@id\":\"https:\/\/nk7-testes.com.br\/agazeta\/#\/schema\/person\/6d6e25cb0435eb4a02fd44d30b4e3020\",\"name\":\"Agazeta.Net\",\"url\":\"https:\/\/nk7-testes.com.br\/agazeta\/author\/agazeta\/\"}]}<\/script>\n<!-- \/ Yoast SEO plugin. -->","yoast_head_json":{"title":"Opera\u00e7\u00e3o Ptolomeu: gabinete fantasma teria sido criado na Aleac para realocar envolvidos - Agazeta.net","robots":{"index":"index","follow":"follow","max-snippet":"max-snippet:-1","max-image-preview":"max-image-preview:large","max-video-preview":"max-video-preview:-1"},"canonical":"https:\/\/nk7-testes.com.br\/agazeta\/operacao-ptolomeu-gabinete-fantasma-teria-sido-criado-na-aleac-para-realocar-envolvidos\/","og_locale":"pt_BR","og_type":"article","og_title":"Opera\u00e7\u00e3o Ptolomeu: gabinete fantasma teria sido criado na Aleac para realocar envolvidos","og_description":"Investiga\u00e7\u00f5es apontam que o nome do ex-deputado Eduardo Farias foi usado para a cria\u00e7\u00e3o do gabinete","og_url":"https:\/\/nk7-testes.com.br\/agazeta\/operacao-ptolomeu-gabinete-fantasma-teria-sido-criado-na-aleac-para-realocar-envolvidos\/","og_site_name":"Agazeta.net","article_published_time":"2024-05-28T19:27:28+00:00","og_image":[{"width":800,"height":400,"url":"https:\/\/nk7-testes.com.br\/agazeta\/wp-content\/uploads\/2024\/05\/ALEAC-01-1-jpeg.webp","type":"image\/jpeg"}],"author":"Agazeta.Net","twitter_card":"summary_large_image","twitter_misc":{"Escrito por":"Agazeta.Net","Est. tempo de leitura":"5 minutos"},"schema":{"@context":"https:\/\/schema.org","@graph":[{"@type":"WebPage","@id":"https:\/\/nk7-testes.com.br\/agazeta\/operacao-ptolomeu-gabinete-fantasma-teria-sido-criado-na-aleac-para-realocar-envolvidos\/","url":"https:\/\/nk7-testes.com.br\/agazeta\/operacao-ptolomeu-gabinete-fantasma-teria-sido-criado-na-aleac-para-realocar-envolvidos\/","name":"Opera\u00e7\u00e3o Ptolomeu: gabinete fantasma teria sido criado na Aleac para realocar envolvidos - Agazeta.net","isPartOf":{"@id":"https:\/\/nk7-testes.com.br\/agazeta\/#website"},"primaryImageOfPage":{"@id":"https:\/\/nk7-testes.com.br\/agazeta\/operacao-ptolomeu-gabinete-fantasma-teria-sido-criado-na-aleac-para-realocar-envolvidos\/#primaryimage"},"image":{"@id":"https:\/\/nk7-testes.com.br\/agazeta\/operacao-ptolomeu-gabinete-fantasma-teria-sido-criado-na-aleac-para-realocar-envolvidos\/#primaryimage"},"thumbnailUrl":"https:\/\/nk7-testes.com.br\/agazeta\/wp-content\/uploads\/2024\/05\/ALEAC-01-1-jpeg.webp","datePublished":"2024-05-28T19:27:28+00:00","author":{"@id":"https:\/\/nk7-testes.com.br\/agazeta\/#\/schema\/person\/6d6e25cb0435eb4a02fd44d30b4e3020"},"breadcrumb":{"@id":"https:\/\/nk7-testes.com.br\/agazeta\/operacao-ptolomeu-gabinete-fantasma-teria-sido-criado-na-aleac-para-realocar-envolvidos\/#breadcrumb"},"inLanguage":"pt-BR","potentialAction":[{"@type":"ReadAction","target":["https:\/\/nk7-testes.com.br\/agazeta\/operacao-ptolomeu-gabinete-fantasma-teria-sido-criado-na-aleac-para-realocar-envolvidos\/"]}]},{"@type":"ImageObject","inLanguage":"pt-BR","@id":"https:\/\/nk7-testes.com.br\/agazeta\/operacao-ptolomeu-gabinete-fantasma-teria-sido-criado-na-aleac-para-realocar-envolvidos\/#primaryimage","url":"https:\/\/nk7-testes.com.br\/agazeta\/wp-content\/uploads\/2024\/05\/ALEAC-01-1-jpeg.webp","contentUrl":"https:\/\/nk7-testes.com.br\/agazeta\/wp-content\/uploads\/2024\/05\/ALEAC-01-1-jpeg.webp","width":800,"height":400},{"@type":"BreadcrumbList","@id":"https:\/\/nk7-testes.com.br\/agazeta\/operacao-ptolomeu-gabinete-fantasma-teria-sido-criado-na-aleac-para-realocar-envolvidos\/#breadcrumb","itemListElement":[{"@type":"ListItem","position":1,"name":"In\u00edcio","item":"https:\/\/nk7-testes.com.br\/agazeta\/"},{"@type":"ListItem","position":2,"name":"Opera\u00e7\u00e3o Ptolomeu: gabinete fantasma teria sido criado na Aleac para realocar envolvidos"}]},{"@type":"WebSite","@id":"https:\/\/nk7-testes.com.br\/agazeta\/#website","url":"https:\/\/nk7-testes.com.br\/agazeta\/","name":"Agazeta.net","description":"Agazeta.net - Not\u00edcias de Rio Branco\/AC","potentialAction":[{"@type":"SearchAction","target":{"@type":"EntryPoint","urlTemplate":"https:\/\/nk7-testes.com.br\/agazeta\/?s={search_term_string}"},"query-input":{"@type":"PropertyValueSpecification","valueRequired":true,"valueName":"search_term_string"}}],"inLanguage":"pt-BR"},{"@type":"Person","@id":"https:\/\/nk7-testes.com.br\/agazeta\/#\/schema\/person\/6d6e25cb0435eb4a02fd44d30b4e3020","name":"Agazeta.Net","url":"https:\/\/nk7-testes.com.br\/agazeta\/author\/agazeta\/"}]}},"_links":{"self":[{"href":"https:\/\/nk7-testes.com.br\/agazeta\/wp-json\/wp\/v2\/posts\/132948","targetHints":{"allow":["GET"]}}],"collection":[{"href":"https:\/\/nk7-testes.com.br\/agazeta\/wp-json\/wp\/v2\/posts"}],"about":[{"href":"https:\/\/nk7-testes.com.br\/agazeta\/wp-json\/wp\/v2\/types\/post"}],"author":[{"embeddable":true,"href":"https:\/\/nk7-testes.com.br\/agazeta\/wp-json\/wp\/v2\/users\/4"}],"replies":[{"embeddable":true,"href":"https:\/\/nk7-testes.com.br\/agazeta\/wp-json\/wp\/v2\/comments?post=132948"}],"version-history":[{"count":0,"href":"https:\/\/nk7-testes.com.br\/agazeta\/wp-json\/wp\/v2\/posts\/132948\/revisions"}],"wp:featuredmedia":[{"embeddable":true,"href":"https:\/\/nk7-testes.com.br\/agazeta\/wp-json\/wp\/v2\/media\/132949"}],"wp:attachment":[{"href":"https:\/\/nk7-testes.com.br\/agazeta\/wp-json\/wp\/v2\/media?parent=132948"}],"wp:term":[{"taxonomy":"category","embeddable":true,"href":"https:\/\/nk7-testes.com.br\/agazeta\/wp-json\/wp\/v2\/categories?post=132948"},{"taxonomy":"post_tag","embeddable":true,"href":"https:\/\/nk7-testes.com.br\/agazeta\/wp-json\/wp\/v2\/tags?post=132948"}],"curies":[{"name":"wp","href":"https:\/\/api.w.org\/{rel}","templated":true}]}}