{"id":132936,"date":"2024-05-28T10:56:45","date_gmt":"2024-05-28T15:56:45","guid":{"rendered":"https:\/\/nk7-testes.com.br\/?p=132936"},"modified":"2024-05-28T10:56:45","modified_gmt":"2024-05-28T15:56:45","slug":"rio-acre-atinge-menor-nivel-do-ano-com-268-metros-nesta-terca-feira","status":"publish","type":"post","link":"https:\/\/nk7-testes.com.br\/agazeta\/rio-acre-atinge-menor-nivel-do-ano-com-268-metros-nesta-terca-feira\/","title":{"rendered":"Rio Acre atinge menor n\u00edvel do ano com 2,68 metros nesta ter\u00e7a-feira"},"content":{"rendered":"<p style=\"text-align: justify;\"><span style=\"font-weight: 400;\">De acordo com o\u00a0 \u00faltimo boletim da Defesa Civil de Rio Branco, o Rio Acre atingiu o n\u00edvel de 2,68 metros nesta ter\u00e7a-feira (28), o que representa uma diminui\u00e7\u00e3o de 11 cent\u00edmetros em rela\u00e7\u00e3o ao dia anterior. Este novo patamar tornou-se o menor registrado em 2024 at\u00e9 o momento.<\/span><\/p>\n<p style=\"text-align: justify;\"><span style=\"font-weight: 400;\">Especialistas alertam para uma severa estiagem este ano, com destaque para o Rio Acre que deveria estar com 5,4 metros, mas encontra-se com apenas 2,68 metros. O n\u00edvel do rio continua abaixo dos 3 metros na capital acreana e permaneceu em 2,79 metros na segunda-feira (27), ap\u00f3s uma redu\u00e7\u00e3o de 9 cent\u00edmetros em 24 horas, apesar da ocorr\u00eancia de chuvas na \u00faltima sexta-feira (24).<\/span><\/p>\n<p style=\"text-align: justify;\"><span style=\"font-weight: 400;\">A Defesa Civil Municipal ressalta que, em maio do ano passado, a menor medi\u00e7\u00e3o foi de 7,27 metros, enquanto a m\u00e9dia para esse per\u00edodo seria em torno de 5 metros. A falta de chuvas adequadas compromete o abastecimento h\u00eddrico, com apenas 54,1 mil\u00edmetros registrados durante todo o m\u00eas, abaixo da previs\u00e3o de 102 mil\u00edmetros.<\/span><\/p>\n<p style=\"text-align: justify;\"><span style=\"font-weight: 400;\">O pesquisador do Instituto Nacional de Pesquisa da Amaz\u00f4nia, Evandro Ferreira, destaca que a regi\u00e3o j\u00e1 enfrenta consequ\u00eancias da baixa quantidade de chuvas, com solos secos e len\u00e7\u00f3is fre\u00e1ticos escassos. A falta de umidade do solo dificulta a recarga dos rios e igarap\u00e9s, o que impacta diretamente no n\u00edvel do Rio Acre.<\/span><\/p>\n<p style=\"text-align: justify;\"><span style=\"font-weight: 400;\">\u201cNo ano passado, em 2023, no segundo semestre, na Amaz\u00f4nia, se registrou um per\u00edodo dos \u00faltimos 40 anos que menos choveu. Ent\u00e3o o solo j\u00e1 ficou com um len\u00e7ol fre\u00e1tico muito escasso, pouca \u00e1gua no solo. E tamb\u00e9m altas temperaturas que aconteceram na regi\u00e3o acelerou o processo de evapotranspira\u00e7\u00e3o, ou seja, a perda de \u00e1gua. Ent\u00e3o n\u00f3s chegamos em 2024 com essa condi\u00e7\u00e3o, pouca \u00e1gua no solo\u201d, explica o especialista.<\/span><\/p>\n<p style=\"text-align: justify;\"><span style=\"font-weight: 400;\">O especialista explica que com a quinta onda polar em curso, a situa\u00e7\u00e3o tende a se agravar, com baixa umidade do ar e m\u00e1 qualidade do ar, o que alerta as autoridades para medidas preventivas, especialmente na \u00e1rea da sa\u00fade p\u00fablica. Problemas respirat\u00f3rios e riscos de inc\u00eandio s\u00e3o algumas das preocupa\u00e7\u00f5es levantadas devido \u00e0s condi\u00e7\u00f5es clim\u00e1ticas desfavor\u00e1veis.<\/span><\/p>\n<p style=\"text-align: justify;\"><span style=\"font-weight: 400;\">\u201cE com essa baixa umidade, voc\u00ea pode ter problemas de doen\u00e7as respirat\u00f3rias, quando chega no per\u00edodo seco, se voc\u00ea tem, por exemplo, friagem em junho, que \u00e9 um per\u00edodo bastante seco, tem risco de inc\u00eandios. Ent\u00e3o, \u00e9 uma coisa a ser considerada. Tem a quest\u00e3o da sa\u00fade e a quest\u00e3o do meio ambiente de ser prejudicado\u201d, conclui.<\/span><\/p>\n<p><em>Mat\u00e9ria em v\u00eddeo produzida pela rep\u00f3rter Wanessa Souza para a TV Gazeta<\/em><\/p>\n<p style=\"text-align: justify;\">\n","protected":false},"excerpt":{"rendered":"<p>De acordo com o\u00a0 \u00faltimo boletim da Defesa Civil de Rio Branco, o Rio Acre atingiu o n\u00edvel de 2,68 metros nesta ter\u00e7a-feira (28), o que representa uma diminui\u00e7\u00e3o de 11 cent\u00edmetros em rela\u00e7\u00e3o ao dia anterior. Este novo patamar tornou-se o menor registrado em 2024 at\u00e9 o momento. Especialistas alertam para uma severa estiagem [&hellip;]<\/p>\n","protected":false},"author":4,"featured_media":132449,"comment_status":"open","ping_status":"open","sticky":false,"template":"","format":"standard","meta":{"jnews-multi-image_gallery":[],"jnews_single_post":{"source_name":"","source_url":"","via_name":"","via_url":"","override_template":"0","override":[{"template":"custom","single_blog_custom":"110746","parallax":"1","fullscreen":"1","layout":"right-sidebar","sidebar":"default-sidebar","second_sidebar":"default-sidebar","sticky_sidebar":"1","share_position":"top","share_float_style":"share-monocrhome","show_share_counter":"1","show_view_counter":"1","show_featured":"1","show_post_meta":"1","show_post_author":"1","show_post_author_image":"1","show_post_date":"1","post_date_format":"default","post_date_format_custom":"Y\/m\/d","show_post_category":"1","show_post_reading_time":"0","post_reading_time_wpm":"300","show_zoom_button":"0","zoom_button_out_step":"2","zoom_button_in_step":"3","show_post_tag":"1","show_prev_next_post":"1","show_popup_post":"1","number_popup_post":"1","show_author_box":"0","show_post_related":"1","show_inline_post_related":"0"}],"override_image_size":"0","image_override":[{"single_post_thumbnail_size":"crop-500","single_post_gallery_size":"crop-500"}],"trending_post":"0","trending_post_position":"meta","trending_post_label":"Trending","sponsored_post":"0","sponsored_post_label":"Sponsored by","sponsored_post_name":"","sponsored_post_url":"","sponsored_post_logo_enable":"0","sponsored_post_logo":"","sponsored_post_desc":"","disable_ad":"0"},"jnews_primary_category":{"id":"","hide":""},"jnews_social_meta":{"fb_title":"","fb_description":"","fb_image":"","twitter_title":"","twitter_description":"","twitter_image":""},"jnews_review":[],"enable_review":"0","type":"percentage","name":"","summary":"","brand":"","sku":"","good":[{"good_text":""}],"bad":[{"bad_text":""}],"score_override":"0","override_value":"","rating":[{"rating_text":"","rating_number":"10"}],"price":[{"shop":"","price":"","link":"","icon":""}],"footnotes":""},"categories":[54],"tags":[],"class_list":["post-132936","post","type-post","status-publish","format-standard","has-post-thumbnail","hentry","category-cotidiano"],"yoast_head":"<!-- This site is optimized with the Yoast SEO plugin v26.5 - https:\/\/yoast.com\/wordpress\/plugins\/seo\/ -->\n<title>Rio Acre atinge menor n\u00edvel do ano com 2,68 metros nesta ter\u00e7a-feira - Agazeta.net<\/title>\n<meta name=\"robots\" content=\"index, follow, max-snippet:-1, max-image-preview:large, max-video-preview:-1\" \/>\n<link rel=\"canonical\" href=\"https:\/\/nk7-testes.com.br\/agazeta\/rio-acre-atinge-menor-nivel-do-ano-com-268-metros-nesta-terca-feira\/\" \/>\n<meta property=\"og:locale\" content=\"pt_BR\" \/>\n<meta property=\"og:type\" content=\"article\" \/>\n<meta property=\"og:title\" content=\"Rio Acre atinge menor n\u00edvel do ano com 2,68 metros nesta ter\u00e7a-feira\" \/>\n<meta property=\"og:description\" content=\"Isso representa uma diminui\u00e7\u00e3o de 11 cent\u00edmetros em rela\u00e7\u00e3o ao dia anterior, que era de 2,79\" \/>\n<meta property=\"og:url\" content=\"https:\/\/nk7-testes.com.br\/agazeta\/rio-acre-atinge-menor-nivel-do-ano-com-268-metros-nesta-terca-feira\/\" \/>\n<meta property=\"og:site_name\" content=\"Agazeta.net\" \/>\n<meta property=\"article:published_time\" content=\"2024-05-28T15:56:45+00:00\" \/>\n<meta property=\"og:image\" content=\"https:\/\/nk7-testes.com.br\/agazeta\/wp-content\/uploads\/2024\/05\/WhatsApp-Image-2024-05-14-at-14.40.52-scaled.webp\" \/>\n\t<meta property=\"og:image:width\" content=\"2560\" \/>\n\t<meta property=\"og:image:height\" content=\"1440\" \/>\n\t<meta property=\"og:image:type\" content=\"image\/jpeg\" \/>\n<meta name=\"author\" content=\"Agazeta.Net\" \/>\n<meta name=\"twitter:card\" content=\"summary_large_image\" \/>\n<meta name=\"twitter:title\" content=\"Rio Acre atinge menor n\u00edvel do ano com 2,68 metros nesta ter\u00e7a-feira\" \/>\n<meta name=\"twitter:description\" content=\"Isso representa uma diminui\u00e7\u00e3o de 11 cent\u00edmetros em rela\u00e7\u00e3o ao dia anterior, que era de 2,79\" \/>\n<meta name=\"twitter:image\" content=\"https:\/\/nk7-testes.com.br\/agazeta\/wp-content\/uploads\/2024\/05\/WhatsApp-Image-2024-05-17-at-15.12.54-scaled.webp\" \/>\n<meta name=\"twitter:label1\" content=\"Escrito por\" \/>\n\t<meta name=\"twitter:data1\" content=\"Agazeta.Net\" \/>\n\t<meta name=\"twitter:label2\" content=\"Est. tempo de leitura\" \/>\n\t<meta name=\"twitter:data2\" content=\"2 minutos\" \/>\n<script type=\"application\/ld+json\" class=\"yoast-schema-graph\">{\"@context\":\"https:\/\/schema.org\",\"@graph\":[{\"@type\":\"WebPage\",\"@id\":\"https:\/\/nk7-testes.com.br\/agazeta\/rio-acre-atinge-menor-nivel-do-ano-com-268-metros-nesta-terca-feira\/\",\"url\":\"https:\/\/nk7-testes.com.br\/agazeta\/rio-acre-atinge-menor-nivel-do-ano-com-268-metros-nesta-terca-feira\/\",\"name\":\"Rio Acre atinge menor n\u00edvel do ano com 2,68 metros nesta ter\u00e7a-feira - Agazeta.net\",\"isPartOf\":{\"@id\":\"https:\/\/nk7-testes.com.br\/agazeta\/#website\"},\"primaryImageOfPage\":{\"@id\":\"https:\/\/nk7-testes.com.br\/agazeta\/rio-acre-atinge-menor-nivel-do-ano-com-268-metros-nesta-terca-feira\/#primaryimage\"},\"image\":{\"@id\":\"https:\/\/nk7-testes.com.br\/agazeta\/rio-acre-atinge-menor-nivel-do-ano-com-268-metros-nesta-terca-feira\/#primaryimage\"},\"thumbnailUrl\":\"https:\/\/nk7-testes.com.br\/agazeta\/wp-content\/uploads\/2024\/05\/WhatsApp-Image-2024-05-17-at-15.12.54-scaled.webp\",\"datePublished\":\"2024-05-28T15:56:45+00:00\",\"author\":{\"@id\":\"https:\/\/nk7-testes.com.br\/agazeta\/#\/schema\/person\/6d6e25cb0435eb4a02fd44d30b4e3020\"},\"breadcrumb\":{\"@id\":\"https:\/\/nk7-testes.com.br\/agazeta\/rio-acre-atinge-menor-nivel-do-ano-com-268-metros-nesta-terca-feira\/#breadcrumb\"},\"inLanguage\":\"pt-BR\",\"potentialAction\":[{\"@type\":\"ReadAction\",\"target\":[\"https:\/\/nk7-testes.com.br\/agazeta\/rio-acre-atinge-menor-nivel-do-ano-com-268-metros-nesta-terca-feira\/\"]}]},{\"@type\":\"ImageObject\",\"inLanguage\":\"pt-BR\",\"@id\":\"https:\/\/nk7-testes.com.br\/agazeta\/rio-acre-atinge-menor-nivel-do-ano-com-268-metros-nesta-terca-feira\/#primaryimage\",\"url\":\"https:\/\/nk7-testes.com.br\/agazeta\/wp-content\/uploads\/2024\/05\/WhatsApp-Image-2024-05-17-at-15.12.54-scaled.webp\",\"contentUrl\":\"https:\/\/nk7-testes.com.br\/agazeta\/wp-content\/uploads\/2024\/05\/WhatsApp-Image-2024-05-17-at-15.12.54-scaled.webp\",\"width\":2560,\"height\":1440,\"caption\":\"Imagem da Ag\u00eancia do Acre\"},{\"@type\":\"BreadcrumbList\",\"@id\":\"https:\/\/nk7-testes.com.br\/agazeta\/rio-acre-atinge-menor-nivel-do-ano-com-268-metros-nesta-terca-feira\/#breadcrumb\",\"itemListElement\":[{\"@type\":\"ListItem\",\"position\":1,\"name\":\"In\u00edcio\",\"item\":\"https:\/\/nk7-testes.com.br\/agazeta\/\"},{\"@type\":\"ListItem\",\"position\":2,\"name\":\"Rio Acre atinge menor n\u00edvel do ano com 2,68 metros nesta ter\u00e7a-feira\"}]},{\"@type\":\"WebSite\",\"@id\":\"https:\/\/nk7-testes.com.br\/agazeta\/#website\",\"url\":\"https:\/\/nk7-testes.com.br\/agazeta\/\",\"name\":\"Agazeta.net\",\"description\":\"Agazeta.net - Not\u00edcias de Rio Branco\/AC\",\"potentialAction\":[{\"@type\":\"SearchAction\",\"target\":{\"@type\":\"EntryPoint\",\"urlTemplate\":\"https:\/\/nk7-testes.com.br\/agazeta\/?s={search_term_string}\"},\"query-input\":{\"@type\":\"PropertyValueSpecification\",\"valueRequired\":true,\"valueName\":\"search_term_string\"}}],\"inLanguage\":\"pt-BR\"},{\"@type\":\"Person\",\"@id\":\"https:\/\/nk7-testes.com.br\/agazeta\/#\/schema\/person\/6d6e25cb0435eb4a02fd44d30b4e3020\",\"name\":\"Agazeta.Net\",\"url\":\"https:\/\/nk7-testes.com.br\/agazeta\/author\/agazeta\/\"}]}<\/script>\n<!-- \/ Yoast SEO plugin. -->","yoast_head_json":{"title":"Rio Acre atinge menor n\u00edvel do ano com 2,68 metros nesta ter\u00e7a-feira - Agazeta.net","robots":{"index":"index","follow":"follow","max-snippet":"max-snippet:-1","max-image-preview":"max-image-preview:large","max-video-preview":"max-video-preview:-1"},"canonical":"https:\/\/nk7-testes.com.br\/agazeta\/rio-acre-atinge-menor-nivel-do-ano-com-268-metros-nesta-terca-feira\/","og_locale":"pt_BR","og_type":"article","og_title":"Rio Acre atinge menor n\u00edvel do ano com 2,68 metros nesta ter\u00e7a-feira","og_description":"Isso representa uma diminui\u00e7\u00e3o de 11 cent\u00edmetros em rela\u00e7\u00e3o ao dia anterior, que era de 2,79","og_url":"https:\/\/nk7-testes.com.br\/agazeta\/rio-acre-atinge-menor-nivel-do-ano-com-268-metros-nesta-terca-feira\/","og_site_name":"Agazeta.net","article_published_time":"2024-05-28T15:56:45+00:00","og_image":[{"width":2560,"height":1440,"url":"https:\/\/nk7-testes.com.br\/agazeta\/wp-content\/uploads\/2024\/05\/WhatsApp-Image-2024-05-14-at-14.40.52-scaled.webp","type":"image\/jpeg"}],"author":"Agazeta.Net","twitter_card":"summary_large_image","twitter_title":"Rio Acre atinge menor n\u00edvel do ano com 2,68 metros nesta ter\u00e7a-feira","twitter_description":"Isso representa uma diminui\u00e7\u00e3o de 11 cent\u00edmetros em rela\u00e7\u00e3o ao dia anterior, que era de 2,79","twitter_image":"https:\/\/nk7-testes.com.br\/agazeta\/wp-content\/uploads\/2024\/05\/WhatsApp-Image-2024-05-17-at-15.12.54-scaled.webp","twitter_misc":{"Escrito por":"Agazeta.Net","Est. tempo de leitura":"2 minutos"},"schema":{"@context":"https:\/\/schema.org","@graph":[{"@type":"WebPage","@id":"https:\/\/nk7-testes.com.br\/agazeta\/rio-acre-atinge-menor-nivel-do-ano-com-268-metros-nesta-terca-feira\/","url":"https:\/\/nk7-testes.com.br\/agazeta\/rio-acre-atinge-menor-nivel-do-ano-com-268-metros-nesta-terca-feira\/","name":"Rio Acre atinge menor n\u00edvel do ano com 2,68 metros nesta ter\u00e7a-feira - Agazeta.net","isPartOf":{"@id":"https:\/\/nk7-testes.com.br\/agazeta\/#website"},"primaryImageOfPage":{"@id":"https:\/\/nk7-testes.com.br\/agazeta\/rio-acre-atinge-menor-nivel-do-ano-com-268-metros-nesta-terca-feira\/#primaryimage"},"image":{"@id":"https:\/\/nk7-testes.com.br\/agazeta\/rio-acre-atinge-menor-nivel-do-ano-com-268-metros-nesta-terca-feira\/#primaryimage"},"thumbnailUrl":"https:\/\/nk7-testes.com.br\/agazeta\/wp-content\/uploads\/2024\/05\/WhatsApp-Image-2024-05-17-at-15.12.54-scaled.webp","datePublished":"2024-05-28T15:56:45+00:00","author":{"@id":"https:\/\/nk7-testes.com.br\/agazeta\/#\/schema\/person\/6d6e25cb0435eb4a02fd44d30b4e3020"},"breadcrumb":{"@id":"https:\/\/nk7-testes.com.br\/agazeta\/rio-acre-atinge-menor-nivel-do-ano-com-268-metros-nesta-terca-feira\/#breadcrumb"},"inLanguage":"pt-BR","potentialAction":[{"@type":"ReadAction","target":["https:\/\/nk7-testes.com.br\/agazeta\/rio-acre-atinge-menor-nivel-do-ano-com-268-metros-nesta-terca-feira\/"]}]},{"@type":"ImageObject","inLanguage":"pt-BR","@id":"https:\/\/nk7-testes.com.br\/agazeta\/rio-acre-atinge-menor-nivel-do-ano-com-268-metros-nesta-terca-feira\/#primaryimage","url":"https:\/\/nk7-testes.com.br\/agazeta\/wp-content\/uploads\/2024\/05\/WhatsApp-Image-2024-05-17-at-15.12.54-scaled.webp","contentUrl":"https:\/\/nk7-testes.com.br\/agazeta\/wp-content\/uploads\/2024\/05\/WhatsApp-Image-2024-05-17-at-15.12.54-scaled.webp","width":2560,"height":1440,"caption":"Imagem da Ag\u00eancia do Acre"},{"@type":"BreadcrumbList","@id":"https:\/\/nk7-testes.com.br\/agazeta\/rio-acre-atinge-menor-nivel-do-ano-com-268-metros-nesta-terca-feira\/#breadcrumb","itemListElement":[{"@type":"ListItem","position":1,"name":"In\u00edcio","item":"https:\/\/nk7-testes.com.br\/agazeta\/"},{"@type":"ListItem","position":2,"name":"Rio Acre atinge menor n\u00edvel do ano com 2,68 metros nesta ter\u00e7a-feira"}]},{"@type":"WebSite","@id":"https:\/\/nk7-testes.com.br\/agazeta\/#website","url":"https:\/\/nk7-testes.com.br\/agazeta\/","name":"Agazeta.net","description":"Agazeta.net - Not\u00edcias de Rio Branco\/AC","potentialAction":[{"@type":"SearchAction","target":{"@type":"EntryPoint","urlTemplate":"https:\/\/nk7-testes.com.br\/agazeta\/?s={search_term_string}"},"query-input":{"@type":"PropertyValueSpecification","valueRequired":true,"valueName":"search_term_string"}}],"inLanguage":"pt-BR"},{"@type":"Person","@id":"https:\/\/nk7-testes.com.br\/agazeta\/#\/schema\/person\/6d6e25cb0435eb4a02fd44d30b4e3020","name":"Agazeta.Net","url":"https:\/\/nk7-testes.com.br\/agazeta\/author\/agazeta\/"}]}},"_links":{"self":[{"href":"https:\/\/nk7-testes.com.br\/agazeta\/wp-json\/wp\/v2\/posts\/132936","targetHints":{"allow":["GET"]}}],"collection":[{"href":"https:\/\/nk7-testes.com.br\/agazeta\/wp-json\/wp\/v2\/posts"}],"about":[{"href":"https:\/\/nk7-testes.com.br\/agazeta\/wp-json\/wp\/v2\/types\/post"}],"author":[{"embeddable":true,"href":"https:\/\/nk7-testes.com.br\/agazeta\/wp-json\/wp\/v2\/users\/4"}],"replies":[{"embeddable":true,"href":"https:\/\/nk7-testes.com.br\/agazeta\/wp-json\/wp\/v2\/comments?post=132936"}],"version-history":[{"count":0,"href":"https:\/\/nk7-testes.com.br\/agazeta\/wp-json\/wp\/v2\/posts\/132936\/revisions"}],"wp:featuredmedia":[{"embeddable":true,"href":"https:\/\/nk7-testes.com.br\/agazeta\/wp-json\/wp\/v2\/media\/132449"}],"wp:attachment":[{"href":"https:\/\/nk7-testes.com.br\/agazeta\/wp-json\/wp\/v2\/media?parent=132936"}],"wp:term":[{"taxonomy":"category","embeddable":true,"href":"https:\/\/nk7-testes.com.br\/agazeta\/wp-json\/wp\/v2\/categories?post=132936"},{"taxonomy":"post_tag","embeddable":true,"href":"https:\/\/nk7-testes.com.br\/agazeta\/wp-json\/wp\/v2\/tags?post=132936"}],"curies":[{"name":"wp","href":"https:\/\/api.w.org\/{rel}","templated":true}]}}