{"id":132901,"date":"2024-05-27T15:45:56","date_gmt":"2024-05-27T20:45:56","guid":{"rendered":"https:\/\/nk7-testes.com.br\/?p=132901"},"modified":"2024-05-27T15:45:56","modified_gmt":"2024-05-27T20:45:56","slug":"gladson-diz-que-vai-marcar-agenda-com-servidores-do-iapen-evitar-qualquer-transtorno","status":"publish","type":"post","link":"https:\/\/nk7-testes.com.br\/agazeta\/gladson-diz-que-vai-marcar-agenda-com-servidores-do-iapen-evitar-qualquer-transtorno\/","title":{"rendered":"Gladson diz que vai marcar agenda com servidores do Iapen: &#8220;Evitar qualquer transtorno&#8221;"},"content":{"rendered":"<p style=\"text-align: justify;\">Em participa\u00e7\u00e3o no programa Gazeta Entrevista, 27, o governador Gladson Cameli (PP) disse que vai marcar uma agenda no Instituto de Administra\u00e7\u00e3o Penitenci\u00e1ria (Iapen), ainda nesta semana, para dialogar com a classe de policiais penas.<\/p>\n<p style=\"text-align: justify;\">Nas \u00faltimas semanas, algumas den\u00fancias de ass\u00e9dio moral contra o atual presidente do Iapen, Alexandre Nascimento, foram apresentadas por policiais penais femininas. O Sindicato dos Policiais Penais do Acre (Sindapen) emitiu uma nota, no \u00faltimo dia 17, em rep\u00fadio aos supostos atos de ass\u00e9dio moral cometidos pelo presidente.<\/p>\n<p style=\"text-align: justify;\">Segundo a nota, o Sindapen descreveu a conduta do Presidente do Iapen durante uma reuni\u00e3o na Equipe B, do Setor Feminino, como \u201ctruculenta\u201d. Al\u00e9m disso, ele teria falado palavras que causaram danos severos \u00e0s m\u00e3es de fam\u00edlia presentes. O sindicato enfatizou a inaceitabilidade da atua\u00e7\u00e3o agressiva e desrespeitosa de um l\u00edder de institui\u00e7\u00e3o, sobretudo em um ambiente que deveria promover colabora\u00e7\u00e3o e respeito entre os envolvidos.<\/p>\n<p style=\"text-align: justify;\">Por conta disso e para evitar quaisquer transtornos, o governador destaca que precisa dialogar com a classe de servidores penais, dentro do pr\u00f3prio Instituto de Administra\u00e7\u00e3o Penitenci\u00e1ria. Al\u00e9m disso, ele tamb\u00e9m afirmou que vai conversar com as demais categorias de servidores p\u00fablicos.<\/p>\n<p style=\"text-align: justify;\">&#8220;Eu irei, nesta semana, fazer uma agenda no Iapen para conversar com toda a classe, dialogar, para que a gente evite qualquer transtorno. Vou al\u00e9m ainda mais, todas as categorias de servidores p\u00fablicos do Estado eu vou conversar&#8221;, salienta Cameli.<\/p>\n<h4>Alexandre na Aleac<\/h4>\n<p style=\"text-align: justify;\">Na sess\u00e3o ordin\u00e1ria de ter\u00e7a-feira, 21 de maio, deputados estaduais discutiram sobre as den\u00fancias de supostos casos de ass\u00e9dio moral realizado pelo presidente do Iapen, Alexandre Nascimento, contra policias penais femininas. Os parlamentares querem a presen\u00e7a dele na Aleac para se posicionar perante \u00e0s den\u00fancias.<\/p>\n<p style=\"text-align: justify;\">A deputada Michelle Melo, do PDT, que abordou sobre o assunto na sess\u00e3o desta ter\u00e7a, destacou a gravidade das den\u00fancias de ass\u00e9dio no Iapen e a coragem das servidoras que se manifestaram e n\u00e3o se calaram diante a situa\u00e7\u00e3o.<\/p>\n<p style=\"text-align: justify;\">\u201cN\u00e3o haveria outra pauta, outro tema que discutir hoje nessa ter\u00e7a-feira. Eu achei de uma valentia gigantesca, meninas, e hoje eu me refiro e vou falar diretamente com voc\u00eas. Eu sei o que \u00e9 o medo que n\u00f3s temos, o temor de nos manifestar contra um ass\u00e9dio dentro de uma institui\u00e7\u00e3o\u201d, iniciou.<\/p>\n<p>https:\/\/nk7-testes.com.br\/deputados-querem-que-presidente-do-iapen-va-a-aleac-se-pronunciar-sobre-denuncias-de-assedio\/<\/p>\n","protected":false},"excerpt":{"rendered":"<p>Em participa\u00e7\u00e3o no programa Gazeta Entrevista, 27, o governador Gladson Cameli (PP) disse que vai marcar uma agenda no Instituto de Administra\u00e7\u00e3o Penitenci\u00e1ria (Iapen), ainda nesta semana, para dialogar com a classe de policiais penas. Nas \u00faltimas semanas, algumas den\u00fancias de ass\u00e9dio moral contra o atual presidente do Iapen, Alexandre Nascimento, foram apresentadas por policiais [&hellip;]<\/p>\n","protected":false},"author":4,"featured_media":132903,"comment_status":"open","ping_status":"open","sticky":false,"template":"","format":"standard","meta":{"jnews-multi-image_gallery":[],"jnews_single_post":{"source_name":"","source_url":"","via_name":"","via_url":"","override_template":"0","override":[{"template":"custom","single_blog_custom":"110746","parallax":"1","fullscreen":"1","layout":"right-sidebar","sidebar":"default-sidebar","second_sidebar":"default-sidebar","sticky_sidebar":"1","share_position":"top","share_float_style":"share-monocrhome","show_share_counter":"1","show_view_counter":"1","show_featured":"1","show_post_meta":"1","show_post_author":"1","show_post_author_image":"1","show_post_date":"1","post_date_format":"default","post_date_format_custom":"Y\/m\/d","show_post_category":"1","show_post_reading_time":"0","post_reading_time_wpm":"300","show_zoom_button":"0","zoom_button_out_step":"2","zoom_button_in_step":"3","show_post_tag":"1","show_prev_next_post":"1","show_popup_post":"1","number_popup_post":"1","show_author_box":"0","show_post_related":"1","show_inline_post_related":"0"}],"override_image_size":"0","image_override":[{"single_post_thumbnail_size":"crop-500","single_post_gallery_size":"crop-500"}],"trending_post":"0","trending_post_position":"meta","trending_post_label":"Trending","sponsored_post":"0","sponsored_post_label":"Sponsored by","sponsored_post_name":"","sponsored_post_url":"","sponsored_post_logo_enable":"0","sponsored_post_logo":"","sponsored_post_desc":"","disable_ad":"0"},"jnews_primary_category":{"id":"","hide":""},"jnews_social_meta":{"fb_title":"","fb_description":"","fb_image":"","twitter_title":"","twitter_description":"","twitter_image":""},"jnews_review":[],"enable_review":"0","type":"percentage","name":"","summary":"","brand":"","sku":"","good":[{"good_text":""}],"bad":[{"bad_text":""}],"score_override":"0","override_value":"","rating":[{"rating_text":"","rating_number":"10"}],"price":[{"shop":"","price":"","link":"","icon":""}],"footnotes":""},"categories":[54],"tags":[],"class_list":["post-132901","post","type-post","status-publish","format-standard","has-post-thumbnail","hentry","category-cotidiano"],"yoast_head":"<!-- This site is optimized with the Yoast SEO plugin v26.5 - https:\/\/yoast.com\/wordpress\/plugins\/seo\/ -->\n<title>Gladson diz que vai marcar agenda com servidores do Iapen: &quot;Evitar qualquer transtorno&quot; - Agazeta.net<\/title>\n<meta name=\"robots\" content=\"index, follow, max-snippet:-1, max-image-preview:large, max-video-preview:-1\" \/>\n<link rel=\"canonical\" href=\"https:\/\/nk7-testes.com.br\/agazeta\/gladson-diz-que-vai-marcar-agenda-com-servidores-do-iapen-evitar-qualquer-transtorno\/\" \/>\n<meta property=\"og:locale\" content=\"pt_BR\" \/>\n<meta property=\"og:type\" content=\"article\" \/>\n<meta property=\"og:title\" content=\"Gladson diz que vai marcar agenda com servidores do Iapen: &quot;Evitar qualquer transtorno&quot;\" \/>\n<meta property=\"og:description\" content=\"Nas \u00faltimas semanas, den\u00fancias de ass\u00e9dio moral contra o atual presidente do Iapen foram apresentadas por policiais penais femininas\" \/>\n<meta property=\"og:url\" content=\"https:\/\/nk7-testes.com.br\/agazeta\/gladson-diz-que-vai-marcar-agenda-com-servidores-do-iapen-evitar-qualquer-transtorno\/\" \/>\n<meta property=\"og:site_name\" content=\"Agazeta.net\" \/>\n<meta property=\"article:published_time\" content=\"2024-05-27T20:45:56+00:00\" \/>\n<meta property=\"og:image\" content=\"https:\/\/nk7-testes.com.br\/agazeta\/wp-content\/uploads\/2024\/05\/WhatsApp-Image-2024-05-27-at-15.44.12-jpeg.webp\" \/>\n\t<meta property=\"og:image:width\" content=\"800\" \/>\n\t<meta property=\"og:image:height\" content=\"402\" \/>\n\t<meta property=\"og:image:type\" content=\"image\/jpeg\" \/>\n<meta name=\"author\" content=\"Agazeta.Net\" \/>\n<meta name=\"twitter:card\" content=\"summary_large_image\" \/>\n<meta name=\"twitter:label1\" content=\"Escrito por\" \/>\n\t<meta name=\"twitter:data1\" content=\"Agazeta.Net\" \/>\n\t<meta name=\"twitter:label2\" content=\"Est. tempo de leitura\" \/>\n\t<meta name=\"twitter:data2\" content=\"2 minutos\" \/>\n<script type=\"application\/ld+json\" class=\"yoast-schema-graph\">{\"@context\":\"https:\/\/schema.org\",\"@graph\":[{\"@type\":\"WebPage\",\"@id\":\"https:\/\/nk7-testes.com.br\/agazeta\/gladson-diz-que-vai-marcar-agenda-com-servidores-do-iapen-evitar-qualquer-transtorno\/\",\"url\":\"https:\/\/nk7-testes.com.br\/agazeta\/gladson-diz-que-vai-marcar-agenda-com-servidores-do-iapen-evitar-qualquer-transtorno\/\",\"name\":\"Gladson diz que vai marcar agenda com servidores do Iapen: \\\"Evitar qualquer transtorno\\\" - Agazeta.net\",\"isPartOf\":{\"@id\":\"https:\/\/nk7-testes.com.br\/agazeta\/#website\"},\"primaryImageOfPage\":{\"@id\":\"https:\/\/nk7-testes.com.br\/agazeta\/gladson-diz-que-vai-marcar-agenda-com-servidores-do-iapen-evitar-qualquer-transtorno\/#primaryimage\"},\"image\":{\"@id\":\"https:\/\/nk7-testes.com.br\/agazeta\/gladson-diz-que-vai-marcar-agenda-com-servidores-do-iapen-evitar-qualquer-transtorno\/#primaryimage\"},\"thumbnailUrl\":\"https:\/\/nk7-testes.com.br\/agazeta\/wp-content\/uploads\/2024\/05\/WhatsApp-Image-2024-05-27-at-15.44.12-jpeg.webp\",\"datePublished\":\"2024-05-27T20:45:56+00:00\",\"author\":{\"@id\":\"https:\/\/nk7-testes.com.br\/agazeta\/#\/schema\/person\/6d6e25cb0435eb4a02fd44d30b4e3020\"},\"breadcrumb\":{\"@id\":\"https:\/\/nk7-testes.com.br\/agazeta\/gladson-diz-que-vai-marcar-agenda-com-servidores-do-iapen-evitar-qualquer-transtorno\/#breadcrumb\"},\"inLanguage\":\"pt-BR\",\"potentialAction\":[{\"@type\":\"ReadAction\",\"target\":[\"https:\/\/nk7-testes.com.br\/agazeta\/gladson-diz-que-vai-marcar-agenda-com-servidores-do-iapen-evitar-qualquer-transtorno\/\"]}]},{\"@type\":\"ImageObject\",\"inLanguage\":\"pt-BR\",\"@id\":\"https:\/\/nk7-testes.com.br\/agazeta\/gladson-diz-que-vai-marcar-agenda-com-servidores-do-iapen-evitar-qualquer-transtorno\/#primaryimage\",\"url\":\"https:\/\/nk7-testes.com.br\/agazeta\/wp-content\/uploads\/2024\/05\/WhatsApp-Image-2024-05-27-at-15.44.12-jpeg.webp\",\"contentUrl\":\"https:\/\/nk7-testes.com.br\/agazeta\/wp-content\/uploads\/2024\/05\/WhatsApp-Image-2024-05-27-at-15.44.12-jpeg.webp\",\"width\":800,\"height\":402,\"caption\":\"Imagem: Secom\"},{\"@type\":\"BreadcrumbList\",\"@id\":\"https:\/\/nk7-testes.com.br\/agazeta\/gladson-diz-que-vai-marcar-agenda-com-servidores-do-iapen-evitar-qualquer-transtorno\/#breadcrumb\",\"itemListElement\":[{\"@type\":\"ListItem\",\"position\":1,\"name\":\"In\u00edcio\",\"item\":\"https:\/\/nk7-testes.com.br\/agazeta\/\"},{\"@type\":\"ListItem\",\"position\":2,\"name\":\"Gladson diz que vai marcar agenda com servidores do Iapen: &#8220;Evitar qualquer transtorno&#8221;\"}]},{\"@type\":\"WebSite\",\"@id\":\"https:\/\/nk7-testes.com.br\/agazeta\/#website\",\"url\":\"https:\/\/nk7-testes.com.br\/agazeta\/\",\"name\":\"Agazeta.net\",\"description\":\"Agazeta.net - Not\u00edcias de Rio Branco\/AC\",\"potentialAction\":[{\"@type\":\"SearchAction\",\"target\":{\"@type\":\"EntryPoint\",\"urlTemplate\":\"https:\/\/nk7-testes.com.br\/agazeta\/?s={search_term_string}\"},\"query-input\":{\"@type\":\"PropertyValueSpecification\",\"valueRequired\":true,\"valueName\":\"search_term_string\"}}],\"inLanguage\":\"pt-BR\"},{\"@type\":\"Person\",\"@id\":\"https:\/\/nk7-testes.com.br\/agazeta\/#\/schema\/person\/6d6e25cb0435eb4a02fd44d30b4e3020\",\"name\":\"Agazeta.Net\",\"url\":\"https:\/\/nk7-testes.com.br\/agazeta\/author\/agazeta\/\"}]}<\/script>\n<!-- \/ Yoast SEO plugin. -->","yoast_head_json":{"title":"Gladson diz que vai marcar agenda com servidores do Iapen: \"Evitar qualquer transtorno\" - Agazeta.net","robots":{"index":"index","follow":"follow","max-snippet":"max-snippet:-1","max-image-preview":"max-image-preview:large","max-video-preview":"max-video-preview:-1"},"canonical":"https:\/\/nk7-testes.com.br\/agazeta\/gladson-diz-que-vai-marcar-agenda-com-servidores-do-iapen-evitar-qualquer-transtorno\/","og_locale":"pt_BR","og_type":"article","og_title":"Gladson diz que vai marcar agenda com servidores do Iapen: \"Evitar qualquer transtorno\"","og_description":"Nas \u00faltimas semanas, den\u00fancias de ass\u00e9dio moral contra o atual presidente do Iapen foram apresentadas por policiais penais femininas","og_url":"https:\/\/nk7-testes.com.br\/agazeta\/gladson-diz-que-vai-marcar-agenda-com-servidores-do-iapen-evitar-qualquer-transtorno\/","og_site_name":"Agazeta.net","article_published_time":"2024-05-27T20:45:56+00:00","og_image":[{"width":800,"height":402,"url":"https:\/\/nk7-testes.com.br\/agazeta\/wp-content\/uploads\/2024\/05\/WhatsApp-Image-2024-05-27-at-15.44.12-jpeg.webp","type":"image\/jpeg"}],"author":"Agazeta.Net","twitter_card":"summary_large_image","twitter_misc":{"Escrito por":"Agazeta.Net","Est. tempo de leitura":"2 minutos"},"schema":{"@context":"https:\/\/schema.org","@graph":[{"@type":"WebPage","@id":"https:\/\/nk7-testes.com.br\/agazeta\/gladson-diz-que-vai-marcar-agenda-com-servidores-do-iapen-evitar-qualquer-transtorno\/","url":"https:\/\/nk7-testes.com.br\/agazeta\/gladson-diz-que-vai-marcar-agenda-com-servidores-do-iapen-evitar-qualquer-transtorno\/","name":"Gladson diz que vai marcar agenda com servidores do Iapen: \"Evitar qualquer transtorno\" - Agazeta.net","isPartOf":{"@id":"https:\/\/nk7-testes.com.br\/agazeta\/#website"},"primaryImageOfPage":{"@id":"https:\/\/nk7-testes.com.br\/agazeta\/gladson-diz-que-vai-marcar-agenda-com-servidores-do-iapen-evitar-qualquer-transtorno\/#primaryimage"},"image":{"@id":"https:\/\/nk7-testes.com.br\/agazeta\/gladson-diz-que-vai-marcar-agenda-com-servidores-do-iapen-evitar-qualquer-transtorno\/#primaryimage"},"thumbnailUrl":"https:\/\/nk7-testes.com.br\/agazeta\/wp-content\/uploads\/2024\/05\/WhatsApp-Image-2024-05-27-at-15.44.12-jpeg.webp","datePublished":"2024-05-27T20:45:56+00:00","author":{"@id":"https:\/\/nk7-testes.com.br\/agazeta\/#\/schema\/person\/6d6e25cb0435eb4a02fd44d30b4e3020"},"breadcrumb":{"@id":"https:\/\/nk7-testes.com.br\/agazeta\/gladson-diz-que-vai-marcar-agenda-com-servidores-do-iapen-evitar-qualquer-transtorno\/#breadcrumb"},"inLanguage":"pt-BR","potentialAction":[{"@type":"ReadAction","target":["https:\/\/nk7-testes.com.br\/agazeta\/gladson-diz-que-vai-marcar-agenda-com-servidores-do-iapen-evitar-qualquer-transtorno\/"]}]},{"@type":"ImageObject","inLanguage":"pt-BR","@id":"https:\/\/nk7-testes.com.br\/agazeta\/gladson-diz-que-vai-marcar-agenda-com-servidores-do-iapen-evitar-qualquer-transtorno\/#primaryimage","url":"https:\/\/nk7-testes.com.br\/agazeta\/wp-content\/uploads\/2024\/05\/WhatsApp-Image-2024-05-27-at-15.44.12-jpeg.webp","contentUrl":"https:\/\/nk7-testes.com.br\/agazeta\/wp-content\/uploads\/2024\/05\/WhatsApp-Image-2024-05-27-at-15.44.12-jpeg.webp","width":800,"height":402,"caption":"Imagem: Secom"},{"@type":"BreadcrumbList","@id":"https:\/\/nk7-testes.com.br\/agazeta\/gladson-diz-que-vai-marcar-agenda-com-servidores-do-iapen-evitar-qualquer-transtorno\/#breadcrumb","itemListElement":[{"@type":"ListItem","position":1,"name":"In\u00edcio","item":"https:\/\/nk7-testes.com.br\/agazeta\/"},{"@type":"ListItem","position":2,"name":"Gladson diz que vai marcar agenda com servidores do Iapen: &#8220;Evitar qualquer transtorno&#8221;"}]},{"@type":"WebSite","@id":"https:\/\/nk7-testes.com.br\/agazeta\/#website","url":"https:\/\/nk7-testes.com.br\/agazeta\/","name":"Agazeta.net","description":"Agazeta.net - Not\u00edcias de Rio Branco\/AC","potentialAction":[{"@type":"SearchAction","target":{"@type":"EntryPoint","urlTemplate":"https:\/\/nk7-testes.com.br\/agazeta\/?s={search_term_string}"},"query-input":{"@type":"PropertyValueSpecification","valueRequired":true,"valueName":"search_term_string"}}],"inLanguage":"pt-BR"},{"@type":"Person","@id":"https:\/\/nk7-testes.com.br\/agazeta\/#\/schema\/person\/6d6e25cb0435eb4a02fd44d30b4e3020","name":"Agazeta.Net","url":"https:\/\/nk7-testes.com.br\/agazeta\/author\/agazeta\/"}]}},"_links":{"self":[{"href":"https:\/\/nk7-testes.com.br\/agazeta\/wp-json\/wp\/v2\/posts\/132901","targetHints":{"allow":["GET"]}}],"collection":[{"href":"https:\/\/nk7-testes.com.br\/agazeta\/wp-json\/wp\/v2\/posts"}],"about":[{"href":"https:\/\/nk7-testes.com.br\/agazeta\/wp-json\/wp\/v2\/types\/post"}],"author":[{"embeddable":true,"href":"https:\/\/nk7-testes.com.br\/agazeta\/wp-json\/wp\/v2\/users\/4"}],"replies":[{"embeddable":true,"href":"https:\/\/nk7-testes.com.br\/agazeta\/wp-json\/wp\/v2\/comments?post=132901"}],"version-history":[{"count":0,"href":"https:\/\/nk7-testes.com.br\/agazeta\/wp-json\/wp\/v2\/posts\/132901\/revisions"}],"wp:featuredmedia":[{"embeddable":true,"href":"https:\/\/nk7-testes.com.br\/agazeta\/wp-json\/wp\/v2\/media\/132903"}],"wp:attachment":[{"href":"https:\/\/nk7-testes.com.br\/agazeta\/wp-json\/wp\/v2\/media?parent=132901"}],"wp:term":[{"taxonomy":"category","embeddable":true,"href":"https:\/\/nk7-testes.com.br\/agazeta\/wp-json\/wp\/v2\/categories?post=132901"},{"taxonomy":"post_tag","embeddable":true,"href":"https:\/\/nk7-testes.com.br\/agazeta\/wp-json\/wp\/v2\/tags?post=132901"}],"curies":[{"name":"wp","href":"https:\/\/api.w.org\/{rel}","templated":true}]}}