{"id":132893,"date":"2024-05-27T14:00:35","date_gmt":"2024-05-27T19:00:35","guid":{"rendered":"https:\/\/nk7-testes.com.br\/?p=132893"},"modified":"2024-05-27T14:28:06","modified_gmt":"2024-05-27T19:28:06","slug":"pai-de-crianca-com-paralisia-cerebral-protesta-contra-atendimento-precario-realizado-pela-sesacre","status":"publish","type":"post","link":"https:\/\/nk7-testes.com.br\/agazeta\/pai-de-crianca-com-paralisia-cerebral-protesta-contra-atendimento-precario-realizado-pela-sesacre\/","title":{"rendered":"Pai de crian\u00e7a com paralisia cerebral protesta contra atendimento prec\u00e1rio realizado pela Sesacre"},"content":{"rendered":"<p style=\"text-align: justify;\">Na \u00faltima sexta-feira, 24, o Terminal Urbano de Rio Branco foi palco de uma manifesta\u00e7\u00e3o. Ataildo Lemos, pai do Jo\u00e3o Miguel, de 7 anos de idade, que sofre com paralisia cerebral, utilizou o espa\u00e7o p\u00fablico para protestar contra os atendimentos prec\u00e1rios que recebe por parte da Secretaria de Estado de Sa\u00fade (Sesacre).<\/p>\n<p style=\"text-align: justify;\">H\u00e1 cerca de sete meses, ele acionou o Governo do Acre para pedir ajuda na revitaliza\u00e7\u00e3o da cadeira de rodas do filho. Meses depois, entraram em contato para devolver o objeto. Lemos achava que a cadeira estaria consertada, mas foi devolvida em um estado pior, sem o pneu das roda e sem o couro do banco.<\/p>\n<figure id=\"attachment_132894\" aria-describedby=\"caption-attachment-132894\" style=\"width: 549px\" class=\"wp-caption aligncenter\"><img decoding=\"async\" class=\"wp-image-132894 \" src=\"https:\/\/nk7-testes.com.br\/wp-content\/uploads\/2024\/05\/WhatsApp-Image-2024-05-27-at-13.47.46-scaled.webp\" alt=\"\" width=\"549\" height=\"412\" srcset=\"https:\/\/nk7-testes.com.br\/agazeta\/wp-content\/uploads\/2024\/05\/WhatsApp-Image-2024-05-27-at-13.47.46-scaled.webp 2560w, https:\/\/nk7-testes.com.br\/agazeta\/wp-content\/uploads\/2024\/05\/WhatsApp-Image-2024-05-27-at-13.47.46-300x225.webp 300w, https:\/\/nk7-testes.com.br\/agazeta\/wp-content\/uploads\/2024\/05\/WhatsApp-Image-2024-05-27-at-13.47.46-1024x768.webp 1024w, https:\/\/nk7-testes.com.br\/agazeta\/wp-content\/uploads\/2024\/05\/WhatsApp-Image-2024-05-27-at-13.47.46-768x576.webp 768w, https:\/\/nk7-testes.com.br\/agazeta\/wp-content\/uploads\/2024\/05\/WhatsApp-Image-2024-05-27-at-13.47.46-1536x1152.webp 1536w, https:\/\/nk7-testes.com.br\/agazeta\/wp-content\/uploads\/2024\/05\/WhatsApp-Image-2024-05-27-at-13.47.46-2048x1536.webp 2048w, https:\/\/nk7-testes.com.br\/agazeta\/wp-content\/uploads\/2024\/05\/WhatsApp-Image-2024-05-27-at-13.47.46-750x563.webp 750w, https:\/\/nk7-testes.com.br\/agazeta\/wp-content\/uploads\/2024\/05\/WhatsApp-Image-2024-05-27-at-13.47.46-1140x855.webp 1140w\" sizes=\"(max-width: 549px) 100vw, 549px\" \/><figcaption id=\"caption-attachment-132894\" class=\"wp-caption-text\">Imagem: Luan Rodrigo<\/figcaption><\/figure>\n<p style=\"text-align: justify;\">&#8220;N\u00e3o era nem para eu estar aqui. \u00c9 direito do meu filho ter a cadeirinha dele disponibilizada pelo estado, mas essa cadeira eu comprei pedindo dinheiro da popula\u00e7\u00e3o, custou R$ 5 mil. Agora, eu precisei de uma reforma, foi uma equipe l\u00e1 em casa, levou l\u00e1 para a oficina ortop\u00e9dica e, sete meses depois, devolveram sem pneu, sem c\u00e2mara de ar, sem freio&#8221;, explica Ataildo Lemos.<\/p>\n<p style=\"text-align: justify;\">O pai destaca que no \u00faltimo dia 1\u00b0 de maio, Dia do Trabalhador, o governador Gladson Cameli organizou a Festa do Trabalhador em Rio Branco e Cruzeiro do Sul, e contratou duas atra\u00e7\u00f5es nacionais, por\u00e9m, o governo n\u00e3o conseguiu restaurar a cadeira de rodas do filho dele.<\/p>\n<p style=\"text-align: justify;\">&#8220;Dia 1\u00b0 de maio eu estava internado com meu filho internado no Hospital da Crian\u00e7a, recebi alta domingo passado. Eu estava l\u00e1 dentro e o governador pagou um show. Tem dinheiro para pagar show e n\u00e3o tem para arrumar uma cadeira de rodas dessa. Isso \u00e9 uma falta de respeito com a crian\u00e7a, com quem tem defici\u00eancia f\u00edsica&#8221;, afirma.<\/p>\n<h4>Nota da Fundhacre<\/h4>\n<p style=\"text-align: justify;\">Por meio de nota, a Funda\u00e7\u00e3o Hospitalar do Acre (Fundhacre) informa que tomou conhecimento do caso na \u00faltima semana e que as provid\u00eancias para assegurar o direito \u00e0 mobilidade da crian\u00e7a est\u00e3o sendo tomadas.<\/p>\n<p>Leia a nota na \u00edntegra:<\/p>\n<p style=\"text-align: justify;\"><em>A dire\u00e7\u00e3o da Funda\u00e7\u00e3o Hospitalar Estadual do Acre (Fundhacre) esclarece que tomou conhecimento do caso do paciente Jo\u00e3o Miguel na \u00faltima semana e est\u00e1 tomando as provid\u00eancias necess\u00e1rias para assegurar o direito \u00e0 mobilidade do paciente, atrav\u00e9s do conserto de sua cadeira de rodas.<\/em><\/p>\n<p style=\"text-align: justify;\"><em>Esclarece, ainda, que est\u00e1 realizando instru\u00e7\u00e3o de processo licitat\u00f3rio visando a compra de insumos com a finalidade de abastecer a oficina ortop\u00e9dica de rio branco, para que esta continue exercendo seu trabalho, fundamental na assist\u00eancia \u00e0s pessoas com defici\u00eancia na capital e munic\u00edpios vizinhos.<\/em><\/p>\n<p><em><strong>Com informa\u00e7\u00f5es do rep\u00f3rter Luan Rodrigo para a TV Gazeta<\/strong><\/em><\/p>\n","protected":false},"excerpt":{"rendered":"<p>Na \u00faltima sexta-feira, 24, o Terminal Urbano de Rio Branco foi palco de uma manifesta\u00e7\u00e3o. Ataildo Lemos, pai do Jo\u00e3o Miguel, de 7 anos de idade, que sofre com paralisia cerebral, utilizou o espa\u00e7o p\u00fablico para protestar contra os atendimentos prec\u00e1rios que recebe por parte da Secretaria de Estado de Sa\u00fade (Sesacre). H\u00e1 cerca de [&hellip;]<\/p>\n","protected":false},"author":4,"featured_media":132897,"comment_status":"open","ping_status":"open","sticky":false,"template":"","format":"standard","meta":{"jnews-multi-image_gallery":[],"jnews_single_post":{"source_name":"","source_url":"","via_name":"","via_url":"","override_template":"0","override":[{"template":"custom","single_blog_custom":"110746","parallax":"1","fullscreen":"1","layout":"right-sidebar","sidebar":"default-sidebar","second_sidebar":"default-sidebar","sticky_sidebar":"1","share_position":"top","share_float_style":"share-monocrhome","show_share_counter":"1","show_view_counter":"1","show_featured":"1","show_post_meta":"1","show_post_author":"1","show_post_author_image":"1","show_post_date":"1","post_date_format":"default","post_date_format_custom":"Y\/m\/d","show_post_category":"1","show_post_reading_time":"0","post_reading_time_wpm":"300","show_zoom_button":"0","zoom_button_out_step":"2","zoom_button_in_step":"3","show_post_tag":"1","show_prev_next_post":"1","show_popup_post":"1","number_popup_post":"1","show_author_box":"0","show_post_related":"1","show_inline_post_related":"0"}],"override_image_size":"0","image_override":[{"single_post_thumbnail_size":"crop-500","single_post_gallery_size":"crop-500"}],"trending_post":"0","trending_post_position":"meta","trending_post_label":"Trending","sponsored_post":"0","sponsored_post_label":"Sponsored by","sponsored_post_name":"","sponsored_post_url":"","sponsored_post_logo_enable":"0","sponsored_post_logo":"","sponsored_post_desc":"","disable_ad":"0"},"jnews_primary_category":{"id":"","hide":""},"jnews_social_meta":{"fb_title":"","fb_description":"","fb_image":"","twitter_title":"","twitter_description":"","twitter_image":""},"jnews_review":[],"enable_review":"0","type":"percentage","name":"","summary":"","brand":"","sku":"","good":[{"good_text":""}],"bad":[{"bad_text":""}],"score_override":"0","override_value":"","rating":[{"rating_text":"","rating_number":"10"}],"price":[{"shop":"","price":"","link":"","icon":""}],"footnotes":""},"categories":[54],"tags":[],"class_list":["post-132893","post","type-post","status-publish","format-standard","has-post-thumbnail","hentry","category-cotidiano"],"yoast_head":"<!-- This site is optimized with the Yoast SEO plugin v26.5 - https:\/\/yoast.com\/wordpress\/plugins\/seo\/ -->\n<title>Pai de crian\u00e7a com paralisia cerebral protesta contra atendimento prec\u00e1rio realizado pela Sesacre - Agazeta.net<\/title>\n<meta name=\"robots\" content=\"index, follow, max-snippet:-1, max-image-preview:large, max-video-preview:-1\" \/>\n<link rel=\"canonical\" href=\"https:\/\/nk7-testes.com.br\/agazeta\/pai-de-crianca-com-paralisia-cerebral-protesta-contra-atendimento-precario-realizado-pela-sesacre\/\" \/>\n<meta property=\"og:locale\" content=\"pt_BR\" \/>\n<meta property=\"og:type\" content=\"article\" \/>\n<meta property=\"og:title\" content=\"Pai de crian\u00e7a com paralisia cerebral protesta contra atendimento prec\u00e1rio realizado pela Sesacre\" \/>\n<meta property=\"og:description\" content=\"Ataildo Lemos se revoltou ap\u00f3s a cadeira de rodas do filho voltar da revitaliza\u00e7\u00e3o em um estado pior do que se encontrava\" \/>\n<meta property=\"og:url\" content=\"https:\/\/nk7-testes.com.br\/agazeta\/pai-de-crianca-com-paralisia-cerebral-protesta-contra-atendimento-precario-realizado-pela-sesacre\/\" \/>\n<meta property=\"og:site_name\" content=\"Agazeta.net\" \/>\n<meta property=\"article:published_time\" content=\"2024-05-27T19:00:35+00:00\" \/>\n<meta property=\"article:modified_time\" content=\"2024-05-27T19:28:06+00:00\" \/>\n<meta property=\"og:image\" content=\"https:\/\/nk7-testes.com.br\/agazeta\/wp-content\/uploads\/2024\/05\/WhatsApp-Image-2024-05-27-at-14.26.09-jpeg.webp\" \/>\n\t<meta property=\"og:image:width\" content=\"800\" \/>\n\t<meta property=\"og:image:height\" content=\"395\" \/>\n\t<meta property=\"og:image:type\" content=\"image\/jpeg\" \/>\n<meta name=\"author\" content=\"Agazeta.Net\" \/>\n<meta name=\"twitter:card\" content=\"summary_large_image\" \/>\n<meta name=\"twitter:label1\" content=\"Escrito por\" \/>\n\t<meta name=\"twitter:data1\" content=\"Agazeta.Net\" \/>\n\t<meta name=\"twitter:label2\" content=\"Est. tempo de leitura\" \/>\n\t<meta name=\"twitter:data2\" content=\"2 minutos\" \/>\n<script type=\"application\/ld+json\" class=\"yoast-schema-graph\">{\"@context\":\"https:\/\/schema.org\",\"@graph\":[{\"@type\":\"WebPage\",\"@id\":\"https:\/\/nk7-testes.com.br\/agazeta\/pai-de-crianca-com-paralisia-cerebral-protesta-contra-atendimento-precario-realizado-pela-sesacre\/\",\"url\":\"https:\/\/nk7-testes.com.br\/agazeta\/pai-de-crianca-com-paralisia-cerebral-protesta-contra-atendimento-precario-realizado-pela-sesacre\/\",\"name\":\"Pai de crian\u00e7a com paralisia cerebral protesta contra atendimento prec\u00e1rio realizado pela Sesacre - Agazeta.net\",\"isPartOf\":{\"@id\":\"https:\/\/nk7-testes.com.br\/agazeta\/#website\"},\"primaryImageOfPage\":{\"@id\":\"https:\/\/nk7-testes.com.br\/agazeta\/pai-de-crianca-com-paralisia-cerebral-protesta-contra-atendimento-precario-realizado-pela-sesacre\/#primaryimage\"},\"image\":{\"@id\":\"https:\/\/nk7-testes.com.br\/agazeta\/pai-de-crianca-com-paralisia-cerebral-protesta-contra-atendimento-precario-realizado-pela-sesacre\/#primaryimage\"},\"thumbnailUrl\":\"https:\/\/nk7-testes.com.br\/agazeta\/wp-content\/uploads\/2024\/05\/WhatsApp-Image-2024-05-27-at-14.26.09-jpeg.webp\",\"datePublished\":\"2024-05-27T19:00:35+00:00\",\"dateModified\":\"2024-05-27T19:28:06+00:00\",\"author\":{\"@id\":\"https:\/\/nk7-testes.com.br\/agazeta\/#\/schema\/person\/6d6e25cb0435eb4a02fd44d30b4e3020\"},\"breadcrumb\":{\"@id\":\"https:\/\/nk7-testes.com.br\/agazeta\/pai-de-crianca-com-paralisia-cerebral-protesta-contra-atendimento-precario-realizado-pela-sesacre\/#breadcrumb\"},\"inLanguage\":\"pt-BR\",\"potentialAction\":[{\"@type\":\"ReadAction\",\"target\":[\"https:\/\/nk7-testes.com.br\/agazeta\/pai-de-crianca-com-paralisia-cerebral-protesta-contra-atendimento-precario-realizado-pela-sesacre\/\"]}]},{\"@type\":\"ImageObject\",\"inLanguage\":\"pt-BR\",\"@id\":\"https:\/\/nk7-testes.com.br\/agazeta\/pai-de-crianca-com-paralisia-cerebral-protesta-contra-atendimento-precario-realizado-pela-sesacre\/#primaryimage\",\"url\":\"https:\/\/nk7-testes.com.br\/agazeta\/wp-content\/uploads\/2024\/05\/WhatsApp-Image-2024-05-27-at-14.26.09-jpeg.webp\",\"contentUrl\":\"https:\/\/nk7-testes.com.br\/agazeta\/wp-content\/uploads\/2024\/05\/WhatsApp-Image-2024-05-27-at-14.26.09-jpeg.webp\",\"width\":800,\"height\":395,\"caption\":\"Imagem: Luan Rodrigo\"},{\"@type\":\"BreadcrumbList\",\"@id\":\"https:\/\/nk7-testes.com.br\/agazeta\/pai-de-crianca-com-paralisia-cerebral-protesta-contra-atendimento-precario-realizado-pela-sesacre\/#breadcrumb\",\"itemListElement\":[{\"@type\":\"ListItem\",\"position\":1,\"name\":\"In\u00edcio\",\"item\":\"https:\/\/nk7-testes.com.br\/agazeta\/\"},{\"@type\":\"ListItem\",\"position\":2,\"name\":\"Pai de crian\u00e7a com paralisia cerebral protesta contra atendimento prec\u00e1rio realizado pela Sesacre\"}]},{\"@type\":\"WebSite\",\"@id\":\"https:\/\/nk7-testes.com.br\/agazeta\/#website\",\"url\":\"https:\/\/nk7-testes.com.br\/agazeta\/\",\"name\":\"Agazeta.net\",\"description\":\"Agazeta.net - Not\u00edcias de Rio Branco\/AC\",\"potentialAction\":[{\"@type\":\"SearchAction\",\"target\":{\"@type\":\"EntryPoint\",\"urlTemplate\":\"https:\/\/nk7-testes.com.br\/agazeta\/?s={search_term_string}\"},\"query-input\":{\"@type\":\"PropertyValueSpecification\",\"valueRequired\":true,\"valueName\":\"search_term_string\"}}],\"inLanguage\":\"pt-BR\"},{\"@type\":\"Person\",\"@id\":\"https:\/\/nk7-testes.com.br\/agazeta\/#\/schema\/person\/6d6e25cb0435eb4a02fd44d30b4e3020\",\"name\":\"Agazeta.Net\",\"url\":\"https:\/\/nk7-testes.com.br\/agazeta\/author\/agazeta\/\"}]}<\/script>\n<!-- \/ Yoast SEO plugin. -->","yoast_head_json":{"title":"Pai de crian\u00e7a com paralisia cerebral protesta contra atendimento prec\u00e1rio realizado pela Sesacre - Agazeta.net","robots":{"index":"index","follow":"follow","max-snippet":"max-snippet:-1","max-image-preview":"max-image-preview:large","max-video-preview":"max-video-preview:-1"},"canonical":"https:\/\/nk7-testes.com.br\/agazeta\/pai-de-crianca-com-paralisia-cerebral-protesta-contra-atendimento-precario-realizado-pela-sesacre\/","og_locale":"pt_BR","og_type":"article","og_title":"Pai de crian\u00e7a com paralisia cerebral protesta contra atendimento prec\u00e1rio realizado pela Sesacre","og_description":"Ataildo Lemos se revoltou ap\u00f3s a cadeira de rodas do filho voltar da revitaliza\u00e7\u00e3o em um estado pior do que se encontrava","og_url":"https:\/\/nk7-testes.com.br\/agazeta\/pai-de-crianca-com-paralisia-cerebral-protesta-contra-atendimento-precario-realizado-pela-sesacre\/","og_site_name":"Agazeta.net","article_published_time":"2024-05-27T19:00:35+00:00","article_modified_time":"2024-05-27T19:28:06+00:00","og_image":[{"width":800,"height":395,"url":"https:\/\/nk7-testes.com.br\/agazeta\/wp-content\/uploads\/2024\/05\/WhatsApp-Image-2024-05-27-at-14.26.09-jpeg.webp","type":"image\/jpeg"}],"author":"Agazeta.Net","twitter_card":"summary_large_image","twitter_misc":{"Escrito por":"Agazeta.Net","Est. tempo de leitura":"2 minutos"},"schema":{"@context":"https:\/\/schema.org","@graph":[{"@type":"WebPage","@id":"https:\/\/nk7-testes.com.br\/agazeta\/pai-de-crianca-com-paralisia-cerebral-protesta-contra-atendimento-precario-realizado-pela-sesacre\/","url":"https:\/\/nk7-testes.com.br\/agazeta\/pai-de-crianca-com-paralisia-cerebral-protesta-contra-atendimento-precario-realizado-pela-sesacre\/","name":"Pai de crian\u00e7a com paralisia cerebral protesta contra atendimento prec\u00e1rio realizado pela Sesacre - Agazeta.net","isPartOf":{"@id":"https:\/\/nk7-testes.com.br\/agazeta\/#website"},"primaryImageOfPage":{"@id":"https:\/\/nk7-testes.com.br\/agazeta\/pai-de-crianca-com-paralisia-cerebral-protesta-contra-atendimento-precario-realizado-pela-sesacre\/#primaryimage"},"image":{"@id":"https:\/\/nk7-testes.com.br\/agazeta\/pai-de-crianca-com-paralisia-cerebral-protesta-contra-atendimento-precario-realizado-pela-sesacre\/#primaryimage"},"thumbnailUrl":"https:\/\/nk7-testes.com.br\/agazeta\/wp-content\/uploads\/2024\/05\/WhatsApp-Image-2024-05-27-at-14.26.09-jpeg.webp","datePublished":"2024-05-27T19:00:35+00:00","dateModified":"2024-05-27T19:28:06+00:00","author":{"@id":"https:\/\/nk7-testes.com.br\/agazeta\/#\/schema\/person\/6d6e25cb0435eb4a02fd44d30b4e3020"},"breadcrumb":{"@id":"https:\/\/nk7-testes.com.br\/agazeta\/pai-de-crianca-com-paralisia-cerebral-protesta-contra-atendimento-precario-realizado-pela-sesacre\/#breadcrumb"},"inLanguage":"pt-BR","potentialAction":[{"@type":"ReadAction","target":["https:\/\/nk7-testes.com.br\/agazeta\/pai-de-crianca-com-paralisia-cerebral-protesta-contra-atendimento-precario-realizado-pela-sesacre\/"]}]},{"@type":"ImageObject","inLanguage":"pt-BR","@id":"https:\/\/nk7-testes.com.br\/agazeta\/pai-de-crianca-com-paralisia-cerebral-protesta-contra-atendimento-precario-realizado-pela-sesacre\/#primaryimage","url":"https:\/\/nk7-testes.com.br\/agazeta\/wp-content\/uploads\/2024\/05\/WhatsApp-Image-2024-05-27-at-14.26.09-jpeg.webp","contentUrl":"https:\/\/nk7-testes.com.br\/agazeta\/wp-content\/uploads\/2024\/05\/WhatsApp-Image-2024-05-27-at-14.26.09-jpeg.webp","width":800,"height":395,"caption":"Imagem: Luan Rodrigo"},{"@type":"BreadcrumbList","@id":"https:\/\/nk7-testes.com.br\/agazeta\/pai-de-crianca-com-paralisia-cerebral-protesta-contra-atendimento-precario-realizado-pela-sesacre\/#breadcrumb","itemListElement":[{"@type":"ListItem","position":1,"name":"In\u00edcio","item":"https:\/\/nk7-testes.com.br\/agazeta\/"},{"@type":"ListItem","position":2,"name":"Pai de crian\u00e7a com paralisia cerebral protesta contra atendimento prec\u00e1rio realizado pela Sesacre"}]},{"@type":"WebSite","@id":"https:\/\/nk7-testes.com.br\/agazeta\/#website","url":"https:\/\/nk7-testes.com.br\/agazeta\/","name":"Agazeta.net","description":"Agazeta.net - Not\u00edcias de Rio Branco\/AC","potentialAction":[{"@type":"SearchAction","target":{"@type":"EntryPoint","urlTemplate":"https:\/\/nk7-testes.com.br\/agazeta\/?s={search_term_string}"},"query-input":{"@type":"PropertyValueSpecification","valueRequired":true,"valueName":"search_term_string"}}],"inLanguage":"pt-BR"},{"@type":"Person","@id":"https:\/\/nk7-testes.com.br\/agazeta\/#\/schema\/person\/6d6e25cb0435eb4a02fd44d30b4e3020","name":"Agazeta.Net","url":"https:\/\/nk7-testes.com.br\/agazeta\/author\/agazeta\/"}]}},"_links":{"self":[{"href":"https:\/\/nk7-testes.com.br\/agazeta\/wp-json\/wp\/v2\/posts\/132893","targetHints":{"allow":["GET"]}}],"collection":[{"href":"https:\/\/nk7-testes.com.br\/agazeta\/wp-json\/wp\/v2\/posts"}],"about":[{"href":"https:\/\/nk7-testes.com.br\/agazeta\/wp-json\/wp\/v2\/types\/post"}],"author":[{"embeddable":true,"href":"https:\/\/nk7-testes.com.br\/agazeta\/wp-json\/wp\/v2\/users\/4"}],"replies":[{"embeddable":true,"href":"https:\/\/nk7-testes.com.br\/agazeta\/wp-json\/wp\/v2\/comments?post=132893"}],"version-history":[{"count":0,"href":"https:\/\/nk7-testes.com.br\/agazeta\/wp-json\/wp\/v2\/posts\/132893\/revisions"}],"wp:featuredmedia":[{"embeddable":true,"href":"https:\/\/nk7-testes.com.br\/agazeta\/wp-json\/wp\/v2\/media\/132897"}],"wp:attachment":[{"href":"https:\/\/nk7-testes.com.br\/agazeta\/wp-json\/wp\/v2\/media?parent=132893"}],"wp:term":[{"taxonomy":"category","embeddable":true,"href":"https:\/\/nk7-testes.com.br\/agazeta\/wp-json\/wp\/v2\/categories?post=132893"},{"taxonomy":"post_tag","embeddable":true,"href":"https:\/\/nk7-testes.com.br\/agazeta\/wp-json\/wp\/v2\/tags?post=132893"}],"curies":[{"name":"wp","href":"https:\/\/api.w.org\/{rel}","templated":true}]}}