{"id":132833,"date":"2024-05-25T13:11:37","date_gmt":"2024-05-25T18:11:37","guid":{"rendered":"https:\/\/nk7-testes.com.br\/?p=132833"},"modified":"2024-05-25T13:11:37","modified_gmt":"2024-05-25T18:11:37","slug":"terceira-vitima-de-queda-de-aviao-no-acre-morre-em-manaus-familia-pede-ajuda-para-retornar-a-rio-branco","status":"publish","type":"post","link":"https:\/\/nk7-testes.com.br\/agazeta\/terceira-vitima-de-queda-de-aviao-no-acre-morre-em-manaus-familia-pede-ajuda-para-retornar-a-rio-branco\/","title":{"rendered":"Terceira v\u00edtima de queda de avi\u00e3o no Acre morre em Manaus; fam\u00edlia pede ajuda para retornar a Rio Branco"},"content":{"rendered":"<p style=\"text-align: justify;\">A biom\u00e9dica Am\u00e9lia Cristina Rocha, de 28 anos, uma das v\u00edtimas da queda de avi\u00e3o ocorrida no munic\u00edpio de Tarauac\u00e1, em mar\u00e7o deste ano, morreu na tarde desta sexta-feira (24), em Manaus, no Amazonas. Marido e m\u00e3e pedem ajuda para custear retorno deles ao Acre.<\/p>\n<p style=\"text-align: justify;\">A v\u00edtima estava internada no Centro de Tratamento de Queimados (CTQ) do Hospital e Pronto-Socorro 28 de Agosto, na capital amazonense, desde o dia 21 de mar\u00e7o. Segundo informa\u00e7\u00f5es, ela apresentava queimaduras em cerca de 90% do corpo.<\/p>\n<p style=\"text-align: justify;\">O marido de Am\u00e9lia Rocha, Bruno Fernando dos Santos, e a m\u00e3e dela, estavam em Manaus para acompanh\u00e1-la durante o tratamento. Por conta da morte repentina, a fam\u00edlia pede ajuda para custear o retorno dos dois a Rio Branco neste domingo (26), tendo em vista que o corpo da jovem deve chegar ao Acre na segunda-feira (27) para o funeral.<\/p>\n<p style=\"text-align: justify;\">A igreja Lagoinha Rio Branco, onde Am\u00e9lia frequentava, iniciou uma campanha de Pix solid\u00e1rio, em busca de recursos para trazer a fam\u00edlia da jovem \u00e0 capital acreana. Para doar, os interessados devem enviar qualquer valor para a chave Pix <strong>88866980200<\/strong>, em nome de\u00a0<strong>Bruno Fernando<\/strong>.<\/p>\n<p style=\"text-align: justify;\">O valor pedido para custear as passagens a\u00e9reas \u00e9 de R$ 6 mil, mas qualquer quantia enviada \u00e9 bem-vinda pelo marido e pela m\u00e3e da v\u00edtima.<\/p>\n<p><img decoding=\"async\" class=\"aligncenter wp-image-132834 \" src=\"https:\/\/nk7-testes.com.br\/wp-content\/uploads\/2024\/05\/WhatsApp-Image-2024-05-25-at-12.59.31-jpeg.webp\" alt=\"\" width=\"483\" height=\"817\" srcset=\"https:\/\/nk7-testes.com.br\/agazeta\/wp-content\/uploads\/2024\/05\/WhatsApp-Image-2024-05-25-at-12.59.31-jpeg.webp 946w, https:\/\/nk7-testes.com.br\/agazeta\/wp-content\/uploads\/2024\/05\/WhatsApp-Image-2024-05-25-at-12.59.31-177x300.webp 177w, https:\/\/nk7-testes.com.br\/agazeta\/wp-content\/uploads\/2024\/05\/WhatsApp-Image-2024-05-25-at-12.59.31-605x1024.webp 605w, https:\/\/nk7-testes.com.br\/agazeta\/wp-content\/uploads\/2024\/05\/WhatsApp-Image-2024-05-25-at-12.59.31-768x1299.webp 768w, https:\/\/nk7-testes.com.br\/agazeta\/wp-content\/uploads\/2024\/05\/WhatsApp-Image-2024-05-25-at-12.59.31-908x1536.webp 908w, https:\/\/nk7-testes.com.br\/agazeta\/wp-content\/uploads\/2024\/05\/WhatsApp-Image-2024-05-25-at-12.59.31-750x1268.webp 750w\" sizes=\"(max-width: 483px) 100vw, 483px\" \/><\/p>\n<h4>Marido pedia ora\u00e7\u00f5es<\/h4>\n<p style=\"text-align: justify;\">O dentista Bruno Fernando dos Santos, de 36 anos, tamb\u00e9m estava no avi\u00e3o no momento do acidente, mas conseguiu pular da aeronave antes do inc\u00eandio. Em entrevista exclusiva \u00e0 TV Gazeta, no Pronto-Socorro de Rio Branco, ele contou detalhes sobre o acidente.<\/p>\n<p style=\"text-align: justify;\">Santos afirmou que tudo foi muito r\u00e1pido e, em quest\u00e3o de segundos, j\u00e1 estava no ch\u00e3o com as chamas consumindo do interior do avi\u00e3o e chegando \u00e0s v\u00edtimas. O sobrevivente pedia ora\u00e7\u00f5es para a esposa, em busca da recupera\u00e7\u00e3o dela: \u201cEla \u00e9 meu alicerce\u201d.<\/p>\n<p>https:\/\/nk7-testes.com.br\/sobrevivente-da-queda-de-aviao-no-acre-pede-oracoes-para-a-esposa-que-esta-na-uti-ela-e-meu-alicerce\/<\/p>\n","protected":false},"excerpt":{"rendered":"<p>A biom\u00e9dica Am\u00e9lia Cristina Rocha, de 28 anos, uma das v\u00edtimas da queda de avi\u00e3o ocorrida no munic\u00edpio de Tarauac\u00e1, em mar\u00e7o deste ano, morreu na tarde desta sexta-feira (24), em Manaus, no Amazonas. Marido e m\u00e3e pedem ajuda para custear retorno deles ao Acre. A v\u00edtima estava internada no Centro de Tratamento de Queimados [&hellip;]<\/p>\n","protected":false},"author":4,"featured_media":132835,"comment_status":"open","ping_status":"open","sticky":false,"template":"","format":"standard","meta":{"jnews-multi-image_gallery":[],"jnews_single_post":{"source_name":"","source_url":"","via_name":"","via_url":"","override_template":"0","override":[{"template":"custom","single_blog_custom":"110746","parallax":"1","fullscreen":"1","layout":"right-sidebar","sidebar":"default-sidebar","second_sidebar":"default-sidebar","sticky_sidebar":"1","share_position":"top","share_float_style":"share-monocrhome","show_share_counter":"1","show_view_counter":"1","show_featured":"1","show_post_meta":"1","show_post_author":"1","show_post_author_image":"1","show_post_date":"1","post_date_format":"default","post_date_format_custom":"Y\/m\/d","show_post_category":"1","show_post_reading_time":"0","post_reading_time_wpm":"300","show_zoom_button":"0","zoom_button_out_step":"2","zoom_button_in_step":"3","show_post_tag":"1","show_prev_next_post":"1","show_popup_post":"1","number_popup_post":"1","show_author_box":"0","show_post_related":"1","show_inline_post_related":"0"}],"override_image_size":"0","image_override":[{"single_post_thumbnail_size":"crop-500","single_post_gallery_size":"crop-500"}],"trending_post":"0","trending_post_position":"meta","trending_post_label":"Trending","sponsored_post":"0","sponsored_post_label":"Sponsored by","sponsored_post_name":"","sponsored_post_url":"","sponsored_post_logo_enable":"0","sponsored_post_logo":"","sponsored_post_desc":"","disable_ad":"0"},"jnews_primary_category":{"id":"","hide":""},"jnews_social_meta":{"fb_title":"","fb_description":"","fb_image":"","twitter_title":"","twitter_description":"","twitter_image":""},"jnews_review":[],"enable_review":"0","type":"percentage","name":"","summary":"","brand":"","sku":"","good":[{"good_text":""}],"bad":[{"bad_text":""}],"score_override":"0","override_value":"","rating":[{"rating_text":"","rating_number":"10"}],"price":[{"shop":"","price":"","link":"","icon":""}],"footnotes":""},"categories":[54],"tags":[152],"class_list":["post-132833","post","type-post","status-publish","format-standard","has-post-thumbnail","hentry","category-cotidiano","tag-destaque"],"yoast_head":"<!-- This site is optimized with the Yoast SEO plugin v26.5 - https:\/\/yoast.com\/wordpress\/plugins\/seo\/ -->\n<title>Terceira v\u00edtima de queda de avi\u00e3o no Acre morre em Manaus; fam\u00edlia pede ajuda para retornar a Rio Branco - Agazeta.net<\/title>\n<meta name=\"robots\" content=\"index, follow, max-snippet:-1, max-image-preview:large, max-video-preview:-1\" \/>\n<link rel=\"canonical\" href=\"https:\/\/nk7-testes.com.br\/agazeta\/terceira-vitima-de-queda-de-aviao-no-acre-morre-em-manaus-familia-pede-ajuda-para-retornar-a-rio-branco\/\" \/>\n<meta property=\"og:locale\" content=\"pt_BR\" \/>\n<meta property=\"og:type\" content=\"article\" \/>\n<meta property=\"og:title\" content=\"Terceira v\u00edtima de queda de avi\u00e3o no Acre morre em Manaus; fam\u00edlia pede ajuda para retornar a Rio Branco\" \/>\n<meta property=\"og:description\" content=\"Am\u00e9lia Cristina Rocha estava internada no Centro de Tratamento de Queimados, no Amazonas, desde mar\u00e7o\" \/>\n<meta property=\"og:url\" content=\"https:\/\/nk7-testes.com.br\/agazeta\/terceira-vitima-de-queda-de-aviao-no-acre-morre-em-manaus-familia-pede-ajuda-para-retornar-a-rio-branco\/\" \/>\n<meta property=\"og:site_name\" content=\"Agazeta.net\" \/>\n<meta property=\"article:published_time\" content=\"2024-05-25T18:11:37+00:00\" \/>\n<meta property=\"og:image\" content=\"https:\/\/nk7-testes.com.br\/agazeta\/wp-content\/uploads\/2024\/05\/WhatsApp-Image-2024-05-25-at-13.00.54-jpeg.webp\" \/>\n\t<meta property=\"og:image:width\" content=\"800\" \/>\n\t<meta property=\"og:image:height\" content=\"402\" \/>\n\t<meta property=\"og:image:type\" content=\"image\/jpeg\" \/>\n<meta name=\"author\" content=\"Agazeta.Net\" \/>\n<meta name=\"twitter:card\" content=\"summary_large_image\" \/>\n<meta name=\"twitter:label1\" content=\"Escrito por\" \/>\n\t<meta name=\"twitter:data1\" content=\"Agazeta.Net\" \/>\n\t<meta name=\"twitter:label2\" content=\"Est. tempo de leitura\" \/>\n\t<meta name=\"twitter:data2\" content=\"2 minutos\" \/>\n<script type=\"application\/ld+json\" class=\"yoast-schema-graph\">{\"@context\":\"https:\/\/schema.org\",\"@graph\":[{\"@type\":\"WebPage\",\"@id\":\"https:\/\/nk7-testes.com.br\/agazeta\/terceira-vitima-de-queda-de-aviao-no-acre-morre-em-manaus-familia-pede-ajuda-para-retornar-a-rio-branco\/\",\"url\":\"https:\/\/nk7-testes.com.br\/agazeta\/terceira-vitima-de-queda-de-aviao-no-acre-morre-em-manaus-familia-pede-ajuda-para-retornar-a-rio-branco\/\",\"name\":\"Terceira v\u00edtima de queda de avi\u00e3o no Acre morre em Manaus; fam\u00edlia pede ajuda para retornar a Rio Branco - Agazeta.net\",\"isPartOf\":{\"@id\":\"https:\/\/nk7-testes.com.br\/agazeta\/#website\"},\"primaryImageOfPage\":{\"@id\":\"https:\/\/nk7-testes.com.br\/agazeta\/terceira-vitima-de-queda-de-aviao-no-acre-morre-em-manaus-familia-pede-ajuda-para-retornar-a-rio-branco\/#primaryimage\"},\"image\":{\"@id\":\"https:\/\/nk7-testes.com.br\/agazeta\/terceira-vitima-de-queda-de-aviao-no-acre-morre-em-manaus-familia-pede-ajuda-para-retornar-a-rio-branco\/#primaryimage\"},\"thumbnailUrl\":\"https:\/\/nk7-testes.com.br\/agazeta\/wp-content\/uploads\/2024\/05\/WhatsApp-Image-2024-05-25-at-13.00.54-jpeg.webp\",\"datePublished\":\"2024-05-25T18:11:37+00:00\",\"author\":{\"@id\":\"https:\/\/nk7-testes.com.br\/agazeta\/#\/schema\/person\/6d6e25cb0435eb4a02fd44d30b4e3020\"},\"breadcrumb\":{\"@id\":\"https:\/\/nk7-testes.com.br\/agazeta\/terceira-vitima-de-queda-de-aviao-no-acre-morre-em-manaus-familia-pede-ajuda-para-retornar-a-rio-branco\/#breadcrumb\"},\"inLanguage\":\"pt-BR\",\"potentialAction\":[{\"@type\":\"ReadAction\",\"target\":[\"https:\/\/nk7-testes.com.br\/agazeta\/terceira-vitima-de-queda-de-aviao-no-acre-morre-em-manaus-familia-pede-ajuda-para-retornar-a-rio-branco\/\"]}]},{\"@type\":\"ImageObject\",\"inLanguage\":\"pt-BR\",\"@id\":\"https:\/\/nk7-testes.com.br\/agazeta\/terceira-vitima-de-queda-de-aviao-no-acre-morre-em-manaus-familia-pede-ajuda-para-retornar-a-rio-branco\/#primaryimage\",\"url\":\"https:\/\/nk7-testes.com.br\/agazeta\/wp-content\/uploads\/2024\/05\/WhatsApp-Image-2024-05-25-at-13.00.54-jpeg.webp\",\"contentUrl\":\"https:\/\/nk7-testes.com.br\/agazeta\/wp-content\/uploads\/2024\/05\/WhatsApp-Image-2024-05-25-at-13.00.54-jpeg.webp\",\"width\":800,\"height\":402},{\"@type\":\"BreadcrumbList\",\"@id\":\"https:\/\/nk7-testes.com.br\/agazeta\/terceira-vitima-de-queda-de-aviao-no-acre-morre-em-manaus-familia-pede-ajuda-para-retornar-a-rio-branco\/#breadcrumb\",\"itemListElement\":[{\"@type\":\"ListItem\",\"position\":1,\"name\":\"In\u00edcio\",\"item\":\"https:\/\/nk7-testes.com.br\/agazeta\/\"},{\"@type\":\"ListItem\",\"position\":2,\"name\":\"Terceira v\u00edtima de queda de avi\u00e3o no Acre morre em Manaus; fam\u00edlia pede ajuda para retornar a Rio Branco\"}]},{\"@type\":\"WebSite\",\"@id\":\"https:\/\/nk7-testes.com.br\/agazeta\/#website\",\"url\":\"https:\/\/nk7-testes.com.br\/agazeta\/\",\"name\":\"Agazeta.net\",\"description\":\"Agazeta.net - Not\u00edcias de Rio Branco\/AC\",\"potentialAction\":[{\"@type\":\"SearchAction\",\"target\":{\"@type\":\"EntryPoint\",\"urlTemplate\":\"https:\/\/nk7-testes.com.br\/agazeta\/?s={search_term_string}\"},\"query-input\":{\"@type\":\"PropertyValueSpecification\",\"valueRequired\":true,\"valueName\":\"search_term_string\"}}],\"inLanguage\":\"pt-BR\"},{\"@type\":\"Person\",\"@id\":\"https:\/\/nk7-testes.com.br\/agazeta\/#\/schema\/person\/6d6e25cb0435eb4a02fd44d30b4e3020\",\"name\":\"Agazeta.Net\",\"url\":\"https:\/\/nk7-testes.com.br\/agazeta\/author\/agazeta\/\"}]}<\/script>\n<!-- \/ Yoast SEO plugin. -->","yoast_head_json":{"title":"Terceira v\u00edtima de queda de avi\u00e3o no Acre morre em Manaus; fam\u00edlia pede ajuda para retornar a Rio Branco - Agazeta.net","robots":{"index":"index","follow":"follow","max-snippet":"max-snippet:-1","max-image-preview":"max-image-preview:large","max-video-preview":"max-video-preview:-1"},"canonical":"https:\/\/nk7-testes.com.br\/agazeta\/terceira-vitima-de-queda-de-aviao-no-acre-morre-em-manaus-familia-pede-ajuda-para-retornar-a-rio-branco\/","og_locale":"pt_BR","og_type":"article","og_title":"Terceira v\u00edtima de queda de avi\u00e3o no Acre morre em Manaus; fam\u00edlia pede ajuda para retornar a Rio Branco","og_description":"Am\u00e9lia Cristina Rocha estava internada no Centro de Tratamento de Queimados, no Amazonas, desde mar\u00e7o","og_url":"https:\/\/nk7-testes.com.br\/agazeta\/terceira-vitima-de-queda-de-aviao-no-acre-morre-em-manaus-familia-pede-ajuda-para-retornar-a-rio-branco\/","og_site_name":"Agazeta.net","article_published_time":"2024-05-25T18:11:37+00:00","og_image":[{"width":800,"height":402,"url":"https:\/\/nk7-testes.com.br\/agazeta\/wp-content\/uploads\/2024\/05\/WhatsApp-Image-2024-05-25-at-13.00.54-jpeg.webp","type":"image\/jpeg"}],"author":"Agazeta.Net","twitter_card":"summary_large_image","twitter_misc":{"Escrito por":"Agazeta.Net","Est. tempo de leitura":"2 minutos"},"schema":{"@context":"https:\/\/schema.org","@graph":[{"@type":"WebPage","@id":"https:\/\/nk7-testes.com.br\/agazeta\/terceira-vitima-de-queda-de-aviao-no-acre-morre-em-manaus-familia-pede-ajuda-para-retornar-a-rio-branco\/","url":"https:\/\/nk7-testes.com.br\/agazeta\/terceira-vitima-de-queda-de-aviao-no-acre-morre-em-manaus-familia-pede-ajuda-para-retornar-a-rio-branco\/","name":"Terceira v\u00edtima de queda de avi\u00e3o no Acre morre em Manaus; fam\u00edlia pede ajuda para retornar a Rio Branco - Agazeta.net","isPartOf":{"@id":"https:\/\/nk7-testes.com.br\/agazeta\/#website"},"primaryImageOfPage":{"@id":"https:\/\/nk7-testes.com.br\/agazeta\/terceira-vitima-de-queda-de-aviao-no-acre-morre-em-manaus-familia-pede-ajuda-para-retornar-a-rio-branco\/#primaryimage"},"image":{"@id":"https:\/\/nk7-testes.com.br\/agazeta\/terceira-vitima-de-queda-de-aviao-no-acre-morre-em-manaus-familia-pede-ajuda-para-retornar-a-rio-branco\/#primaryimage"},"thumbnailUrl":"https:\/\/nk7-testes.com.br\/agazeta\/wp-content\/uploads\/2024\/05\/WhatsApp-Image-2024-05-25-at-13.00.54-jpeg.webp","datePublished":"2024-05-25T18:11:37+00:00","author":{"@id":"https:\/\/nk7-testes.com.br\/agazeta\/#\/schema\/person\/6d6e25cb0435eb4a02fd44d30b4e3020"},"breadcrumb":{"@id":"https:\/\/nk7-testes.com.br\/agazeta\/terceira-vitima-de-queda-de-aviao-no-acre-morre-em-manaus-familia-pede-ajuda-para-retornar-a-rio-branco\/#breadcrumb"},"inLanguage":"pt-BR","potentialAction":[{"@type":"ReadAction","target":["https:\/\/nk7-testes.com.br\/agazeta\/terceira-vitima-de-queda-de-aviao-no-acre-morre-em-manaus-familia-pede-ajuda-para-retornar-a-rio-branco\/"]}]},{"@type":"ImageObject","inLanguage":"pt-BR","@id":"https:\/\/nk7-testes.com.br\/agazeta\/terceira-vitima-de-queda-de-aviao-no-acre-morre-em-manaus-familia-pede-ajuda-para-retornar-a-rio-branco\/#primaryimage","url":"https:\/\/nk7-testes.com.br\/agazeta\/wp-content\/uploads\/2024\/05\/WhatsApp-Image-2024-05-25-at-13.00.54-jpeg.webp","contentUrl":"https:\/\/nk7-testes.com.br\/agazeta\/wp-content\/uploads\/2024\/05\/WhatsApp-Image-2024-05-25-at-13.00.54-jpeg.webp","width":800,"height":402},{"@type":"BreadcrumbList","@id":"https:\/\/nk7-testes.com.br\/agazeta\/terceira-vitima-de-queda-de-aviao-no-acre-morre-em-manaus-familia-pede-ajuda-para-retornar-a-rio-branco\/#breadcrumb","itemListElement":[{"@type":"ListItem","position":1,"name":"In\u00edcio","item":"https:\/\/nk7-testes.com.br\/agazeta\/"},{"@type":"ListItem","position":2,"name":"Terceira v\u00edtima de queda de avi\u00e3o no Acre morre em Manaus; fam\u00edlia pede ajuda para retornar a Rio Branco"}]},{"@type":"WebSite","@id":"https:\/\/nk7-testes.com.br\/agazeta\/#website","url":"https:\/\/nk7-testes.com.br\/agazeta\/","name":"Agazeta.net","description":"Agazeta.net - Not\u00edcias de Rio Branco\/AC","potentialAction":[{"@type":"SearchAction","target":{"@type":"EntryPoint","urlTemplate":"https:\/\/nk7-testes.com.br\/agazeta\/?s={search_term_string}"},"query-input":{"@type":"PropertyValueSpecification","valueRequired":true,"valueName":"search_term_string"}}],"inLanguage":"pt-BR"},{"@type":"Person","@id":"https:\/\/nk7-testes.com.br\/agazeta\/#\/schema\/person\/6d6e25cb0435eb4a02fd44d30b4e3020","name":"Agazeta.Net","url":"https:\/\/nk7-testes.com.br\/agazeta\/author\/agazeta\/"}]}},"_links":{"self":[{"href":"https:\/\/nk7-testes.com.br\/agazeta\/wp-json\/wp\/v2\/posts\/132833","targetHints":{"allow":["GET"]}}],"collection":[{"href":"https:\/\/nk7-testes.com.br\/agazeta\/wp-json\/wp\/v2\/posts"}],"about":[{"href":"https:\/\/nk7-testes.com.br\/agazeta\/wp-json\/wp\/v2\/types\/post"}],"author":[{"embeddable":true,"href":"https:\/\/nk7-testes.com.br\/agazeta\/wp-json\/wp\/v2\/users\/4"}],"replies":[{"embeddable":true,"href":"https:\/\/nk7-testes.com.br\/agazeta\/wp-json\/wp\/v2\/comments?post=132833"}],"version-history":[{"count":0,"href":"https:\/\/nk7-testes.com.br\/agazeta\/wp-json\/wp\/v2\/posts\/132833\/revisions"}],"wp:featuredmedia":[{"embeddable":true,"href":"https:\/\/nk7-testes.com.br\/agazeta\/wp-json\/wp\/v2\/media\/132835"}],"wp:attachment":[{"href":"https:\/\/nk7-testes.com.br\/agazeta\/wp-json\/wp\/v2\/media?parent=132833"}],"wp:term":[{"taxonomy":"category","embeddable":true,"href":"https:\/\/nk7-testes.com.br\/agazeta\/wp-json\/wp\/v2\/categories?post=132833"},{"taxonomy":"post_tag","embeddable":true,"href":"https:\/\/nk7-testes.com.br\/agazeta\/wp-json\/wp\/v2\/tags?post=132833"}],"curies":[{"name":"wp","href":"https:\/\/api.w.org\/{rel}","templated":true}]}}