{"id":132767,"date":"2024-05-25T16:25:51","date_gmt":"2024-05-25T21:25:51","guid":{"rendered":"https:\/\/nk7-testes.com.br\/?p=132767"},"modified":"2024-05-25T16:25:51","modified_gmt":"2024-05-25T21:25:51","slug":"ameacado-de-extincao-cachorro-vinagre-e-registrado-por-biologo-acreano-em-rio-branco","status":"publish","type":"post","link":"https:\/\/nk7-testes.com.br\/agazeta\/ameacado-de-extincao-cachorro-vinagre-e-registrado-por-biologo-acreano-em-rio-branco\/","title":{"rendered":"Amea\u00e7ado de extin\u00e7\u00e3o, cachorro-vinagre \u00e9 registrado por bi\u00f3logo acreano em Rio Branco"},"content":{"rendered":"<p style=\"text-align: justify;\">O bi\u00f3logo e fot\u00f3grafo acreano, Wyllyan Ribeiro, na \u00faltima semana, relembrou o registro de uma matilha de cachorro-do-mato-vinagre, animal amea\u00e7ado de extin\u00e7\u00e3o, feito por ele em maio de 2022, em Rio Branco. A esp\u00e9cie \u00e9 o can\u00eddeo mais raro das am\u00e9ricas.<\/p>\n<p style=\"text-align: justify;\">Ribeiro tem vasta experi\u00eancia com ornitologia e \u00e9 guia de conserva\u00e7\u00e3o de aves no Acre. T\u00e9nico ambiental do Insituto Chico Mendes de Conserva\u00e7\u00e3o da Biodiversidade (ICMBio), o bi\u00f3logo, em entrevista ao site <strong>Agazeta.net<\/strong>, explica que os registros aconteceram por volta das 07:50 da manh\u00e3, em maio de 2022, no Ramal do Noca, que faz parte da \u00c1rea de Prote\u00e7\u00e3o Ambiental do Igarap\u00e9 S\u00e3o Francisco.<\/p>\n<p style=\"text-align: justify;\">&#8220;Pela correria de outros trabalhos, os dados acabaram ficando guardados at\u00e9 uma rean\u00e1lise dos meus arquivos pessoais. Nesse per\u00edodo o meu foco era apenas voltado para o grupo das aves, por isso guardei as imagens e acabei n\u00e3o publicando antes&#8221;, conta Ribeiro.<\/p>\n<figure id=\"attachment_132841\" aria-describedby=\"caption-attachment-132841\" style=\"width: 513px\" class=\"wp-caption aligncenter\"><img decoding=\"async\" class=\"wp-image-132841 \" src=\"https:\/\/nk7-testes.com.br\/wp-content\/uploads\/2024\/05\/IMG_8464-jpg.webp\" alt=\"\" width=\"513\" height=\"342\" srcset=\"https:\/\/nk7-testes.com.br\/agazeta\/wp-content\/uploads\/2024\/05\/IMG_8464-jpg.webp 1080w, https:\/\/nk7-testes.com.br\/agazeta\/wp-content\/uploads\/2024\/05\/IMG_8464-300x200.webp 300w, https:\/\/nk7-testes.com.br\/agazeta\/wp-content\/uploads\/2024\/05\/IMG_8464-1024x683.webp 1024w, https:\/\/nk7-testes.com.br\/agazeta\/wp-content\/uploads\/2024\/05\/IMG_8464-768x512.webp 768w, https:\/\/nk7-testes.com.br\/agazeta\/wp-content\/uploads\/2024\/05\/IMG_8464-750x500.webp 750w\" sizes=\"(max-width: 513px) 100vw, 513px\" \/><figcaption id=\"caption-attachment-132841\" class=\"wp-caption-text\">Imagem: Wyllyan Ribeiro<\/figcaption><\/figure>\n<p style=\"text-align: justify;\">O bi\u00f3logo detalha que o cachorro-do-mato-vinagre, chamado cientificamente de <em>Speothos venaticus<\/em>, \u00e9 o menor can\u00eddeos silvestre da Am\u00e9rica do Sul, continente em que o Brasil est\u00e1 localizado. A esp\u00e9cie \u00e9 mam\u00edfera e mant\u00e9m h\u00e1bitos diurnos, al\u00e9m de andar em matilhas de at\u00e9 10 componentes para poderem ca\u00e7ar e se alimentar de animais maiores, como capivaras e veados.<\/p>\n<p style=\"text-align: justify;\">&#8220;O cachorro-do-mato-vinagre \u00e9 o menor can\u00eddeo silvestre da Am\u00e9rica do Sul, apresenta um corpo alongado pesando em m\u00e9dia 6 kg, com patas e orelhas curtas e pelagem com colora\u00e7\u00e3o avermelhada. S\u00e3o mam\u00edferos com h\u00e1bitos diurnos que formam matilhas de at\u00e9 10 indiv\u00edduos. Costumam ca\u00e7ar em matilha e podem se alimentar tamb\u00e9m de animais maiores como a capivara e o veado&#8221;, ressalta o bi\u00f3logo.<\/p>\n<blockquote>\n<p style=\"text-align: justify;\">&#8220;Encontrar uma pequena matilha com tr\u00eas indiv\u00edduos foi sorte, mas gosto de dizer tamb\u00e9m que s\u00e3o horas de bateria de campo, s\u00f3 se faz registros de raridades e esp\u00e9cies amea\u00e7adas quem se coloca \u00e0 disposi\u00e7\u00e3o de enfrentar os intemp\u00e9ries amaz\u00f4nicos pela conserva\u00e7\u00e3o delas. Speothos venaticus, al\u00e9m de rar\u00edssima, \u00e9 reconhecida como uma &#8216;esp\u00e9cie-fantasma&#8217;, considerada quase amea\u00e7ada de extin\u00e7\u00e3o, segundo a Uni\u00e3o Internacional para Conserva\u00e7\u00e3o da Natureza (IUCN).&#8221;<\/p>\n<\/blockquote>\n<p style=\"text-align: justify;\">Al\u00e9m disso, ele pontua que, de acordo com especialista Lu\u00eds Borges, os cachorros-vinagre s\u00f3 puderam ser vistos, pois a \u00e1rea onde o registro ocorreu est\u00e1 entre a Reserva Extrativista Chico Mendes e a \u00c1rea de Prote\u00e7\u00e3o Ambiental do Igarap\u00e9 S\u00e3o Francisco, que tem um entorno amea\u00e7ado pelo desmatamento, algo que ocasiona a perda de habitat natural da esp\u00e9cie.<\/p>\n<p style=\"text-align: justify;\">Explica, ainda, que a ca\u00e7a \u00e9 um fator muito prejudicial \u00e0 esp\u00e9cie, pelo fato de que a ca\u00e7a ilegal afeta o alimento desse animal, que \u00e9 exclusivamente carn\u00edvoro e se alimenta de mam\u00edferos de porte m\u00e9dio, sendo esses os que mais sofrem com os impactos do ato ilegal.<\/p>\n<p style=\"text-align: justify;\">&#8220;Al\u00e9m do desmatamento, a ca\u00e7a tamb\u00e9m pode ser prejudicial, n\u00e3o porque h\u00e1 relatos de <em>Speothos venaticus<\/em> em conflito com o ser humano ou sendo ca\u00e7ado, mas, sim, porque \u00e9 um carn\u00edvoro exclusivista e se alimenta de mam\u00edferos de porte m\u00e9dio que sofrem diretamente os impactos da ca\u00e7a ilegal. Poder\u00edamos dizer que h\u00e1 muito tempo n\u00e3o era visto pela constante redu\u00e7\u00e3o de suas popula\u00e7\u00f5es v\u00edtimas da perca de h\u00e1bitat&#8221;, conta.<\/p>\n<figure id=\"attachment_132848\" aria-describedby=\"caption-attachment-132848\" style=\"width: 482px\" class=\"wp-caption aligncenter\"><img decoding=\"async\" class=\"wp-image-132848 \" src=\"https:\/\/nk7-testes.com.br\/wp-content\/uploads\/2024\/05\/IMG_8466-jpg.webp\" alt=\"\" width=\"482\" height=\"584\" srcset=\"https:\/\/nk7-testes.com.br\/agazeta\/wp-content\/uploads\/2024\/05\/IMG_8466-jpg.webp 1080w, https:\/\/nk7-testes.com.br\/agazeta\/wp-content\/uploads\/2024\/05\/IMG_8466-248x300.webp 248w, https:\/\/nk7-testes.com.br\/agazeta\/wp-content\/uploads\/2024\/05\/IMG_8466-845x1024.webp 845w, https:\/\/nk7-testes.com.br\/agazeta\/wp-content\/uploads\/2024\/05\/IMG_8466-768x931.webp 768w, https:\/\/nk7-testes.com.br\/agazeta\/wp-content\/uploads\/2024\/05\/IMG_8466-750x909.webp 750w\" sizes=\"(max-width: 482px) 100vw, 482px\" \/><figcaption id=\"caption-attachment-132848\" class=\"wp-caption-text\">Imagem: Wyllyan Ribeiro<\/figcaption><\/figure>\n<h4>Biologia e a fotografia<\/h4>\n<blockquote>\n<p style=\"text-align: justify;\">&#8220;Desde crian\u00e7a, tive a curiosidade de conhecer a natureza e todas as leis que regem o mundo natural, assim como toda a biodiversidade. Meu pai armava curi\u00f3 (gaioleiro), pr\u00e1tica na qual discordo e ele n\u00e3o pratica h\u00e1 d\u00e9cadas, mas os passarinhos permearam desde ali o meu imagin\u00e1rio, e dentre toda essa biodiversidade, o grupo das aves foi o que mais me chamou aten\u00e7\u00e3o. A partir de 2018, comprei a minha primeira c\u00e2mera e passei a fazer registros fotogr\u00e1ficos de aves na APA Lago do Amap\u00e1.&#8221;<\/p>\n<\/blockquote>\n<p style=\"text-align: justify;\">Wyllyan Ribeiro atua como fot\u00f3grafo da natureza h\u00e1 seis anos, mas, segundo ele, mesmo com o curto per\u00edodo no ramo fotogr\u00e1fico p\u00f4de adquirir uma vasta experi\u00eancia, devido \u00e0s horas de campo e \u00e0 quantidade de biomas explorados, n\u00e3o apenas na regi\u00e3o amaz\u00f4nica.<\/p>\n<p style=\"text-align: justify;\">&#8220;O hobby\/ci\u00eancia cidad\u00e3 se tornou tamb\u00e9m trabalho. Posso dizer que mesmo estando h\u00e1 somente 6 anos registrando esp\u00e9cies na natureza, a intensidade na qual pratiquei nesse &#8220;curto per\u00edodo\u201d trouxe grande experi\u00eancia. Como gosto de dizer, a experi\u00eancia vem com horas de campo e a quantidade de novos biomas explorados. Por isso, em diversas expedi\u00e7\u00f5es busquei diferentes biomas como a Mata Atl\u00e2ntica, a Caatinga e o Cerrado, al\u00e9m da Amaz\u00f4nia&#8221;, destaca.<\/p>\n<blockquote>\n<p style=\"text-align: justify;\">&#8220;A pr\u00e1tica de observa\u00e7\u00e3o de aves e o registro de outros grupos de seres vivos pode ir muito al\u00e9m. Primeiramente, \u00e9 um estilo de vida, pode ser uma paix\u00e3o\/hobby, mas pode ser tamb\u00e9m a sua contribui\u00e7\u00e3o, um legado para a humanidade e o mundo natural. Esse trabalho apresenta as pessoas a riqueza natural que est\u00e1 a sua volta, lhes d\u00e1 o sentimento de pertencimento, conscientiza e educa ambientalmente.&#8221;<\/p>\n<\/blockquote>\n<h4>Perfil de fotografias<\/h4>\n<p style=\"text-align: justify;\">O bi\u00f3logo utiliza as redes sociais para compartilhar os registros da natureza. No Instagram, por exemplo, Ribeiro possui um perfil exclusivo para seu trabalho como fot\u00f3grafo. Ele conta que a utiliza\u00e7\u00e3o desse ve\u00edculo de comunica\u00e7\u00e3o surge como um meio de aproximar as pessoas da not\u00edcia, neste caso, aproxim\u00e1-las do que as pertence, a natureza.<\/p>\n<p style=\"text-align: justify;\">&#8220;Vejo que grande parte dos cientistas tem dificuldade de se comunicar com a sociedade. A linguagem ainda \u00e9 extremamente t\u00e9cnica e formal, isso dificulta ainda mais, j\u00e1 que no seu hor\u00e1rio de almo\u00e7o voc\u00ea s\u00f3 quer entrar na rede social e ver algo interessante e r\u00e1pido. Eu busco o ponto fora da curva. Tento sensibilizar com beleza e sentido nas fotografias, ao mesmo tempo que utilizo t\u00e9cnicas de edi\u00e7\u00e3o. N\u00e3o fujo do natural, pois tamb\u00e9m s\u00e3o registros cient\u00edficos e tenho esse compromisso&#8221;, afirma.<\/p>\n<blockquote>\n<p style=\"text-align: justify;\">&#8220;Cada publica\u00e7\u00e3o \u00e9 pensada com carinho. Busco publicar muita coisa de esp\u00e9cies end\u00eamicas, e, principalmente, raras e amea\u00e7adas de extin\u00e7\u00e3o. Esses grupos enfatizam a necessidade urgente que temos de olhar e agir com respeito pela conserva\u00e7\u00e3o e preserva\u00e7\u00e3o da natureza. Assim, posso dar voz aos seres indefesos que sofrem com a a\u00e7\u00e3o predat\u00f3ria humana.&#8221;<\/p>\n<\/blockquote>\n<p style=\"text-align: justify;\">Os interessados em apreciar o trabalho como fot\u00f3grafo do bi\u00f3logo, o perfil profissional dele na plataforma Instagram \u00e9 <strong>@wyll7alencar<\/strong>. L\u00e1, \u00e9 poss\u00edvel encontrar variadas especies de vida selvagem, mas, principalmente, de aves.<\/p>\n","protected":false},"excerpt":{"rendered":"<p>O bi\u00f3logo e fot\u00f3grafo acreano, Wyllyan Ribeiro, na \u00faltima semana, relembrou o registro de uma matilha de cachorro-do-mato-vinagre, animal amea\u00e7ado de extin\u00e7\u00e3o, feito por ele em maio de 2022, em Rio Branco. A esp\u00e9cie \u00e9 o can\u00eddeo mais raro das am\u00e9ricas. Ribeiro tem vasta experi\u00eancia com ornitologia e \u00e9 guia de conserva\u00e7\u00e3o de aves no [&hellip;]<\/p>\n","protected":false},"author":4,"featured_media":132849,"comment_status":"open","ping_status":"open","sticky":false,"template":"","format":"standard","meta":{"jnews-multi-image_gallery":[],"jnews_single_post":{"source_name":"","source_url":"","via_name":"","via_url":"","override_template":"0","override":[{"template":"custom","single_blog_custom":"110746","parallax":"1","fullscreen":"1","layout":"right-sidebar","sidebar":"default-sidebar","second_sidebar":"default-sidebar","sticky_sidebar":"1","share_position":"top","share_float_style":"share-monocrhome","show_share_counter":"1","show_view_counter":"1","show_featured":"1","show_post_meta":"1","show_post_author":"1","show_post_author_image":"1","show_post_date":"1","post_date_format":"default","post_date_format_custom":"Y\/m\/d","show_post_category":"1","show_post_reading_time":"0","post_reading_time_wpm":"300","show_zoom_button":"0","zoom_button_out_step":"2","zoom_button_in_step":"3","show_post_tag":"1","show_prev_next_post":"1","show_popup_post":"1","number_popup_post":"1","show_author_box":"0","show_post_related":"1","show_inline_post_related":"0"}],"override_image_size":"0","image_override":[{"single_post_thumbnail_size":"crop-500","single_post_gallery_size":"crop-500"}],"trending_post":"0","trending_post_position":"meta","trending_post_label":"Trending","sponsored_post":"0","sponsored_post_label":"Sponsored by","sponsored_post_name":"","sponsored_post_url":"","sponsored_post_logo_enable":"0","sponsored_post_logo":"","sponsored_post_desc":"","disable_ad":"0"},"jnews_primary_category":{"id":"","hide":""},"jnews_social_meta":{"fb_title":"","fb_description":"","fb_image":"","twitter_title":"","twitter_description":"","twitter_image":""},"jnews_review":[],"enable_review":"0","type":"percentage","name":"","summary":"","brand":"","sku":"","good":[{"good_text":""}],"bad":[{"bad_text":""}],"score_override":"0","override_value":"","rating":[{"rating_text":"","rating_number":"10"}],"price":[{"shop":"","price":"","link":"","icon":""}],"footnotes":""},"categories":[54],"tags":[152],"class_list":["post-132767","post","type-post","status-publish","format-standard","has-post-thumbnail","hentry","category-cotidiano","tag-destaque"],"yoast_head":"<!-- This site is optimized with the Yoast SEO plugin v26.5 - https:\/\/yoast.com\/wordpress\/plugins\/seo\/ -->\n<title>Amea\u00e7ado de extin\u00e7\u00e3o, cachorro-vinagre \u00e9 registrado por bi\u00f3logo acreano em Rio Branco - Agazeta.net<\/title>\n<meta name=\"robots\" content=\"index, follow, max-snippet:-1, max-image-preview:large, max-video-preview:-1\" \/>\n<link rel=\"canonical\" href=\"https:\/\/nk7-testes.com.br\/agazeta\/ameacado-de-extincao-cachorro-vinagre-e-registrado-por-biologo-acreano-em-rio-branco\/\" \/>\n<meta property=\"og:locale\" content=\"pt_BR\" \/>\n<meta property=\"og:type\" content=\"article\" \/>\n<meta property=\"og:title\" content=\"Amea\u00e7ado de extin\u00e7\u00e3o, cachorro-vinagre \u00e9 registrado por bi\u00f3logo acreano em Rio Branco\" \/>\n<meta property=\"og:description\" content=\"A esp\u00e9cie de cachorro \u00e9 classificada como can\u00eddeo mais raro das am\u00e9ricas\" \/>\n<meta property=\"og:url\" content=\"https:\/\/nk7-testes.com.br\/agazeta\/ameacado-de-extincao-cachorro-vinagre-e-registrado-por-biologo-acreano-em-rio-branco\/\" \/>\n<meta property=\"og:site_name\" content=\"Agazeta.net\" \/>\n<meta property=\"article:published_time\" content=\"2024-05-25T21:25:51+00:00\" \/>\n<meta property=\"og:image\" content=\"https:\/\/nk7-testes.com.br\/agazeta\/wp-content\/uploads\/2024\/05\/IMG_8465-1-jpg.webp\" \/>\n\t<meta property=\"og:image:width\" content=\"800\" \/>\n\t<meta property=\"og:image:height\" content=\"408\" \/>\n\t<meta property=\"og:image:type\" content=\"image\/jpeg\" \/>\n<meta name=\"author\" content=\"Agazeta.Net\" \/>\n<meta name=\"twitter:card\" content=\"summary_large_image\" \/>\n<meta name=\"twitter:label1\" content=\"Escrito por\" \/>\n\t<meta name=\"twitter:data1\" content=\"Agazeta.Net\" \/>\n\t<meta name=\"twitter:label2\" content=\"Est. tempo de leitura\" \/>\n\t<meta name=\"twitter:data2\" content=\"6 minutos\" \/>\n<script type=\"application\/ld+json\" class=\"yoast-schema-graph\">{\"@context\":\"https:\/\/schema.org\",\"@graph\":[{\"@type\":\"WebPage\",\"@id\":\"https:\/\/nk7-testes.com.br\/agazeta\/ameacado-de-extincao-cachorro-vinagre-e-registrado-por-biologo-acreano-em-rio-branco\/\",\"url\":\"https:\/\/nk7-testes.com.br\/agazeta\/ameacado-de-extincao-cachorro-vinagre-e-registrado-por-biologo-acreano-em-rio-branco\/\",\"name\":\"Amea\u00e7ado de extin\u00e7\u00e3o, cachorro-vinagre \u00e9 registrado por bi\u00f3logo acreano em Rio Branco - Agazeta.net\",\"isPartOf\":{\"@id\":\"https:\/\/nk7-testes.com.br\/agazeta\/#website\"},\"primaryImageOfPage\":{\"@id\":\"https:\/\/nk7-testes.com.br\/agazeta\/ameacado-de-extincao-cachorro-vinagre-e-registrado-por-biologo-acreano-em-rio-branco\/#primaryimage\"},\"image\":{\"@id\":\"https:\/\/nk7-testes.com.br\/agazeta\/ameacado-de-extincao-cachorro-vinagre-e-registrado-por-biologo-acreano-em-rio-branco\/#primaryimage\"},\"thumbnailUrl\":\"https:\/\/nk7-testes.com.br\/agazeta\/wp-content\/uploads\/2024\/05\/IMG_8465-1-jpg.webp\",\"datePublished\":\"2024-05-25T21:25:51+00:00\",\"author\":{\"@id\":\"https:\/\/nk7-testes.com.br\/agazeta\/#\/schema\/person\/6d6e25cb0435eb4a02fd44d30b4e3020\"},\"breadcrumb\":{\"@id\":\"https:\/\/nk7-testes.com.br\/agazeta\/ameacado-de-extincao-cachorro-vinagre-e-registrado-por-biologo-acreano-em-rio-branco\/#breadcrumb\"},\"inLanguage\":\"pt-BR\",\"potentialAction\":[{\"@type\":\"ReadAction\",\"target\":[\"https:\/\/nk7-testes.com.br\/agazeta\/ameacado-de-extincao-cachorro-vinagre-e-registrado-por-biologo-acreano-em-rio-branco\/\"]}]},{\"@type\":\"ImageObject\",\"inLanguage\":\"pt-BR\",\"@id\":\"https:\/\/nk7-testes.com.br\/agazeta\/ameacado-de-extincao-cachorro-vinagre-e-registrado-por-biologo-acreano-em-rio-branco\/#primaryimage\",\"url\":\"https:\/\/nk7-testes.com.br\/agazeta\/wp-content\/uploads\/2024\/05\/IMG_8465-1-jpg.webp\",\"contentUrl\":\"https:\/\/nk7-testes.com.br\/agazeta\/wp-content\/uploads\/2024\/05\/IMG_8465-1-jpg.webp\",\"width\":800,\"height\":408,\"caption\":\"Imagem: Wyllyan Ribeiro\"},{\"@type\":\"BreadcrumbList\",\"@id\":\"https:\/\/nk7-testes.com.br\/agazeta\/ameacado-de-extincao-cachorro-vinagre-e-registrado-por-biologo-acreano-em-rio-branco\/#breadcrumb\",\"itemListElement\":[{\"@type\":\"ListItem\",\"position\":1,\"name\":\"In\u00edcio\",\"item\":\"https:\/\/nk7-testes.com.br\/agazeta\/\"},{\"@type\":\"ListItem\",\"position\":2,\"name\":\"Amea\u00e7ado de extin\u00e7\u00e3o, cachorro-vinagre \u00e9 registrado por bi\u00f3logo acreano em Rio Branco\"}]},{\"@type\":\"WebSite\",\"@id\":\"https:\/\/nk7-testes.com.br\/agazeta\/#website\",\"url\":\"https:\/\/nk7-testes.com.br\/agazeta\/\",\"name\":\"Agazeta.net\",\"description\":\"Agazeta.net - Not\u00edcias de Rio Branco\/AC\",\"potentialAction\":[{\"@type\":\"SearchAction\",\"target\":{\"@type\":\"EntryPoint\",\"urlTemplate\":\"https:\/\/nk7-testes.com.br\/agazeta\/?s={search_term_string}\"},\"query-input\":{\"@type\":\"PropertyValueSpecification\",\"valueRequired\":true,\"valueName\":\"search_term_string\"}}],\"inLanguage\":\"pt-BR\"},{\"@type\":\"Person\",\"@id\":\"https:\/\/nk7-testes.com.br\/agazeta\/#\/schema\/person\/6d6e25cb0435eb4a02fd44d30b4e3020\",\"name\":\"Agazeta.Net\",\"url\":\"https:\/\/nk7-testes.com.br\/agazeta\/author\/agazeta\/\"}]}<\/script>\n<!-- \/ Yoast SEO plugin. -->","yoast_head_json":{"title":"Amea\u00e7ado de extin\u00e7\u00e3o, cachorro-vinagre \u00e9 registrado por bi\u00f3logo acreano em Rio Branco - Agazeta.net","robots":{"index":"index","follow":"follow","max-snippet":"max-snippet:-1","max-image-preview":"max-image-preview:large","max-video-preview":"max-video-preview:-1"},"canonical":"https:\/\/nk7-testes.com.br\/agazeta\/ameacado-de-extincao-cachorro-vinagre-e-registrado-por-biologo-acreano-em-rio-branco\/","og_locale":"pt_BR","og_type":"article","og_title":"Amea\u00e7ado de extin\u00e7\u00e3o, cachorro-vinagre \u00e9 registrado por bi\u00f3logo acreano em Rio Branco","og_description":"A esp\u00e9cie de cachorro \u00e9 classificada como can\u00eddeo mais raro das am\u00e9ricas","og_url":"https:\/\/nk7-testes.com.br\/agazeta\/ameacado-de-extincao-cachorro-vinagre-e-registrado-por-biologo-acreano-em-rio-branco\/","og_site_name":"Agazeta.net","article_published_time":"2024-05-25T21:25:51+00:00","og_image":[{"width":800,"height":408,"url":"https:\/\/nk7-testes.com.br\/agazeta\/wp-content\/uploads\/2024\/05\/IMG_8465-1-jpg.webp","type":"image\/jpeg"}],"author":"Agazeta.Net","twitter_card":"summary_large_image","twitter_misc":{"Escrito por":"Agazeta.Net","Est. tempo de leitura":"6 minutos"},"schema":{"@context":"https:\/\/schema.org","@graph":[{"@type":"WebPage","@id":"https:\/\/nk7-testes.com.br\/agazeta\/ameacado-de-extincao-cachorro-vinagre-e-registrado-por-biologo-acreano-em-rio-branco\/","url":"https:\/\/nk7-testes.com.br\/agazeta\/ameacado-de-extincao-cachorro-vinagre-e-registrado-por-biologo-acreano-em-rio-branco\/","name":"Amea\u00e7ado de extin\u00e7\u00e3o, cachorro-vinagre \u00e9 registrado por bi\u00f3logo acreano em Rio Branco - Agazeta.net","isPartOf":{"@id":"https:\/\/nk7-testes.com.br\/agazeta\/#website"},"primaryImageOfPage":{"@id":"https:\/\/nk7-testes.com.br\/agazeta\/ameacado-de-extincao-cachorro-vinagre-e-registrado-por-biologo-acreano-em-rio-branco\/#primaryimage"},"image":{"@id":"https:\/\/nk7-testes.com.br\/agazeta\/ameacado-de-extincao-cachorro-vinagre-e-registrado-por-biologo-acreano-em-rio-branco\/#primaryimage"},"thumbnailUrl":"https:\/\/nk7-testes.com.br\/agazeta\/wp-content\/uploads\/2024\/05\/IMG_8465-1-jpg.webp","datePublished":"2024-05-25T21:25:51+00:00","author":{"@id":"https:\/\/nk7-testes.com.br\/agazeta\/#\/schema\/person\/6d6e25cb0435eb4a02fd44d30b4e3020"},"breadcrumb":{"@id":"https:\/\/nk7-testes.com.br\/agazeta\/ameacado-de-extincao-cachorro-vinagre-e-registrado-por-biologo-acreano-em-rio-branco\/#breadcrumb"},"inLanguage":"pt-BR","potentialAction":[{"@type":"ReadAction","target":["https:\/\/nk7-testes.com.br\/agazeta\/ameacado-de-extincao-cachorro-vinagre-e-registrado-por-biologo-acreano-em-rio-branco\/"]}]},{"@type":"ImageObject","inLanguage":"pt-BR","@id":"https:\/\/nk7-testes.com.br\/agazeta\/ameacado-de-extincao-cachorro-vinagre-e-registrado-por-biologo-acreano-em-rio-branco\/#primaryimage","url":"https:\/\/nk7-testes.com.br\/agazeta\/wp-content\/uploads\/2024\/05\/IMG_8465-1-jpg.webp","contentUrl":"https:\/\/nk7-testes.com.br\/agazeta\/wp-content\/uploads\/2024\/05\/IMG_8465-1-jpg.webp","width":800,"height":408,"caption":"Imagem: Wyllyan Ribeiro"},{"@type":"BreadcrumbList","@id":"https:\/\/nk7-testes.com.br\/agazeta\/ameacado-de-extincao-cachorro-vinagre-e-registrado-por-biologo-acreano-em-rio-branco\/#breadcrumb","itemListElement":[{"@type":"ListItem","position":1,"name":"In\u00edcio","item":"https:\/\/nk7-testes.com.br\/agazeta\/"},{"@type":"ListItem","position":2,"name":"Amea\u00e7ado de extin\u00e7\u00e3o, cachorro-vinagre \u00e9 registrado por bi\u00f3logo acreano em Rio Branco"}]},{"@type":"WebSite","@id":"https:\/\/nk7-testes.com.br\/agazeta\/#website","url":"https:\/\/nk7-testes.com.br\/agazeta\/","name":"Agazeta.net","description":"Agazeta.net - Not\u00edcias de Rio Branco\/AC","potentialAction":[{"@type":"SearchAction","target":{"@type":"EntryPoint","urlTemplate":"https:\/\/nk7-testes.com.br\/agazeta\/?s={search_term_string}"},"query-input":{"@type":"PropertyValueSpecification","valueRequired":true,"valueName":"search_term_string"}}],"inLanguage":"pt-BR"},{"@type":"Person","@id":"https:\/\/nk7-testes.com.br\/agazeta\/#\/schema\/person\/6d6e25cb0435eb4a02fd44d30b4e3020","name":"Agazeta.Net","url":"https:\/\/nk7-testes.com.br\/agazeta\/author\/agazeta\/"}]}},"_links":{"self":[{"href":"https:\/\/nk7-testes.com.br\/agazeta\/wp-json\/wp\/v2\/posts\/132767","targetHints":{"allow":["GET"]}}],"collection":[{"href":"https:\/\/nk7-testes.com.br\/agazeta\/wp-json\/wp\/v2\/posts"}],"about":[{"href":"https:\/\/nk7-testes.com.br\/agazeta\/wp-json\/wp\/v2\/types\/post"}],"author":[{"embeddable":true,"href":"https:\/\/nk7-testes.com.br\/agazeta\/wp-json\/wp\/v2\/users\/4"}],"replies":[{"embeddable":true,"href":"https:\/\/nk7-testes.com.br\/agazeta\/wp-json\/wp\/v2\/comments?post=132767"}],"version-history":[{"count":0,"href":"https:\/\/nk7-testes.com.br\/agazeta\/wp-json\/wp\/v2\/posts\/132767\/revisions"}],"wp:featuredmedia":[{"embeddable":true,"href":"https:\/\/nk7-testes.com.br\/agazeta\/wp-json\/wp\/v2\/media\/132849"}],"wp:attachment":[{"href":"https:\/\/nk7-testes.com.br\/agazeta\/wp-json\/wp\/v2\/media?parent=132767"}],"wp:term":[{"taxonomy":"category","embeddable":true,"href":"https:\/\/nk7-testes.com.br\/agazeta\/wp-json\/wp\/v2\/categories?post=132767"},{"taxonomy":"post_tag","embeddable":true,"href":"https:\/\/nk7-testes.com.br\/agazeta\/wp-json\/wp\/v2\/tags?post=132767"}],"curies":[{"name":"wp","href":"https:\/\/api.w.org\/{rel}","templated":true}]}}