{"id":132675,"date":"2024-05-23T10:54:36","date_gmt":"2024-05-23T15:54:36","guid":{"rendered":"https:\/\/nk7-testes.com.br\/?p=132675"},"modified":"2024-05-23T10:56:19","modified_gmt":"2024-05-23T15:56:19","slug":"absorvente-ecologico-que-pode-durar-ate-cinco-anos-e-produzido-em-projeto-da-ufac","status":"publish","type":"post","link":"https:\/\/nk7-testes.com.br\/agazeta\/absorvente-ecologico-que-pode-durar-ate-cinco-anos-e-produzido-em-projeto-da-ufac\/","title":{"rendered":"Absorvente ecol\u00f3gico que pode durar at\u00e9 cinco anos \u00e9 produzido em projeto da Ufac"},"content":{"rendered":"<p style=\"text-align: justify;\">O programa de extens\u00e3o <span class=\"selectable-text copyable-text\"> Sama\u00fama Vivificante: O Bem Viver e a Educa\u00e7\u00e3o Feminina De(s)colonial, do N\u00facleo de Estudos Afro-Brasileiros e Ind\u00edgenas (Neabi), da Ufac, tem como proposta criar uma ponte entre os saberes acad\u00eamicos e os conhecimentos de mulheres ind\u00edgenas, negras, afro-ind\u00edgenas e camponesas ou agroextrativistas do Acre.\u00a0<\/span><\/p>\n<p style=\"text-align: justify;\">O Absorvente Ecol\u00f3gico com objetivo de combater a pobreza menstrual, inclui oficinas para desmistificar a menstrua\u00e7\u00e3o, abordando quest\u00f5es econ\u00f4micas e socioculturais, voltado para mulheres do Acre em condi\u00e7\u00f5es perif\u00e9ricas, \u00e9 uma das a\u00e7\u00f5es realizadas pelo programa.<\/p>\n<p style=\"text-align: justify;\">&#8220;A gente procura movimentos e mulheres not\u00f3rias saber para junto com esses movimentos, e essas mulheres construirem pol\u00edticas educacionais a partir dos seus pr\u00f3prios conhecimentos e suas pr\u00f3prias demandas. E esse projeto surgiu com uma proposta da J\u00falia Feitosa, que \u00e9 uma militante hist\u00f3rica do Acre. Ela estava trabalhando dentro de um pres\u00eddio feminino e uma reeducada disse pra ela que durante a menstrua\u00e7\u00e3o\u00a0 tinha que usar miolo de p\u00e3o porque n\u00e3o tinha absorvente. Ent\u00e3o isso comoviu o cora\u00e7\u00e3o da J\u00falia Feitosa e ela foi atr\u00e1s desse conhecimento&#8221;, diz a coordenadora do programa, Marina Carvalho.<\/p>\n<p style=\"text-align: justify;\">Foi ent\u00e3o que a ideia se voltou para \u00e0s mulheres \u00a0do Complexo Habitacional Cidade do Povo. Na composi\u00e7\u00e3o do material s\u00e3o v\u00e1rias camadas de tecido, cada um com uma funcionalidade diferente, para impermeabilizar e tamb\u00e9m trazer conforto durante o uso.<\/p>\n<p style=\"text-align: justify;\">A coordenadora exemplifica todos os benef\u00edcios que essa mudan\u00e7a na higiene <span data-dobid=\"hdw\">\u00edntima <\/span>da mulher pode trazer n\u00e3o s\u00f3 para as mulheres como tamb\u00e9m para o meio ambiente.<\/p>\n<p style=\"text-align: justify;\">&#8220;Essas mulheres v\u00e3o ter um protagonismo sobre a sua menstrua\u00e7\u00e3o, n\u00e3o precisando comprar absorvente todo m\u00eas, um absorvente desse tem a dura\u00e7\u00e3o m\u00e9dia de cinco anos, n\u00e3o agride o meio ambiente, para de produzir lixo, ajuda a sa\u00fade da mulher tamb\u00e9m porque ele, diferente do absorvente usual, esse ajuda na preven\u00e7\u00e3o de candid\u00edase e outras doen\u00e7as ginecol\u00f3gicas&#8221;, acrescenta Morais.<\/p>\n<p style=\"text-align: justify;\">Cerca de 80 mulheres fazem parte do projeto, que \u00e9 ofertado duas vezes na semana no Complexo Habitacional Cidade do Povo. Al\u00e9m disso, enquanto as m\u00e3es executam a produ\u00e7\u00e3o dos absorventes ecol\u00f3gicos, no pr\u00e9dio ao lado, \u00e0s crian\u00e7as recebem acolhimento com planejamento pedagogico, nutri\u00e7\u00e3o e muito afeto.<\/p>\n<p style=\"text-align: justify;\">&#8220;E a gente tamb\u00e9m tem inten\u00e7\u00e3o de promover a economia solid\u00e1ria, de incentivar o empreendedorismo. Vai ter tamb\u00e9m palestras para ensinar, para ajudar, como elas podem construir uma cooperativa para a produ\u00e7\u00e3o de absorventes ecol\u00f3gicos e assim elas tamb\u00e9m terem um lucro, uma economia solid\u00e1ria acontecendo dentro do projeto&#8221;, salienta a coordenadora.<\/p>\n<p style=\"text-align: justify;\">De acordo com a coordenadora do Centro Comunit\u00e1rio do bairro Isalene Sampaio, diversos cursos s\u00e3o ofertados no espa\u00e7o, e para a oficina de produ\u00e7\u00e3o de absorventes ainda restam vagas para serem preenchidas.<\/p>\n<p style=\"text-align: justify;\">&#8220;Sempre estamos funcionando com v\u00e1rios projetos, projetos de costura, outros projetos tamb\u00e9m de refor\u00e7o escolar para as crian\u00e7as, alfabetiza\u00e7\u00e3o de pessoas adultas. Ent\u00e3o aqui existe v\u00e1rios cursos. Voc\u00ea que queira participar \u00e9 s\u00f3 vir aqui nos procurar todas as quartas e sextas-feiras, n\u00f3s estamos aqui a partir das 14h at\u00e9 as 5h e voc\u00ea pode estar vindo para fazer a sua inscri\u00e7\u00e3o e fazer parte tamb\u00e9m desses cursos&#8221;, finaliza Sampaio.<\/p>\n<p><strong><em>Mat\u00e9ria produzida em v\u00eddeo pela rep\u00f3rter Wanessa Souza para TV Gazeta\u00a0<\/em><\/strong><\/p>\n","protected":false},"excerpt":{"rendered":"<p>O programa de extens\u00e3o Sama\u00fama Vivificante: O Bem Viver e a Educa\u00e7\u00e3o Feminina De(s)colonial, do N\u00facleo de Estudos Afro-Brasileiros e Ind\u00edgenas (Neabi), da Ufac, tem como proposta criar uma ponte entre os saberes acad\u00eamicos e os conhecimentos de mulheres ind\u00edgenas, negras, afro-ind\u00edgenas e camponesas ou agroextrativistas do Acre.\u00a0 O Absorvente Ecol\u00f3gico com objetivo de combater [&hellip;]<\/p>\n","protected":false},"author":4,"featured_media":132684,"comment_status":"open","ping_status":"open","sticky":false,"template":"","format":"standard","meta":{"jnews-multi-image_gallery":[],"jnews_single_post":{"source_name":"","source_url":"","via_name":"","via_url":"","override_template":"0","override":[{"template":"custom","single_blog_custom":"110746","parallax":"1","fullscreen":"1","layout":"right-sidebar","sidebar":"default-sidebar","second_sidebar":"default-sidebar","sticky_sidebar":"1","share_position":"top","share_float_style":"share-monocrhome","show_share_counter":"1","show_view_counter":"1","show_featured":"1","show_post_meta":"1","show_post_author":"1","show_post_author_image":"1","show_post_date":"1","post_date_format":"default","post_date_format_custom":"Y\/m\/d","show_post_category":"1","show_post_reading_time":"0","post_reading_time_wpm":"300","show_zoom_button":"0","zoom_button_out_step":"2","zoom_button_in_step":"3","show_post_tag":"1","show_prev_next_post":"1","show_popup_post":"1","number_popup_post":"1","show_author_box":"0","show_post_related":"1","show_inline_post_related":"0"}],"override_image_size":"0","image_override":[{"single_post_thumbnail_size":"crop-500","single_post_gallery_size":"crop-500"}],"trending_post":"0","trending_post_position":"meta","trending_post_label":"Trending","sponsored_post":"0","sponsored_post_label":"Sponsored by","sponsored_post_name":"","sponsored_post_url":"","sponsored_post_logo_enable":"0","sponsored_post_logo":"","sponsored_post_desc":"","disable_ad":"0"},"jnews_primary_category":{"id":"","hide":""},"jnews_social_meta":{"fb_title":"","fb_description":"","fb_image":"","twitter_title":"","twitter_description":"","twitter_image":""},"jnews_review":[],"enable_review":"0","type":"percentage","name":"","summary":"","brand":"","sku":"","good":[{"good_text":""}],"bad":[{"bad_text":""}],"score_override":"0","override_value":"","rating":[{"rating_text":"","rating_number":"10"}],"price":[{"shop":"","price":"","link":"","icon":""}],"footnotes":""},"categories":[54],"tags":[],"class_list":["post-132675","post","type-post","status-publish","format-standard","has-post-thumbnail","hentry","category-cotidiano"],"yoast_head":"<!-- This site is optimized with the Yoast SEO plugin v26.5 - https:\/\/yoast.com\/wordpress\/plugins\/seo\/ -->\n<title>Absorvente ecol\u00f3gico que pode durar at\u00e9 cinco anos \u00e9 produzido em projeto da Ufac - Agazeta.net<\/title>\n<meta name=\"robots\" content=\"index, follow, max-snippet:-1, max-image-preview:large, max-video-preview:-1\" \/>\n<link rel=\"canonical\" href=\"https:\/\/nk7-testes.com.br\/agazeta\/absorvente-ecologico-que-pode-durar-ate-cinco-anos-e-produzido-em-projeto-da-ufac\/\" \/>\n<meta property=\"og:locale\" content=\"pt_BR\" \/>\n<meta property=\"og:type\" content=\"article\" \/>\n<meta property=\"og:title\" content=\"Absorvente ecol\u00f3gico que pode durar at\u00e9 cinco anos \u00e9 produzido em projeto da Ufac\" \/>\n<meta property=\"og:description\" content=\"Esse projeto inclui oficinas para desmistificar a menstrua\u00e7\u00e3o, abordando quest\u00f5es econ\u00f4micas e socioculturais\" \/>\n<meta property=\"og:url\" content=\"https:\/\/nk7-testes.com.br\/agazeta\/absorvente-ecologico-que-pode-durar-ate-cinco-anos-e-produzido-em-projeto-da-ufac\/\" \/>\n<meta property=\"og:site_name\" content=\"Agazeta.net\" \/>\n<meta property=\"article:published_time\" content=\"2024-05-23T15:54:36+00:00\" \/>\n<meta property=\"article:modified_time\" content=\"2024-05-23T15:56:19+00:00\" \/>\n<meta property=\"og:image\" content=\"https:\/\/nk7-testes.com.br\/agazeta\/wp-content\/uploads\/2024\/05\/3b08f440-6da2-47d6-9ef0-8d9003022d09-jpg.webp\" \/>\n\t<meta property=\"og:image:width\" content=\"800\" \/>\n\t<meta property=\"og:image:height\" content=\"400\" \/>\n\t<meta property=\"og:image:type\" content=\"image\/jpeg\" \/>\n<meta name=\"author\" content=\"Agazeta.Net\" \/>\n<meta name=\"twitter:card\" content=\"summary_large_image\" \/>\n<meta name=\"twitter:title\" content=\"Absorvente ecol\u00f3gico que pode durar at\u00e9 cinco anos \u00e9 produzido em projeto da Ufac\" \/>\n<meta name=\"twitter:description\" content=\"Esse projeto inclui oficinas para desmistificar a menstrua\u00e7\u00e3o, abordando quest\u00f5es econ\u00f4micas e socioculturais\" \/>\n<meta name=\"twitter:image\" content=\"https:\/\/nk7-testes.com.br\/agazeta\/wp-content\/uploads\/2024\/05\/3b08f440-6da2-47d6-9ef0-8d9003022d09-jpg.webp\" \/>\n<meta name=\"twitter:label1\" content=\"Escrito por\" \/>\n\t<meta name=\"twitter:data1\" content=\"Agazeta.Net\" \/>\n\t<meta name=\"twitter:label2\" content=\"Est. tempo de leitura\" \/>\n\t<meta name=\"twitter:data2\" content=\"3 minutos\" \/>\n<script type=\"application\/ld+json\" class=\"yoast-schema-graph\">{\"@context\":\"https:\/\/schema.org\",\"@graph\":[{\"@type\":\"WebPage\",\"@id\":\"https:\/\/nk7-testes.com.br\/agazeta\/absorvente-ecologico-que-pode-durar-ate-cinco-anos-e-produzido-em-projeto-da-ufac\/\",\"url\":\"https:\/\/nk7-testes.com.br\/agazeta\/absorvente-ecologico-que-pode-durar-ate-cinco-anos-e-produzido-em-projeto-da-ufac\/\",\"name\":\"Absorvente ecol\u00f3gico que pode durar at\u00e9 cinco anos \u00e9 produzido em projeto da Ufac - Agazeta.net\",\"isPartOf\":{\"@id\":\"https:\/\/nk7-testes.com.br\/agazeta\/#website\"},\"primaryImageOfPage\":{\"@id\":\"https:\/\/nk7-testes.com.br\/agazeta\/absorvente-ecologico-que-pode-durar-ate-cinco-anos-e-produzido-em-projeto-da-ufac\/#primaryimage\"},\"image\":{\"@id\":\"https:\/\/nk7-testes.com.br\/agazeta\/absorvente-ecologico-que-pode-durar-ate-cinco-anos-e-produzido-em-projeto-da-ufac\/#primaryimage\"},\"thumbnailUrl\":\"https:\/\/nk7-testes.com.br\/agazeta\/wp-content\/uploads\/2024\/05\/3b08f440-6da2-47d6-9ef0-8d9003022d09-jpg.webp\",\"datePublished\":\"2024-05-23T15:54:36+00:00\",\"dateModified\":\"2024-05-23T15:56:19+00:00\",\"author\":{\"@id\":\"https:\/\/nk7-testes.com.br\/agazeta\/#\/schema\/person\/6d6e25cb0435eb4a02fd44d30b4e3020\"},\"breadcrumb\":{\"@id\":\"https:\/\/nk7-testes.com.br\/agazeta\/absorvente-ecologico-que-pode-durar-ate-cinco-anos-e-produzido-em-projeto-da-ufac\/#breadcrumb\"},\"inLanguage\":\"pt-BR\",\"potentialAction\":[{\"@type\":\"ReadAction\",\"target\":[\"https:\/\/nk7-testes.com.br\/agazeta\/absorvente-ecologico-que-pode-durar-ate-cinco-anos-e-produzido-em-projeto-da-ufac\/\"]}]},{\"@type\":\"ImageObject\",\"inLanguage\":\"pt-BR\",\"@id\":\"https:\/\/nk7-testes.com.br\/agazeta\/absorvente-ecologico-que-pode-durar-ate-cinco-anos-e-produzido-em-projeto-da-ufac\/#primaryimage\",\"url\":\"https:\/\/nk7-testes.com.br\/agazeta\/wp-content\/uploads\/2024\/05\/3b08f440-6da2-47d6-9ef0-8d9003022d09-jpg.webp\",\"contentUrl\":\"https:\/\/nk7-testes.com.br\/agazeta\/wp-content\/uploads\/2024\/05\/3b08f440-6da2-47d6-9ef0-8d9003022d09-jpg.webp\",\"width\":800,\"height\":400},{\"@type\":\"BreadcrumbList\",\"@id\":\"https:\/\/nk7-testes.com.br\/agazeta\/absorvente-ecologico-que-pode-durar-ate-cinco-anos-e-produzido-em-projeto-da-ufac\/#breadcrumb\",\"itemListElement\":[{\"@type\":\"ListItem\",\"position\":1,\"name\":\"In\u00edcio\",\"item\":\"https:\/\/nk7-testes.com.br\/agazeta\/\"},{\"@type\":\"ListItem\",\"position\":2,\"name\":\"Absorvente ecol\u00f3gico que pode durar at\u00e9 cinco anos \u00e9 produzido em projeto da Ufac\"}]},{\"@type\":\"WebSite\",\"@id\":\"https:\/\/nk7-testes.com.br\/agazeta\/#website\",\"url\":\"https:\/\/nk7-testes.com.br\/agazeta\/\",\"name\":\"Agazeta.net\",\"description\":\"Agazeta.net - Not\u00edcias de Rio Branco\/AC\",\"potentialAction\":[{\"@type\":\"SearchAction\",\"target\":{\"@type\":\"EntryPoint\",\"urlTemplate\":\"https:\/\/nk7-testes.com.br\/agazeta\/?s={search_term_string}\"},\"query-input\":{\"@type\":\"PropertyValueSpecification\",\"valueRequired\":true,\"valueName\":\"search_term_string\"}}],\"inLanguage\":\"pt-BR\"},{\"@type\":\"Person\",\"@id\":\"https:\/\/nk7-testes.com.br\/agazeta\/#\/schema\/person\/6d6e25cb0435eb4a02fd44d30b4e3020\",\"name\":\"Agazeta.Net\",\"url\":\"https:\/\/nk7-testes.com.br\/agazeta\/author\/agazeta\/\"}]}<\/script>\n<!-- \/ Yoast SEO plugin. -->","yoast_head_json":{"title":"Absorvente ecol\u00f3gico que pode durar at\u00e9 cinco anos \u00e9 produzido em projeto da Ufac - Agazeta.net","robots":{"index":"index","follow":"follow","max-snippet":"max-snippet:-1","max-image-preview":"max-image-preview:large","max-video-preview":"max-video-preview:-1"},"canonical":"https:\/\/nk7-testes.com.br\/agazeta\/absorvente-ecologico-que-pode-durar-ate-cinco-anos-e-produzido-em-projeto-da-ufac\/","og_locale":"pt_BR","og_type":"article","og_title":"Absorvente ecol\u00f3gico que pode durar at\u00e9 cinco anos \u00e9 produzido em projeto da Ufac","og_description":"Esse projeto inclui oficinas para desmistificar a menstrua\u00e7\u00e3o, abordando quest\u00f5es econ\u00f4micas e socioculturais","og_url":"https:\/\/nk7-testes.com.br\/agazeta\/absorvente-ecologico-que-pode-durar-ate-cinco-anos-e-produzido-em-projeto-da-ufac\/","og_site_name":"Agazeta.net","article_published_time":"2024-05-23T15:54:36+00:00","article_modified_time":"2024-05-23T15:56:19+00:00","og_image":[{"width":800,"height":400,"url":"https:\/\/nk7-testes.com.br\/agazeta\/wp-content\/uploads\/2024\/05\/3b08f440-6da2-47d6-9ef0-8d9003022d09-jpg.webp","type":"image\/jpeg"}],"author":"Agazeta.Net","twitter_card":"summary_large_image","twitter_title":"Absorvente ecol\u00f3gico que pode durar at\u00e9 cinco anos \u00e9 produzido em projeto da Ufac","twitter_description":"Esse projeto inclui oficinas para desmistificar a menstrua\u00e7\u00e3o, abordando quest\u00f5es econ\u00f4micas e socioculturais","twitter_image":"https:\/\/nk7-testes.com.br\/agazeta\/wp-content\/uploads\/2024\/05\/3b08f440-6da2-47d6-9ef0-8d9003022d09-jpg.webp","twitter_misc":{"Escrito por":"Agazeta.Net","Est. tempo de leitura":"3 minutos"},"schema":{"@context":"https:\/\/schema.org","@graph":[{"@type":"WebPage","@id":"https:\/\/nk7-testes.com.br\/agazeta\/absorvente-ecologico-que-pode-durar-ate-cinco-anos-e-produzido-em-projeto-da-ufac\/","url":"https:\/\/nk7-testes.com.br\/agazeta\/absorvente-ecologico-que-pode-durar-ate-cinco-anos-e-produzido-em-projeto-da-ufac\/","name":"Absorvente ecol\u00f3gico que pode durar at\u00e9 cinco anos \u00e9 produzido em projeto da Ufac - Agazeta.net","isPartOf":{"@id":"https:\/\/nk7-testes.com.br\/agazeta\/#website"},"primaryImageOfPage":{"@id":"https:\/\/nk7-testes.com.br\/agazeta\/absorvente-ecologico-que-pode-durar-ate-cinco-anos-e-produzido-em-projeto-da-ufac\/#primaryimage"},"image":{"@id":"https:\/\/nk7-testes.com.br\/agazeta\/absorvente-ecologico-que-pode-durar-ate-cinco-anos-e-produzido-em-projeto-da-ufac\/#primaryimage"},"thumbnailUrl":"https:\/\/nk7-testes.com.br\/agazeta\/wp-content\/uploads\/2024\/05\/3b08f440-6da2-47d6-9ef0-8d9003022d09-jpg.webp","datePublished":"2024-05-23T15:54:36+00:00","dateModified":"2024-05-23T15:56:19+00:00","author":{"@id":"https:\/\/nk7-testes.com.br\/agazeta\/#\/schema\/person\/6d6e25cb0435eb4a02fd44d30b4e3020"},"breadcrumb":{"@id":"https:\/\/nk7-testes.com.br\/agazeta\/absorvente-ecologico-que-pode-durar-ate-cinco-anos-e-produzido-em-projeto-da-ufac\/#breadcrumb"},"inLanguage":"pt-BR","potentialAction":[{"@type":"ReadAction","target":["https:\/\/nk7-testes.com.br\/agazeta\/absorvente-ecologico-que-pode-durar-ate-cinco-anos-e-produzido-em-projeto-da-ufac\/"]}]},{"@type":"ImageObject","inLanguage":"pt-BR","@id":"https:\/\/nk7-testes.com.br\/agazeta\/absorvente-ecologico-que-pode-durar-ate-cinco-anos-e-produzido-em-projeto-da-ufac\/#primaryimage","url":"https:\/\/nk7-testes.com.br\/agazeta\/wp-content\/uploads\/2024\/05\/3b08f440-6da2-47d6-9ef0-8d9003022d09-jpg.webp","contentUrl":"https:\/\/nk7-testes.com.br\/agazeta\/wp-content\/uploads\/2024\/05\/3b08f440-6da2-47d6-9ef0-8d9003022d09-jpg.webp","width":800,"height":400},{"@type":"BreadcrumbList","@id":"https:\/\/nk7-testes.com.br\/agazeta\/absorvente-ecologico-que-pode-durar-ate-cinco-anos-e-produzido-em-projeto-da-ufac\/#breadcrumb","itemListElement":[{"@type":"ListItem","position":1,"name":"In\u00edcio","item":"https:\/\/nk7-testes.com.br\/agazeta\/"},{"@type":"ListItem","position":2,"name":"Absorvente ecol\u00f3gico que pode durar at\u00e9 cinco anos \u00e9 produzido em projeto da Ufac"}]},{"@type":"WebSite","@id":"https:\/\/nk7-testes.com.br\/agazeta\/#website","url":"https:\/\/nk7-testes.com.br\/agazeta\/","name":"Agazeta.net","description":"Agazeta.net - Not\u00edcias de Rio Branco\/AC","potentialAction":[{"@type":"SearchAction","target":{"@type":"EntryPoint","urlTemplate":"https:\/\/nk7-testes.com.br\/agazeta\/?s={search_term_string}"},"query-input":{"@type":"PropertyValueSpecification","valueRequired":true,"valueName":"search_term_string"}}],"inLanguage":"pt-BR"},{"@type":"Person","@id":"https:\/\/nk7-testes.com.br\/agazeta\/#\/schema\/person\/6d6e25cb0435eb4a02fd44d30b4e3020","name":"Agazeta.Net","url":"https:\/\/nk7-testes.com.br\/agazeta\/author\/agazeta\/"}]}},"_links":{"self":[{"href":"https:\/\/nk7-testes.com.br\/agazeta\/wp-json\/wp\/v2\/posts\/132675","targetHints":{"allow":["GET"]}}],"collection":[{"href":"https:\/\/nk7-testes.com.br\/agazeta\/wp-json\/wp\/v2\/posts"}],"about":[{"href":"https:\/\/nk7-testes.com.br\/agazeta\/wp-json\/wp\/v2\/types\/post"}],"author":[{"embeddable":true,"href":"https:\/\/nk7-testes.com.br\/agazeta\/wp-json\/wp\/v2\/users\/4"}],"replies":[{"embeddable":true,"href":"https:\/\/nk7-testes.com.br\/agazeta\/wp-json\/wp\/v2\/comments?post=132675"}],"version-history":[{"count":0,"href":"https:\/\/nk7-testes.com.br\/agazeta\/wp-json\/wp\/v2\/posts\/132675\/revisions"}],"wp:featuredmedia":[{"embeddable":true,"href":"https:\/\/nk7-testes.com.br\/agazeta\/wp-json\/wp\/v2\/media\/132684"}],"wp:attachment":[{"href":"https:\/\/nk7-testes.com.br\/agazeta\/wp-json\/wp\/v2\/media?parent=132675"}],"wp:term":[{"taxonomy":"category","embeddable":true,"href":"https:\/\/nk7-testes.com.br\/agazeta\/wp-json\/wp\/v2\/categories?post=132675"},{"taxonomy":"post_tag","embeddable":true,"href":"https:\/\/nk7-testes.com.br\/agazeta\/wp-json\/wp\/v2\/tags?post=132675"}],"curies":[{"name":"wp","href":"https:\/\/api.w.org\/{rel}","templated":true}]}}