{"id":132644,"date":"2024-05-22T16:19:02","date_gmt":"2024-05-22T21:19:02","guid":{"rendered":"https:\/\/nk7-testes.com.br\/?p=132644"},"modified":"2024-05-23T08:39:55","modified_gmt":"2024-05-23T13:39:55","slug":"familia-perde-todos-os-bens-apos-ter-residencia-tomada-por-incendio-em-rio-branco","status":"publish","type":"post","link":"https:\/\/nk7-testes.com.br\/agazeta\/familia-perde-todos-os-bens-apos-ter-residencia-tomada-por-incendio-em-rio-branco\/","title":{"rendered":"Fam\u00edlia perde todos os bens ap\u00f3s ter resid\u00eancia tomada por inc\u00eandio, em Rio Branco"},"content":{"rendered":"<p style=\"text-align: justify;\">Na manh\u00e3 desta quarta-feira, 22, uma resid\u00eancia foi tomada pelas chamas na Rua Santa Terezinha, bairro Conquista, em Rio Branco. A fam\u00edlia dona da casa perdeu todos os bens.<\/p>\n<p style=\"text-align: justify;\">No local, morava um casal e os quatro filhos. A m\u00e3e, Leudiane, conta como percebeu o in\u00edcio do fogo. Segundo ela, estava no sof\u00e1 com tr\u00eas filhos assistindo quando percebeu uma claridade vinda do lado de fora da casa.<\/p>\n<p style=\"text-align: justify;\">O Corpo de Bombeiros Militar do Acre (CBM\/AC) foi acionado, mas, quando a equipe chegou ao local, os m\u00f3veis da casa j\u00e1 haviam sido tomados pelo fogo. Dessa forma, puderam apenas controlar as chamas e acionaram a empresa Energisa devido curto-circuitos na rede el\u00e9trica da casa.<\/p>\n<p style=\"text-align: justify;\">&#8220;Estava s\u00f3 eu e tr\u00eas filhos, porque o outro de 13 anos estava para a escola. Peguei os meninos, sentei no sof\u00e1, coloquei eles para assistirem e eu senti aquela claridade l\u00e1 de fora. Quando fui ver, o fogo j\u00e1 estava se espalhando pelo fio. A\u00ed j\u00e1 caiu em cima da cortina e come\u00e7ou a pegar fogo. Eu s\u00f3 peguei os meninos e j\u00e1 sa\u00ed&#8221;, afirma Leudiane.<\/p>\n<p style=\"text-align: justify;\">Al\u00e9m disso, a m\u00e3e destaca que tem um filho que sofre de Transtorno do Espectro Autista (TEA) e o outro com ataques de epilepsia. Devido ao inc\u00eandio, as duas crian\u00e7as perderam os rem\u00e9dios. &#8220;Perdi totalmente o rem\u00e9dio de todos eles&#8221;, conta ela.<\/p>\n<p style=\"text-align: justify;\">Para quem tem interesse em ajudar a fam\u00edlia, o n\u00famero para contato disponibilizado por Leudiane \u00e9: <strong>(68) 99203-7993<\/strong>.<\/p>\n<p><strong>NOTA ENERGISA<\/strong><\/p>\n<p><em>A Energisa informa que n\u00e3o houve nenhuma ocorr\u00eancia na rede el\u00e9trica que atende o local. Tamb\u00e9m ressalta que, nos \u00faltimos dois meses, n\u00e3o foi registrada nenhuma reclama\u00e7\u00e3o sobre o fornecimento de energia.<\/em><\/p>\n<p><em>Durante a ocorr\u00eancia, o Corpo de Bombeiro pediu apoio da Energisa para desativar a energia da casa. A rede de distribui\u00e7\u00e3o de energia e o transformador n\u00e3o apresentaram qualquer anomalia. Importante destacar que nenhum outro cliente teve interrup\u00e7\u00e3o de energia no per\u00edodo.<\/em><\/p>\n<p><em>A concession\u00e1ria refor\u00e7a que \u00e9 essencial que todas as instala\u00e7\u00f5es el\u00e9tricas dos im\u00f3veis sejam realizadas por profissionais qualificados. Instala\u00e7\u00f5es antigas ou malfeitas s\u00e3o uma das principais causas de acidentes com eletricidade em resid\u00eancias.<\/em><\/p>\n<p><em>Al\u00e9m disso, \u00e9 importante verificar a carga el\u00e9trica e o uso adequado de equipamentos na voltagem correta. Assim como, o perigo de conectar v\u00e1rios dispositivos na mesma tomada, o que pode sobrecarregar o circuito el\u00e9trico.<\/em><\/p>\n<p><em>A Energisa refor\u00e7a que o cliente deve registrar as ocorr\u00eancias nos canais de atendimento: Aplicativo Energisa On, Chatbot da Gisa: (gisa.energisa.com.br), Site\u202f(www.energisa.com.br) ou Call Center 0800 647 7196.<\/em><\/p>\n<p><em><strong>Com informa\u00e7\u00f5es do rep\u00f3rter Luan Rodrigo para a TV Gazeta<\/strong><\/em><\/p>\n","protected":false},"excerpt":{"rendered":"<p>Na manh\u00e3 desta quarta-feira, 22, uma resid\u00eancia foi tomada pelas chamas na Rua Santa Terezinha, bairro Conquista, em Rio Branco. A fam\u00edlia dona da casa perdeu todos os bens. No local, morava um casal e os quatro filhos. A m\u00e3e, Leudiane, conta como percebeu o in\u00edcio do fogo. Segundo ela, estava no sof\u00e1 com tr\u00eas [&hellip;]<\/p>\n","protected":false},"author":4,"featured_media":132645,"comment_status":"open","ping_status":"open","sticky":false,"template":"","format":"standard","meta":{"jnews-multi-image_gallery":[],"jnews_single_post":{"source_name":"","source_url":"","via_name":"","via_url":"","override_template":"0","override":[{"template":"custom","single_blog_custom":"110746","parallax":"1","fullscreen":"1","layout":"right-sidebar","sidebar":"default-sidebar","second_sidebar":"default-sidebar","sticky_sidebar":"1","share_position":"top","share_float_style":"share-monocrhome","show_share_counter":"1","show_view_counter":"1","show_featured":"1","show_post_meta":"1","show_post_author":"1","show_post_author_image":"1","show_post_date":"1","post_date_format":"default","post_date_format_custom":"Y\/m\/d","show_post_category":"1","show_post_reading_time":"0","post_reading_time_wpm":"300","show_zoom_button":"0","zoom_button_out_step":"2","zoom_button_in_step":"3","show_post_tag":"1","show_prev_next_post":"1","show_popup_post":"1","number_popup_post":"1","show_author_box":"0","show_post_related":"1","show_inline_post_related":"0"}],"override_image_size":"0","image_override":[{"single_post_thumbnail_size":"crop-500","single_post_gallery_size":"crop-500"}],"trending_post":"0","trending_post_position":"meta","trending_post_label":"Trending","sponsored_post":"0","sponsored_post_label":"Sponsored by","sponsored_post_name":"","sponsored_post_url":"","sponsored_post_logo_enable":"0","sponsored_post_logo":"","sponsored_post_desc":"","disable_ad":"0"},"jnews_primary_category":{"id":"","hide":""},"jnews_social_meta":{"fb_title":"","fb_description":"","fb_image":"","twitter_title":"","twitter_description":"","twitter_image":""},"jnews_review":[],"enable_review":"0","type":"percentage","name":"","summary":"","brand":"","sku":"","good":[{"good_text":""}],"bad":[{"bad_text":""}],"score_override":"0","override_value":"","rating":[{"rating_text":"","rating_number":"10"}],"price":[{"shop":"","price":"","link":"","icon":""}],"footnotes":""},"categories":[54],"tags":[],"class_list":["post-132644","post","type-post","status-publish","format-standard","has-post-thumbnail","hentry","category-cotidiano"],"yoast_head":"<!-- This site is optimized with the Yoast SEO plugin v26.5 - https:\/\/yoast.com\/wordpress\/plugins\/seo\/ -->\n<title>Fam\u00edlia perde todos os bens ap\u00f3s ter resid\u00eancia tomada por inc\u00eandio, em Rio Branco - Agazeta.net<\/title>\n<meta name=\"robots\" content=\"index, follow, max-snippet:-1, max-image-preview:large, max-video-preview:-1\" \/>\n<link rel=\"canonical\" href=\"https:\/\/nk7-testes.com.br\/agazeta\/familia-perde-todos-os-bens-apos-ter-residencia-tomada-por-incendio-em-rio-branco\/\" \/>\n<meta property=\"og:locale\" content=\"pt_BR\" \/>\n<meta property=\"og:type\" content=\"article\" \/>\n<meta property=\"og:title\" content=\"Fam\u00edlia perde todos os bens ap\u00f3s ter resid\u00eancia tomada por inc\u00eandio, em Rio Branco\" \/>\n<meta property=\"og:description\" content=\"No momento do corrido, a m\u00e3e e tr\u00eas filhos estavam na casa, mas ningu\u00e9m ficou ferido\" \/>\n<meta property=\"og:url\" content=\"https:\/\/nk7-testes.com.br\/agazeta\/familia-perde-todos-os-bens-apos-ter-residencia-tomada-por-incendio-em-rio-branco\/\" \/>\n<meta property=\"og:site_name\" content=\"Agazeta.net\" \/>\n<meta property=\"article:published_time\" content=\"2024-05-22T21:19:02+00:00\" \/>\n<meta property=\"article:modified_time\" content=\"2024-05-23T13:39:55+00:00\" \/>\n<meta property=\"og:image\" content=\"https:\/\/nk7-testes.com.br\/agazeta\/wp-content\/uploads\/2024\/05\/WhatsApp-Image-2024-05-22-at-18.16.38-jpeg.webp\" \/>\n\t<meta property=\"og:image:width\" content=\"800\" \/>\n\t<meta property=\"og:image:height\" content=\"401\" \/>\n\t<meta property=\"og:image:type\" content=\"image\/jpeg\" \/>\n<meta name=\"author\" content=\"Agazeta.Net\" \/>\n<meta name=\"twitter:card\" content=\"summary_large_image\" \/>\n<meta name=\"twitter:label1\" content=\"Escrito por\" \/>\n\t<meta name=\"twitter:data1\" content=\"Agazeta.Net\" \/>\n\t<meta name=\"twitter:label2\" content=\"Est. tempo de leitura\" \/>\n\t<meta name=\"twitter:data2\" content=\"2 minutos\" \/>\n<script type=\"application\/ld+json\" class=\"yoast-schema-graph\">{\"@context\":\"https:\/\/schema.org\",\"@graph\":[{\"@type\":\"WebPage\",\"@id\":\"https:\/\/nk7-testes.com.br\/agazeta\/familia-perde-todos-os-bens-apos-ter-residencia-tomada-por-incendio-em-rio-branco\/\",\"url\":\"https:\/\/nk7-testes.com.br\/agazeta\/familia-perde-todos-os-bens-apos-ter-residencia-tomada-por-incendio-em-rio-branco\/\",\"name\":\"Fam\u00edlia perde todos os bens ap\u00f3s ter resid\u00eancia tomada por inc\u00eandio, em Rio Branco - Agazeta.net\",\"isPartOf\":{\"@id\":\"https:\/\/nk7-testes.com.br\/agazeta\/#website\"},\"primaryImageOfPage\":{\"@id\":\"https:\/\/nk7-testes.com.br\/agazeta\/familia-perde-todos-os-bens-apos-ter-residencia-tomada-por-incendio-em-rio-branco\/#primaryimage\"},\"image\":{\"@id\":\"https:\/\/nk7-testes.com.br\/agazeta\/familia-perde-todos-os-bens-apos-ter-residencia-tomada-por-incendio-em-rio-branco\/#primaryimage\"},\"thumbnailUrl\":\"https:\/\/nk7-testes.com.br\/agazeta\/wp-content\/uploads\/2024\/05\/WhatsApp-Image-2024-05-22-at-18.16.38-jpeg.webp\",\"datePublished\":\"2024-05-22T21:19:02+00:00\",\"dateModified\":\"2024-05-23T13:39:55+00:00\",\"author\":{\"@id\":\"https:\/\/nk7-testes.com.br\/agazeta\/#\/schema\/person\/6d6e25cb0435eb4a02fd44d30b4e3020\"},\"breadcrumb\":{\"@id\":\"https:\/\/nk7-testes.com.br\/agazeta\/familia-perde-todos-os-bens-apos-ter-residencia-tomada-por-incendio-em-rio-branco\/#breadcrumb\"},\"inLanguage\":\"pt-BR\",\"potentialAction\":[{\"@type\":\"ReadAction\",\"target\":[\"https:\/\/nk7-testes.com.br\/agazeta\/familia-perde-todos-os-bens-apos-ter-residencia-tomada-por-incendio-em-rio-branco\/\"]}]},{\"@type\":\"ImageObject\",\"inLanguage\":\"pt-BR\",\"@id\":\"https:\/\/nk7-testes.com.br\/agazeta\/familia-perde-todos-os-bens-apos-ter-residencia-tomada-por-incendio-em-rio-branco\/#primaryimage\",\"url\":\"https:\/\/nk7-testes.com.br\/agazeta\/wp-content\/uploads\/2024\/05\/WhatsApp-Image-2024-05-22-at-18.16.38-jpeg.webp\",\"contentUrl\":\"https:\/\/nk7-testes.com.br\/agazeta\/wp-content\/uploads\/2024\/05\/WhatsApp-Image-2024-05-22-at-18.16.38-jpeg.webp\",\"width\":800,\"height\":401,\"caption\":\"Imagem: TV Gazeta\"},{\"@type\":\"BreadcrumbList\",\"@id\":\"https:\/\/nk7-testes.com.br\/agazeta\/familia-perde-todos-os-bens-apos-ter-residencia-tomada-por-incendio-em-rio-branco\/#breadcrumb\",\"itemListElement\":[{\"@type\":\"ListItem\",\"position\":1,\"name\":\"In\u00edcio\",\"item\":\"https:\/\/nk7-testes.com.br\/agazeta\/\"},{\"@type\":\"ListItem\",\"position\":2,\"name\":\"Fam\u00edlia perde todos os bens ap\u00f3s ter resid\u00eancia tomada por inc\u00eandio, em Rio Branco\"}]},{\"@type\":\"WebSite\",\"@id\":\"https:\/\/nk7-testes.com.br\/agazeta\/#website\",\"url\":\"https:\/\/nk7-testes.com.br\/agazeta\/\",\"name\":\"Agazeta.net\",\"description\":\"Agazeta.net - Not\u00edcias de Rio Branco\/AC\",\"potentialAction\":[{\"@type\":\"SearchAction\",\"target\":{\"@type\":\"EntryPoint\",\"urlTemplate\":\"https:\/\/nk7-testes.com.br\/agazeta\/?s={search_term_string}\"},\"query-input\":{\"@type\":\"PropertyValueSpecification\",\"valueRequired\":true,\"valueName\":\"search_term_string\"}}],\"inLanguage\":\"pt-BR\"},{\"@type\":\"Person\",\"@id\":\"https:\/\/nk7-testes.com.br\/agazeta\/#\/schema\/person\/6d6e25cb0435eb4a02fd44d30b4e3020\",\"name\":\"Agazeta.Net\",\"url\":\"https:\/\/nk7-testes.com.br\/agazeta\/author\/agazeta\/\"}]}<\/script>\n<!-- \/ Yoast SEO plugin. -->","yoast_head_json":{"title":"Fam\u00edlia perde todos os bens ap\u00f3s ter resid\u00eancia tomada por inc\u00eandio, em Rio Branco - Agazeta.net","robots":{"index":"index","follow":"follow","max-snippet":"max-snippet:-1","max-image-preview":"max-image-preview:large","max-video-preview":"max-video-preview:-1"},"canonical":"https:\/\/nk7-testes.com.br\/agazeta\/familia-perde-todos-os-bens-apos-ter-residencia-tomada-por-incendio-em-rio-branco\/","og_locale":"pt_BR","og_type":"article","og_title":"Fam\u00edlia perde todos os bens ap\u00f3s ter resid\u00eancia tomada por inc\u00eandio, em Rio Branco","og_description":"No momento do corrido, a m\u00e3e e tr\u00eas filhos estavam na casa, mas ningu\u00e9m ficou ferido","og_url":"https:\/\/nk7-testes.com.br\/agazeta\/familia-perde-todos-os-bens-apos-ter-residencia-tomada-por-incendio-em-rio-branco\/","og_site_name":"Agazeta.net","article_published_time":"2024-05-22T21:19:02+00:00","article_modified_time":"2024-05-23T13:39:55+00:00","og_image":[{"width":800,"height":401,"url":"https:\/\/nk7-testes.com.br\/agazeta\/wp-content\/uploads\/2024\/05\/WhatsApp-Image-2024-05-22-at-18.16.38-jpeg.webp","type":"image\/jpeg"}],"author":"Agazeta.Net","twitter_card":"summary_large_image","twitter_misc":{"Escrito por":"Agazeta.Net","Est. tempo de leitura":"2 minutos"},"schema":{"@context":"https:\/\/schema.org","@graph":[{"@type":"WebPage","@id":"https:\/\/nk7-testes.com.br\/agazeta\/familia-perde-todos-os-bens-apos-ter-residencia-tomada-por-incendio-em-rio-branco\/","url":"https:\/\/nk7-testes.com.br\/agazeta\/familia-perde-todos-os-bens-apos-ter-residencia-tomada-por-incendio-em-rio-branco\/","name":"Fam\u00edlia perde todos os bens ap\u00f3s ter resid\u00eancia tomada por inc\u00eandio, em Rio Branco - Agazeta.net","isPartOf":{"@id":"https:\/\/nk7-testes.com.br\/agazeta\/#website"},"primaryImageOfPage":{"@id":"https:\/\/nk7-testes.com.br\/agazeta\/familia-perde-todos-os-bens-apos-ter-residencia-tomada-por-incendio-em-rio-branco\/#primaryimage"},"image":{"@id":"https:\/\/nk7-testes.com.br\/agazeta\/familia-perde-todos-os-bens-apos-ter-residencia-tomada-por-incendio-em-rio-branco\/#primaryimage"},"thumbnailUrl":"https:\/\/nk7-testes.com.br\/agazeta\/wp-content\/uploads\/2024\/05\/WhatsApp-Image-2024-05-22-at-18.16.38-jpeg.webp","datePublished":"2024-05-22T21:19:02+00:00","dateModified":"2024-05-23T13:39:55+00:00","author":{"@id":"https:\/\/nk7-testes.com.br\/agazeta\/#\/schema\/person\/6d6e25cb0435eb4a02fd44d30b4e3020"},"breadcrumb":{"@id":"https:\/\/nk7-testes.com.br\/agazeta\/familia-perde-todos-os-bens-apos-ter-residencia-tomada-por-incendio-em-rio-branco\/#breadcrumb"},"inLanguage":"pt-BR","potentialAction":[{"@type":"ReadAction","target":["https:\/\/nk7-testes.com.br\/agazeta\/familia-perde-todos-os-bens-apos-ter-residencia-tomada-por-incendio-em-rio-branco\/"]}]},{"@type":"ImageObject","inLanguage":"pt-BR","@id":"https:\/\/nk7-testes.com.br\/agazeta\/familia-perde-todos-os-bens-apos-ter-residencia-tomada-por-incendio-em-rio-branco\/#primaryimage","url":"https:\/\/nk7-testes.com.br\/agazeta\/wp-content\/uploads\/2024\/05\/WhatsApp-Image-2024-05-22-at-18.16.38-jpeg.webp","contentUrl":"https:\/\/nk7-testes.com.br\/agazeta\/wp-content\/uploads\/2024\/05\/WhatsApp-Image-2024-05-22-at-18.16.38-jpeg.webp","width":800,"height":401,"caption":"Imagem: TV Gazeta"},{"@type":"BreadcrumbList","@id":"https:\/\/nk7-testes.com.br\/agazeta\/familia-perde-todos-os-bens-apos-ter-residencia-tomada-por-incendio-em-rio-branco\/#breadcrumb","itemListElement":[{"@type":"ListItem","position":1,"name":"In\u00edcio","item":"https:\/\/nk7-testes.com.br\/agazeta\/"},{"@type":"ListItem","position":2,"name":"Fam\u00edlia perde todos os bens ap\u00f3s ter resid\u00eancia tomada por inc\u00eandio, em Rio Branco"}]},{"@type":"WebSite","@id":"https:\/\/nk7-testes.com.br\/agazeta\/#website","url":"https:\/\/nk7-testes.com.br\/agazeta\/","name":"Agazeta.net","description":"Agazeta.net - Not\u00edcias de Rio Branco\/AC","potentialAction":[{"@type":"SearchAction","target":{"@type":"EntryPoint","urlTemplate":"https:\/\/nk7-testes.com.br\/agazeta\/?s={search_term_string}"},"query-input":{"@type":"PropertyValueSpecification","valueRequired":true,"valueName":"search_term_string"}}],"inLanguage":"pt-BR"},{"@type":"Person","@id":"https:\/\/nk7-testes.com.br\/agazeta\/#\/schema\/person\/6d6e25cb0435eb4a02fd44d30b4e3020","name":"Agazeta.Net","url":"https:\/\/nk7-testes.com.br\/agazeta\/author\/agazeta\/"}]}},"_links":{"self":[{"href":"https:\/\/nk7-testes.com.br\/agazeta\/wp-json\/wp\/v2\/posts\/132644","targetHints":{"allow":["GET"]}}],"collection":[{"href":"https:\/\/nk7-testes.com.br\/agazeta\/wp-json\/wp\/v2\/posts"}],"about":[{"href":"https:\/\/nk7-testes.com.br\/agazeta\/wp-json\/wp\/v2\/types\/post"}],"author":[{"embeddable":true,"href":"https:\/\/nk7-testes.com.br\/agazeta\/wp-json\/wp\/v2\/users\/4"}],"replies":[{"embeddable":true,"href":"https:\/\/nk7-testes.com.br\/agazeta\/wp-json\/wp\/v2\/comments?post=132644"}],"version-history":[{"count":0,"href":"https:\/\/nk7-testes.com.br\/agazeta\/wp-json\/wp\/v2\/posts\/132644\/revisions"}],"wp:featuredmedia":[{"embeddable":true,"href":"https:\/\/nk7-testes.com.br\/agazeta\/wp-json\/wp\/v2\/media\/132645"}],"wp:attachment":[{"href":"https:\/\/nk7-testes.com.br\/agazeta\/wp-json\/wp\/v2\/media?parent=132644"}],"wp:term":[{"taxonomy":"category","embeddable":true,"href":"https:\/\/nk7-testes.com.br\/agazeta\/wp-json\/wp\/v2\/categories?post=132644"},{"taxonomy":"post_tag","embeddable":true,"href":"https:\/\/nk7-testes.com.br\/agazeta\/wp-json\/wp\/v2\/tags?post=132644"}],"curies":[{"name":"wp","href":"https:\/\/api.w.org\/{rel}","templated":true}]}}