{"id":132621,"date":"2024-05-22T12:41:01","date_gmt":"2024-05-22T17:41:01","guid":{"rendered":"https:\/\/nk7-testes.com.br\/?p=132621"},"modified":"2024-05-22T12:41:01","modified_gmt":"2024-05-22T17:41:01","slug":"semeia-rb-realoca-arvores-do-tce-para-parque-tucuma-arquiteto-afirma-que-nenhuma-sobrevivera","status":"publish","type":"post","link":"https:\/\/nk7-testes.com.br\/agazeta\/semeia-rb-realoca-arvores-do-tce-para-parque-tucuma-arquiteto-afirma-que-nenhuma-sobrevivera\/","title":{"rendered":"Semeia RB realoca \u00e1rvores do TCE para parque Tucum\u00e3; arquiteto afirma que nenhuma sobreviver\u00e1"},"content":{"rendered":"<p style=\"text-align: justify;\"><span style=\"font-weight: 400;\">Mesmo situada no cora\u00e7\u00e3o da floresta amaz\u00f4nica, Rio Branco enfrenta um cen\u00e1rio de arboriza\u00e7\u00e3o aqu\u00e9m do esperado e est\u00e1 entre as cidades menos arborizadas do pa\u00eds. Nos \u00faltimos meses, a retirada de \u00e1rvores em \u00e1reas centrais da cidade tem chamado a aten\u00e7\u00e3o, com destaque para a remo\u00e7\u00e3o dos\u00a0 Ip\u00eas que adornavam a fachada do Tribunal de Contas do Estado (TCE).<\/span><\/p>\n<p style=\"text-align: justify;\"><span style=\"font-weight: 400;\">A quest\u00e3o levantou debates sobre os crit\u00e9rios para a retirada de \u00e1rvores na capital acreana. O Conselho de Arquitetura e Urbanismo do Estado esclareceu que toda a\u00e7\u00e3o de deslocamento ou supress\u00e3o deve ser autorizada por licen\u00e7a espec\u00edfica, com a devida especifica\u00e7\u00e3o do procedimento e a compensa\u00e7\u00e3o necess\u00e1ria por meio do plantio de novas esp\u00e9cies.\u00a0<\/span><\/p>\n<p style=\"text-align: justify;\"><span style=\"font-weight: 400;\">Segundo o Secret\u00e1rio Municipal de Meio Ambiente (Semeia), Carlos Nasserala, a retirada das \u00e1rvores geralmente ocorre em situa\u00e7\u00f5es de risco \u00e0 vida dos cidad\u00e3os.<\/span><\/p>\n<p style=\"text-align: justify;\"><span style=\"font-weight: 400;\">\u201cA Semeia faz todo o estudo, todo o levantamento para poder dar autoriza\u00e7\u00e3o para poder fazer a supress\u00e3o ou ent\u00e3o o transplante dessas \u00e1rvores. No caso l\u00e1 da frente do Tribunal de Contas do Estado, na Avenida Cear\u00e1, havia 10 Ip\u00eas. Sete foram feitos os transplantes l\u00e1 para o Parque Tucum\u00e3. Voc\u00ea pode chegar l\u00e1 e ver qualquer cidad\u00e3o pode passar l\u00e1 na caminhada e ver que est\u00e1 l\u00e1 plantado\u201d, explica o secret\u00e1rio.<\/span><\/p>\n<p style=\"text-align: justify;\"><span style=\"font-weight: 400;\">O processo de retirada e replantio dos 10 Ip\u00eas em frente ao Tribunal de Contas foi acompanhado de perto pelas autoridades locais. O secret\u00e1rio explicou que a supress\u00e3o foi necess\u00e1ria devido a problemas estruturais e de acessibilidade, sendo que sete \u00e1rvores foram transplantadas para o Parque Tucum\u00e3 enquanto outras tr\u00eas, devido ao porte, foram compensadas com o plantio de 65 mudas de esp\u00e9cies diversas.<\/span><\/p>\n<p style=\"text-align: justify;\"><span style=\"font-weight: 400;\">\u201cEles estavam comprometendo a caminhada de pessoas dos cadeirantes ou pessoas com pouca visibilidade, com pouca vis\u00e3o, as ra\u00edzes estavam danificando toda aquela cal\u00e7ada de pedestre, o TCE fez a compensa\u00e7\u00e3o e plantou 47 \u00e1rvores, 18 \u00e1rvores ser\u00e3o plantadas exatamente na frente do TCE para substituir essas sete. No total foram feitas a compensa\u00e7\u00e3o de 65 \u00e1rvores por tr\u00eas que foram feitas a supress\u00e3o\u201d, esclarece.<\/span><\/p>\n<p style=\"text-align: justify;\"><span style=\"font-weight: 400;\">Por outro lado, o arquiteto e urbanista Eduardo Vieira criticou a forma como a retirada e substitui\u00e7\u00e3o das \u00e1rvores foram conduzidas. Ele apontou falhas no replantio das esp\u00e9cies e enfatizou a import\u00e2ncia de considerar alternativas para a preserva\u00e7\u00e3o das \u00e1rvores nativas, especialmente em uma cidade t\u00e3o pouco arborizada como Rio Branco.\u00a0<\/span><\/p>\n<p style=\"text-align: justify;\"><span style=\"font-weight: 400;\">\u201cEu acho que est\u00e1 tendo muito pouco cuidado por conta do poder p\u00fablico. A gente observa muita supress\u00e3o, muito corte, muita poda mal feita. No caso espec\u00edfico do TCE \u00e9 muito lament\u00e1vel. Eu acho que o que foi feito ali est\u00e1 totalmente errado. Suprimiram esp\u00e9cies nativas, que eram os ip\u00eas rosa que haviam ali. Havia espa\u00e7o para recuar o muro e manter aquelas \u00e1rvores. O transplantio foi feito de forma incorreta. Ent\u00e3o as esp\u00e9cies que foram replantadas dificilmente ir\u00e3o sobreviver\u201d, enfatiza o arquiteto.<\/span><\/p>\n<p style=\"text-align: justify;\"><span style=\"font-weight: 400;\">Vieira ressaltou a necessidade de ado\u00e7\u00e3o de pr\u00e1ticas adequadas de plantio para garantir a sobreviv\u00eancia das novas \u00e1rvores e o conforto t\u00e9rmico e ambiental na cidade.<\/span><\/p>\n<p style=\"text-align: justify;\"><span style=\"font-weight: 400;\">\u201cE foi plantado em compensa\u00e7\u00e3o esp\u00e9cies absolutamente ex\u00f3ticas. Ali na cal\u00e7ada v\u00e3o ser plantadas palmeiras, que s\u00e3o nativas do Madagascar. N\u00e3o tem nada a ver com a Amaz\u00f4nia. N\u00f3s estamos em uma regi\u00e3o tropical muito quente e se a nossa cidade fosse arborizada, o conforto t\u00e9rmico seria muito maior para a popula\u00e7\u00e3o, principalmente aquela que caminha pelas nossas cal\u00e7adas. E \u00e9 isso que deveria ser priorizado sempre\u201d, conclui Vieira.<\/span><\/p>\n<p><strong><em>Mat\u00e9ria em v\u00eddeo produzida pela rep\u00f3rter Wanessa Souza para a TV Gazeta<\/em><\/strong><\/p>\n","protected":false},"excerpt":{"rendered":"<p>Mesmo situada no cora\u00e7\u00e3o da floresta amaz\u00f4nica, Rio Branco enfrenta um cen\u00e1rio de arboriza\u00e7\u00e3o aqu\u00e9m do esperado e est\u00e1 entre as cidades menos arborizadas do pa\u00eds. Nos \u00faltimos meses, a retirada de \u00e1rvores em \u00e1reas centrais da cidade tem chamado a aten\u00e7\u00e3o, com destaque para a remo\u00e7\u00e3o dos\u00a0 Ip\u00eas que adornavam a fachada do Tribunal [&hellip;]<\/p>\n","protected":false},"author":4,"featured_media":132623,"comment_status":"open","ping_status":"open","sticky":false,"template":"","format":"standard","meta":{"jnews-multi-image_gallery":[],"jnews_single_post":{"source_name":"","source_url":"","via_name":"","via_url":"","override_template":"0","override":[{"template":"custom","single_blog_custom":"110746","parallax":"1","fullscreen":"1","layout":"right-sidebar","sidebar":"default-sidebar","second_sidebar":"default-sidebar","sticky_sidebar":"1","share_position":"top","share_float_style":"share-monocrhome","show_share_counter":"1","show_view_counter":"1","show_featured":"1","show_post_meta":"1","show_post_author":"1","show_post_author_image":"1","show_post_date":"1","post_date_format":"default","post_date_format_custom":"Y\/m\/d","show_post_category":"1","show_post_reading_time":"0","post_reading_time_wpm":"300","show_zoom_button":"0","zoom_button_out_step":"2","zoom_button_in_step":"3","show_post_tag":"1","show_prev_next_post":"1","show_popup_post":"1","number_popup_post":"1","show_author_box":"0","show_post_related":"1","show_inline_post_related":"0"}],"override_image_size":"0","image_override":[{"single_post_thumbnail_size":"crop-500","single_post_gallery_size":"crop-500"}],"trending_post":"0","trending_post_position":"meta","trending_post_label":"Trending","sponsored_post":"0","sponsored_post_label":"Sponsored by","sponsored_post_name":"","sponsored_post_url":"","sponsored_post_logo_enable":"0","sponsored_post_logo":"","sponsored_post_desc":"","disable_ad":"0"},"jnews_primary_category":{"id":"","hide":""},"jnews_social_meta":{"fb_title":"","fb_description":"","fb_image":"","twitter_title":"","twitter_description":"","twitter_image":""},"jnews_review":[],"enable_review":"0","type":"percentage","name":"","summary":"","brand":"","sku":"","good":[{"good_text":""}],"bad":[{"bad_text":""}],"score_override":"0","override_value":"","rating":[{"rating_text":"","rating_number":"10"}],"price":[{"shop":"","price":"","link":"","icon":""}],"footnotes":""},"categories":[54],"tags":[],"class_list":["post-132621","post","type-post","status-publish","format-standard","has-post-thumbnail","hentry","category-cotidiano"],"yoast_head":"<!-- This site is optimized with the Yoast SEO plugin v26.5 - https:\/\/yoast.com\/wordpress\/plugins\/seo\/ -->\n<title>Semeia RB realoca \u00e1rvores do TCE para parque Tucum\u00e3; arquiteto afirma que nenhuma sobreviver\u00e1 - Agazeta.net<\/title>\n<meta name=\"robots\" content=\"index, follow, max-snippet:-1, max-image-preview:large, max-video-preview:-1\" \/>\n<link rel=\"canonical\" href=\"https:\/\/nk7-testes.com.br\/agazeta\/semeia-rb-realoca-arvores-do-tce-para-parque-tucuma-arquiteto-afirma-que-nenhuma-sobrevivera\/\" \/>\n<meta property=\"og:locale\" content=\"pt_BR\" \/>\n<meta property=\"og:type\" content=\"article\" \/>\n<meta property=\"og:title\" content=\"Semeia RB realoca \u00e1rvores do TCE para parque Tucum\u00e3; arquiteto afirma que nenhuma sobreviver\u00e1\" \/>\n<meta property=\"og:description\" content=\"Eram 10 \u00e1rvores nativas da Amaz\u00f4nia, tr\u00eas foram cortadas e sete replantadas no parque Tucum\u00e3\" \/>\n<meta property=\"og:url\" content=\"https:\/\/nk7-testes.com.br\/agazeta\/semeia-rb-realoca-arvores-do-tce-para-parque-tucuma-arquiteto-afirma-que-nenhuma-sobrevivera\/\" \/>\n<meta property=\"og:site_name\" content=\"Agazeta.net\" \/>\n<meta property=\"article:published_time\" content=\"2024-05-22T17:41:01+00:00\" \/>\n<meta property=\"og:image\" content=\"https:\/\/nk7-testes.com.br\/agazeta\/wp-content\/uploads\/2024\/05\/WhatsApp-Image-2024-05-22-at-12.19.02-jpeg.webp\" \/>\n\t<meta property=\"og:image:width\" content=\"1600\" \/>\n\t<meta property=\"og:image:height\" content=\"901\" \/>\n\t<meta property=\"og:image:type\" content=\"image\/jpeg\" \/>\n<meta name=\"author\" content=\"Agazeta.Net\" \/>\n<meta name=\"twitter:card\" content=\"summary_large_image\" \/>\n<meta name=\"twitter:title\" content=\"Semeia RB realoca sete \u00e1rvores do TCE para parque Tucum\u00e3; \u201cnenhuma ir\u00e1 sobreviver\u201d, diz arquiteto\" \/>\n<meta name=\"twitter:description\" content=\"Eram 10 \u00e1rvores nativas da Amaz\u00f4nia, tr\u00eas foram cortadas e sete replantadas no parque Tucum\u00e3\" \/>\n<meta name=\"twitter:image\" content=\"https:\/\/nk7-testes.com.br\/agazeta\/wp-content\/uploads\/2024\/05\/WhatsApp-Image-2024-05-22-at-12.19.02-jpeg.webp\" \/>\n<meta name=\"twitter:label1\" content=\"Escrito por\" \/>\n\t<meta name=\"twitter:data1\" content=\"Agazeta.Net\" \/>\n\t<meta name=\"twitter:label2\" content=\"Est. tempo de leitura\" \/>\n\t<meta name=\"twitter:data2\" content=\"3 minutos\" \/>\n<script type=\"application\/ld+json\" class=\"yoast-schema-graph\">{\"@context\":\"https:\/\/schema.org\",\"@graph\":[{\"@type\":\"WebPage\",\"@id\":\"https:\/\/nk7-testes.com.br\/agazeta\/semeia-rb-realoca-arvores-do-tce-para-parque-tucuma-arquiteto-afirma-que-nenhuma-sobrevivera\/\",\"url\":\"https:\/\/nk7-testes.com.br\/agazeta\/semeia-rb-realoca-arvores-do-tce-para-parque-tucuma-arquiteto-afirma-que-nenhuma-sobrevivera\/\",\"name\":\"Semeia RB realoca \u00e1rvores do TCE para parque Tucum\u00e3; arquiteto afirma que nenhuma sobreviver\u00e1 - Agazeta.net\",\"isPartOf\":{\"@id\":\"https:\/\/nk7-testes.com.br\/agazeta\/#website\"},\"primaryImageOfPage\":{\"@id\":\"https:\/\/nk7-testes.com.br\/agazeta\/semeia-rb-realoca-arvores-do-tce-para-parque-tucuma-arquiteto-afirma-que-nenhuma-sobrevivera\/#primaryimage\"},\"image\":{\"@id\":\"https:\/\/nk7-testes.com.br\/agazeta\/semeia-rb-realoca-arvores-do-tce-para-parque-tucuma-arquiteto-afirma-que-nenhuma-sobrevivera\/#primaryimage\"},\"thumbnailUrl\":\"https:\/\/nk7-testes.com.br\/agazeta\/wp-content\/uploads\/2024\/05\/WhatsApp-Image-2024-05-22-at-12.19.02-jpeg.webp\",\"datePublished\":\"2024-05-22T17:41:01+00:00\",\"author\":{\"@id\":\"https:\/\/nk7-testes.com.br\/agazeta\/#\/schema\/person\/6d6e25cb0435eb4a02fd44d30b4e3020\"},\"breadcrumb\":{\"@id\":\"https:\/\/nk7-testes.com.br\/agazeta\/semeia-rb-realoca-arvores-do-tce-para-parque-tucuma-arquiteto-afirma-que-nenhuma-sobrevivera\/#breadcrumb\"},\"inLanguage\":\"pt-BR\",\"potentialAction\":[{\"@type\":\"ReadAction\",\"target\":[\"https:\/\/nk7-testes.com.br\/agazeta\/semeia-rb-realoca-arvores-do-tce-para-parque-tucuma-arquiteto-afirma-que-nenhuma-sobrevivera\/\"]}]},{\"@type\":\"ImageObject\",\"inLanguage\":\"pt-BR\",\"@id\":\"https:\/\/nk7-testes.com.br\/agazeta\/semeia-rb-realoca-arvores-do-tce-para-parque-tucuma-arquiteto-afirma-que-nenhuma-sobrevivera\/#primaryimage\",\"url\":\"https:\/\/nk7-testes.com.br\/agazeta\/wp-content\/uploads\/2024\/05\/WhatsApp-Image-2024-05-22-at-12.19.02-jpeg.webp\",\"contentUrl\":\"https:\/\/nk7-testes.com.br\/agazeta\/wp-content\/uploads\/2024\/05\/WhatsApp-Image-2024-05-22-at-12.19.02-jpeg.webp\",\"width\":1600,\"height\":901,\"caption\":\"Parque do Tucum\u00e3\/ imagem do site Tripadvisor\"},{\"@type\":\"BreadcrumbList\",\"@id\":\"https:\/\/nk7-testes.com.br\/agazeta\/semeia-rb-realoca-arvores-do-tce-para-parque-tucuma-arquiteto-afirma-que-nenhuma-sobrevivera\/#breadcrumb\",\"itemListElement\":[{\"@type\":\"ListItem\",\"position\":1,\"name\":\"In\u00edcio\",\"item\":\"https:\/\/nk7-testes.com.br\/agazeta\/\"},{\"@type\":\"ListItem\",\"position\":2,\"name\":\"Semeia RB realoca \u00e1rvores do TCE para parque Tucum\u00e3; arquiteto afirma que nenhuma sobreviver\u00e1\"}]},{\"@type\":\"WebSite\",\"@id\":\"https:\/\/nk7-testes.com.br\/agazeta\/#website\",\"url\":\"https:\/\/nk7-testes.com.br\/agazeta\/\",\"name\":\"Agazeta.net\",\"description\":\"Agazeta.net - Not\u00edcias de Rio Branco\/AC\",\"potentialAction\":[{\"@type\":\"SearchAction\",\"target\":{\"@type\":\"EntryPoint\",\"urlTemplate\":\"https:\/\/nk7-testes.com.br\/agazeta\/?s={search_term_string}\"},\"query-input\":{\"@type\":\"PropertyValueSpecification\",\"valueRequired\":true,\"valueName\":\"search_term_string\"}}],\"inLanguage\":\"pt-BR\"},{\"@type\":\"Person\",\"@id\":\"https:\/\/nk7-testes.com.br\/agazeta\/#\/schema\/person\/6d6e25cb0435eb4a02fd44d30b4e3020\",\"name\":\"Agazeta.Net\",\"url\":\"https:\/\/nk7-testes.com.br\/agazeta\/author\/agazeta\/\"}]}<\/script>\n<!-- \/ Yoast SEO plugin. -->","yoast_head_json":{"title":"Semeia RB realoca \u00e1rvores do TCE para parque Tucum\u00e3; arquiteto afirma que nenhuma sobreviver\u00e1 - Agazeta.net","robots":{"index":"index","follow":"follow","max-snippet":"max-snippet:-1","max-image-preview":"max-image-preview:large","max-video-preview":"max-video-preview:-1"},"canonical":"https:\/\/nk7-testes.com.br\/agazeta\/semeia-rb-realoca-arvores-do-tce-para-parque-tucuma-arquiteto-afirma-que-nenhuma-sobrevivera\/","og_locale":"pt_BR","og_type":"article","og_title":"Semeia RB realoca \u00e1rvores do TCE para parque Tucum\u00e3; arquiteto afirma que nenhuma sobreviver\u00e1","og_description":"Eram 10 \u00e1rvores nativas da Amaz\u00f4nia, tr\u00eas foram cortadas e sete replantadas no parque Tucum\u00e3","og_url":"https:\/\/nk7-testes.com.br\/agazeta\/semeia-rb-realoca-arvores-do-tce-para-parque-tucuma-arquiteto-afirma-que-nenhuma-sobrevivera\/","og_site_name":"Agazeta.net","article_published_time":"2024-05-22T17:41:01+00:00","og_image":[{"width":1600,"height":901,"url":"https:\/\/nk7-testes.com.br\/agazeta\/wp-content\/uploads\/2024\/05\/WhatsApp-Image-2024-05-22-at-12.19.02-jpeg.webp","type":"image\/jpeg"}],"author":"Agazeta.Net","twitter_card":"summary_large_image","twitter_title":"Semeia RB realoca sete \u00e1rvores do TCE para parque Tucum\u00e3; \u201cnenhuma ir\u00e1 sobreviver\u201d, diz arquiteto","twitter_description":"Eram 10 \u00e1rvores nativas da Amaz\u00f4nia, tr\u00eas foram cortadas e sete replantadas no parque Tucum\u00e3","twitter_image":"https:\/\/nk7-testes.com.br\/agazeta\/wp-content\/uploads\/2024\/05\/WhatsApp-Image-2024-05-22-at-12.19.02-jpeg.webp","twitter_misc":{"Escrito por":"Agazeta.Net","Est. tempo de leitura":"3 minutos"},"schema":{"@context":"https:\/\/schema.org","@graph":[{"@type":"WebPage","@id":"https:\/\/nk7-testes.com.br\/agazeta\/semeia-rb-realoca-arvores-do-tce-para-parque-tucuma-arquiteto-afirma-que-nenhuma-sobrevivera\/","url":"https:\/\/nk7-testes.com.br\/agazeta\/semeia-rb-realoca-arvores-do-tce-para-parque-tucuma-arquiteto-afirma-que-nenhuma-sobrevivera\/","name":"Semeia RB realoca \u00e1rvores do TCE para parque Tucum\u00e3; arquiteto afirma que nenhuma sobreviver\u00e1 - Agazeta.net","isPartOf":{"@id":"https:\/\/nk7-testes.com.br\/agazeta\/#website"},"primaryImageOfPage":{"@id":"https:\/\/nk7-testes.com.br\/agazeta\/semeia-rb-realoca-arvores-do-tce-para-parque-tucuma-arquiteto-afirma-que-nenhuma-sobrevivera\/#primaryimage"},"image":{"@id":"https:\/\/nk7-testes.com.br\/agazeta\/semeia-rb-realoca-arvores-do-tce-para-parque-tucuma-arquiteto-afirma-que-nenhuma-sobrevivera\/#primaryimage"},"thumbnailUrl":"https:\/\/nk7-testes.com.br\/agazeta\/wp-content\/uploads\/2024\/05\/WhatsApp-Image-2024-05-22-at-12.19.02-jpeg.webp","datePublished":"2024-05-22T17:41:01+00:00","author":{"@id":"https:\/\/nk7-testes.com.br\/agazeta\/#\/schema\/person\/6d6e25cb0435eb4a02fd44d30b4e3020"},"breadcrumb":{"@id":"https:\/\/nk7-testes.com.br\/agazeta\/semeia-rb-realoca-arvores-do-tce-para-parque-tucuma-arquiteto-afirma-que-nenhuma-sobrevivera\/#breadcrumb"},"inLanguage":"pt-BR","potentialAction":[{"@type":"ReadAction","target":["https:\/\/nk7-testes.com.br\/agazeta\/semeia-rb-realoca-arvores-do-tce-para-parque-tucuma-arquiteto-afirma-que-nenhuma-sobrevivera\/"]}]},{"@type":"ImageObject","inLanguage":"pt-BR","@id":"https:\/\/nk7-testes.com.br\/agazeta\/semeia-rb-realoca-arvores-do-tce-para-parque-tucuma-arquiteto-afirma-que-nenhuma-sobrevivera\/#primaryimage","url":"https:\/\/nk7-testes.com.br\/agazeta\/wp-content\/uploads\/2024\/05\/WhatsApp-Image-2024-05-22-at-12.19.02-jpeg.webp","contentUrl":"https:\/\/nk7-testes.com.br\/agazeta\/wp-content\/uploads\/2024\/05\/WhatsApp-Image-2024-05-22-at-12.19.02-jpeg.webp","width":1600,"height":901,"caption":"Parque do Tucum\u00e3\/ imagem do site Tripadvisor"},{"@type":"BreadcrumbList","@id":"https:\/\/nk7-testes.com.br\/agazeta\/semeia-rb-realoca-arvores-do-tce-para-parque-tucuma-arquiteto-afirma-que-nenhuma-sobrevivera\/#breadcrumb","itemListElement":[{"@type":"ListItem","position":1,"name":"In\u00edcio","item":"https:\/\/nk7-testes.com.br\/agazeta\/"},{"@type":"ListItem","position":2,"name":"Semeia RB realoca \u00e1rvores do TCE para parque Tucum\u00e3; arquiteto afirma que nenhuma sobreviver\u00e1"}]},{"@type":"WebSite","@id":"https:\/\/nk7-testes.com.br\/agazeta\/#website","url":"https:\/\/nk7-testes.com.br\/agazeta\/","name":"Agazeta.net","description":"Agazeta.net - Not\u00edcias de Rio Branco\/AC","potentialAction":[{"@type":"SearchAction","target":{"@type":"EntryPoint","urlTemplate":"https:\/\/nk7-testes.com.br\/agazeta\/?s={search_term_string}"},"query-input":{"@type":"PropertyValueSpecification","valueRequired":true,"valueName":"search_term_string"}}],"inLanguage":"pt-BR"},{"@type":"Person","@id":"https:\/\/nk7-testes.com.br\/agazeta\/#\/schema\/person\/6d6e25cb0435eb4a02fd44d30b4e3020","name":"Agazeta.Net","url":"https:\/\/nk7-testes.com.br\/agazeta\/author\/agazeta\/"}]}},"_links":{"self":[{"href":"https:\/\/nk7-testes.com.br\/agazeta\/wp-json\/wp\/v2\/posts\/132621","targetHints":{"allow":["GET"]}}],"collection":[{"href":"https:\/\/nk7-testes.com.br\/agazeta\/wp-json\/wp\/v2\/posts"}],"about":[{"href":"https:\/\/nk7-testes.com.br\/agazeta\/wp-json\/wp\/v2\/types\/post"}],"author":[{"embeddable":true,"href":"https:\/\/nk7-testes.com.br\/agazeta\/wp-json\/wp\/v2\/users\/4"}],"replies":[{"embeddable":true,"href":"https:\/\/nk7-testes.com.br\/agazeta\/wp-json\/wp\/v2\/comments?post=132621"}],"version-history":[{"count":0,"href":"https:\/\/nk7-testes.com.br\/agazeta\/wp-json\/wp\/v2\/posts\/132621\/revisions"}],"wp:featuredmedia":[{"embeddable":true,"href":"https:\/\/nk7-testes.com.br\/agazeta\/wp-json\/wp\/v2\/media\/132623"}],"wp:attachment":[{"href":"https:\/\/nk7-testes.com.br\/agazeta\/wp-json\/wp\/v2\/media?parent=132621"}],"wp:term":[{"taxonomy":"category","embeddable":true,"href":"https:\/\/nk7-testes.com.br\/agazeta\/wp-json\/wp\/v2\/categories?post=132621"},{"taxonomy":"post_tag","embeddable":true,"href":"https:\/\/nk7-testes.com.br\/agazeta\/wp-json\/wp\/v2\/tags?post=132621"}],"curies":[{"name":"wp","href":"https:\/\/api.w.org\/{rel}","templated":true}]}}