{"id":132587,"date":"2024-05-21T16:01:11","date_gmt":"2024-05-21T21:01:11","guid":{"rendered":"https:\/\/nk7-testes.com.br\/?p=132587"},"modified":"2024-05-21T16:01:11","modified_gmt":"2024-05-21T21:01:11","slug":"deputados-querem-que-presidente-do-iapen-va-a-aleac-se-pronunciar-sobre-denuncias-de-assedio","status":"publish","type":"post","link":"https:\/\/nk7-testes.com.br\/agazeta\/deputados-querem-que-presidente-do-iapen-va-a-aleac-se-pronunciar-sobre-denuncias-de-assedio\/","title":{"rendered":"Deputados querem que presidente do Iapen v\u00e1 \u00e0 Aleac se pronunciar sobre den\u00fancias de ass\u00e9dio"},"content":{"rendered":"<p style=\"text-align: justify;\">Na sess\u00e3o ordin\u00e1ria desta ter\u00e7a-feira, 21, deputados estaduais discutiram sobre as den\u00fancias de supostos casos de ass\u00e9dio moral realizado pelo presidente do Instituto de Administra\u00e7\u00e3o Penitenci\u00e1ria (Iapen), Alexandre Nascimento, contra policias penais femininas. Os parlamentares querem a presen\u00e7a de Nascimento na Aleac.<\/p>\n<p style=\"text-align: justify;\">A deputada Michelle Melo, do PDT, que abordou sobre o assunto na sess\u00e3o desta ter\u00e7a, destacou a gravidade das den\u00fancias de ass\u00e9dio no Iapen e a coragem das servidoras que se manifestaram e n\u00e3o se calaram diante a situa\u00e7\u00e3o.<\/p>\n<p style=\"text-align: justify;\">\u201cN\u00e3o haveria outra pauta, outro tema que discutir hoje nessa ter\u00e7a-feira. Eu achei de uma valentia gigantesca, meninas, e hoje eu me refiro e vou falar diretamente com voc\u00eas. Eu sei o que \u00e9 o medo que n\u00f3s temos, o temor de nos manifestar contra um ass\u00e9dio dentro de uma institui\u00e7\u00e3o\u201d, iniciou.<\/p>\n<p style=\"text-align: justify;\">Melo aproveitou para mencionar o requerimento que protocolou para que o diretor do Iapen, Alexandre Nascimento, preste esclarecimentos p\u00fablicos na Aleac, sobre as den\u00fancias que foram feitas contra ele. Al\u00e9m disso, destacou o ambiente de trabalho dif\u00edcil e estressante que as policiais penais enfrentam.<\/p>\n<p style=\"text-align: justify;\">\u201cN\u00f3s queremos que o que aconteceu no Iapen venha a p\u00fablico. Protocolei o requerimento para que o seu Alexandre venha aqui para esclarecer tudo o que est\u00e1 envolvendo a den\u00fancia contra ele. Tive a oportunidade de ouvir algumas de voc\u00eas e de entender que est\u00e3o se sentindo coagidas e constrangidas e sem liberdade no local de trabalho de voc\u00eas, que j\u00e1 \u00e9 um lugar extremamente estressante\u201d, disse Michelle Melo.<\/p>\n<p style=\"text-align: justify;\">Al\u00e9m de Melo, o deputado Arlenilson Cunha (PL) tamb\u00e9m falou sobre o assunto. O discurso de Cunha reiterou a gravidade da situa\u00e7\u00e3o e salientou a import\u00e2ncia de se apurar de forma rigorosa os fatos para que situa\u00e7\u00f5es como essas n\u00e3o voltem a ocorrer.<\/p>\n<p style=\"text-align: justify;\">\u201cIsso deve ser devida e rigorosamente apurado, para que fatos dessa natureza n\u00e3o possam ocorrer. Seja nesse governo ou qualquer outro lugar, n\u00f3s n\u00e3o vamos tolerar nenhum tipo de abuso dessa natureza\u201d, falou o deputado.<\/p>\n<p style=\"text-align: justify;\">O parlamentar Edvaldo Magalh\u00e3es, do PCdoB, que tamb\u00e9m abordou sobre o assunto, chamou aten\u00e7\u00e3o para a import\u00e2ncia da den\u00fancia como um exemplo para outras institui\u00e7\u00f5es. Defendeu, ainda, a necessidade de um ambiente de trabalho seguro e respeitoso para todos os servidores. Para ele, a situa\u00e7\u00e3o serve como um alerta \u00e0s inst\u00e2ncias governamentais.<\/p>\n<p style=\"text-align: justify;\">\u201cO que voc\u00eas est\u00e3o fazendo n\u00e3o \u00e9 apenas uma defesa das trabalhadoras e dos trabalhadores do Iapen. Voc\u00eas est\u00e3o dando uma li\u00e7\u00e3o pedag\u00f3gica para que isso cesse contra voc\u00eas e contra as demais\u201d, salientou o deputado.<\/p>\n<h4>Nota do governo<\/h4>\n<p style=\"text-align: justify;\">O Governo do Acre divulgou uma nota p\u00fablica para informar que confia na conduta de Alexandre Nascimento, at\u00e9 que se prove \u00e0s alega\u00e7\u00f5es feitas contra ele. Ainda assim, a nota refor\u00e7a que as medidas investigativas j\u00e1 est\u00e3o em andamento para esclarecer a situa\u00e7\u00e3o.<\/p>\n<p>Leia a nota na \u00edntegra.<\/p>\n<p style=\"text-align: justify;\"><em>O Governo do Estado do Acre informa que confia na conduta ilibada do presidente do Instituto de Administra\u00e7\u00e3o Penitenci\u00e1ria (IAPEN), Alexandre Nascimento, at\u00e9 que se demonstre algo concreto em rela\u00e7\u00e3o \u00e0s alega\u00e7\u00f5es. As medidas investigativas pertinentes ao caso j\u00e1 est\u00e3o sendo adotadas para que qualquer inverdade seja esclarecida.<\/em><\/p>\n<p style=\"text-align: justify;\"><em>O respeito \u00e0 democracia \u00e9 um princ\u00edpio basilar; \u00e9 necess\u00e1rio respeitar os valores da \u00e9tica, da prote\u00e7\u00e3o \u00e0 fam\u00edlia e da informa\u00e7\u00e3o de forma correta e respons\u00e1vel.<\/em><\/p>\n","protected":false},"excerpt":{"rendered":"<p>Na sess\u00e3o ordin\u00e1ria desta ter\u00e7a-feira, 21, deputados estaduais discutiram sobre as den\u00fancias de supostos casos de ass\u00e9dio moral realizado pelo presidente do Instituto de Administra\u00e7\u00e3o Penitenci\u00e1ria (Iapen), Alexandre Nascimento, contra policias penais femininas. Os parlamentares querem a presen\u00e7a de Nascimento na Aleac. A deputada Michelle Melo, do PDT, que abordou sobre o assunto na sess\u00e3o [&hellip;]<\/p>\n","protected":false},"author":4,"featured_media":132588,"comment_status":"open","ping_status":"open","sticky":false,"template":"","format":"standard","meta":{"jnews-multi-image_gallery":[],"jnews_single_post":{"source_name":"","source_url":"","via_name":"","via_url":"","override_template":"0","override":[{"template":"custom","single_blog_custom":"110746","parallax":"1","fullscreen":"1","layout":"right-sidebar","sidebar":"default-sidebar","second_sidebar":"default-sidebar","sticky_sidebar":"1","share_position":"top","share_float_style":"share-monocrhome","show_share_counter":"1","show_view_counter":"1","show_featured":"1","show_post_meta":"1","show_post_author":"1","show_post_author_image":"1","show_post_date":"1","post_date_format":"default","post_date_format_custom":"Y\/m\/d","show_post_category":"1","show_post_reading_time":"0","post_reading_time_wpm":"300","show_zoom_button":"0","zoom_button_out_step":"2","zoom_button_in_step":"3","show_post_tag":"1","show_prev_next_post":"1","show_popup_post":"1","number_popup_post":"1","show_author_box":"0","show_post_related":"1","show_inline_post_related":"0"}],"override_image_size":"0","image_override":[{"single_post_thumbnail_size":"crop-500","single_post_gallery_size":"crop-500"}],"trending_post":"0","trending_post_position":"meta","trending_post_label":"Trending","sponsored_post":"0","sponsored_post_label":"Sponsored by","sponsored_post_name":"","sponsored_post_url":"","sponsored_post_logo_enable":"0","sponsored_post_logo":"","sponsored_post_desc":"","disable_ad":"0"},"jnews_primary_category":{"id":"","hide":""},"jnews_social_meta":{"fb_title":"","fb_description":"","fb_image":"","twitter_title":"","twitter_description":"","twitter_image":""},"jnews_review":[],"enable_review":"0","type":"percentage","name":"","summary":"","brand":"","sku":"","good":[{"good_text":""}],"bad":[{"bad_text":""}],"score_override":"0","override_value":"","rating":[{"rating_text":"","rating_number":"10"}],"price":[{"shop":"","price":"","link":"","icon":""}],"footnotes":""},"categories":[54],"tags":[152],"class_list":["post-132587","post","type-post","status-publish","format-standard","has-post-thumbnail","hentry","category-cotidiano","tag-destaque"],"yoast_head":"<!-- This site is optimized with the Yoast SEO plugin v26.5 - https:\/\/yoast.com\/wordpress\/plugins\/seo\/ -->\n<title>Deputados querem que presidente do Iapen v\u00e1 \u00e0 Aleac se pronunciar sobre den\u00fancias de ass\u00e9dio - Agazeta.net<\/title>\n<meta name=\"robots\" content=\"index, follow, max-snippet:-1, max-image-preview:large, max-video-preview:-1\" \/>\n<link rel=\"canonical\" href=\"https:\/\/nk7-testes.com.br\/agazeta\/deputados-querem-que-presidente-do-iapen-va-a-aleac-se-pronunciar-sobre-denuncias-de-assedio\/\" \/>\n<meta property=\"og:locale\" content=\"pt_BR\" \/>\n<meta property=\"og:type\" content=\"article\" \/>\n<meta property=\"og:title\" content=\"Deputados querem que presidente do Iapen v\u00e1 \u00e0 Aleac se pronunciar sobre den\u00fancias de ass\u00e9dio\" \/>\n<meta property=\"og:description\" content=\"\u201cN\u00f3s queremos que o que aconteceu no Iapen venha a p\u00fablico&quot;, disse a deputada Michelle Melo\" \/>\n<meta property=\"og:url\" content=\"https:\/\/nk7-testes.com.br\/agazeta\/deputados-querem-que-presidente-do-iapen-va-a-aleac-se-pronunciar-sobre-denuncias-de-assedio\/\" \/>\n<meta property=\"og:site_name\" content=\"Agazeta.net\" \/>\n<meta property=\"article:published_time\" content=\"2024-05-21T21:01:11+00:00\" \/>\n<meta property=\"og:image\" content=\"https:\/\/nk7-testes.com.br\/agazeta\/wp-content\/uploads\/2024\/05\/ALEAC-01-jpeg.webp\" \/>\n\t<meta property=\"og:image:width\" content=\"800\" \/>\n\t<meta property=\"og:image:height\" content=\"404\" \/>\n\t<meta property=\"og:image:type\" content=\"image\/jpeg\" \/>\n<meta name=\"author\" content=\"Agazeta.Net\" \/>\n<meta name=\"twitter:card\" content=\"summary_large_image\" \/>\n<meta name=\"twitter:label1\" content=\"Escrito por\" \/>\n\t<meta name=\"twitter:data1\" content=\"Agazeta.Net\" \/>\n\t<meta name=\"twitter:label2\" content=\"Est. tempo de leitura\" \/>\n\t<meta name=\"twitter:data2\" content=\"3 minutos\" \/>\n<script type=\"application\/ld+json\" class=\"yoast-schema-graph\">{\"@context\":\"https:\/\/schema.org\",\"@graph\":[{\"@type\":\"WebPage\",\"@id\":\"https:\/\/nk7-testes.com.br\/agazeta\/deputados-querem-que-presidente-do-iapen-va-a-aleac-se-pronunciar-sobre-denuncias-de-assedio\/\",\"url\":\"https:\/\/nk7-testes.com.br\/agazeta\/deputados-querem-que-presidente-do-iapen-va-a-aleac-se-pronunciar-sobre-denuncias-de-assedio\/\",\"name\":\"Deputados querem que presidente do Iapen v\u00e1 \u00e0 Aleac se pronunciar sobre den\u00fancias de ass\u00e9dio - Agazeta.net\",\"isPartOf\":{\"@id\":\"https:\/\/nk7-testes.com.br\/agazeta\/#website\"},\"primaryImageOfPage\":{\"@id\":\"https:\/\/nk7-testes.com.br\/agazeta\/deputados-querem-que-presidente-do-iapen-va-a-aleac-se-pronunciar-sobre-denuncias-de-assedio\/#primaryimage\"},\"image\":{\"@id\":\"https:\/\/nk7-testes.com.br\/agazeta\/deputados-querem-que-presidente-do-iapen-va-a-aleac-se-pronunciar-sobre-denuncias-de-assedio\/#primaryimage\"},\"thumbnailUrl\":\"https:\/\/nk7-testes.com.br\/agazeta\/wp-content\/uploads\/2024\/05\/ALEAC-01-jpeg.webp\",\"datePublished\":\"2024-05-21T21:01:11+00:00\",\"author\":{\"@id\":\"https:\/\/nk7-testes.com.br\/agazeta\/#\/schema\/person\/6d6e25cb0435eb4a02fd44d30b4e3020\"},\"breadcrumb\":{\"@id\":\"https:\/\/nk7-testes.com.br\/agazeta\/deputados-querem-que-presidente-do-iapen-va-a-aleac-se-pronunciar-sobre-denuncias-de-assedio\/#breadcrumb\"},\"inLanguage\":\"pt-BR\",\"potentialAction\":[{\"@type\":\"ReadAction\",\"target\":[\"https:\/\/nk7-testes.com.br\/agazeta\/deputados-querem-que-presidente-do-iapen-va-a-aleac-se-pronunciar-sobre-denuncias-de-assedio\/\"]}]},{\"@type\":\"ImageObject\",\"inLanguage\":\"pt-BR\",\"@id\":\"https:\/\/nk7-testes.com.br\/agazeta\/deputados-querem-que-presidente-do-iapen-va-a-aleac-se-pronunciar-sobre-denuncias-de-assedio\/#primaryimage\",\"url\":\"https:\/\/nk7-testes.com.br\/agazeta\/wp-content\/uploads\/2024\/05\/ALEAC-01-jpeg.webp\",\"contentUrl\":\"https:\/\/nk7-testes.com.br\/agazeta\/wp-content\/uploads\/2024\/05\/ALEAC-01-jpeg.webp\",\"width\":800,\"height\":404},{\"@type\":\"BreadcrumbList\",\"@id\":\"https:\/\/nk7-testes.com.br\/agazeta\/deputados-querem-que-presidente-do-iapen-va-a-aleac-se-pronunciar-sobre-denuncias-de-assedio\/#breadcrumb\",\"itemListElement\":[{\"@type\":\"ListItem\",\"position\":1,\"name\":\"In\u00edcio\",\"item\":\"https:\/\/nk7-testes.com.br\/agazeta\/\"},{\"@type\":\"ListItem\",\"position\":2,\"name\":\"Deputados querem que presidente do Iapen v\u00e1 \u00e0 Aleac se pronunciar sobre den\u00fancias de ass\u00e9dio\"}]},{\"@type\":\"WebSite\",\"@id\":\"https:\/\/nk7-testes.com.br\/agazeta\/#website\",\"url\":\"https:\/\/nk7-testes.com.br\/agazeta\/\",\"name\":\"Agazeta.net\",\"description\":\"Agazeta.net - Not\u00edcias de Rio Branco\/AC\",\"potentialAction\":[{\"@type\":\"SearchAction\",\"target\":{\"@type\":\"EntryPoint\",\"urlTemplate\":\"https:\/\/nk7-testes.com.br\/agazeta\/?s={search_term_string}\"},\"query-input\":{\"@type\":\"PropertyValueSpecification\",\"valueRequired\":true,\"valueName\":\"search_term_string\"}}],\"inLanguage\":\"pt-BR\"},{\"@type\":\"Person\",\"@id\":\"https:\/\/nk7-testes.com.br\/agazeta\/#\/schema\/person\/6d6e25cb0435eb4a02fd44d30b4e3020\",\"name\":\"Agazeta.Net\",\"url\":\"https:\/\/nk7-testes.com.br\/agazeta\/author\/agazeta\/\"}]}<\/script>\n<!-- \/ Yoast SEO plugin. -->","yoast_head_json":{"title":"Deputados querem que presidente do Iapen v\u00e1 \u00e0 Aleac se pronunciar sobre den\u00fancias de ass\u00e9dio - Agazeta.net","robots":{"index":"index","follow":"follow","max-snippet":"max-snippet:-1","max-image-preview":"max-image-preview:large","max-video-preview":"max-video-preview:-1"},"canonical":"https:\/\/nk7-testes.com.br\/agazeta\/deputados-querem-que-presidente-do-iapen-va-a-aleac-se-pronunciar-sobre-denuncias-de-assedio\/","og_locale":"pt_BR","og_type":"article","og_title":"Deputados querem que presidente do Iapen v\u00e1 \u00e0 Aleac se pronunciar sobre den\u00fancias de ass\u00e9dio","og_description":"\u201cN\u00f3s queremos que o que aconteceu no Iapen venha a p\u00fablico\", disse a deputada Michelle Melo","og_url":"https:\/\/nk7-testes.com.br\/agazeta\/deputados-querem-que-presidente-do-iapen-va-a-aleac-se-pronunciar-sobre-denuncias-de-assedio\/","og_site_name":"Agazeta.net","article_published_time":"2024-05-21T21:01:11+00:00","og_image":[{"width":800,"height":404,"url":"https:\/\/nk7-testes.com.br\/agazeta\/wp-content\/uploads\/2024\/05\/ALEAC-01-jpeg.webp","type":"image\/jpeg"}],"author":"Agazeta.Net","twitter_card":"summary_large_image","twitter_misc":{"Escrito por":"Agazeta.Net","Est. tempo de leitura":"3 minutos"},"schema":{"@context":"https:\/\/schema.org","@graph":[{"@type":"WebPage","@id":"https:\/\/nk7-testes.com.br\/agazeta\/deputados-querem-que-presidente-do-iapen-va-a-aleac-se-pronunciar-sobre-denuncias-de-assedio\/","url":"https:\/\/nk7-testes.com.br\/agazeta\/deputados-querem-que-presidente-do-iapen-va-a-aleac-se-pronunciar-sobre-denuncias-de-assedio\/","name":"Deputados querem que presidente do Iapen v\u00e1 \u00e0 Aleac se pronunciar sobre den\u00fancias de ass\u00e9dio - Agazeta.net","isPartOf":{"@id":"https:\/\/nk7-testes.com.br\/agazeta\/#website"},"primaryImageOfPage":{"@id":"https:\/\/nk7-testes.com.br\/agazeta\/deputados-querem-que-presidente-do-iapen-va-a-aleac-se-pronunciar-sobre-denuncias-de-assedio\/#primaryimage"},"image":{"@id":"https:\/\/nk7-testes.com.br\/agazeta\/deputados-querem-que-presidente-do-iapen-va-a-aleac-se-pronunciar-sobre-denuncias-de-assedio\/#primaryimage"},"thumbnailUrl":"https:\/\/nk7-testes.com.br\/agazeta\/wp-content\/uploads\/2024\/05\/ALEAC-01-jpeg.webp","datePublished":"2024-05-21T21:01:11+00:00","author":{"@id":"https:\/\/nk7-testes.com.br\/agazeta\/#\/schema\/person\/6d6e25cb0435eb4a02fd44d30b4e3020"},"breadcrumb":{"@id":"https:\/\/nk7-testes.com.br\/agazeta\/deputados-querem-que-presidente-do-iapen-va-a-aleac-se-pronunciar-sobre-denuncias-de-assedio\/#breadcrumb"},"inLanguage":"pt-BR","potentialAction":[{"@type":"ReadAction","target":["https:\/\/nk7-testes.com.br\/agazeta\/deputados-querem-que-presidente-do-iapen-va-a-aleac-se-pronunciar-sobre-denuncias-de-assedio\/"]}]},{"@type":"ImageObject","inLanguage":"pt-BR","@id":"https:\/\/nk7-testes.com.br\/agazeta\/deputados-querem-que-presidente-do-iapen-va-a-aleac-se-pronunciar-sobre-denuncias-de-assedio\/#primaryimage","url":"https:\/\/nk7-testes.com.br\/agazeta\/wp-content\/uploads\/2024\/05\/ALEAC-01-jpeg.webp","contentUrl":"https:\/\/nk7-testes.com.br\/agazeta\/wp-content\/uploads\/2024\/05\/ALEAC-01-jpeg.webp","width":800,"height":404},{"@type":"BreadcrumbList","@id":"https:\/\/nk7-testes.com.br\/agazeta\/deputados-querem-que-presidente-do-iapen-va-a-aleac-se-pronunciar-sobre-denuncias-de-assedio\/#breadcrumb","itemListElement":[{"@type":"ListItem","position":1,"name":"In\u00edcio","item":"https:\/\/nk7-testes.com.br\/agazeta\/"},{"@type":"ListItem","position":2,"name":"Deputados querem que presidente do Iapen v\u00e1 \u00e0 Aleac se pronunciar sobre den\u00fancias de ass\u00e9dio"}]},{"@type":"WebSite","@id":"https:\/\/nk7-testes.com.br\/agazeta\/#website","url":"https:\/\/nk7-testes.com.br\/agazeta\/","name":"Agazeta.net","description":"Agazeta.net - Not\u00edcias de Rio Branco\/AC","potentialAction":[{"@type":"SearchAction","target":{"@type":"EntryPoint","urlTemplate":"https:\/\/nk7-testes.com.br\/agazeta\/?s={search_term_string}"},"query-input":{"@type":"PropertyValueSpecification","valueRequired":true,"valueName":"search_term_string"}}],"inLanguage":"pt-BR"},{"@type":"Person","@id":"https:\/\/nk7-testes.com.br\/agazeta\/#\/schema\/person\/6d6e25cb0435eb4a02fd44d30b4e3020","name":"Agazeta.Net","url":"https:\/\/nk7-testes.com.br\/agazeta\/author\/agazeta\/"}]}},"_links":{"self":[{"href":"https:\/\/nk7-testes.com.br\/agazeta\/wp-json\/wp\/v2\/posts\/132587","targetHints":{"allow":["GET"]}}],"collection":[{"href":"https:\/\/nk7-testes.com.br\/agazeta\/wp-json\/wp\/v2\/posts"}],"about":[{"href":"https:\/\/nk7-testes.com.br\/agazeta\/wp-json\/wp\/v2\/types\/post"}],"author":[{"embeddable":true,"href":"https:\/\/nk7-testes.com.br\/agazeta\/wp-json\/wp\/v2\/users\/4"}],"replies":[{"embeddable":true,"href":"https:\/\/nk7-testes.com.br\/agazeta\/wp-json\/wp\/v2\/comments?post=132587"}],"version-history":[{"count":0,"href":"https:\/\/nk7-testes.com.br\/agazeta\/wp-json\/wp\/v2\/posts\/132587\/revisions"}],"wp:featuredmedia":[{"embeddable":true,"href":"https:\/\/nk7-testes.com.br\/agazeta\/wp-json\/wp\/v2\/media\/132588"}],"wp:attachment":[{"href":"https:\/\/nk7-testes.com.br\/agazeta\/wp-json\/wp\/v2\/media?parent=132587"}],"wp:term":[{"taxonomy":"category","embeddable":true,"href":"https:\/\/nk7-testes.com.br\/agazeta\/wp-json\/wp\/v2\/categories?post=132587"},{"taxonomy":"post_tag","embeddable":true,"href":"https:\/\/nk7-testes.com.br\/agazeta\/wp-json\/wp\/v2\/tags?post=132587"}],"curies":[{"name":"wp","href":"https:\/\/api.w.org\/{rel}","templated":true}]}}