{"id":132555,"date":"2024-05-21T09:19:16","date_gmt":"2024-05-21T14:19:16","guid":{"rendered":"https:\/\/nk7-testes.com.br\/?p=132555"},"modified":"2024-05-21T09:19:16","modified_gmt":"2024-05-21T14:19:16","slug":"aviao-de-pequeno-porte-que-caiu-em-tarauaca-levava-mais-passageiros-que-o-permitido","status":"publish","type":"post","link":"https:\/\/nk7-testes.com.br\/agazeta\/aviao-de-pequeno-porte-que-caiu-em-tarauaca-levava-mais-passageiros-que-o-permitido\/","title":{"rendered":"Avi\u00e3o de pequeno porte que caiu em Tarauac\u00e1 levava mais passageiros que o permitido"},"content":{"rendered":"<p style=\"text-align: justify;\">Uma aeronave de pequeno porte caiu no rio Tarauac\u00e1, no Acre, na manh\u00e3 desta segunda-feira (20). O avi\u00e3o, que partiu do munic\u00edpio de Jord\u00e3o com destino a Tarauac\u00e1, se aproximava da cidade quando sofreu o acidente, e consequentemente ficou completamente submerso no rio.<\/p>\n<p style=\"text-align: justify;\">Segundo testemunhas, o avi\u00e3o transportava tr\u00eas pessoas, todas incapazes de nadar. Elas foram resgatadas por um barco que passava no momento da queda. Entre os resgatados estava o piloto, que sofreu um ferimento na cabe\u00e7a e um corte no rosto. As informa\u00e7\u00f5es indicam que a aeronave, com capacidade para apenas dois passageiros, estava acima do limite permitido.<\/p>\n<p style=\"text-align: justify;\">Equipes de resgate, incluindo o Corpo de Bombeiros, foram enviadas ao local com embarca\u00e7\u00f5es e um jet ski, mas enfrentaram dificuldades devido ao baixo n\u00edvel de \u00e1gua no rio Tarauac\u00e1.<\/p>\n<p style=\"text-align: justify;\">Este acidente \u00e9 parte de uma s\u00e9rie de incidentes envolvendo avi\u00f5es de pequeno porte no Acre. Em dezembro, um acidente similar resultou na morte de 27 pessoas, e recentemente houve um incidente em Manoel Urbano. A falta de fiscaliza\u00e7\u00e3o nos voos no interior do estado \u00e9 um fator frequentemente apontado como causa desses acidentes recorrentes.<\/p>\n<p><em>Mat\u00e9ria em v\u00eddeo produzida pelo rep\u00f3rter Gl\u00e9disson Albano para a TV Gazeta<\/em><\/p>\n","protected":false},"excerpt":{"rendered":"<p>Uma aeronave de pequeno porte caiu no rio Tarauac\u00e1, no Acre, na manh\u00e3 desta segunda-feira (20). O avi\u00e3o, que partiu do munic\u00edpio de Jord\u00e3o com destino a Tarauac\u00e1, se aproximava da cidade quando sofreu o acidente, e consequentemente ficou completamente submerso no rio. Segundo testemunhas, o avi\u00e3o transportava tr\u00eas pessoas, todas incapazes de nadar. Elas [&hellip;]<\/p>\n","protected":false},"author":4,"featured_media":132553,"comment_status":"open","ping_status":"open","sticky":false,"template":"","format":"standard","meta":{"jnews-multi-image_gallery":[],"jnews_single_post":{"source_name":"","source_url":"","via_name":"","via_url":"","override_template":"0","override":[{"template":"custom","single_blog_custom":"110746","parallax":"1","fullscreen":"1","layout":"right-sidebar","sidebar":"default-sidebar","second_sidebar":"default-sidebar","sticky_sidebar":"1","share_position":"top","share_float_style":"share-monocrhome","show_share_counter":"1","show_view_counter":"1","show_featured":"1","show_post_meta":"1","show_post_author":"1","show_post_author_image":"1","show_post_date":"1","post_date_format":"default","post_date_format_custom":"Y\/m\/d","show_post_category":"1","show_post_reading_time":"0","post_reading_time_wpm":"300","show_zoom_button":"0","zoom_button_out_step":"2","zoom_button_in_step":"3","show_post_tag":"1","show_prev_next_post":"1","show_popup_post":"1","number_popup_post":"1","show_author_box":"0","show_post_related":"1","show_inline_post_related":"0"}],"override_image_size":"0","image_override":[{"single_post_thumbnail_size":"crop-500","single_post_gallery_size":"crop-500"}],"trending_post":"0","trending_post_position":"meta","trending_post_label":"Trending","sponsored_post":"0","sponsored_post_label":"Sponsored by","sponsored_post_name":"","sponsored_post_url":"","sponsored_post_logo_enable":"0","sponsored_post_logo":"","sponsored_post_desc":"","disable_ad":"0"},"jnews_primary_category":{"id":"","hide":""},"jnews_social_meta":{"fb_title":"","fb_description":"","fb_image":"","twitter_title":"","twitter_description":"","twitter_image":""},"jnews_review":[],"enable_review":"0","type":"percentage","name":"","summary":"","brand":"","sku":"","good":[{"good_text":""}],"bad":[{"bad_text":""}],"score_override":"0","override_value":"","rating":[{"rating_text":"","rating_number":"10"}],"price":[{"shop":"","price":"","link":"","icon":""}],"footnotes":""},"categories":[54],"tags":[152],"class_list":["post-132555","post","type-post","status-publish","format-standard","has-post-thumbnail","hentry","category-cotidiano","tag-destaque"],"yoast_head":"<!-- This site is optimized with the Yoast SEO plugin v26.5 - https:\/\/yoast.com\/wordpress\/plugins\/seo\/ -->\n<title>Avi\u00e3o de pequeno porte que caiu em Tarauac\u00e1 levava mais passageiros que o permitido - Agazeta.net<\/title>\n<meta name=\"robots\" content=\"index, follow, max-snippet:-1, max-image-preview:large, max-video-preview:-1\" \/>\n<link rel=\"canonical\" href=\"https:\/\/nk7-testes.com.br\/agazeta\/aviao-de-pequeno-porte-que-caiu-em-tarauaca-levava-mais-passageiros-que-o-permitido\/\" \/>\n<meta property=\"og:locale\" content=\"pt_BR\" \/>\n<meta property=\"og:type\" content=\"article\" \/>\n<meta property=\"og:title\" content=\"Avi\u00e3o de pequeno porte que caiu em Tarauac\u00e1 levava mais passageiros que o permitido\" \/>\n<meta property=\"og:description\" content=\"As Informa\u00e7\u00f5es indicam que a aeronave, com capacidade para apenas dois passageiros, estava acima com tr\u00eas\" \/>\n<meta property=\"og:url\" content=\"https:\/\/nk7-testes.com.br\/agazeta\/aviao-de-pequeno-porte-que-caiu-em-tarauaca-levava-mais-passageiros-que-o-permitido\/\" \/>\n<meta property=\"og:site_name\" content=\"Agazeta.net\" \/>\n<meta property=\"article:published_time\" content=\"2024-05-21T14:19:16+00:00\" \/>\n<meta property=\"og:image\" content=\"https:\/\/nk7-testes.com.br\/agazeta\/wp-content\/uploads\/2024\/05\/WhatsApp-Image-2024-05-21-at-09.05.31-jpeg.webp\" \/>\n\t<meta property=\"og:image:width\" content=\"1600\" \/>\n\t<meta property=\"og:image:height\" content=\"901\" \/>\n\t<meta property=\"og:image:type\" content=\"image\/jpeg\" \/>\n<meta name=\"author\" content=\"Agazeta.Net\" \/>\n<meta name=\"twitter:card\" content=\"summary_large_image\" \/>\n<meta name=\"twitter:title\" content=\"Avi\u00e3o de pequeno porte que caiu em Tarauac\u00e1 levava mais passageiros que o permitido\" \/>\n<meta name=\"twitter:description\" content=\"As Informa\u00e7\u00f5es indicam que a aeronave, com capacidade para apenas dois passageiros, estava acima com tr\u00eas\" \/>\n<meta name=\"twitter:image\" content=\"https:\/\/nk7-testes.com.br\/agazeta\/wp-content\/uploads\/2024\/05\/WhatsApp-Image-2024-05-21-at-09.05.31-jpeg.webp\" \/>\n<meta name=\"twitter:label1\" content=\"Escrito por\" \/>\n\t<meta name=\"twitter:data1\" content=\"Agazeta.Net\" \/>\n\t<meta name=\"twitter:label2\" content=\"Est. tempo de leitura\" \/>\n\t<meta name=\"twitter:data2\" content=\"1 minuto\" \/>\n<script type=\"application\/ld+json\" class=\"yoast-schema-graph\">{\"@context\":\"https:\/\/schema.org\",\"@graph\":[{\"@type\":\"WebPage\",\"@id\":\"https:\/\/nk7-testes.com.br\/agazeta\/aviao-de-pequeno-porte-que-caiu-em-tarauaca-levava-mais-passageiros-que-o-permitido\/\",\"url\":\"https:\/\/nk7-testes.com.br\/agazeta\/aviao-de-pequeno-porte-que-caiu-em-tarauaca-levava-mais-passageiros-que-o-permitido\/\",\"name\":\"Avi\u00e3o de pequeno porte que caiu em Tarauac\u00e1 levava mais passageiros que o permitido - Agazeta.net\",\"isPartOf\":{\"@id\":\"https:\/\/nk7-testes.com.br\/agazeta\/#website\"},\"primaryImageOfPage\":{\"@id\":\"https:\/\/nk7-testes.com.br\/agazeta\/aviao-de-pequeno-porte-que-caiu-em-tarauaca-levava-mais-passageiros-que-o-permitido\/#primaryimage\"},\"image\":{\"@id\":\"https:\/\/nk7-testes.com.br\/agazeta\/aviao-de-pequeno-porte-que-caiu-em-tarauaca-levava-mais-passageiros-que-o-permitido\/#primaryimage\"},\"thumbnailUrl\":\"https:\/\/nk7-testes.com.br\/agazeta\/wp-content\/uploads\/2024\/05\/WhatsApp-Image-2024-05-21-at-09.05.31-jpeg.webp\",\"datePublished\":\"2024-05-21T14:19:16+00:00\",\"author\":{\"@id\":\"https:\/\/nk7-testes.com.br\/agazeta\/#\/schema\/person\/6d6e25cb0435eb4a02fd44d30b4e3020\"},\"breadcrumb\":{\"@id\":\"https:\/\/nk7-testes.com.br\/agazeta\/aviao-de-pequeno-porte-que-caiu-em-tarauaca-levava-mais-passageiros-que-o-permitido\/#breadcrumb\"},\"inLanguage\":\"pt-BR\",\"potentialAction\":[{\"@type\":\"ReadAction\",\"target\":[\"https:\/\/nk7-testes.com.br\/agazeta\/aviao-de-pequeno-porte-que-caiu-em-tarauaca-levava-mais-passageiros-que-o-permitido\/\"]}]},{\"@type\":\"ImageObject\",\"inLanguage\":\"pt-BR\",\"@id\":\"https:\/\/nk7-testes.com.br\/agazeta\/aviao-de-pequeno-porte-que-caiu-em-tarauaca-levava-mais-passageiros-que-o-permitido\/#primaryimage\",\"url\":\"https:\/\/nk7-testes.com.br\/agazeta\/wp-content\/uploads\/2024\/05\/WhatsApp-Image-2024-05-21-at-09.05.31-jpeg.webp\",\"contentUrl\":\"https:\/\/nk7-testes.com.br\/agazeta\/wp-content\/uploads\/2024\/05\/WhatsApp-Image-2024-05-21-at-09.05.31-jpeg.webp\",\"width\":1600,\"height\":901},{\"@type\":\"BreadcrumbList\",\"@id\":\"https:\/\/nk7-testes.com.br\/agazeta\/aviao-de-pequeno-porte-que-caiu-em-tarauaca-levava-mais-passageiros-que-o-permitido\/#breadcrumb\",\"itemListElement\":[{\"@type\":\"ListItem\",\"position\":1,\"name\":\"In\u00edcio\",\"item\":\"https:\/\/nk7-testes.com.br\/agazeta\/\"},{\"@type\":\"ListItem\",\"position\":2,\"name\":\"Avi\u00e3o de pequeno porte que caiu em Tarauac\u00e1 levava mais passageiros que o permitido\"}]},{\"@type\":\"WebSite\",\"@id\":\"https:\/\/nk7-testes.com.br\/agazeta\/#website\",\"url\":\"https:\/\/nk7-testes.com.br\/agazeta\/\",\"name\":\"Agazeta.net\",\"description\":\"Agazeta.net - Not\u00edcias de Rio Branco\/AC\",\"potentialAction\":[{\"@type\":\"SearchAction\",\"target\":{\"@type\":\"EntryPoint\",\"urlTemplate\":\"https:\/\/nk7-testes.com.br\/agazeta\/?s={search_term_string}\"},\"query-input\":{\"@type\":\"PropertyValueSpecification\",\"valueRequired\":true,\"valueName\":\"search_term_string\"}}],\"inLanguage\":\"pt-BR\"},{\"@type\":\"Person\",\"@id\":\"https:\/\/nk7-testes.com.br\/agazeta\/#\/schema\/person\/6d6e25cb0435eb4a02fd44d30b4e3020\",\"name\":\"Agazeta.Net\",\"url\":\"https:\/\/nk7-testes.com.br\/agazeta\/author\/agazeta\/\"}]}<\/script>\n<!-- \/ Yoast SEO plugin. -->","yoast_head_json":{"title":"Avi\u00e3o de pequeno porte que caiu em Tarauac\u00e1 levava mais passageiros que o permitido - Agazeta.net","robots":{"index":"index","follow":"follow","max-snippet":"max-snippet:-1","max-image-preview":"max-image-preview:large","max-video-preview":"max-video-preview:-1"},"canonical":"https:\/\/nk7-testes.com.br\/agazeta\/aviao-de-pequeno-porte-que-caiu-em-tarauaca-levava-mais-passageiros-que-o-permitido\/","og_locale":"pt_BR","og_type":"article","og_title":"Avi\u00e3o de pequeno porte que caiu em Tarauac\u00e1 levava mais passageiros que o permitido","og_description":"As Informa\u00e7\u00f5es indicam que a aeronave, com capacidade para apenas dois passageiros, estava acima com tr\u00eas","og_url":"https:\/\/nk7-testes.com.br\/agazeta\/aviao-de-pequeno-porte-que-caiu-em-tarauaca-levava-mais-passageiros-que-o-permitido\/","og_site_name":"Agazeta.net","article_published_time":"2024-05-21T14:19:16+00:00","og_image":[{"width":1600,"height":901,"url":"https:\/\/nk7-testes.com.br\/agazeta\/wp-content\/uploads\/2024\/05\/WhatsApp-Image-2024-05-21-at-09.05.31-jpeg.webp","type":"image\/jpeg"}],"author":"Agazeta.Net","twitter_card":"summary_large_image","twitter_title":"Avi\u00e3o de pequeno porte que caiu em Tarauac\u00e1 levava mais passageiros que o permitido","twitter_description":"As Informa\u00e7\u00f5es indicam que a aeronave, com capacidade para apenas dois passageiros, estava acima com tr\u00eas","twitter_image":"https:\/\/nk7-testes.com.br\/agazeta\/wp-content\/uploads\/2024\/05\/WhatsApp-Image-2024-05-21-at-09.05.31-jpeg.webp","twitter_misc":{"Escrito por":"Agazeta.Net","Est. tempo de leitura":"1 minuto"},"schema":{"@context":"https:\/\/schema.org","@graph":[{"@type":"WebPage","@id":"https:\/\/nk7-testes.com.br\/agazeta\/aviao-de-pequeno-porte-que-caiu-em-tarauaca-levava-mais-passageiros-que-o-permitido\/","url":"https:\/\/nk7-testes.com.br\/agazeta\/aviao-de-pequeno-porte-que-caiu-em-tarauaca-levava-mais-passageiros-que-o-permitido\/","name":"Avi\u00e3o de pequeno porte que caiu em Tarauac\u00e1 levava mais passageiros que o permitido - Agazeta.net","isPartOf":{"@id":"https:\/\/nk7-testes.com.br\/agazeta\/#website"},"primaryImageOfPage":{"@id":"https:\/\/nk7-testes.com.br\/agazeta\/aviao-de-pequeno-porte-que-caiu-em-tarauaca-levava-mais-passageiros-que-o-permitido\/#primaryimage"},"image":{"@id":"https:\/\/nk7-testes.com.br\/agazeta\/aviao-de-pequeno-porte-que-caiu-em-tarauaca-levava-mais-passageiros-que-o-permitido\/#primaryimage"},"thumbnailUrl":"https:\/\/nk7-testes.com.br\/agazeta\/wp-content\/uploads\/2024\/05\/WhatsApp-Image-2024-05-21-at-09.05.31-jpeg.webp","datePublished":"2024-05-21T14:19:16+00:00","author":{"@id":"https:\/\/nk7-testes.com.br\/agazeta\/#\/schema\/person\/6d6e25cb0435eb4a02fd44d30b4e3020"},"breadcrumb":{"@id":"https:\/\/nk7-testes.com.br\/agazeta\/aviao-de-pequeno-porte-que-caiu-em-tarauaca-levava-mais-passageiros-que-o-permitido\/#breadcrumb"},"inLanguage":"pt-BR","potentialAction":[{"@type":"ReadAction","target":["https:\/\/nk7-testes.com.br\/agazeta\/aviao-de-pequeno-porte-que-caiu-em-tarauaca-levava-mais-passageiros-que-o-permitido\/"]}]},{"@type":"ImageObject","inLanguage":"pt-BR","@id":"https:\/\/nk7-testes.com.br\/agazeta\/aviao-de-pequeno-porte-que-caiu-em-tarauaca-levava-mais-passageiros-que-o-permitido\/#primaryimage","url":"https:\/\/nk7-testes.com.br\/agazeta\/wp-content\/uploads\/2024\/05\/WhatsApp-Image-2024-05-21-at-09.05.31-jpeg.webp","contentUrl":"https:\/\/nk7-testes.com.br\/agazeta\/wp-content\/uploads\/2024\/05\/WhatsApp-Image-2024-05-21-at-09.05.31-jpeg.webp","width":1600,"height":901},{"@type":"BreadcrumbList","@id":"https:\/\/nk7-testes.com.br\/agazeta\/aviao-de-pequeno-porte-que-caiu-em-tarauaca-levava-mais-passageiros-que-o-permitido\/#breadcrumb","itemListElement":[{"@type":"ListItem","position":1,"name":"In\u00edcio","item":"https:\/\/nk7-testes.com.br\/agazeta\/"},{"@type":"ListItem","position":2,"name":"Avi\u00e3o de pequeno porte que caiu em Tarauac\u00e1 levava mais passageiros que o permitido"}]},{"@type":"WebSite","@id":"https:\/\/nk7-testes.com.br\/agazeta\/#website","url":"https:\/\/nk7-testes.com.br\/agazeta\/","name":"Agazeta.net","description":"Agazeta.net - Not\u00edcias de Rio Branco\/AC","potentialAction":[{"@type":"SearchAction","target":{"@type":"EntryPoint","urlTemplate":"https:\/\/nk7-testes.com.br\/agazeta\/?s={search_term_string}"},"query-input":{"@type":"PropertyValueSpecification","valueRequired":true,"valueName":"search_term_string"}}],"inLanguage":"pt-BR"},{"@type":"Person","@id":"https:\/\/nk7-testes.com.br\/agazeta\/#\/schema\/person\/6d6e25cb0435eb4a02fd44d30b4e3020","name":"Agazeta.Net","url":"https:\/\/nk7-testes.com.br\/agazeta\/author\/agazeta\/"}]}},"_links":{"self":[{"href":"https:\/\/nk7-testes.com.br\/agazeta\/wp-json\/wp\/v2\/posts\/132555","targetHints":{"allow":["GET"]}}],"collection":[{"href":"https:\/\/nk7-testes.com.br\/agazeta\/wp-json\/wp\/v2\/posts"}],"about":[{"href":"https:\/\/nk7-testes.com.br\/agazeta\/wp-json\/wp\/v2\/types\/post"}],"author":[{"embeddable":true,"href":"https:\/\/nk7-testes.com.br\/agazeta\/wp-json\/wp\/v2\/users\/4"}],"replies":[{"embeddable":true,"href":"https:\/\/nk7-testes.com.br\/agazeta\/wp-json\/wp\/v2\/comments?post=132555"}],"version-history":[{"count":0,"href":"https:\/\/nk7-testes.com.br\/agazeta\/wp-json\/wp\/v2\/posts\/132555\/revisions"}],"wp:featuredmedia":[{"embeddable":true,"href":"https:\/\/nk7-testes.com.br\/agazeta\/wp-json\/wp\/v2\/media\/132553"}],"wp:attachment":[{"href":"https:\/\/nk7-testes.com.br\/agazeta\/wp-json\/wp\/v2\/media?parent=132555"}],"wp:term":[{"taxonomy":"category","embeddable":true,"href":"https:\/\/nk7-testes.com.br\/agazeta\/wp-json\/wp\/v2\/categories?post=132555"},{"taxonomy":"post_tag","embeddable":true,"href":"https:\/\/nk7-testes.com.br\/agazeta\/wp-json\/wp\/v2\/tags?post=132555"}],"curies":[{"name":"wp","href":"https:\/\/api.w.org\/{rel}","templated":true}]}}