{"id":132525,"date":"2024-05-20T15:43:22","date_gmt":"2024-05-20T20:43:22","guid":{"rendered":"https:\/\/nk7-testes.com.br\/?p=132525"},"modified":"2024-05-20T15:43:22","modified_gmt":"2024-05-20T20:43:22","slug":"sitio-historico-do-quixada-em-rio-branco-desaparece-apos-anos-abandonado","status":"publish","type":"post","link":"https:\/\/nk7-testes.com.br\/agazeta\/sitio-historico-do-quixada-em-rio-branco-desaparece-apos-anos-abandonado\/","title":{"rendered":"S\u00edtio hist\u00f3rico do Quixad\u00e1 em Rio Branco desaparece ap\u00f3s anos abandonado"},"content":{"rendered":"<p style=\"text-align: justify;\"><span style=\"font-weight: 400;\">Durante muito tempo, o s\u00edtio hist\u00f3rico do Quixad\u00e1 foi considerado uma das maiores atra\u00e7\u00f5es tur\u00edsticas de Rio Branco. No entanto, hoje, o cen\u00e1rio \u00e9 de total abandono e deteriora\u00e7\u00e3o, com poucas lembran\u00e7as do que um dia foi um local emblem\u00e1tico.\u00a0<\/span><\/p>\n<p style=\"text-align: justify;\"><span style=\"font-weight: 400;\">As placas de boas-vindas ainda resistem, cobertas pela vegeta\u00e7\u00e3o, servem como vest\u00edgios do passado glorioso do centro hist\u00f3rico do Quixad\u00e1. A casa que abrigava a recep\u00e7\u00e3o encontra-se em condi\u00e7\u00f5es prec\u00e1rias, assim como a pousada remanescente, que agora \u00e9 ocupada por uma fam\u00edlia. O que resta das constru\u00e7\u00f5es s\u00e3o apenas os barrotes, com peda\u00e7os da antiga brinquedoteca e t\u00e1buas da pousada ao lado. O museu, outrora parte central do s\u00edtio hist\u00f3rico, desapareceu.\u00a0<\/span><\/p>\n<p style=\"text-align: justify;\"><span style=\"font-weight: 400;\">Essa regi\u00e3o marcada pela hist\u00f3ria abrigava um restaurante que servia comidas t\u00edpicas e um red\u00e1rio para apreciar a brisa do rio, por\u00e9m, hoje restam apenas vest\u00edgios do que um dia foi um local movimentado e cheio de vida. A deteriora\u00e7\u00e3o das constru\u00e7\u00f5es, a aus\u00eancia de manuten\u00e7\u00e3o e o abandono progressivo transformaram o s\u00edtio hist\u00f3rico em uma sombra do passado glorioso.<\/span><\/p>\n<p style=\"text-align: justify;\"><span style=\"font-weight: 400;\">A pequena igreja constru\u00edda em 1937 \u00e9 a \u00fanica estrutura que ser\u00e1 reformada no Quixad\u00e1, sendo tomada como patrim\u00f4nio hist\u00f3rico da regi\u00e3o.\u00a0<\/span><\/p>\n<p style=\"text-align: justify;\"><span style=\"font-weight: 400;\">Segundo Mauro Carneiro de Lima, sobrinho dos padres que inauguraram a igreja, a regi\u00e3o do Quixad\u00e1 desempenhou um papel significativo na hist\u00f3ria do estado, sendo palco de esfor\u00e7os para o desenvolvimento local. No entanto, o descaso e o abandono por parte das autoridades governamentais t\u00eam sido evidentes, e deixaram a comunidade desamparada e desiludida.<\/span><\/p>\n<p style=\"text-align: justify;\"><span style=\"font-weight: 400;\">\u201cTodas as coisas que passam para o governo, o fim \u00e9 triste. Eu n\u00e3o sei qual \u00e9 essa sina que os governantes n\u00e3o preservam as coisas de jeito nenhum. S\u00f3 o cargo e nada mais\u201d, explica o morador.<\/span><\/p>\n<p style=\"text-align: justify;\"><span style=\"font-weight: 400;\">A situa\u00e7\u00e3o de abandono e descaso com o s\u00edtio hist\u00f3rico do Quixad\u00e1 gera indigna\u00e7\u00e3o entre os moradores, como Ceci Fernandes, que relata a falta de investimentos e descumprimento de promessas por parte do governo. A estrada prec\u00e1ria, a aus\u00eancia de ajuda durante per\u00edodos cr\u00edticos e a sensa\u00e7\u00e3o de esquecimento ecoam entre os residentes, que veem a regi\u00e3o hist\u00f3rica sendo deixada de lado.<\/span><\/p>\n<p style=\"text-align: justify;\"><span style=\"font-weight: 400;\">\u201cCome\u00e7a pela estrada, que est\u00e1 cheia de buracos, e come\u00e7a a apresentar atoleiros. Nem a ajuda prometida, que foi a chegada de cestas b\u00e1sicas durante a cheia do rio, foi cumprida. Est\u00e1 esquecido e muito, porque fizeram aqui o cadastramento para a alaga\u00e7\u00e3o e n\u00e3o vieram deixar nada. Todo mundo recebeu, menos aqui. E aqui tem muitos produtores ali para baixo, tem muitos produtores. Est\u00e3o prestando de ajuda, mas n\u00e3o tem\u201d, comenta Fernandes.<\/span><\/p>\n<p style=\"text-align: justify;\"><span style=\"font-weight: 400;\">O presidente da Funda\u00e7\u00e3o de Cultura Elias Mansour, Minoru Kimpara, esclareceu que o s\u00edtio hist\u00f3rico \u00e9 uma propriedade particular, com exce\u00e7\u00e3o da igreja tomada como patrim\u00f4nio. Enquanto a cidade cinematogr\u00e1fica \u00e9 considerada um bem privado, a preserva\u00e7\u00e3o e cuidado com a igreja s\u00e3o prioridades para manter viva a hist\u00f3ria local.<\/span><\/p>\n<p style=\"text-align: justify;\"><span style=\"font-weight: 400;\">\u201cAquele espa\u00e7o ali, a cidade cinematogr\u00e1fica em si, \u00e9 um bem privado, particular, que foi feito por uma miniss\u00e9rie que aconteceu alguns anos atr\u00e1s. O \u00fanico local, a \u00fanica constru\u00e7\u00e3o, a \u00fanica obra que \u00e9 tomada e que a gente precisa cuidar \u00e9 a igreja e n\u00f3s estamos fazendo isso\u201d, conclui Kimpara.<\/span><\/p>\n<p style=\"text-align: justify;\"><em><span style=\"font-weight: 400;\">Mat\u00e9ria em v\u00eddeo produzida pelo rep\u00f3rter Adailson Oliveira para a TV gazeta<\/span><\/em><\/p>\n<p style=\"text-align: justify;\">\n","protected":false},"excerpt":{"rendered":"<p>Durante muito tempo, o s\u00edtio hist\u00f3rico do Quixad\u00e1 foi considerado uma das maiores atra\u00e7\u00f5es tur\u00edsticas de Rio Branco. No entanto, hoje, o cen\u00e1rio \u00e9 de total abandono e deteriora\u00e7\u00e3o, com poucas lembran\u00e7as do que um dia foi um local emblem\u00e1tico.\u00a0 As placas de boas-vindas ainda resistem, cobertas pela vegeta\u00e7\u00e3o, servem como vest\u00edgios do passado glorioso [&hellip;]<\/p>\n","protected":false},"author":4,"featured_media":132526,"comment_status":"open","ping_status":"open","sticky":false,"template":"","format":"standard","meta":{"jnews-multi-image_gallery":[],"jnews_single_post":{"source_name":"","source_url":"","via_name":"","via_url":"","override_template":"0","override":[{"template":"custom","single_blog_custom":"110746","parallax":"1","fullscreen":"1","layout":"right-sidebar","sidebar":"default-sidebar","second_sidebar":"default-sidebar","sticky_sidebar":"1","share_position":"top","share_float_style":"share-monocrhome","show_share_counter":"1","show_view_counter":"1","show_featured":"1","show_post_meta":"1","show_post_author":"1","show_post_author_image":"1","show_post_date":"1","post_date_format":"default","post_date_format_custom":"Y\/m\/d","show_post_category":"1","show_post_reading_time":"0","post_reading_time_wpm":"300","show_zoom_button":"0","zoom_button_out_step":"2","zoom_button_in_step":"3","show_post_tag":"1","show_prev_next_post":"1","show_popup_post":"1","number_popup_post":"1","show_author_box":"0","show_post_related":"1","show_inline_post_related":"0"}],"override_image_size":"0","image_override":[{"single_post_thumbnail_size":"crop-500","single_post_gallery_size":"crop-500"}],"trending_post":"0","trending_post_position":"meta","trending_post_label":"Trending","sponsored_post":"0","sponsored_post_label":"Sponsored by","sponsored_post_name":"","sponsored_post_url":"","sponsored_post_logo_enable":"0","sponsored_post_logo":"","sponsored_post_desc":"","disable_ad":"0"},"jnews_primary_category":{"id":"","hide":""},"jnews_social_meta":{"fb_title":"","fb_description":"","fb_image":"","twitter_title":"","twitter_description":"","twitter_image":""},"jnews_review":[],"enable_review":"0","type":"percentage","name":"","summary":"","brand":"","sku":"","good":[{"good_text":""}],"bad":[{"bad_text":""}],"score_override":"0","override_value":"","rating":[{"rating_text":"","rating_number":"10"}],"price":[{"shop":"","price":"","link":"","icon":""}],"footnotes":""},"categories":[54],"tags":[152],"class_list":["post-132525","post","type-post","status-publish","format-standard","has-post-thumbnail","hentry","category-cotidiano","tag-destaque"],"yoast_head":"<!-- This site is optimized with the Yoast SEO plugin v26.5 - https:\/\/yoast.com\/wordpress\/plugins\/seo\/ -->\n<title>S\u00edtio hist\u00f3rico do Quixad\u00e1 em Rio Branco desaparece ap\u00f3s anos abandonado - Agazeta.net<\/title>\n<meta name=\"robots\" content=\"index, follow, max-snippet:-1, max-image-preview:large, max-video-preview:-1\" \/>\n<link rel=\"canonical\" href=\"https:\/\/nk7-testes.com.br\/agazeta\/sitio-historico-do-quixada-em-rio-branco-desaparece-apos-anos-abandonado\/\" \/>\n<meta property=\"og:locale\" content=\"pt_BR\" \/>\n<meta property=\"og:type\" content=\"article\" \/>\n<meta property=\"og:title\" content=\"S\u00edtio hist\u00f3rico do Quixad\u00e1 em Rio Branco desaparece ap\u00f3s anos abandonado\" \/>\n<meta property=\"og:description\" content=\"Uma pequena igreja constru\u00edda em 1937 \u00e9 a \u00fanica estrutura que ser\u00e1 reformada no Quixad\u00e1, sendo tomada como patrim\u00f4nio hist\u00f3rico da regi\u00e3o\" \/>\n<meta property=\"og:url\" content=\"https:\/\/nk7-testes.com.br\/agazeta\/sitio-historico-do-quixada-em-rio-branco-desaparece-apos-anos-abandonado\/\" \/>\n<meta property=\"og:site_name\" content=\"Agazeta.net\" \/>\n<meta property=\"article:published_time\" content=\"2024-05-20T20:43:22+00:00\" \/>\n<meta property=\"og:image\" content=\"https:\/\/nk7-testes.com.br\/agazeta\/wp-content\/uploads\/2024\/05\/WhatsApp-Image-2024-05-20-at-15.41.35-jpeg.webp\" \/>\n\t<meta property=\"og:image:width\" content=\"1600\" \/>\n\t<meta property=\"og:image:height\" content=\"901\" \/>\n\t<meta property=\"og:image:type\" content=\"image\/jpeg\" \/>\n<meta name=\"author\" content=\"Agazeta.Net\" \/>\n<meta name=\"twitter:card\" content=\"summary_large_image\" \/>\n<meta name=\"twitter:title\" content=\"S\u00edtio hist\u00f3rico do Quixad\u00e1 em Rio Branco desaparece ap\u00f3s anos abandonado\" \/>\n<meta name=\"twitter:description\" content=\"Uma pequena igreja constru\u00edda em 1937 \u00e9 a \u00fanica estrutura que ser\u00e1 reformada no Quixad\u00e1, sendo tomada como patrim\u00f4nio hist\u00f3rico da regi\u00e3o\" \/>\n<meta name=\"twitter:image\" content=\"https:\/\/nk7-testes.com.br\/agazeta\/wp-content\/uploads\/2024\/05\/WhatsApp-Image-2024-05-20-at-15.41.35-jpeg.webp\" \/>\n<meta name=\"twitter:label1\" content=\"Escrito por\" \/>\n\t<meta name=\"twitter:data1\" content=\"Agazeta.Net\" \/>\n\t<meta name=\"twitter:label2\" content=\"Est. tempo de leitura\" \/>\n\t<meta name=\"twitter:data2\" content=\"3 minutos\" \/>\n<script type=\"application\/ld+json\" class=\"yoast-schema-graph\">{\"@context\":\"https:\/\/schema.org\",\"@graph\":[{\"@type\":\"WebPage\",\"@id\":\"https:\/\/nk7-testes.com.br\/agazeta\/sitio-historico-do-quixada-em-rio-branco-desaparece-apos-anos-abandonado\/\",\"url\":\"https:\/\/nk7-testes.com.br\/agazeta\/sitio-historico-do-quixada-em-rio-branco-desaparece-apos-anos-abandonado\/\",\"name\":\"S\u00edtio hist\u00f3rico do Quixad\u00e1 em Rio Branco desaparece ap\u00f3s anos abandonado - Agazeta.net\",\"isPartOf\":{\"@id\":\"https:\/\/nk7-testes.com.br\/agazeta\/#website\"},\"primaryImageOfPage\":{\"@id\":\"https:\/\/nk7-testes.com.br\/agazeta\/sitio-historico-do-quixada-em-rio-branco-desaparece-apos-anos-abandonado\/#primaryimage\"},\"image\":{\"@id\":\"https:\/\/nk7-testes.com.br\/agazeta\/sitio-historico-do-quixada-em-rio-branco-desaparece-apos-anos-abandonado\/#primaryimage\"},\"thumbnailUrl\":\"https:\/\/nk7-testes.com.br\/agazeta\/wp-content\/uploads\/2024\/05\/WhatsApp-Image-2024-05-20-at-15.41.35-jpeg.webp\",\"datePublished\":\"2024-05-20T20:43:22+00:00\",\"author\":{\"@id\":\"https:\/\/nk7-testes.com.br\/agazeta\/#\/schema\/person\/6d6e25cb0435eb4a02fd44d30b4e3020\"},\"breadcrumb\":{\"@id\":\"https:\/\/nk7-testes.com.br\/agazeta\/sitio-historico-do-quixada-em-rio-branco-desaparece-apos-anos-abandonado\/#breadcrumb\"},\"inLanguage\":\"pt-BR\",\"potentialAction\":[{\"@type\":\"ReadAction\",\"target\":[\"https:\/\/nk7-testes.com.br\/agazeta\/sitio-historico-do-quixada-em-rio-branco-desaparece-apos-anos-abandonado\/\"]}]},{\"@type\":\"ImageObject\",\"inLanguage\":\"pt-BR\",\"@id\":\"https:\/\/nk7-testes.com.br\/agazeta\/sitio-historico-do-quixada-em-rio-branco-desaparece-apos-anos-abandonado\/#primaryimage\",\"url\":\"https:\/\/nk7-testes.com.br\/agazeta\/wp-content\/uploads\/2024\/05\/WhatsApp-Image-2024-05-20-at-15.41.35-jpeg.webp\",\"contentUrl\":\"https:\/\/nk7-testes.com.br\/agazeta\/wp-content\/uploads\/2024\/05\/WhatsApp-Image-2024-05-20-at-15.41.35-jpeg.webp\",\"width\":1600,\"height\":901,\"caption\":\"Imagem retirada da mat\u00e9ria em v\u00eddeo de Adailson Oliveira\"},{\"@type\":\"BreadcrumbList\",\"@id\":\"https:\/\/nk7-testes.com.br\/agazeta\/sitio-historico-do-quixada-em-rio-branco-desaparece-apos-anos-abandonado\/#breadcrumb\",\"itemListElement\":[{\"@type\":\"ListItem\",\"position\":1,\"name\":\"In\u00edcio\",\"item\":\"https:\/\/nk7-testes.com.br\/agazeta\/\"},{\"@type\":\"ListItem\",\"position\":2,\"name\":\"S\u00edtio hist\u00f3rico do Quixad\u00e1 em Rio Branco desaparece ap\u00f3s anos abandonado\"}]},{\"@type\":\"WebSite\",\"@id\":\"https:\/\/nk7-testes.com.br\/agazeta\/#website\",\"url\":\"https:\/\/nk7-testes.com.br\/agazeta\/\",\"name\":\"Agazeta.net\",\"description\":\"Agazeta.net - Not\u00edcias de Rio Branco\/AC\",\"potentialAction\":[{\"@type\":\"SearchAction\",\"target\":{\"@type\":\"EntryPoint\",\"urlTemplate\":\"https:\/\/nk7-testes.com.br\/agazeta\/?s={search_term_string}\"},\"query-input\":{\"@type\":\"PropertyValueSpecification\",\"valueRequired\":true,\"valueName\":\"search_term_string\"}}],\"inLanguage\":\"pt-BR\"},{\"@type\":\"Person\",\"@id\":\"https:\/\/nk7-testes.com.br\/agazeta\/#\/schema\/person\/6d6e25cb0435eb4a02fd44d30b4e3020\",\"name\":\"Agazeta.Net\",\"url\":\"https:\/\/nk7-testes.com.br\/agazeta\/author\/agazeta\/\"}]}<\/script>\n<!-- \/ Yoast SEO plugin. -->","yoast_head_json":{"title":"S\u00edtio hist\u00f3rico do Quixad\u00e1 em Rio Branco desaparece ap\u00f3s anos abandonado - Agazeta.net","robots":{"index":"index","follow":"follow","max-snippet":"max-snippet:-1","max-image-preview":"max-image-preview:large","max-video-preview":"max-video-preview:-1"},"canonical":"https:\/\/nk7-testes.com.br\/agazeta\/sitio-historico-do-quixada-em-rio-branco-desaparece-apos-anos-abandonado\/","og_locale":"pt_BR","og_type":"article","og_title":"S\u00edtio hist\u00f3rico do Quixad\u00e1 em Rio Branco desaparece ap\u00f3s anos abandonado","og_description":"Uma pequena igreja constru\u00edda em 1937 \u00e9 a \u00fanica estrutura que ser\u00e1 reformada no Quixad\u00e1, sendo tomada como patrim\u00f4nio hist\u00f3rico da regi\u00e3o","og_url":"https:\/\/nk7-testes.com.br\/agazeta\/sitio-historico-do-quixada-em-rio-branco-desaparece-apos-anos-abandonado\/","og_site_name":"Agazeta.net","article_published_time":"2024-05-20T20:43:22+00:00","og_image":[{"width":1600,"height":901,"url":"https:\/\/nk7-testes.com.br\/agazeta\/wp-content\/uploads\/2024\/05\/WhatsApp-Image-2024-05-20-at-15.41.35-jpeg.webp","type":"image\/jpeg"}],"author":"Agazeta.Net","twitter_card":"summary_large_image","twitter_title":"S\u00edtio hist\u00f3rico do Quixad\u00e1 em Rio Branco desaparece ap\u00f3s anos abandonado","twitter_description":"Uma pequena igreja constru\u00edda em 1937 \u00e9 a \u00fanica estrutura que ser\u00e1 reformada no Quixad\u00e1, sendo tomada como patrim\u00f4nio hist\u00f3rico da regi\u00e3o","twitter_image":"https:\/\/nk7-testes.com.br\/agazeta\/wp-content\/uploads\/2024\/05\/WhatsApp-Image-2024-05-20-at-15.41.35-jpeg.webp","twitter_misc":{"Escrito por":"Agazeta.Net","Est. tempo de leitura":"3 minutos"},"schema":{"@context":"https:\/\/schema.org","@graph":[{"@type":"WebPage","@id":"https:\/\/nk7-testes.com.br\/agazeta\/sitio-historico-do-quixada-em-rio-branco-desaparece-apos-anos-abandonado\/","url":"https:\/\/nk7-testes.com.br\/agazeta\/sitio-historico-do-quixada-em-rio-branco-desaparece-apos-anos-abandonado\/","name":"S\u00edtio hist\u00f3rico do Quixad\u00e1 em Rio Branco desaparece ap\u00f3s anos abandonado - Agazeta.net","isPartOf":{"@id":"https:\/\/nk7-testes.com.br\/agazeta\/#website"},"primaryImageOfPage":{"@id":"https:\/\/nk7-testes.com.br\/agazeta\/sitio-historico-do-quixada-em-rio-branco-desaparece-apos-anos-abandonado\/#primaryimage"},"image":{"@id":"https:\/\/nk7-testes.com.br\/agazeta\/sitio-historico-do-quixada-em-rio-branco-desaparece-apos-anos-abandonado\/#primaryimage"},"thumbnailUrl":"https:\/\/nk7-testes.com.br\/agazeta\/wp-content\/uploads\/2024\/05\/WhatsApp-Image-2024-05-20-at-15.41.35-jpeg.webp","datePublished":"2024-05-20T20:43:22+00:00","author":{"@id":"https:\/\/nk7-testes.com.br\/agazeta\/#\/schema\/person\/6d6e25cb0435eb4a02fd44d30b4e3020"},"breadcrumb":{"@id":"https:\/\/nk7-testes.com.br\/agazeta\/sitio-historico-do-quixada-em-rio-branco-desaparece-apos-anos-abandonado\/#breadcrumb"},"inLanguage":"pt-BR","potentialAction":[{"@type":"ReadAction","target":["https:\/\/nk7-testes.com.br\/agazeta\/sitio-historico-do-quixada-em-rio-branco-desaparece-apos-anos-abandonado\/"]}]},{"@type":"ImageObject","inLanguage":"pt-BR","@id":"https:\/\/nk7-testes.com.br\/agazeta\/sitio-historico-do-quixada-em-rio-branco-desaparece-apos-anos-abandonado\/#primaryimage","url":"https:\/\/nk7-testes.com.br\/agazeta\/wp-content\/uploads\/2024\/05\/WhatsApp-Image-2024-05-20-at-15.41.35-jpeg.webp","contentUrl":"https:\/\/nk7-testes.com.br\/agazeta\/wp-content\/uploads\/2024\/05\/WhatsApp-Image-2024-05-20-at-15.41.35-jpeg.webp","width":1600,"height":901,"caption":"Imagem retirada da mat\u00e9ria em v\u00eddeo de Adailson Oliveira"},{"@type":"BreadcrumbList","@id":"https:\/\/nk7-testes.com.br\/agazeta\/sitio-historico-do-quixada-em-rio-branco-desaparece-apos-anos-abandonado\/#breadcrumb","itemListElement":[{"@type":"ListItem","position":1,"name":"In\u00edcio","item":"https:\/\/nk7-testes.com.br\/agazeta\/"},{"@type":"ListItem","position":2,"name":"S\u00edtio hist\u00f3rico do Quixad\u00e1 em Rio Branco desaparece ap\u00f3s anos abandonado"}]},{"@type":"WebSite","@id":"https:\/\/nk7-testes.com.br\/agazeta\/#website","url":"https:\/\/nk7-testes.com.br\/agazeta\/","name":"Agazeta.net","description":"Agazeta.net - Not\u00edcias de Rio Branco\/AC","potentialAction":[{"@type":"SearchAction","target":{"@type":"EntryPoint","urlTemplate":"https:\/\/nk7-testes.com.br\/agazeta\/?s={search_term_string}"},"query-input":{"@type":"PropertyValueSpecification","valueRequired":true,"valueName":"search_term_string"}}],"inLanguage":"pt-BR"},{"@type":"Person","@id":"https:\/\/nk7-testes.com.br\/agazeta\/#\/schema\/person\/6d6e25cb0435eb4a02fd44d30b4e3020","name":"Agazeta.Net","url":"https:\/\/nk7-testes.com.br\/agazeta\/author\/agazeta\/"}]}},"_links":{"self":[{"href":"https:\/\/nk7-testes.com.br\/agazeta\/wp-json\/wp\/v2\/posts\/132525","targetHints":{"allow":["GET"]}}],"collection":[{"href":"https:\/\/nk7-testes.com.br\/agazeta\/wp-json\/wp\/v2\/posts"}],"about":[{"href":"https:\/\/nk7-testes.com.br\/agazeta\/wp-json\/wp\/v2\/types\/post"}],"author":[{"embeddable":true,"href":"https:\/\/nk7-testes.com.br\/agazeta\/wp-json\/wp\/v2\/users\/4"}],"replies":[{"embeddable":true,"href":"https:\/\/nk7-testes.com.br\/agazeta\/wp-json\/wp\/v2\/comments?post=132525"}],"version-history":[{"count":0,"href":"https:\/\/nk7-testes.com.br\/agazeta\/wp-json\/wp\/v2\/posts\/132525\/revisions"}],"wp:featuredmedia":[{"embeddable":true,"href":"https:\/\/nk7-testes.com.br\/agazeta\/wp-json\/wp\/v2\/media\/132526"}],"wp:attachment":[{"href":"https:\/\/nk7-testes.com.br\/agazeta\/wp-json\/wp\/v2\/media?parent=132525"}],"wp:term":[{"taxonomy":"category","embeddable":true,"href":"https:\/\/nk7-testes.com.br\/agazeta\/wp-json\/wp\/v2\/categories?post=132525"},{"taxonomy":"post_tag","embeddable":true,"href":"https:\/\/nk7-testes.com.br\/agazeta\/wp-json\/wp\/v2\/tags?post=132525"}],"curies":[{"name":"wp","href":"https:\/\/api.w.org\/{rel}","templated":true}]}}