{"id":132436,"date":"2024-05-17T14:33:27","date_gmt":"2024-05-17T19:33:27","guid":{"rendered":"https:\/\/nk7-testes.com.br\/?p=132436"},"modified":"2024-05-17T14:33:27","modified_gmt":"2024-05-17T19:33:27","slug":"acre-registra-menor-taxa-de-desemprego-dos-ultimos-anos-diz-dados-do-ibge","status":"publish","type":"post","link":"https:\/\/nk7-testes.com.br\/agazeta\/acre-registra-menor-taxa-de-desemprego-dos-ultimos-anos-diz-dados-do-ibge\/","title":{"rendered":"Acre registra menor taxa de desemprego dos \u00faltimos anos, diz dados do IBGE"},"content":{"rendered":"<p style=\"text-align: justify;\"><span style=\"font-weight: 400;\">O ano de 2023 terminou com a menor taxa de desemprego dos \u00faltimos anos no estado do Acre. O setor de servi\u00e7os fechou o ano com \u00edndices que evidenciam a consolida\u00e7\u00e3o do setor produtivo e a ascens\u00e3o da \u00e1rea dos servi\u00e7os, que se mant\u00e9m em plena atividade, que contribuem para um ambiente de neg\u00f3cios ainda mais favor\u00e1vel.\u00a0<\/span><\/p>\n<p style=\"text-align: justify;\"><span style=\"font-weight: 400;\">Com segmentos como alimenta\u00e7\u00e3o, transporte e imobili\u00e1rio em destaque, o mercado de servi\u00e7os no Acre registrou um incremento de mais de 8 mil novos empregos no ano passado.<\/span><\/p>\n<p style=\"text-align: justify;\"><span style=\"font-weight: 400;\">A constru\u00e7\u00e3o civil, o agroneg\u00f3cio e as iniciativas do governo t\u00eam desempenhado um papel fundamental na retomada da economia e na gera\u00e7\u00e3o de novas vagas de emprego em diversos setores. O Secret\u00e1rio de Ind\u00fastria, Ci\u00eancia e Tecnologia do Acre, Assurbanipal Mesquita, destacou a prepara\u00e7\u00e3o e os incentivos promovidos pelo governo, como o aumento do limite do Simples, o incentivo fiscal para a ind\u00fastria e o apoio ao agroneg\u00f3cio e \u00e0 constru\u00e7\u00e3o civil.<\/span><\/p>\n<p style=\"text-align: justify;\"><span style=\"font-weight: 400;\">\u201cHouve a\u00ed uma prepara\u00e7\u00e3o, vamos dizer assim, de incentivos, como por exemplo o aumento do limite do Simples que o governo do estado promoveu, a cria\u00e7\u00e3o do incentivo fiscal para a ind\u00fastria, o apoio agroneg\u00f3cio com o licenciamento e apoio \u00e0 liberdade de produ\u00e7\u00e3o, a constru\u00e7\u00e3o civil que tamb\u00e9m retomou e tem em plena atividade. N\u00f3s fechamos o ano passado com o setor empresarial trabalhando numa atividade mais intensa que dos \u00faltimos anos\u201d, explica o secret\u00e1rio.<\/span><\/p>\n<p style=\"text-align: justify;\"><span style=\"font-weight: 400;\">Os dados divulgados pelo Instituto Brasileiro de Geografia e Estat\u00edstica (IBGE), demonstram a expressiva varia\u00e7\u00e3o no volume de servi\u00e7o no Acre entre janeiro e mar\u00e7o deste ano, com um aumento acumulado de 9,9%, a maior do pa\u00eds. O ambiente de neg\u00f3cios favor\u00e1vel tem atra\u00eddo investimentos de empres\u00e1rios de outras regi\u00f5es para o estado, o que impulsiona o crescimento e a diversifica\u00e7\u00e3o da economia local.<\/span><\/p>\n<p style=\"text-align: justify;\"><span style=\"font-weight: 400;\">Com a consolida\u00e7\u00e3o do setor produtivo, o agroneg\u00f3cio e a ind\u00fastria t\u00eam se destacado, o que impulsiona o com\u00e9rcio e alimenta um ambiente prop\u00edcio para a inova\u00e7\u00e3o e a busca por novos mercados. A crescente participa\u00e7\u00e3o de empresas em segmentos como com\u00e9rcio exterior reflete a din\u00e2mica positiva do mercado no Acre, o que incentiva o desenvolvimento e a expans\u00e3o de novas \u00e1reas de atua\u00e7\u00e3o e oportunidades de neg\u00f3cios.<\/span><\/p>\n<p style=\"text-align: justify;\"><em><span style=\"font-weight: 400;\">Mat\u00e9ria em v\u00eddeo produzida pela rep\u00f3rter D\u00e9bora Ribeiro para a TV Gazeta<\/span><\/em><\/p>\n<p style=\"text-align: justify;\">\n","protected":false},"excerpt":{"rendered":"<p>O ano de 2023 terminou com a menor taxa de desemprego dos \u00faltimos anos no estado do Acre. O setor de servi\u00e7os fechou o ano com \u00edndices que evidenciam a consolida\u00e7\u00e3o do setor produtivo e a ascens\u00e3o da \u00e1rea dos servi\u00e7os, que se mant\u00e9m em plena atividade, que contribuem para um ambiente de neg\u00f3cios ainda [&hellip;]<\/p>\n","protected":false},"author":4,"featured_media":132437,"comment_status":"open","ping_status":"open","sticky":false,"template":"","format":"standard","meta":{"jnews-multi-image_gallery":[],"jnews_single_post":{"source_name":"","source_url":"","via_name":"","via_url":"","override_template":"0","override":[{"template":"custom","single_blog_custom":"110746","parallax":"1","fullscreen":"1","layout":"right-sidebar","sidebar":"default-sidebar","second_sidebar":"default-sidebar","sticky_sidebar":"1","share_position":"top","share_float_style":"share-monocrhome","show_share_counter":"1","show_view_counter":"1","show_featured":"1","show_post_meta":"1","show_post_author":"1","show_post_author_image":"1","show_post_date":"1","post_date_format":"default","post_date_format_custom":"Y\/m\/d","show_post_category":"1","show_post_reading_time":"0","post_reading_time_wpm":"300","show_zoom_button":"0","zoom_button_out_step":"2","zoom_button_in_step":"3","show_post_tag":"1","show_prev_next_post":"1","show_popup_post":"1","number_popup_post":"1","show_author_box":"0","show_post_related":"1","show_inline_post_related":"0"}],"override_image_size":"0","image_override":[{"single_post_thumbnail_size":"crop-500","single_post_gallery_size":"crop-500"}],"trending_post":"0","trending_post_position":"meta","trending_post_label":"Trending","sponsored_post":"0","sponsored_post_label":"Sponsored by","sponsored_post_name":"","sponsored_post_url":"","sponsored_post_logo_enable":"0","sponsored_post_logo":"","sponsored_post_desc":"","disable_ad":"0"},"jnews_primary_category":{"id":"","hide":""},"jnews_social_meta":{"fb_title":"","fb_description":"","fb_image":"","twitter_title":"","twitter_description":"","twitter_image":""},"jnews_review":[],"enable_review":"0","type":"percentage","name":"","summary":"","brand":"","sku":"","good":[{"good_text":""}],"bad":[{"bad_text":""}],"score_override":"0","override_value":"","rating":[{"rating_text":"","rating_number":"10"}],"price":[{"shop":"","price":"","link":"","icon":""}],"footnotes":""},"categories":[54],"tags":[152],"class_list":["post-132436","post","type-post","status-publish","format-standard","has-post-thumbnail","hentry","category-cotidiano","tag-destaque"],"yoast_head":"<!-- This site is optimized with the Yoast SEO plugin v26.5 - https:\/\/yoast.com\/wordpress\/plugins\/seo\/ -->\n<title>Acre registra menor taxa de desemprego dos \u00faltimos anos, diz dados do IBGE - Agazeta.net<\/title>\n<meta name=\"robots\" content=\"index, follow, max-snippet:-1, max-image-preview:large, max-video-preview:-1\" \/>\n<link rel=\"canonical\" href=\"https:\/\/nk7-testes.com.br\/agazeta\/acre-registra-menor-taxa-de-desemprego-dos-ultimos-anos-diz-dados-do-ibge\/\" \/>\n<meta property=\"og:locale\" content=\"pt_BR\" \/>\n<meta property=\"og:type\" content=\"article\" \/>\n<meta property=\"og:title\" content=\"Acre registra menor taxa de desemprego dos \u00faltimos anos, diz dados do IBGE\" \/>\n<meta property=\"og:description\" content=\"O mercado de servi\u00e7os no Acre registrou um incremento de mais de 8 mil novos empregos no ano passado\" \/>\n<meta property=\"og:url\" content=\"https:\/\/nk7-testes.com.br\/agazeta\/acre-registra-menor-taxa-de-desemprego-dos-ultimos-anos-diz-dados-do-ibge\/\" \/>\n<meta property=\"og:site_name\" content=\"Agazeta.net\" \/>\n<meta property=\"article:published_time\" content=\"2024-05-17T19:33:27+00:00\" \/>\n<meta property=\"og:image\" content=\"https:\/\/nk7-testes.com.br\/agazeta\/wp-content\/uploads\/2024\/05\/WhatsApp-Image-2024-05-17-at-14.31.09-jpeg.webp\" \/>\n\t<meta property=\"og:image:width\" content=\"1600\" \/>\n\t<meta property=\"og:image:height\" content=\"899\" \/>\n\t<meta property=\"og:image:type\" content=\"image\/jpeg\" \/>\n<meta name=\"author\" content=\"Agazeta.Net\" \/>\n<meta name=\"twitter:card\" content=\"summary_large_image\" \/>\n<meta name=\"twitter:title\" content=\"Acre registra menor taxa de desemprego dos \u00faltimos anos, diz dados do IBGE\" \/>\n<meta name=\"twitter:description\" content=\"O mercado de servi\u00e7os no Acre registrou um incremento de mais de 8 mil novos empregos no ano passado\" \/>\n<meta name=\"twitter:image\" content=\"https:\/\/nk7-testes.com.br\/agazeta\/wp-content\/uploads\/2024\/05\/WhatsApp-Image-2024-05-17-at-14.31.09-jpeg.webp\" \/>\n<meta name=\"twitter:label1\" content=\"Escrito por\" \/>\n\t<meta name=\"twitter:data1\" content=\"Agazeta.Net\" \/>\n\t<meta name=\"twitter:label2\" content=\"Est. tempo de leitura\" \/>\n\t<meta name=\"twitter:data2\" content=\"2 minutos\" \/>\n<script type=\"application\/ld+json\" class=\"yoast-schema-graph\">{\"@context\":\"https:\/\/schema.org\",\"@graph\":[{\"@type\":\"WebPage\",\"@id\":\"https:\/\/nk7-testes.com.br\/agazeta\/acre-registra-menor-taxa-de-desemprego-dos-ultimos-anos-diz-dados-do-ibge\/\",\"url\":\"https:\/\/nk7-testes.com.br\/agazeta\/acre-registra-menor-taxa-de-desemprego-dos-ultimos-anos-diz-dados-do-ibge\/\",\"name\":\"Acre registra menor taxa de desemprego dos \u00faltimos anos, diz dados do IBGE - Agazeta.net\",\"isPartOf\":{\"@id\":\"https:\/\/nk7-testes.com.br\/agazeta\/#website\"},\"primaryImageOfPage\":{\"@id\":\"https:\/\/nk7-testes.com.br\/agazeta\/acre-registra-menor-taxa-de-desemprego-dos-ultimos-anos-diz-dados-do-ibge\/#primaryimage\"},\"image\":{\"@id\":\"https:\/\/nk7-testes.com.br\/agazeta\/acre-registra-menor-taxa-de-desemprego-dos-ultimos-anos-diz-dados-do-ibge\/#primaryimage\"},\"thumbnailUrl\":\"https:\/\/nk7-testes.com.br\/agazeta\/wp-content\/uploads\/2024\/05\/WhatsApp-Image-2024-05-17-at-14.31.09-jpeg.webp\",\"datePublished\":\"2024-05-17T19:33:27+00:00\",\"author\":{\"@id\":\"https:\/\/nk7-testes.com.br\/agazeta\/#\/schema\/person\/6d6e25cb0435eb4a02fd44d30b4e3020\"},\"breadcrumb\":{\"@id\":\"https:\/\/nk7-testes.com.br\/agazeta\/acre-registra-menor-taxa-de-desemprego-dos-ultimos-anos-diz-dados-do-ibge\/#breadcrumb\"},\"inLanguage\":\"pt-BR\",\"potentialAction\":[{\"@type\":\"ReadAction\",\"target\":[\"https:\/\/nk7-testes.com.br\/agazeta\/acre-registra-menor-taxa-de-desemprego-dos-ultimos-anos-diz-dados-do-ibge\/\"]}]},{\"@type\":\"ImageObject\",\"inLanguage\":\"pt-BR\",\"@id\":\"https:\/\/nk7-testes.com.br\/agazeta\/acre-registra-menor-taxa-de-desemprego-dos-ultimos-anos-diz-dados-do-ibge\/#primaryimage\",\"url\":\"https:\/\/nk7-testes.com.br\/agazeta\/wp-content\/uploads\/2024\/05\/WhatsApp-Image-2024-05-17-at-14.31.09-jpeg.webp\",\"contentUrl\":\"https:\/\/nk7-testes.com.br\/agazeta\/wp-content\/uploads\/2024\/05\/WhatsApp-Image-2024-05-17-at-14.31.09-jpeg.webp\",\"width\":1600,\"height\":899,\"caption\":\"Taxa de desemprego no Acre diminui\"},{\"@type\":\"BreadcrumbList\",\"@id\":\"https:\/\/nk7-testes.com.br\/agazeta\/acre-registra-menor-taxa-de-desemprego-dos-ultimos-anos-diz-dados-do-ibge\/#breadcrumb\",\"itemListElement\":[{\"@type\":\"ListItem\",\"position\":1,\"name\":\"In\u00edcio\",\"item\":\"https:\/\/nk7-testes.com.br\/agazeta\/\"},{\"@type\":\"ListItem\",\"position\":2,\"name\":\"Acre registra menor taxa de desemprego dos \u00faltimos anos, diz dados do IBGE\"}]},{\"@type\":\"WebSite\",\"@id\":\"https:\/\/nk7-testes.com.br\/agazeta\/#website\",\"url\":\"https:\/\/nk7-testes.com.br\/agazeta\/\",\"name\":\"Agazeta.net\",\"description\":\"Agazeta.net - Not\u00edcias de Rio Branco\/AC\",\"potentialAction\":[{\"@type\":\"SearchAction\",\"target\":{\"@type\":\"EntryPoint\",\"urlTemplate\":\"https:\/\/nk7-testes.com.br\/agazeta\/?s={search_term_string}\"},\"query-input\":{\"@type\":\"PropertyValueSpecification\",\"valueRequired\":true,\"valueName\":\"search_term_string\"}}],\"inLanguage\":\"pt-BR\"},{\"@type\":\"Person\",\"@id\":\"https:\/\/nk7-testes.com.br\/agazeta\/#\/schema\/person\/6d6e25cb0435eb4a02fd44d30b4e3020\",\"name\":\"Agazeta.Net\",\"url\":\"https:\/\/nk7-testes.com.br\/agazeta\/author\/agazeta\/\"}]}<\/script>\n<!-- \/ Yoast SEO plugin. -->","yoast_head_json":{"title":"Acre registra menor taxa de desemprego dos \u00faltimos anos, diz dados do IBGE - Agazeta.net","robots":{"index":"index","follow":"follow","max-snippet":"max-snippet:-1","max-image-preview":"max-image-preview:large","max-video-preview":"max-video-preview:-1"},"canonical":"https:\/\/nk7-testes.com.br\/agazeta\/acre-registra-menor-taxa-de-desemprego-dos-ultimos-anos-diz-dados-do-ibge\/","og_locale":"pt_BR","og_type":"article","og_title":"Acre registra menor taxa de desemprego dos \u00faltimos anos, diz dados do IBGE","og_description":"O mercado de servi\u00e7os no Acre registrou um incremento de mais de 8 mil novos empregos no ano passado","og_url":"https:\/\/nk7-testes.com.br\/agazeta\/acre-registra-menor-taxa-de-desemprego-dos-ultimos-anos-diz-dados-do-ibge\/","og_site_name":"Agazeta.net","article_published_time":"2024-05-17T19:33:27+00:00","og_image":[{"width":1600,"height":899,"url":"https:\/\/nk7-testes.com.br\/agazeta\/wp-content\/uploads\/2024\/05\/WhatsApp-Image-2024-05-17-at-14.31.09-jpeg.webp","type":"image\/jpeg"}],"author":"Agazeta.Net","twitter_card":"summary_large_image","twitter_title":"Acre registra menor taxa de desemprego dos \u00faltimos anos, diz dados do IBGE","twitter_description":"O mercado de servi\u00e7os no Acre registrou um incremento de mais de 8 mil novos empregos no ano passado","twitter_image":"https:\/\/nk7-testes.com.br\/agazeta\/wp-content\/uploads\/2024\/05\/WhatsApp-Image-2024-05-17-at-14.31.09-jpeg.webp","twitter_misc":{"Escrito por":"Agazeta.Net","Est. tempo de leitura":"2 minutos"},"schema":{"@context":"https:\/\/schema.org","@graph":[{"@type":"WebPage","@id":"https:\/\/nk7-testes.com.br\/agazeta\/acre-registra-menor-taxa-de-desemprego-dos-ultimos-anos-diz-dados-do-ibge\/","url":"https:\/\/nk7-testes.com.br\/agazeta\/acre-registra-menor-taxa-de-desemprego-dos-ultimos-anos-diz-dados-do-ibge\/","name":"Acre registra menor taxa de desemprego dos \u00faltimos anos, diz dados do IBGE - Agazeta.net","isPartOf":{"@id":"https:\/\/nk7-testes.com.br\/agazeta\/#website"},"primaryImageOfPage":{"@id":"https:\/\/nk7-testes.com.br\/agazeta\/acre-registra-menor-taxa-de-desemprego-dos-ultimos-anos-diz-dados-do-ibge\/#primaryimage"},"image":{"@id":"https:\/\/nk7-testes.com.br\/agazeta\/acre-registra-menor-taxa-de-desemprego-dos-ultimos-anos-diz-dados-do-ibge\/#primaryimage"},"thumbnailUrl":"https:\/\/nk7-testes.com.br\/agazeta\/wp-content\/uploads\/2024\/05\/WhatsApp-Image-2024-05-17-at-14.31.09-jpeg.webp","datePublished":"2024-05-17T19:33:27+00:00","author":{"@id":"https:\/\/nk7-testes.com.br\/agazeta\/#\/schema\/person\/6d6e25cb0435eb4a02fd44d30b4e3020"},"breadcrumb":{"@id":"https:\/\/nk7-testes.com.br\/agazeta\/acre-registra-menor-taxa-de-desemprego-dos-ultimos-anos-diz-dados-do-ibge\/#breadcrumb"},"inLanguage":"pt-BR","potentialAction":[{"@type":"ReadAction","target":["https:\/\/nk7-testes.com.br\/agazeta\/acre-registra-menor-taxa-de-desemprego-dos-ultimos-anos-diz-dados-do-ibge\/"]}]},{"@type":"ImageObject","inLanguage":"pt-BR","@id":"https:\/\/nk7-testes.com.br\/agazeta\/acre-registra-menor-taxa-de-desemprego-dos-ultimos-anos-diz-dados-do-ibge\/#primaryimage","url":"https:\/\/nk7-testes.com.br\/agazeta\/wp-content\/uploads\/2024\/05\/WhatsApp-Image-2024-05-17-at-14.31.09-jpeg.webp","contentUrl":"https:\/\/nk7-testes.com.br\/agazeta\/wp-content\/uploads\/2024\/05\/WhatsApp-Image-2024-05-17-at-14.31.09-jpeg.webp","width":1600,"height":899,"caption":"Taxa de desemprego no Acre diminui"},{"@type":"BreadcrumbList","@id":"https:\/\/nk7-testes.com.br\/agazeta\/acre-registra-menor-taxa-de-desemprego-dos-ultimos-anos-diz-dados-do-ibge\/#breadcrumb","itemListElement":[{"@type":"ListItem","position":1,"name":"In\u00edcio","item":"https:\/\/nk7-testes.com.br\/agazeta\/"},{"@type":"ListItem","position":2,"name":"Acre registra menor taxa de desemprego dos \u00faltimos anos, diz dados do IBGE"}]},{"@type":"WebSite","@id":"https:\/\/nk7-testes.com.br\/agazeta\/#website","url":"https:\/\/nk7-testes.com.br\/agazeta\/","name":"Agazeta.net","description":"Agazeta.net - Not\u00edcias de Rio Branco\/AC","potentialAction":[{"@type":"SearchAction","target":{"@type":"EntryPoint","urlTemplate":"https:\/\/nk7-testes.com.br\/agazeta\/?s={search_term_string}"},"query-input":{"@type":"PropertyValueSpecification","valueRequired":true,"valueName":"search_term_string"}}],"inLanguage":"pt-BR"},{"@type":"Person","@id":"https:\/\/nk7-testes.com.br\/agazeta\/#\/schema\/person\/6d6e25cb0435eb4a02fd44d30b4e3020","name":"Agazeta.Net","url":"https:\/\/nk7-testes.com.br\/agazeta\/author\/agazeta\/"}]}},"_links":{"self":[{"href":"https:\/\/nk7-testes.com.br\/agazeta\/wp-json\/wp\/v2\/posts\/132436","targetHints":{"allow":["GET"]}}],"collection":[{"href":"https:\/\/nk7-testes.com.br\/agazeta\/wp-json\/wp\/v2\/posts"}],"about":[{"href":"https:\/\/nk7-testes.com.br\/agazeta\/wp-json\/wp\/v2\/types\/post"}],"author":[{"embeddable":true,"href":"https:\/\/nk7-testes.com.br\/agazeta\/wp-json\/wp\/v2\/users\/4"}],"replies":[{"embeddable":true,"href":"https:\/\/nk7-testes.com.br\/agazeta\/wp-json\/wp\/v2\/comments?post=132436"}],"version-history":[{"count":0,"href":"https:\/\/nk7-testes.com.br\/agazeta\/wp-json\/wp\/v2\/posts\/132436\/revisions"}],"wp:featuredmedia":[{"embeddable":true,"href":"https:\/\/nk7-testes.com.br\/agazeta\/wp-json\/wp\/v2\/media\/132437"}],"wp:attachment":[{"href":"https:\/\/nk7-testes.com.br\/agazeta\/wp-json\/wp\/v2\/media?parent=132436"}],"wp:term":[{"taxonomy":"category","embeddable":true,"href":"https:\/\/nk7-testes.com.br\/agazeta\/wp-json\/wp\/v2\/categories?post=132436"},{"taxonomy":"post_tag","embeddable":true,"href":"https:\/\/nk7-testes.com.br\/agazeta\/wp-json\/wp\/v2\/tags?post=132436"}],"curies":[{"name":"wp","href":"https:\/\/api.w.org\/{rel}","templated":true}]}}