{"id":132344,"date":"2024-05-16T12:01:25","date_gmt":"2024-05-16T17:01:25","guid":{"rendered":"https:\/\/nk7-testes.com.br\/?p=132344"},"modified":"2024-05-16T12:01:25","modified_gmt":"2024-05-16T17:01:25","slug":"acre-e-o-6-estado-do-brasil-com-maior-numero-de-internacoes-por-causa-de-acidentes-de-transito","status":"publish","type":"post","link":"https:\/\/nk7-testes.com.br\/agazeta\/acre-e-o-6-estado-do-brasil-com-maior-numero-de-internacoes-por-causa-de-acidentes-de-transito\/","title":{"rendered":"Acre \u00e9 o 6\u00b0 estado do Brasil com maior n\u00famero de interna\u00e7\u00f5es por causa de acidentes de tr\u00e2nsito"},"content":{"rendered":"<p style=\"text-align: justify;\">O departamento de informa\u00e7\u00f5es do Sistema \u00danico de Sa\u00fade (SUS), divulgou nesta semana os dados em que mostram o Acre na sexta posi\u00e7\u00e3o entre os estados com maior n\u00famero de interna\u00e7\u00f5es por acidentes de tr\u00e2nsito do pa\u00eds. O informativo mostra que s\u00e3o cerca de 151 casos para cada 100 mil habitantes.<\/p>\n<p style=\"text-align: justify;\">De acordo com os dados levantados pelo Departamento Estadual de Tr\u00e2nsito do Acre (Detran\/AC), cerca de 90% dos acidentes registrados na capital s\u00e3o causados por conta de imprud\u00eancia no <span class=\"selectable-text copyable-text\">tr\u00e2nsito, <\/span>como avan\u00e7ar o sinal vermelho, ultrapassagens incorretas, excessos de velocidade, s\u00e3o os principais causadores desses sinistros.<\/p>\n<p style=\"text-align: justify;\">&#8220;O Detran e o governo do Acre t\u00eam investido em pol\u00edticas p\u00fablicas que venham realmente conscientizar os codutores, visto que 70% dos acidentes com v\u00edtimas fatal ocorrem com motociclistas&#8221;, afirma a presidente do Detran, Taynara Martins.<\/p>\n<p style=\"text-align: justify;\">Grande parte das v\u00edtimas de acidentes s\u00e3o trazidas para o Pronto-Socorro de Rio Branco.\u00a0 A equipe da unidade tamb\u00e9m mostrou outros dados,\u00a0 61% das colis\u00f5es envolvem motos e apenas 4% das vitimas s\u00e3o pedestres.<\/p>\n<p><img decoding=\"async\" class=\"aligncenter size-full wp-image-132346\" src=\"https:\/\/nk7-testes.com.br\/wp-content\/uploads\/2024\/05\/9d329630-72d2-42e0-8219-4d4e62ee78e6-jpg.webp\" alt=\"\" width=\"434\" height=\"348\" srcset=\"https:\/\/nk7-testes.com.br\/agazeta\/wp-content\/uploads\/2024\/05\/9d329630-72d2-42e0-8219-4d4e62ee78e6-jpg.webp 434w, https:\/\/nk7-testes.com.br\/agazeta\/wp-content\/uploads\/2024\/05\/9d329630-72d2-42e0-8219-4d4e62ee78e6-300x241.webp 300w\" sizes=\"(max-width: 434px) 100vw, 434px\" \/><\/p>\n<p style=\"text-align: justify;\">&#8220;A nossa maior demanda s\u00e3o com as motos, muitas delas moto com moto ou at\u00e9 mesmo moto com carro. Com isso, demanda fraturas expostas, fraturas desde simples a fraturas mais graves. Tem uma equipe de prontid\u00e3o, tanto a equipe do Centro Cir\u00fargico quanto equipe de ambulat\u00f3rio e enfermaria, para que atenda esses pacientes com a maior celeridade poss\u00edvel&#8221;, explica o m\u00e9dico, Manoel Neto.<\/p>\n<p style=\"text-align: justify;\">Na Cl\u00ednica Cir\u00fargica B do Pronto-Socorro de Rio Branco existem 26 pacientes e 20 deles s\u00e3o v\u00edtimas de acidentes de tr\u00e2nsito. &#8220;Muitas vezes como voc\u00eas sabem, tem mutila\u00e7\u00f5es grav\u00edssimas, amputa\u00e7\u00f5es <span class=\"selectable-text copyable-text\">traum\u00e1ticas. E<\/span>sses pacientes chegam aqui para gente, principalmente os que s\u00e3o ocasionados por motos&#8221;, diz a t\u00e9cnica de enfermagem, Maria Helena.<\/p>\n<p style=\"text-align: justify;\">Mesmo o estado permanecendo no topo referente ao n\u00famero de interna\u00e7\u00f5es por acidentes, o Acre est\u00e1 na antepen\u00faltima posi\u00e7\u00e3o relacionada a v\u00edtimas fatais no tr\u00e2nsito, pois os dados revelam 11,4 mortes no tr\u00e2nsito para cada 100 mil habitantes.<\/p>\n<p style=\"text-align: justify;\">&#8220;Com base no nosso levantamento, mais de 70% eram homens, com idades entre 19 a 25 anos. No final de 2023,\u00a0 estava tendo uma queda dos n\u00fameros de acidentes mensais, mas observamos que no per\u00edodo de mar\u00e7o passou a subir, abril tamb\u00e9m continua com a tend\u00eancia de aumento e agora no m\u00eas do maio amarelo, que trata a respeito da preven\u00e7\u00e3o dos acidentes de tr\u00e2nsitos, campanhas est\u00e3o sedo elaboradas. Apesar disso, observamos que continua essa tend\u00eancia de aumentos de casos, desde mar\u00e7o a abril, maio&#8230; superior aos meses passados&#8221;, explica o enfermeiro Enoque Feij\u00f3.<\/p>\n<p><em><strong>Mat\u00e9ria em v\u00eddeo produzida pelo rep\u00f3rter Luan Rodrigo para TV Gazeta<\/strong><\/em><\/p>\n","protected":false},"excerpt":{"rendered":"<p>O departamento de informa\u00e7\u00f5es do Sistema \u00danico de Sa\u00fade (SUS), divulgou nesta semana os dados em que mostram o Acre na sexta posi\u00e7\u00e3o entre os estados com maior n\u00famero de interna\u00e7\u00f5es por acidentes de tr\u00e2nsito do pa\u00eds. O informativo mostra que s\u00e3o cerca de 151 casos para cada 100 mil habitantes. De acordo com os [&hellip;]<\/p>\n","protected":false},"author":4,"featured_media":132348,"comment_status":"open","ping_status":"open","sticky":false,"template":"","format":"standard","meta":{"jnews-multi-image_gallery":[],"jnews_single_post":{"source_name":"","source_url":"","via_name":"","via_url":"","override_template":"0","override":[{"template":"custom","single_blog_custom":"110746","parallax":"1","fullscreen":"1","layout":"right-sidebar","sidebar":"default-sidebar","second_sidebar":"default-sidebar","sticky_sidebar":"1","share_position":"top","share_float_style":"share-monocrhome","show_share_counter":"1","show_view_counter":"1","show_featured":"1","show_post_meta":"1","show_post_author":"1","show_post_author_image":"1","show_post_date":"1","post_date_format":"default","post_date_format_custom":"Y\/m\/d","show_post_category":"1","show_post_reading_time":"0","post_reading_time_wpm":"300","show_zoom_button":"0","zoom_button_out_step":"2","zoom_button_in_step":"3","show_post_tag":"1","show_prev_next_post":"1","show_popup_post":"1","number_popup_post":"1","show_author_box":"0","show_post_related":"1","show_inline_post_related":"0"}],"override_image_size":"0","image_override":[{"single_post_thumbnail_size":"crop-500","single_post_gallery_size":"crop-500"}],"trending_post":"0","trending_post_position":"meta","trending_post_label":"Trending","sponsored_post":"0","sponsored_post_label":"Sponsored by","sponsored_post_name":"","sponsored_post_url":"","sponsored_post_logo_enable":"0","sponsored_post_logo":"","sponsored_post_desc":"","disable_ad":"0"},"jnews_primary_category":{"id":"","hide":""},"jnews_social_meta":{"fb_title":"","fb_description":"","fb_image":"","twitter_title":"","twitter_description":"","twitter_image":""},"jnews_review":[],"enable_review":"0","type":"percentage","name":"","summary":"","brand":"","sku":"","good":[{"good_text":""}],"bad":[{"bad_text":""}],"score_override":"0","override_value":"","rating":[{"rating_text":"","rating_number":"10"}],"price":[{"shop":"","price":"","link":"","icon":""}],"footnotes":""},"categories":[54],"tags":[152],"class_list":["post-132344","post","type-post","status-publish","format-standard","has-post-thumbnail","hentry","category-cotidiano","tag-destaque"],"yoast_head":"<!-- This site is optimized with the Yoast SEO plugin v26.5 - https:\/\/yoast.com\/wordpress\/plugins\/seo\/ -->\n<title>Acre \u00e9 o 6\u00b0 estado do Brasil com maior n\u00famero de interna\u00e7\u00f5es por causa de acidentes de tr\u00e2nsito - Agazeta.net<\/title>\n<meta name=\"robots\" content=\"index, follow, max-snippet:-1, max-image-preview:large, max-video-preview:-1\" \/>\n<link rel=\"canonical\" href=\"https:\/\/nk7-testes.com.br\/agazeta\/acre-e-o-6-estado-do-brasil-com-maior-numero-de-internacoes-por-causa-de-acidentes-de-transito\/\" \/>\n<meta property=\"og:locale\" content=\"pt_BR\" \/>\n<meta property=\"og:type\" content=\"article\" \/>\n<meta property=\"og:title\" content=\"Acre \u00e9 o 6\u00b0 estado do Brasil com maior n\u00famero de interna\u00e7\u00f5es por causa de acidentes de tr\u00e2nsito\" \/>\n<meta property=\"og:description\" content=\"De acordo com o Detran\/AC, cerca de 90% dos acidentes registrados na capital s\u00e3o causados por conta de imprud\u00eancia no tr\u00e2nsito\" \/>\n<meta property=\"og:url\" content=\"https:\/\/nk7-testes.com.br\/agazeta\/acre-e-o-6-estado-do-brasil-com-maior-numero-de-internacoes-por-causa-de-acidentes-de-transito\/\" \/>\n<meta property=\"og:site_name\" content=\"Agazeta.net\" \/>\n<meta property=\"article:published_time\" content=\"2024-05-16T17:01:25+00:00\" \/>\n<meta property=\"og:image\" content=\"https:\/\/nk7-testes.com.br\/agazeta\/wp-content\/uploads\/2024\/05\/WhatsApp-Image-2024-02-12-at-11.20.21.jpeg\" \/>\n\t<meta property=\"og:image:width\" content=\"600\" \/>\n\t<meta property=\"og:image:height\" content=\"338\" \/>\n\t<meta property=\"og:image:type\" content=\"image\/jpeg\" \/>\n<meta name=\"author\" content=\"Agazeta.Net\" \/>\n<meta name=\"twitter:card\" content=\"summary_large_image\" \/>\n<meta name=\"twitter:title\" content=\"Acre \u00e9 o 6\u00b0 estado do Brasil com maior n\u00famero de interna\u00e7\u00f5es por causa de acidentes de tr\u00e2nsito\" \/>\n<meta name=\"twitter:description\" content=\"De acordo com o Detran\/AC, cerca de 90% dos acidentes registrados na capital s\u00e3o causados por conta de imprud\u00eancia no tr\u00e2nsito\" \/>\n<meta name=\"twitter:image\" content=\"https:\/\/nk7-testes.com.br\/agazeta\/wp-content\/uploads\/2024\/05\/WhatsApp-Image-2024-02-12-at-11.20.21.jpeg\" \/>\n<meta name=\"twitter:label1\" content=\"Escrito por\" \/>\n\t<meta name=\"twitter:data1\" content=\"Agazeta.Net\" \/>\n\t<meta name=\"twitter:label2\" content=\"Est. tempo de leitura\" \/>\n\t<meta name=\"twitter:data2\" content=\"2 minutos\" \/>\n<script type=\"application\/ld+json\" class=\"yoast-schema-graph\">{\"@context\":\"https:\/\/schema.org\",\"@graph\":[{\"@type\":\"WebPage\",\"@id\":\"https:\/\/nk7-testes.com.br\/agazeta\/acre-e-o-6-estado-do-brasil-com-maior-numero-de-internacoes-por-causa-de-acidentes-de-transito\/\",\"url\":\"https:\/\/nk7-testes.com.br\/agazeta\/acre-e-o-6-estado-do-brasil-com-maior-numero-de-internacoes-por-causa-de-acidentes-de-transito\/\",\"name\":\"Acre \u00e9 o 6\u00b0 estado do Brasil com maior n\u00famero de interna\u00e7\u00f5es por causa de acidentes de tr\u00e2nsito - Agazeta.net\",\"isPartOf\":{\"@id\":\"https:\/\/nk7-testes.com.br\/agazeta\/#website\"},\"primaryImageOfPage\":{\"@id\":\"https:\/\/nk7-testes.com.br\/agazeta\/acre-e-o-6-estado-do-brasil-com-maior-numero-de-internacoes-por-causa-de-acidentes-de-transito\/#primaryimage\"},\"image\":{\"@id\":\"https:\/\/nk7-testes.com.br\/agazeta\/acre-e-o-6-estado-do-brasil-com-maior-numero-de-internacoes-por-causa-de-acidentes-de-transito\/#primaryimage\"},\"thumbnailUrl\":\"https:\/\/nk7-testes.com.br\/agazeta\/wp-content\/uploads\/2024\/05\/WhatsApp-Image-2024-02-12-at-11.20.21.jpeg\",\"datePublished\":\"2024-05-16T17:01:25+00:00\",\"author\":{\"@id\":\"https:\/\/nk7-testes.com.br\/agazeta\/#\/schema\/person\/6d6e25cb0435eb4a02fd44d30b4e3020\"},\"breadcrumb\":{\"@id\":\"https:\/\/nk7-testes.com.br\/agazeta\/acre-e-o-6-estado-do-brasil-com-maior-numero-de-internacoes-por-causa-de-acidentes-de-transito\/#breadcrumb\"},\"inLanguage\":\"pt-BR\",\"potentialAction\":[{\"@type\":\"ReadAction\",\"target\":[\"https:\/\/nk7-testes.com.br\/agazeta\/acre-e-o-6-estado-do-brasil-com-maior-numero-de-internacoes-por-causa-de-acidentes-de-transito\/\"]}]},{\"@type\":\"ImageObject\",\"inLanguage\":\"pt-BR\",\"@id\":\"https:\/\/nk7-testes.com.br\/agazeta\/acre-e-o-6-estado-do-brasil-com-maior-numero-de-internacoes-por-causa-de-acidentes-de-transito\/#primaryimage\",\"url\":\"https:\/\/nk7-testes.com.br\/agazeta\/wp-content\/uploads\/2024\/05\/WhatsApp-Image-2024-02-12-at-11.20.21.jpeg\",\"contentUrl\":\"https:\/\/nk7-testes.com.br\/agazeta\/wp-content\/uploads\/2024\/05\/WhatsApp-Image-2024-02-12-at-11.20.21.jpeg\",\"width\":600,\"height\":338},{\"@type\":\"BreadcrumbList\",\"@id\":\"https:\/\/nk7-testes.com.br\/agazeta\/acre-e-o-6-estado-do-brasil-com-maior-numero-de-internacoes-por-causa-de-acidentes-de-transito\/#breadcrumb\",\"itemListElement\":[{\"@type\":\"ListItem\",\"position\":1,\"name\":\"In\u00edcio\",\"item\":\"https:\/\/nk7-testes.com.br\/agazeta\/\"},{\"@type\":\"ListItem\",\"position\":2,\"name\":\"Acre \u00e9 o 6\u00b0 estado do Brasil com maior n\u00famero de interna\u00e7\u00f5es por causa de acidentes de tr\u00e2nsito\"}]},{\"@type\":\"WebSite\",\"@id\":\"https:\/\/nk7-testes.com.br\/agazeta\/#website\",\"url\":\"https:\/\/nk7-testes.com.br\/agazeta\/\",\"name\":\"Agazeta.net\",\"description\":\"Agazeta.net - Not\u00edcias de Rio Branco\/AC\",\"potentialAction\":[{\"@type\":\"SearchAction\",\"target\":{\"@type\":\"EntryPoint\",\"urlTemplate\":\"https:\/\/nk7-testes.com.br\/agazeta\/?s={search_term_string}\"},\"query-input\":{\"@type\":\"PropertyValueSpecification\",\"valueRequired\":true,\"valueName\":\"search_term_string\"}}],\"inLanguage\":\"pt-BR\"},{\"@type\":\"Person\",\"@id\":\"https:\/\/nk7-testes.com.br\/agazeta\/#\/schema\/person\/6d6e25cb0435eb4a02fd44d30b4e3020\",\"name\":\"Agazeta.Net\",\"url\":\"https:\/\/nk7-testes.com.br\/agazeta\/author\/agazeta\/\"}]}<\/script>\n<!-- \/ Yoast SEO plugin. -->","yoast_head_json":{"title":"Acre \u00e9 o 6\u00b0 estado do Brasil com maior n\u00famero de interna\u00e7\u00f5es por causa de acidentes de tr\u00e2nsito - Agazeta.net","robots":{"index":"index","follow":"follow","max-snippet":"max-snippet:-1","max-image-preview":"max-image-preview:large","max-video-preview":"max-video-preview:-1"},"canonical":"https:\/\/nk7-testes.com.br\/agazeta\/acre-e-o-6-estado-do-brasil-com-maior-numero-de-internacoes-por-causa-de-acidentes-de-transito\/","og_locale":"pt_BR","og_type":"article","og_title":"Acre \u00e9 o 6\u00b0 estado do Brasil com maior n\u00famero de interna\u00e7\u00f5es por causa de acidentes de tr\u00e2nsito","og_description":"De acordo com o Detran\/AC, cerca de 90% dos acidentes registrados na capital s\u00e3o causados por conta de imprud\u00eancia no tr\u00e2nsito","og_url":"https:\/\/nk7-testes.com.br\/agazeta\/acre-e-o-6-estado-do-brasil-com-maior-numero-de-internacoes-por-causa-de-acidentes-de-transito\/","og_site_name":"Agazeta.net","article_published_time":"2024-05-16T17:01:25+00:00","og_image":[{"width":600,"height":338,"url":"https:\/\/nk7-testes.com.br\/agazeta\/wp-content\/uploads\/2024\/05\/WhatsApp-Image-2024-02-12-at-11.20.21.jpeg","type":"image\/jpeg"}],"author":"Agazeta.Net","twitter_card":"summary_large_image","twitter_title":"Acre \u00e9 o 6\u00b0 estado do Brasil com maior n\u00famero de interna\u00e7\u00f5es por causa de acidentes de tr\u00e2nsito","twitter_description":"De acordo com o Detran\/AC, cerca de 90% dos acidentes registrados na capital s\u00e3o causados por conta de imprud\u00eancia no tr\u00e2nsito","twitter_image":"https:\/\/nk7-testes.com.br\/agazeta\/wp-content\/uploads\/2024\/05\/WhatsApp-Image-2024-02-12-at-11.20.21.jpeg","twitter_misc":{"Escrito por":"Agazeta.Net","Est. tempo de leitura":"2 minutos"},"schema":{"@context":"https:\/\/schema.org","@graph":[{"@type":"WebPage","@id":"https:\/\/nk7-testes.com.br\/agazeta\/acre-e-o-6-estado-do-brasil-com-maior-numero-de-internacoes-por-causa-de-acidentes-de-transito\/","url":"https:\/\/nk7-testes.com.br\/agazeta\/acre-e-o-6-estado-do-brasil-com-maior-numero-de-internacoes-por-causa-de-acidentes-de-transito\/","name":"Acre \u00e9 o 6\u00b0 estado do Brasil com maior n\u00famero de interna\u00e7\u00f5es por causa de acidentes de tr\u00e2nsito - Agazeta.net","isPartOf":{"@id":"https:\/\/nk7-testes.com.br\/agazeta\/#website"},"primaryImageOfPage":{"@id":"https:\/\/nk7-testes.com.br\/agazeta\/acre-e-o-6-estado-do-brasil-com-maior-numero-de-internacoes-por-causa-de-acidentes-de-transito\/#primaryimage"},"image":{"@id":"https:\/\/nk7-testes.com.br\/agazeta\/acre-e-o-6-estado-do-brasil-com-maior-numero-de-internacoes-por-causa-de-acidentes-de-transito\/#primaryimage"},"thumbnailUrl":"https:\/\/nk7-testes.com.br\/agazeta\/wp-content\/uploads\/2024\/05\/WhatsApp-Image-2024-02-12-at-11.20.21.jpeg","datePublished":"2024-05-16T17:01:25+00:00","author":{"@id":"https:\/\/nk7-testes.com.br\/agazeta\/#\/schema\/person\/6d6e25cb0435eb4a02fd44d30b4e3020"},"breadcrumb":{"@id":"https:\/\/nk7-testes.com.br\/agazeta\/acre-e-o-6-estado-do-brasil-com-maior-numero-de-internacoes-por-causa-de-acidentes-de-transito\/#breadcrumb"},"inLanguage":"pt-BR","potentialAction":[{"@type":"ReadAction","target":["https:\/\/nk7-testes.com.br\/agazeta\/acre-e-o-6-estado-do-brasil-com-maior-numero-de-internacoes-por-causa-de-acidentes-de-transito\/"]}]},{"@type":"ImageObject","inLanguage":"pt-BR","@id":"https:\/\/nk7-testes.com.br\/agazeta\/acre-e-o-6-estado-do-brasil-com-maior-numero-de-internacoes-por-causa-de-acidentes-de-transito\/#primaryimage","url":"https:\/\/nk7-testes.com.br\/agazeta\/wp-content\/uploads\/2024\/05\/WhatsApp-Image-2024-02-12-at-11.20.21.jpeg","contentUrl":"https:\/\/nk7-testes.com.br\/agazeta\/wp-content\/uploads\/2024\/05\/WhatsApp-Image-2024-02-12-at-11.20.21.jpeg","width":600,"height":338},{"@type":"BreadcrumbList","@id":"https:\/\/nk7-testes.com.br\/agazeta\/acre-e-o-6-estado-do-brasil-com-maior-numero-de-internacoes-por-causa-de-acidentes-de-transito\/#breadcrumb","itemListElement":[{"@type":"ListItem","position":1,"name":"In\u00edcio","item":"https:\/\/nk7-testes.com.br\/agazeta\/"},{"@type":"ListItem","position":2,"name":"Acre \u00e9 o 6\u00b0 estado do Brasil com maior n\u00famero de interna\u00e7\u00f5es por causa de acidentes de tr\u00e2nsito"}]},{"@type":"WebSite","@id":"https:\/\/nk7-testes.com.br\/agazeta\/#website","url":"https:\/\/nk7-testes.com.br\/agazeta\/","name":"Agazeta.net","description":"Agazeta.net - Not\u00edcias de Rio Branco\/AC","potentialAction":[{"@type":"SearchAction","target":{"@type":"EntryPoint","urlTemplate":"https:\/\/nk7-testes.com.br\/agazeta\/?s={search_term_string}"},"query-input":{"@type":"PropertyValueSpecification","valueRequired":true,"valueName":"search_term_string"}}],"inLanguage":"pt-BR"},{"@type":"Person","@id":"https:\/\/nk7-testes.com.br\/agazeta\/#\/schema\/person\/6d6e25cb0435eb4a02fd44d30b4e3020","name":"Agazeta.Net","url":"https:\/\/nk7-testes.com.br\/agazeta\/author\/agazeta\/"}]}},"_links":{"self":[{"href":"https:\/\/nk7-testes.com.br\/agazeta\/wp-json\/wp\/v2\/posts\/132344","targetHints":{"allow":["GET"]}}],"collection":[{"href":"https:\/\/nk7-testes.com.br\/agazeta\/wp-json\/wp\/v2\/posts"}],"about":[{"href":"https:\/\/nk7-testes.com.br\/agazeta\/wp-json\/wp\/v2\/types\/post"}],"author":[{"embeddable":true,"href":"https:\/\/nk7-testes.com.br\/agazeta\/wp-json\/wp\/v2\/users\/4"}],"replies":[{"embeddable":true,"href":"https:\/\/nk7-testes.com.br\/agazeta\/wp-json\/wp\/v2\/comments?post=132344"}],"version-history":[{"count":0,"href":"https:\/\/nk7-testes.com.br\/agazeta\/wp-json\/wp\/v2\/posts\/132344\/revisions"}],"wp:featuredmedia":[{"embeddable":true,"href":"https:\/\/nk7-testes.com.br\/agazeta\/wp-json\/wp\/v2\/media\/132348"}],"wp:attachment":[{"href":"https:\/\/nk7-testes.com.br\/agazeta\/wp-json\/wp\/v2\/media?parent=132344"}],"wp:term":[{"taxonomy":"category","embeddable":true,"href":"https:\/\/nk7-testes.com.br\/agazeta\/wp-json\/wp\/v2\/categories?post=132344"},{"taxonomy":"post_tag","embeddable":true,"href":"https:\/\/nk7-testes.com.br\/agazeta\/wp-json\/wp\/v2\/tags?post=132344"}],"curies":[{"name":"wp","href":"https:\/\/api.w.org\/{rel}","templated":true}]}}