{"id":132316,"date":"2024-05-16T08:40:17","date_gmt":"2024-05-16T13:40:17","guid":{"rendered":"https:\/\/nk7-testes.com.br\/?p=132316"},"modified":"2024-05-16T08:40:17","modified_gmt":"2024-05-16T13:40:17","slug":"velorio-do-advogado-romano-gouvea-ocorre-na-sede-da-oab-ac","status":"publish","type":"post","link":"https:\/\/nk7-testes.com.br\/agazeta\/velorio-do-advogado-romano-gouvea-ocorre-na-sede-da-oab-ac\/","title":{"rendered":"Vel\u00f3rio do advogado Romano Gouvea ocorre na sede da OAB\/AC"},"content":{"rendered":"<p style=\"text-align: justify;\">Ap\u00f3s seis dias internado na Unidade de Terapia Intensiva (UTI) do Pronto-Socorro de Rio Branco, o advogado criminalista Romano Gouveia, de 48 anos, morreu na tarde desta quinta-feira (15). O vel\u00f3rio ocorre na sede da Ordem dos Advogados do Brasil Acre (OAB-AC), e o enterro ser\u00e1 tamb\u00e9m nesta quinta-feira, \u00e0s 17h no cemit\u00e9rio Morada da Paz.<\/p>\n<p style=\"text-align: justify;\">O advogado sofreu um infarto em casa na noite da \u00faltima quinta-feira (09), enquanto ele era levado para o hospital, acabou sofrendo um acidente de carro pr\u00f3ximo \u00e1s ruas Silvestre Coelho e Alexandre Lopes, no Bairro Bosque, e ap\u00f3s isso, as pessoas que estavam pr\u00f3ximas fizeram massagem card\u00edaca nele.<\/p>\n<p style=\"text-align: justify;\">Ainda na noite desta quarta-feira (14), os m\u00e9dicos registraram o protocolo de morte encef\u00e1lica. Depois de algumas horas, veio a confirma\u00e7\u00e3o do \u00f3bito.<\/p>\n<figure id=\"attachment_132325\" aria-describedby=\"caption-attachment-132325\" style=\"width: 345px\" class=\"wp-caption aligncenter\"><img decoding=\"async\" class=\"wp-image-132325\" src=\"https:\/\/nk7-testes.com.br\/wp-content\/uploads\/2024\/05\/51554ff1-69a7-4e8c-8d31-a40fcacfa8cf-jpg.webp\" alt=\"\" width=\"345\" height=\"371\" srcset=\"https:\/\/nk7-testes.com.br\/agazeta\/wp-content\/uploads\/2024\/05\/51554ff1-69a7-4e8c-8d31-a40fcacfa8cf-jpg.webp 1080w, https:\/\/nk7-testes.com.br\/agazeta\/wp-content\/uploads\/2024\/05\/51554ff1-69a7-4e8c-8d31-a40fcacfa8cf-279x300.webp 279w, https:\/\/nk7-testes.com.br\/agazeta\/wp-content\/uploads\/2024\/05\/51554ff1-69a7-4e8c-8d31-a40fcacfa8cf-951x1024.webp 951w, https:\/\/nk7-testes.com.br\/agazeta\/wp-content\/uploads\/2024\/05\/51554ff1-69a7-4e8c-8d31-a40fcacfa8cf-768x827.webp 768w, https:\/\/nk7-testes.com.br\/agazeta\/wp-content\/uploads\/2024\/05\/51554ff1-69a7-4e8c-8d31-a40fcacfa8cf-750x808.webp 750w\" sizes=\"(max-width: 345px) 100vw, 345px\" \/><figcaption id=\"caption-attachment-132325\" class=\"wp-caption-text\">Print da rede social do irm\u00e3o do advogado Romano Gouveia<\/figcaption><\/figure>\n","protected":false},"excerpt":{"rendered":"<p>Ap\u00f3s seis dias internado na Unidade de Terapia Intensiva (UTI) do Pronto-Socorro de Rio Branco, o advogado criminalista Romano Gouveia, de 48 anos, morreu na tarde desta quinta-feira (15). O vel\u00f3rio ocorre na sede da Ordem dos Advogados do Brasil Acre (OAB-AC), e o enterro ser\u00e1 tamb\u00e9m nesta quinta-feira, \u00e0s 17h no cemit\u00e9rio Morada da [&hellip;]<\/p>\n","protected":false},"author":4,"featured_media":132324,"comment_status":"open","ping_status":"open","sticky":false,"template":"","format":"standard","meta":{"jnews-multi-image_gallery":[],"jnews_single_post":{"source_name":"","source_url":"","via_name":"","via_url":"","override_template":"0","override":[{"template":"custom","single_blog_custom":"110746","parallax":"1","fullscreen":"1","layout":"right-sidebar","sidebar":"default-sidebar","second_sidebar":"default-sidebar","sticky_sidebar":"1","share_position":"top","share_float_style":"share-monocrhome","show_share_counter":"1","show_view_counter":"1","show_featured":"1","show_post_meta":"1","show_post_author":"1","show_post_author_image":"1","show_post_date":"1","post_date_format":"default","post_date_format_custom":"Y\/m\/d","show_post_category":"1","show_post_reading_time":"0","post_reading_time_wpm":"300","show_zoom_button":"0","zoom_button_out_step":"2","zoom_button_in_step":"3","show_post_tag":"1","show_prev_next_post":"1","show_popup_post":"1","number_popup_post":"1","show_author_box":"0","show_post_related":"1","show_inline_post_related":"0"}],"override_image_size":"0","image_override":[{"single_post_thumbnail_size":"crop-500","single_post_gallery_size":"crop-500"}],"trending_post":"0","trending_post_position":"meta","trending_post_label":"Trending","sponsored_post":"0","sponsored_post_label":"Sponsored by","sponsored_post_name":"","sponsored_post_url":"","sponsored_post_logo_enable":"0","sponsored_post_logo":"","sponsored_post_desc":"","disable_ad":"0"},"jnews_primary_category":{"id":"","hide":""},"jnews_social_meta":{"fb_title":"","fb_description":"","fb_image":"","twitter_title":"","twitter_description":"","twitter_image":""},"jnews_review":[],"enable_review":"0","type":"percentage","name":"","summary":"","brand":"","sku":"","good":[{"good_text":""}],"bad":[{"bad_text":""}],"score_override":"0","override_value":"","rating":[{"rating_text":"","rating_number":"10"}],"price":[{"shop":"","price":"","link":"","icon":""}],"footnotes":""},"categories":[54],"tags":[152],"class_list":["post-132316","post","type-post","status-publish","format-standard","has-post-thumbnail","hentry","category-cotidiano","tag-destaque"],"yoast_head":"<!-- This site is optimized with the Yoast SEO plugin v26.5 - https:\/\/yoast.com\/wordpress\/plugins\/seo\/ -->\n<title>Vel\u00f3rio do advogado Romano Gouvea ocorre na sede da OAB\/AC - Agazeta.net<\/title>\n<meta name=\"robots\" content=\"index, follow, max-snippet:-1, max-image-preview:large, max-video-preview:-1\" \/>\n<link rel=\"canonical\" href=\"https:\/\/nk7-testes.com.br\/agazeta\/velorio-do-advogado-romano-gouvea-ocorre-na-sede-da-oab-ac\/\" \/>\n<meta property=\"og:locale\" content=\"pt_BR\" \/>\n<meta property=\"og:type\" content=\"article\" \/>\n<meta property=\"og:title\" content=\"Vel\u00f3rio do advogado Romano Gouvea ocorre na sede da OAB\/AC\" \/>\n<meta property=\"og:description\" content=\"O enterro ser\u00e1 tamb\u00e9m nesta quinta-feira, \u00e0s 17h no cemit\u00e9rio Morada da Paz\" \/>\n<meta property=\"og:url\" content=\"https:\/\/nk7-testes.com.br\/agazeta\/velorio-do-advogado-romano-gouvea-ocorre-na-sede-da-oab-ac\/\" \/>\n<meta property=\"og:site_name\" content=\"Agazeta.net\" \/>\n<meta property=\"article:published_time\" content=\"2024-05-16T13:40:17+00:00\" \/>\n<meta property=\"og:image\" content=\"https:\/\/nk7-testes.com.br\/agazeta\/wp-content\/uploads\/2024\/05\/8ac2318b-0a17-462b-9c72-220e5d6a1cc3-jpg.webp\" \/>\n\t<meta property=\"og:image:width\" content=\"800\" \/>\n\t<meta property=\"og:image:height\" content=\"433\" \/>\n\t<meta property=\"og:image:type\" content=\"image\/jpeg\" \/>\n<meta name=\"author\" content=\"Agazeta.Net\" \/>\n<meta name=\"twitter:card\" content=\"summary_large_image\" \/>\n<meta name=\"twitter:title\" content=\"Vel\u00f3rio do advogado Romano Gouvea ocorre na sede da OAB\/AC\" \/>\n<meta name=\"twitter:description\" content=\"O enterro ser\u00e1 tamb\u00e9m nesta quinta-feira, \u00e0s 17h no cemit\u00e9rio Morada da Paz\" \/>\n<meta name=\"twitter:image\" content=\"https:\/\/nk7-testes.com.br\/agazeta\/wp-content\/uploads\/2024\/05\/8ac2318b-0a17-462b-9c72-220e5d6a1cc3-jpg.webp\" \/>\n<meta name=\"twitter:label1\" content=\"Escrito por\" \/>\n\t<meta name=\"twitter:data1\" content=\"Agazeta.Net\" \/>\n\t<meta name=\"twitter:label2\" content=\"Est. tempo de leitura\" \/>\n\t<meta name=\"twitter:data2\" content=\"1 minuto\" \/>\n<script type=\"application\/ld+json\" class=\"yoast-schema-graph\">{\"@context\":\"https:\/\/schema.org\",\"@graph\":[{\"@type\":\"WebPage\",\"@id\":\"https:\/\/nk7-testes.com.br\/agazeta\/velorio-do-advogado-romano-gouvea-ocorre-na-sede-da-oab-ac\/\",\"url\":\"https:\/\/nk7-testes.com.br\/agazeta\/velorio-do-advogado-romano-gouvea-ocorre-na-sede-da-oab-ac\/\",\"name\":\"Vel\u00f3rio do advogado Romano Gouvea ocorre na sede da OAB\/AC - Agazeta.net\",\"isPartOf\":{\"@id\":\"https:\/\/nk7-testes.com.br\/agazeta\/#website\"},\"primaryImageOfPage\":{\"@id\":\"https:\/\/nk7-testes.com.br\/agazeta\/velorio-do-advogado-romano-gouvea-ocorre-na-sede-da-oab-ac\/#primaryimage\"},\"image\":{\"@id\":\"https:\/\/nk7-testes.com.br\/agazeta\/velorio-do-advogado-romano-gouvea-ocorre-na-sede-da-oab-ac\/#primaryimage\"},\"thumbnailUrl\":\"https:\/\/nk7-testes.com.br\/agazeta\/wp-content\/uploads\/2024\/05\/8ac2318b-0a17-462b-9c72-220e5d6a1cc3-jpg.webp\",\"datePublished\":\"2024-05-16T13:40:17+00:00\",\"author\":{\"@id\":\"https:\/\/nk7-testes.com.br\/agazeta\/#\/schema\/person\/6d6e25cb0435eb4a02fd44d30b4e3020\"},\"breadcrumb\":{\"@id\":\"https:\/\/nk7-testes.com.br\/agazeta\/velorio-do-advogado-romano-gouvea-ocorre-na-sede-da-oab-ac\/#breadcrumb\"},\"inLanguage\":\"pt-BR\",\"potentialAction\":[{\"@type\":\"ReadAction\",\"target\":[\"https:\/\/nk7-testes.com.br\/agazeta\/velorio-do-advogado-romano-gouvea-ocorre-na-sede-da-oab-ac\/\"]}]},{\"@type\":\"ImageObject\",\"inLanguage\":\"pt-BR\",\"@id\":\"https:\/\/nk7-testes.com.br\/agazeta\/velorio-do-advogado-romano-gouvea-ocorre-na-sede-da-oab-ac\/#primaryimage\",\"url\":\"https:\/\/nk7-testes.com.br\/agazeta\/wp-content\/uploads\/2024\/05\/8ac2318b-0a17-462b-9c72-220e5d6a1cc3-jpg.webp\",\"contentUrl\":\"https:\/\/nk7-testes.com.br\/agazeta\/wp-content\/uploads\/2024\/05\/8ac2318b-0a17-462b-9c72-220e5d6a1cc3-jpg.webp\",\"width\":800,\"height\":433},{\"@type\":\"BreadcrumbList\",\"@id\":\"https:\/\/nk7-testes.com.br\/agazeta\/velorio-do-advogado-romano-gouvea-ocorre-na-sede-da-oab-ac\/#breadcrumb\",\"itemListElement\":[{\"@type\":\"ListItem\",\"position\":1,\"name\":\"In\u00edcio\",\"item\":\"https:\/\/nk7-testes.com.br\/agazeta\/\"},{\"@type\":\"ListItem\",\"position\":2,\"name\":\"Vel\u00f3rio do advogado Romano Gouvea ocorre na sede da OAB\/AC\"}]},{\"@type\":\"WebSite\",\"@id\":\"https:\/\/nk7-testes.com.br\/agazeta\/#website\",\"url\":\"https:\/\/nk7-testes.com.br\/agazeta\/\",\"name\":\"Agazeta.net\",\"description\":\"Agazeta.net - Not\u00edcias de Rio Branco\/AC\",\"potentialAction\":[{\"@type\":\"SearchAction\",\"target\":{\"@type\":\"EntryPoint\",\"urlTemplate\":\"https:\/\/nk7-testes.com.br\/agazeta\/?s={search_term_string}\"},\"query-input\":{\"@type\":\"PropertyValueSpecification\",\"valueRequired\":true,\"valueName\":\"search_term_string\"}}],\"inLanguage\":\"pt-BR\"},{\"@type\":\"Person\",\"@id\":\"https:\/\/nk7-testes.com.br\/agazeta\/#\/schema\/person\/6d6e25cb0435eb4a02fd44d30b4e3020\",\"name\":\"Agazeta.Net\",\"url\":\"https:\/\/nk7-testes.com.br\/agazeta\/author\/agazeta\/\"}]}<\/script>\n<!-- \/ Yoast SEO plugin. -->","yoast_head_json":{"title":"Vel\u00f3rio do advogado Romano Gouvea ocorre na sede da OAB\/AC - Agazeta.net","robots":{"index":"index","follow":"follow","max-snippet":"max-snippet:-1","max-image-preview":"max-image-preview:large","max-video-preview":"max-video-preview:-1"},"canonical":"https:\/\/nk7-testes.com.br\/agazeta\/velorio-do-advogado-romano-gouvea-ocorre-na-sede-da-oab-ac\/","og_locale":"pt_BR","og_type":"article","og_title":"Vel\u00f3rio do advogado Romano Gouvea ocorre na sede da OAB\/AC","og_description":"O enterro ser\u00e1 tamb\u00e9m nesta quinta-feira, \u00e0s 17h no cemit\u00e9rio Morada da Paz","og_url":"https:\/\/nk7-testes.com.br\/agazeta\/velorio-do-advogado-romano-gouvea-ocorre-na-sede-da-oab-ac\/","og_site_name":"Agazeta.net","article_published_time":"2024-05-16T13:40:17+00:00","og_image":[{"width":800,"height":433,"url":"https:\/\/nk7-testes.com.br\/agazeta\/wp-content\/uploads\/2024\/05\/8ac2318b-0a17-462b-9c72-220e5d6a1cc3-jpg.webp","type":"image\/jpeg"}],"author":"Agazeta.Net","twitter_card":"summary_large_image","twitter_title":"Vel\u00f3rio do advogado Romano Gouvea ocorre na sede da OAB\/AC","twitter_description":"O enterro ser\u00e1 tamb\u00e9m nesta quinta-feira, \u00e0s 17h no cemit\u00e9rio Morada da Paz","twitter_image":"https:\/\/nk7-testes.com.br\/agazeta\/wp-content\/uploads\/2024\/05\/8ac2318b-0a17-462b-9c72-220e5d6a1cc3-jpg.webp","twitter_misc":{"Escrito por":"Agazeta.Net","Est. tempo de leitura":"1 minuto"},"schema":{"@context":"https:\/\/schema.org","@graph":[{"@type":"WebPage","@id":"https:\/\/nk7-testes.com.br\/agazeta\/velorio-do-advogado-romano-gouvea-ocorre-na-sede-da-oab-ac\/","url":"https:\/\/nk7-testes.com.br\/agazeta\/velorio-do-advogado-romano-gouvea-ocorre-na-sede-da-oab-ac\/","name":"Vel\u00f3rio do advogado Romano Gouvea ocorre na sede da OAB\/AC - Agazeta.net","isPartOf":{"@id":"https:\/\/nk7-testes.com.br\/agazeta\/#website"},"primaryImageOfPage":{"@id":"https:\/\/nk7-testes.com.br\/agazeta\/velorio-do-advogado-romano-gouvea-ocorre-na-sede-da-oab-ac\/#primaryimage"},"image":{"@id":"https:\/\/nk7-testes.com.br\/agazeta\/velorio-do-advogado-romano-gouvea-ocorre-na-sede-da-oab-ac\/#primaryimage"},"thumbnailUrl":"https:\/\/nk7-testes.com.br\/agazeta\/wp-content\/uploads\/2024\/05\/8ac2318b-0a17-462b-9c72-220e5d6a1cc3-jpg.webp","datePublished":"2024-05-16T13:40:17+00:00","author":{"@id":"https:\/\/nk7-testes.com.br\/agazeta\/#\/schema\/person\/6d6e25cb0435eb4a02fd44d30b4e3020"},"breadcrumb":{"@id":"https:\/\/nk7-testes.com.br\/agazeta\/velorio-do-advogado-romano-gouvea-ocorre-na-sede-da-oab-ac\/#breadcrumb"},"inLanguage":"pt-BR","potentialAction":[{"@type":"ReadAction","target":["https:\/\/nk7-testes.com.br\/agazeta\/velorio-do-advogado-romano-gouvea-ocorre-na-sede-da-oab-ac\/"]}]},{"@type":"ImageObject","inLanguage":"pt-BR","@id":"https:\/\/nk7-testes.com.br\/agazeta\/velorio-do-advogado-romano-gouvea-ocorre-na-sede-da-oab-ac\/#primaryimage","url":"https:\/\/nk7-testes.com.br\/agazeta\/wp-content\/uploads\/2024\/05\/8ac2318b-0a17-462b-9c72-220e5d6a1cc3-jpg.webp","contentUrl":"https:\/\/nk7-testes.com.br\/agazeta\/wp-content\/uploads\/2024\/05\/8ac2318b-0a17-462b-9c72-220e5d6a1cc3-jpg.webp","width":800,"height":433},{"@type":"BreadcrumbList","@id":"https:\/\/nk7-testes.com.br\/agazeta\/velorio-do-advogado-romano-gouvea-ocorre-na-sede-da-oab-ac\/#breadcrumb","itemListElement":[{"@type":"ListItem","position":1,"name":"In\u00edcio","item":"https:\/\/nk7-testes.com.br\/agazeta\/"},{"@type":"ListItem","position":2,"name":"Vel\u00f3rio do advogado Romano Gouvea ocorre na sede da OAB\/AC"}]},{"@type":"WebSite","@id":"https:\/\/nk7-testes.com.br\/agazeta\/#website","url":"https:\/\/nk7-testes.com.br\/agazeta\/","name":"Agazeta.net","description":"Agazeta.net - Not\u00edcias de Rio Branco\/AC","potentialAction":[{"@type":"SearchAction","target":{"@type":"EntryPoint","urlTemplate":"https:\/\/nk7-testes.com.br\/agazeta\/?s={search_term_string}"},"query-input":{"@type":"PropertyValueSpecification","valueRequired":true,"valueName":"search_term_string"}}],"inLanguage":"pt-BR"},{"@type":"Person","@id":"https:\/\/nk7-testes.com.br\/agazeta\/#\/schema\/person\/6d6e25cb0435eb4a02fd44d30b4e3020","name":"Agazeta.Net","url":"https:\/\/nk7-testes.com.br\/agazeta\/author\/agazeta\/"}]}},"_links":{"self":[{"href":"https:\/\/nk7-testes.com.br\/agazeta\/wp-json\/wp\/v2\/posts\/132316","targetHints":{"allow":["GET"]}}],"collection":[{"href":"https:\/\/nk7-testes.com.br\/agazeta\/wp-json\/wp\/v2\/posts"}],"about":[{"href":"https:\/\/nk7-testes.com.br\/agazeta\/wp-json\/wp\/v2\/types\/post"}],"author":[{"embeddable":true,"href":"https:\/\/nk7-testes.com.br\/agazeta\/wp-json\/wp\/v2\/users\/4"}],"replies":[{"embeddable":true,"href":"https:\/\/nk7-testes.com.br\/agazeta\/wp-json\/wp\/v2\/comments?post=132316"}],"version-history":[{"count":0,"href":"https:\/\/nk7-testes.com.br\/agazeta\/wp-json\/wp\/v2\/posts\/132316\/revisions"}],"wp:featuredmedia":[{"embeddable":true,"href":"https:\/\/nk7-testes.com.br\/agazeta\/wp-json\/wp\/v2\/media\/132324"}],"wp:attachment":[{"href":"https:\/\/nk7-testes.com.br\/agazeta\/wp-json\/wp\/v2\/media?parent=132316"}],"wp:term":[{"taxonomy":"category","embeddable":true,"href":"https:\/\/nk7-testes.com.br\/agazeta\/wp-json\/wp\/v2\/categories?post=132316"},{"taxonomy":"post_tag","embeddable":true,"href":"https:\/\/nk7-testes.com.br\/agazeta\/wp-json\/wp\/v2\/tags?post=132316"}],"curies":[{"name":"wp","href":"https:\/\/api.w.org\/{rel}","templated":true}]}}