{"id":132296,"date":"2024-05-15T13:18:04","date_gmt":"2024-05-15T18:18:04","guid":{"rendered":"https:\/\/nk7-testes.com.br\/?p=132296"},"modified":"2024-05-15T13:18:04","modified_gmt":"2024-05-15T18:18:04","slug":"estamos-falando-de-carne-de-primeira-diz-fecomercio-sobre-diminuicao-no-preco-da-carne-no-ac","status":"publish","type":"post","link":"https:\/\/nk7-testes.com.br\/agazeta\/estamos-falando-de-carne-de-primeira-diz-fecomercio-sobre-diminuicao-no-preco-da-carne-no-ac\/","title":{"rendered":"\u201cEstamos falando de carne de primeira\u201d, diz Fecom\u00e9rcio sobre diminui\u00e7\u00e3o no pre\u00e7o da carne no AC"},"content":{"rendered":"<p style=\"text-align: justify;\"><span style=\"font-weight: 400;\">Uma an\u00e1lise recente da Federa\u00e7\u00e3o do com\u00e9rcio do Estado do Acre (Fecom\u00e9rcio) revela uma redu\u00e7\u00e3o significativa nos pre\u00e7os de alimentos b\u00e1sicos, especialmente carne bovina, no estado do Acre. A pesquisa destaca uma diminui\u00e7\u00e3o de 15,10% nos pre\u00e7os da carne, que reflete em uma economia percept\u00edvel para os consumidores nos mercados locais.<\/span><\/p>\n<p style=\"text-align: justify;\"><span style=\"font-weight: 400;\">Eg\u00eddio Gar\u00f3, assessor da presid\u00eancia da Fecom\u00e9rcio Acre, destaca a import\u00e2ncia dessa queda nos pre\u00e7os e a influ\u00eancia positiva que isso tem no or\u00e7amento das fam\u00edlias. A redu\u00e7\u00e3o nos valores da carne bovina, assim como de outros g\u00eaneros aliment\u00edcios, resultou em uma diminui\u00e7\u00e3o de aproximadamente 10% no custo total da cesta b\u00e1sica, que agora \u00e9 encontrada por cerca de R$ 597.<\/span><\/p>\n<p style=\"text-align: justify;\"><span style=\"font-weight: 400;\">\u201cAgora a carne tem baixado, mas n\u00e3o se esperava que esse montante de desconto, de ajuste de pre\u00e7o fosse t\u00e3o interessante. Isso impacta no custo da cesta b\u00e1sica, principalmente da carne e\u00a0 n\u00f3s estamos falando de uma carne de primeira, a gente n\u00e3o est\u00e1 falando de peito, n\u00f3s estamos falando de um cox\u00e3o mole. Ent\u00e3o isso a\u00ed seria ideal para uma fam\u00edlia consumir\u201d, explica o assessor.<\/span><\/p>\n<p style=\"text-align: justify;\"><span style=\"font-weight: 400;\">Al\u00e9m da carne, outros produtos como arroz, banana, batata e tomate tamb\u00e9m tiveram suas redu\u00e7\u00f5es de pre\u00e7os, contribuindo para tornar a alimenta\u00e7\u00e3o mais acess\u00edvel para a popula\u00e7\u00e3o. Gar\u00f3 enfatiza que, embora ainda haja um longo caminho a percorrer, essa diminui\u00e7\u00e3o nos pre\u00e7os \u00e9 um bom sinal para as fam\u00edlias de baixa renda, cujo poder de compra \u00e9 impactado significativamente pelos custos da cesta b\u00e1sica.<\/span><\/p>\n<p style=\"text-align: justify;\"><span style=\"font-weight: 400;\">\u201cJ\u00e1 na compara\u00e7\u00e3o deste m\u00eas com o m\u00eas anterior, n\u00f3s tivemos uma redu\u00e7\u00e3o de 6% na cesta b\u00e1sica. V\u00e1rios outros produtos tamb\u00e9m tiveram uma pequena redu\u00e7\u00e3o que puderam ser percebidos. \u00c9 \u00f3bvio, esses dados quando s\u00e3o coletados, eles est\u00e3o dentro de um determinado per\u00edodo do m\u00eas. Ent\u00e3o, ele n\u00e3o \u00e9 uma coisa que acontece ao longo do m\u00eas inteiro\u201d, comenta.<\/span><\/p>\n<p style=\"text-align: justify;\"><span style=\"font-weight: 400;\">O assessor ressalta que a redu\u00e7\u00e3o nos pre\u00e7os pode sofrer oscila\u00e7\u00f5es, especialmente devido a fatores externos, como a produ\u00e7\u00e3o de alimentos importados de outros estados. Ele destaca a import\u00e2ncia de monitorar essas varia\u00e7\u00f5es e a possibilidade de futuros ajustes de pre\u00e7os, principalmente se for considerado eventos como o aumento nos combust\u00edveis, que podem influenciar indiretamente nos custos dos alimentos.<\/span><\/p>\n<p style=\"text-align: justify;\"><span style=\"font-weight: 400;\">\u201cN\u00f3s temos algumas conting\u00eancias acontecendo no pa\u00eds que podem influenciar o pre\u00e7o de um produto ou outro. No caso da produ\u00e7\u00e3o de arroz, por exemplo, talvez daqui a algum tempo, queira Deus n\u00e3o o arroz torne de novo a responder com um pouquinho mais de peso por conta da produ\u00e7\u00e3o que geralmente acontece na regi\u00e3o Sul do pa\u00eds.. Tivemos a\u00ed recentemente tamb\u00e9m um pequeno aumento nos combust\u00edveis, ent\u00e3o pode impactar tamb\u00e9m em uma s\u00e9rie de outros fatores, principalmente no custo da gasolina, nem tanto do \u00f3leo diesel\u201d, conclui.<\/span><\/p>\n<p><em>Mat\u00e9ria em v\u00eddeo produzida pelo rep\u00f3rter Marilson Maia para a TV Gazeta<\/em><\/p>\n<p style=\"text-align: justify;\">\n","protected":false},"excerpt":{"rendered":"<p>Uma an\u00e1lise recente da Federa\u00e7\u00e3o do com\u00e9rcio do Estado do Acre (Fecom\u00e9rcio) revela uma redu\u00e7\u00e3o significativa nos pre\u00e7os de alimentos b\u00e1sicos, especialmente carne bovina, no estado do Acre. A pesquisa destaca uma diminui\u00e7\u00e3o de 15,10% nos pre\u00e7os da carne, que reflete em uma economia percept\u00edvel para os consumidores nos mercados locais. Eg\u00eddio Gar\u00f3, assessor da [&hellip;]<\/p>\n","protected":false},"author":4,"featured_media":132297,"comment_status":"open","ping_status":"open","sticky":false,"template":"","format":"standard","meta":{"jnews-multi-image_gallery":[],"jnews_single_post":{"source_name":"","source_url":"","via_name":"","via_url":"","override_template":"0","override":[{"template":"custom","single_blog_custom":"110746","parallax":"1","fullscreen":"1","layout":"right-sidebar","sidebar":"default-sidebar","second_sidebar":"default-sidebar","sticky_sidebar":"1","share_position":"top","share_float_style":"share-monocrhome","show_share_counter":"1","show_view_counter":"1","show_featured":"1","show_post_meta":"1","show_post_author":"1","show_post_author_image":"1","show_post_date":"1","post_date_format":"default","post_date_format_custom":"Y\/m\/d","show_post_category":"1","show_post_reading_time":"0","post_reading_time_wpm":"300","show_zoom_button":"0","zoom_button_out_step":"2","zoom_button_in_step":"3","show_post_tag":"1","show_prev_next_post":"1","show_popup_post":"1","number_popup_post":"1","show_author_box":"0","show_post_related":"1","show_inline_post_related":"0"}],"override_image_size":"0","image_override":[{"single_post_thumbnail_size":"crop-500","single_post_gallery_size":"crop-500"}],"trending_post":"0","trending_post_position":"meta","trending_post_label":"Trending","sponsored_post":"0","sponsored_post_label":"Sponsored by","sponsored_post_name":"","sponsored_post_url":"","sponsored_post_logo_enable":"0","sponsored_post_logo":"","sponsored_post_desc":"","disable_ad":"0"},"jnews_primary_category":{"id":"","hide":""},"jnews_social_meta":{"fb_title":"","fb_description":"","fb_image":"","twitter_title":"","twitter_description":"","twitter_image":""},"jnews_review":[],"enable_review":"0","type":"percentage","name":"","summary":"","brand":"","sku":"","good":[{"good_text":""}],"bad":[{"bad_text":""}],"score_override":"0","override_value":"","rating":[{"rating_text":"","rating_number":"10"}],"price":[{"shop":"","price":"","link":"","icon":""}],"footnotes":""},"categories":[54],"tags":[],"class_list":["post-132296","post","type-post","status-publish","format-standard","has-post-thumbnail","hentry","category-cotidiano"],"yoast_head":"<!-- This site is optimized with the Yoast SEO plugin v26.5 - https:\/\/yoast.com\/wordpress\/plugins\/seo\/ -->\n<title>\u201cEstamos falando de carne de primeira\u201d, diz Fecom\u00e9rcio sobre diminui\u00e7\u00e3o no pre\u00e7o da carne no AC - Agazeta.net<\/title>\n<meta name=\"robots\" content=\"index, follow, max-snippet:-1, max-image-preview:large, max-video-preview:-1\" \/>\n<link rel=\"canonical\" href=\"https:\/\/nk7-testes.com.br\/agazeta\/estamos-falando-de-carne-de-primeira-diz-fecomercio-sobre-diminuicao-no-preco-da-carne-no-ac\/\" \/>\n<meta property=\"og:locale\" content=\"pt_BR\" \/>\n<meta property=\"og:type\" content=\"article\" \/>\n<meta property=\"og:title\" content=\"\u201cEstamos falando de carne de primeira\u201d, diz Fecom\u00e9rcio sobre diminui\u00e7\u00e3o no pre\u00e7o da carne no AC\" \/>\n<meta property=\"og:description\" content=\"Uma pesquisa da Fecom\u00e9rcio aponta um barateamento de mais de 15% no valor da carne\" \/>\n<meta property=\"og:url\" content=\"https:\/\/nk7-testes.com.br\/agazeta\/estamos-falando-de-carne-de-primeira-diz-fecomercio-sobre-diminuicao-no-preco-da-carne-no-ac\/\" \/>\n<meta property=\"og:site_name\" content=\"Agazeta.net\" \/>\n<meta property=\"article:published_time\" content=\"2024-05-15T18:18:04+00:00\" \/>\n<meta property=\"og:image\" content=\"https:\/\/nk7-testes.com.br\/agazeta\/wp-content\/uploads\/2024\/05\/WhatsApp-Image-2024-05-15-at-13.16.22-scaled.webp\" \/>\n\t<meta property=\"og:image:width\" content=\"2560\" \/>\n\t<meta property=\"og:image:height\" content=\"1440\" \/>\n\t<meta property=\"og:image:type\" content=\"image\/jpeg\" \/>\n<meta name=\"author\" content=\"Agazeta.Net\" \/>\n<meta name=\"twitter:card\" content=\"summary_large_image\" \/>\n<meta name=\"twitter:title\" content=\"\u201cEstamos falando de carne de primeira\u201d, diz Fecom\u00e9rcio sobre diminui\u00e7\u00e3o no pre\u00e7o da carne no AC\" \/>\n<meta name=\"twitter:description\" content=\"Uma pesquisa da Fecom\u00e9rcio aponta um barateamento de mais de 15% no valor da carne\" \/>\n<meta name=\"twitter:image\" content=\"https:\/\/nk7-testes.com.br\/agazeta\/wp-content\/uploads\/2024\/05\/WhatsApp-Image-2024-05-15-at-13.16.22-scaled.webp\" \/>\n<meta name=\"twitter:label1\" content=\"Escrito por\" \/>\n\t<meta name=\"twitter:data1\" content=\"Agazeta.Net\" \/>\n\t<meta name=\"twitter:label2\" content=\"Est. tempo de leitura\" \/>\n\t<meta name=\"twitter:data2\" content=\"3 minutos\" \/>\n<script type=\"application\/ld+json\" class=\"yoast-schema-graph\">{\"@context\":\"https:\/\/schema.org\",\"@graph\":[{\"@type\":\"WebPage\",\"@id\":\"https:\/\/nk7-testes.com.br\/agazeta\/estamos-falando-de-carne-de-primeira-diz-fecomercio-sobre-diminuicao-no-preco-da-carne-no-ac\/\",\"url\":\"https:\/\/nk7-testes.com.br\/agazeta\/estamos-falando-de-carne-de-primeira-diz-fecomercio-sobre-diminuicao-no-preco-da-carne-no-ac\/\",\"name\":\"\u201cEstamos falando de carne de primeira\u201d, diz Fecom\u00e9rcio sobre diminui\u00e7\u00e3o no pre\u00e7o da carne no AC - Agazeta.net\",\"isPartOf\":{\"@id\":\"https:\/\/nk7-testes.com.br\/agazeta\/#website\"},\"primaryImageOfPage\":{\"@id\":\"https:\/\/nk7-testes.com.br\/agazeta\/estamos-falando-de-carne-de-primeira-diz-fecomercio-sobre-diminuicao-no-preco-da-carne-no-ac\/#primaryimage\"},\"image\":{\"@id\":\"https:\/\/nk7-testes.com.br\/agazeta\/estamos-falando-de-carne-de-primeira-diz-fecomercio-sobre-diminuicao-no-preco-da-carne-no-ac\/#primaryimage\"},\"thumbnailUrl\":\"https:\/\/nk7-testes.com.br\/agazeta\/wp-content\/uploads\/2024\/05\/WhatsApp-Image-2024-05-15-at-13.16.22-scaled.webp\",\"datePublished\":\"2024-05-15T18:18:04+00:00\",\"author\":{\"@id\":\"https:\/\/nk7-testes.com.br\/agazeta\/#\/schema\/person\/6d6e25cb0435eb4a02fd44d30b4e3020\"},\"breadcrumb\":{\"@id\":\"https:\/\/nk7-testes.com.br\/agazeta\/estamos-falando-de-carne-de-primeira-diz-fecomercio-sobre-diminuicao-no-preco-da-carne-no-ac\/#breadcrumb\"},\"inLanguage\":\"pt-BR\",\"potentialAction\":[{\"@type\":\"ReadAction\",\"target\":[\"https:\/\/nk7-testes.com.br\/agazeta\/estamos-falando-de-carne-de-primeira-diz-fecomercio-sobre-diminuicao-no-preco-da-carne-no-ac\/\"]}]},{\"@type\":\"ImageObject\",\"inLanguage\":\"pt-BR\",\"@id\":\"https:\/\/nk7-testes.com.br\/agazeta\/estamos-falando-de-carne-de-primeira-diz-fecomercio-sobre-diminuicao-no-preco-da-carne-no-ac\/#primaryimage\",\"url\":\"https:\/\/nk7-testes.com.br\/agazeta\/wp-content\/uploads\/2024\/05\/WhatsApp-Image-2024-05-15-at-13.16.22-scaled.webp\",\"contentUrl\":\"https:\/\/nk7-testes.com.br\/agazeta\/wp-content\/uploads\/2024\/05\/WhatsApp-Image-2024-05-15-at-13.16.22-scaled.webp\",\"width\":2560,\"height\":1440,\"caption\":\"Imagem: Casa de Carne Acre\"},{\"@type\":\"BreadcrumbList\",\"@id\":\"https:\/\/nk7-testes.com.br\/agazeta\/estamos-falando-de-carne-de-primeira-diz-fecomercio-sobre-diminuicao-no-preco-da-carne-no-ac\/#breadcrumb\",\"itemListElement\":[{\"@type\":\"ListItem\",\"position\":1,\"name\":\"In\u00edcio\",\"item\":\"https:\/\/nk7-testes.com.br\/agazeta\/\"},{\"@type\":\"ListItem\",\"position\":2,\"name\":\"\u201cEstamos falando de carne de primeira\u201d, diz Fecom\u00e9rcio sobre diminui\u00e7\u00e3o no pre\u00e7o da carne no AC\"}]},{\"@type\":\"WebSite\",\"@id\":\"https:\/\/nk7-testes.com.br\/agazeta\/#website\",\"url\":\"https:\/\/nk7-testes.com.br\/agazeta\/\",\"name\":\"Agazeta.net\",\"description\":\"Agazeta.net - Not\u00edcias de Rio Branco\/AC\",\"potentialAction\":[{\"@type\":\"SearchAction\",\"target\":{\"@type\":\"EntryPoint\",\"urlTemplate\":\"https:\/\/nk7-testes.com.br\/agazeta\/?s={search_term_string}\"},\"query-input\":{\"@type\":\"PropertyValueSpecification\",\"valueRequired\":true,\"valueName\":\"search_term_string\"}}],\"inLanguage\":\"pt-BR\"},{\"@type\":\"Person\",\"@id\":\"https:\/\/nk7-testes.com.br\/agazeta\/#\/schema\/person\/6d6e25cb0435eb4a02fd44d30b4e3020\",\"name\":\"Agazeta.Net\",\"url\":\"https:\/\/nk7-testes.com.br\/agazeta\/author\/agazeta\/\"}]}<\/script>\n<!-- \/ Yoast SEO plugin. -->","yoast_head_json":{"title":"\u201cEstamos falando de carne de primeira\u201d, diz Fecom\u00e9rcio sobre diminui\u00e7\u00e3o no pre\u00e7o da carne no AC - Agazeta.net","robots":{"index":"index","follow":"follow","max-snippet":"max-snippet:-1","max-image-preview":"max-image-preview:large","max-video-preview":"max-video-preview:-1"},"canonical":"https:\/\/nk7-testes.com.br\/agazeta\/estamos-falando-de-carne-de-primeira-diz-fecomercio-sobre-diminuicao-no-preco-da-carne-no-ac\/","og_locale":"pt_BR","og_type":"article","og_title":"\u201cEstamos falando de carne de primeira\u201d, diz Fecom\u00e9rcio sobre diminui\u00e7\u00e3o no pre\u00e7o da carne no AC","og_description":"Uma pesquisa da Fecom\u00e9rcio aponta um barateamento de mais de 15% no valor da carne","og_url":"https:\/\/nk7-testes.com.br\/agazeta\/estamos-falando-de-carne-de-primeira-diz-fecomercio-sobre-diminuicao-no-preco-da-carne-no-ac\/","og_site_name":"Agazeta.net","article_published_time":"2024-05-15T18:18:04+00:00","og_image":[{"width":2560,"height":1440,"url":"https:\/\/nk7-testes.com.br\/agazeta\/wp-content\/uploads\/2024\/05\/WhatsApp-Image-2024-05-15-at-13.16.22-scaled.webp","type":"image\/jpeg"}],"author":"Agazeta.Net","twitter_card":"summary_large_image","twitter_title":"\u201cEstamos falando de carne de primeira\u201d, diz Fecom\u00e9rcio sobre diminui\u00e7\u00e3o no pre\u00e7o da carne no AC","twitter_description":"Uma pesquisa da Fecom\u00e9rcio aponta um barateamento de mais de 15% no valor da carne","twitter_image":"https:\/\/nk7-testes.com.br\/agazeta\/wp-content\/uploads\/2024\/05\/WhatsApp-Image-2024-05-15-at-13.16.22-scaled.webp","twitter_misc":{"Escrito por":"Agazeta.Net","Est. tempo de leitura":"3 minutos"},"schema":{"@context":"https:\/\/schema.org","@graph":[{"@type":"WebPage","@id":"https:\/\/nk7-testes.com.br\/agazeta\/estamos-falando-de-carne-de-primeira-diz-fecomercio-sobre-diminuicao-no-preco-da-carne-no-ac\/","url":"https:\/\/nk7-testes.com.br\/agazeta\/estamos-falando-de-carne-de-primeira-diz-fecomercio-sobre-diminuicao-no-preco-da-carne-no-ac\/","name":"\u201cEstamos falando de carne de primeira\u201d, diz Fecom\u00e9rcio sobre diminui\u00e7\u00e3o no pre\u00e7o da carne no AC - Agazeta.net","isPartOf":{"@id":"https:\/\/nk7-testes.com.br\/agazeta\/#website"},"primaryImageOfPage":{"@id":"https:\/\/nk7-testes.com.br\/agazeta\/estamos-falando-de-carne-de-primeira-diz-fecomercio-sobre-diminuicao-no-preco-da-carne-no-ac\/#primaryimage"},"image":{"@id":"https:\/\/nk7-testes.com.br\/agazeta\/estamos-falando-de-carne-de-primeira-diz-fecomercio-sobre-diminuicao-no-preco-da-carne-no-ac\/#primaryimage"},"thumbnailUrl":"https:\/\/nk7-testes.com.br\/agazeta\/wp-content\/uploads\/2024\/05\/WhatsApp-Image-2024-05-15-at-13.16.22-scaled.webp","datePublished":"2024-05-15T18:18:04+00:00","author":{"@id":"https:\/\/nk7-testes.com.br\/agazeta\/#\/schema\/person\/6d6e25cb0435eb4a02fd44d30b4e3020"},"breadcrumb":{"@id":"https:\/\/nk7-testes.com.br\/agazeta\/estamos-falando-de-carne-de-primeira-diz-fecomercio-sobre-diminuicao-no-preco-da-carne-no-ac\/#breadcrumb"},"inLanguage":"pt-BR","potentialAction":[{"@type":"ReadAction","target":["https:\/\/nk7-testes.com.br\/agazeta\/estamos-falando-de-carne-de-primeira-diz-fecomercio-sobre-diminuicao-no-preco-da-carne-no-ac\/"]}]},{"@type":"ImageObject","inLanguage":"pt-BR","@id":"https:\/\/nk7-testes.com.br\/agazeta\/estamos-falando-de-carne-de-primeira-diz-fecomercio-sobre-diminuicao-no-preco-da-carne-no-ac\/#primaryimage","url":"https:\/\/nk7-testes.com.br\/agazeta\/wp-content\/uploads\/2024\/05\/WhatsApp-Image-2024-05-15-at-13.16.22-scaled.webp","contentUrl":"https:\/\/nk7-testes.com.br\/agazeta\/wp-content\/uploads\/2024\/05\/WhatsApp-Image-2024-05-15-at-13.16.22-scaled.webp","width":2560,"height":1440,"caption":"Imagem: Casa de Carne Acre"},{"@type":"BreadcrumbList","@id":"https:\/\/nk7-testes.com.br\/agazeta\/estamos-falando-de-carne-de-primeira-diz-fecomercio-sobre-diminuicao-no-preco-da-carne-no-ac\/#breadcrumb","itemListElement":[{"@type":"ListItem","position":1,"name":"In\u00edcio","item":"https:\/\/nk7-testes.com.br\/agazeta\/"},{"@type":"ListItem","position":2,"name":"\u201cEstamos falando de carne de primeira\u201d, diz Fecom\u00e9rcio sobre diminui\u00e7\u00e3o no pre\u00e7o da carne no AC"}]},{"@type":"WebSite","@id":"https:\/\/nk7-testes.com.br\/agazeta\/#website","url":"https:\/\/nk7-testes.com.br\/agazeta\/","name":"Agazeta.net","description":"Agazeta.net - Not\u00edcias de Rio Branco\/AC","potentialAction":[{"@type":"SearchAction","target":{"@type":"EntryPoint","urlTemplate":"https:\/\/nk7-testes.com.br\/agazeta\/?s={search_term_string}"},"query-input":{"@type":"PropertyValueSpecification","valueRequired":true,"valueName":"search_term_string"}}],"inLanguage":"pt-BR"},{"@type":"Person","@id":"https:\/\/nk7-testes.com.br\/agazeta\/#\/schema\/person\/6d6e25cb0435eb4a02fd44d30b4e3020","name":"Agazeta.Net","url":"https:\/\/nk7-testes.com.br\/agazeta\/author\/agazeta\/"}]}},"_links":{"self":[{"href":"https:\/\/nk7-testes.com.br\/agazeta\/wp-json\/wp\/v2\/posts\/132296","targetHints":{"allow":["GET"]}}],"collection":[{"href":"https:\/\/nk7-testes.com.br\/agazeta\/wp-json\/wp\/v2\/posts"}],"about":[{"href":"https:\/\/nk7-testes.com.br\/agazeta\/wp-json\/wp\/v2\/types\/post"}],"author":[{"embeddable":true,"href":"https:\/\/nk7-testes.com.br\/agazeta\/wp-json\/wp\/v2\/users\/4"}],"replies":[{"embeddable":true,"href":"https:\/\/nk7-testes.com.br\/agazeta\/wp-json\/wp\/v2\/comments?post=132296"}],"version-history":[{"count":0,"href":"https:\/\/nk7-testes.com.br\/agazeta\/wp-json\/wp\/v2\/posts\/132296\/revisions"}],"wp:featuredmedia":[{"embeddable":true,"href":"https:\/\/nk7-testes.com.br\/agazeta\/wp-json\/wp\/v2\/media\/132297"}],"wp:attachment":[{"href":"https:\/\/nk7-testes.com.br\/agazeta\/wp-json\/wp\/v2\/media?parent=132296"}],"wp:term":[{"taxonomy":"category","embeddable":true,"href":"https:\/\/nk7-testes.com.br\/agazeta\/wp-json\/wp\/v2\/categories?post=132296"},{"taxonomy":"post_tag","embeddable":true,"href":"https:\/\/nk7-testes.com.br\/agazeta\/wp-json\/wp\/v2\/tags?post=132296"}],"curies":[{"name":"wp","href":"https:\/\/api.w.org\/{rel}","templated":true}]}}